



{"id":11141,"date":"2022-02-03T14:57:04","date_gmt":"2022-02-03T12:57:04","guid":{"rendered":"https:\/\/igfae.usc.es\/~igfae-old\/?p=11141"},"modified":"2022-02-03T15:12:36","modified_gmt":"2022-02-03T13:12:36","slug":"christiane-dia-muller-nena-ciencia-2022","status":"publish","type":"post","link":"https:\/\/igfae.usc.es\/~igfae-old\/christiane-dia-muller-nena-ciencia-2022\/","title":{"rendered":"Ciencia e teatro, da man no D\u00eda Internacional da Muller e a Nena na Ciencia 2022"},"content":{"rendered":"<p>Os centros de investigaci\u00f3n da USC <a href=\"https:\/\/igfae.usc.es\/~igfae-old\/\">IGFAE<\/a>, <a href=\"https:\/\/www.usc.es\/ciqus\/es\">CiQUS<\/a> e <a href=\"https:\/\/www.usc.es\/cimus\/es\">CiMUS<\/a>\u00a0celebran conxuntamente unha nova edici\u00f3n do <strong>D\u00eda Internacional da Muller e a Nena na Ciencia<\/strong> apostando polo teatro e en colaboraci\u00f3n coa Xunta de Galicia a trav\u00e9s da Fundaci\u00f3n Cidade da Cultura. Nesta ocasi\u00f3n, o pr\u00f3ximo 11 de febreiro traen a Compostela o bio-musical cient\u00edfico <strong>CHRISTIANE<\/strong>, a obra esc\u00e9nica homenaxe en vida \u00e1 figura da reco\u00f1ecida investigadora Christiane Dosne Pasqualini, co obxectivo de visibilizar referentes femininos que, co seu exemplo, poidan servir de inspiraci\u00f3n para os m\u00e1is novos e contribu\u00edr a promover a ciencia como carreira profesional.<\/p>\n<p>Nada en Francia, Christiane Dosne Pasqualini medrou en Canad\u00e1 e con 22 anos chegou a Buenos Aires para traballar xunto ao Premio Nobel de Medicina e Fisiolox\u00eda (1947), Bernardo Houssay, onde se dedicou con paix\u00f3n \u00e1 busca das causas do cancro, especialmente da leucemia. Foi ademais a primeira muller en ocupar un asento na Academia Nacional de Medicina de Arxentina.\u00a0A trav\u00e9s desta peza, creada e interpretada pola s\u00faa neta Bel\u00e9n Pasqualini, o IGFAE, o CiMUS e CiQUS achegan as claves de Christiane, muller, esposa, nai e cient\u00edfica, adem\u00e1is de figura singular e de vangarda, quen cumpre 102 anos o 9 de febreiro.<\/p>\n<p>A obra de teatro representarase o vindeiro 11 de febreiro, venres, no auditorio \u2018Xos\u00e9 Neira Vilas\u2019 da Biblioteca e Arquivo da Cidade da Cultura (Santiago de Compostela). Est\u00e1 destinada exclusivamente aos centros de ensino, fundamentalmente a alumnado de 3\u00ba e 4\u00ba ESO e Bacharelato. Ter\u00e1n lugar d\u00faas sesi\u00f3ns, as 10:00 e 12:00, cunha duraci\u00f3n aproximada dunha hora. <strong>A inscrici\u00f3n previa \u00e9 gratu\u00edta e atenderase por rigorosa orde de chegada ata completar aforo na <a href=\"https:\/\/www.cidadedacultura.gal\/gl\/evento\/christiane-un-bio-musical-cientifico-dia-da-muller-e-nena-na-ciencia-2022\">web da Cidade da Cultura<\/a>.<\/strong><\/p>\n<p><strong>Homenaxe \u00e1s investigadoras<\/strong><\/p>\n<p>O espect\u00e1culo teatral\u00a0<strong>CHRISTIANE. Un bio-musical cient\u00edfico<\/strong>\u00a0ach\u00e9ganos \u00e1 s\u00faa vida levada \u00e1s t\u00e1boas e ao piano pola s\u00faa neta, a soprano e actriz\u00a0Bel\u00e9n Pasqualini, quen con este proxecto homenaxea a figura da s\u00faa avoa, pero tam\u00e9n a de tantas outras mulleres invisibilizadas en laboratorios e universidades de todo o mundo. O musical conta cun intenso percorrido por pa\u00edses como Arxentina, Brasil, Chile, Colombia, Panam\u00e1, M\u00e9xico ou os Estados Unidos. Foi reco\u00f1ecido en 2017 con\u00a0tres premios Hugo ao Teatro Musical:\u00a0Mellor Espect\u00e1culo Musical Arxentino, Mellores Letras de Musical Arxentino e Mellor Libro de Musical Arxentino, optando ademais ese mesmo ano aos premios Mar\u00eda Guerrero.<em>\u00a0<\/em><\/p>\n<p>&nbsp;<\/p>\n","protected":false},"excerpt":{"rendered":"<p>Os centros de investigaci\u00f3n da USC IGFAE, CiQUS e CiMUS\u00a0celebran conxuntamente unha nova edici\u00f3n do D\u00eda Internacional da Muller e a&#8230;<\/p>\n","protected":false},"author":21,"featured_media":11142,"comment_status":"closed","ping_status":"closed","sticky":false,"template":"","format":"standard","meta":{"om_disable_all_campaigns":false,"_monsterinsights_skip_tracking":false,"_monsterinsights_sitenote_active":false,"_monsterinsights_sitenote_note":"","_monsterinsights_sitenote_category":0},"categories":[103,106,105],"tags":[],"aioseo_notices":[],"yoast_head":"<!-- This site is optimized with the Yoast SEO plugin v18.4.1 - https:\/\/yoast.com\/wordpress\/plugins\/seo\/ -->\n<title>Ciencia e teatro, da man no D\u00eda Internacional da Muller e a Nena na Ciencia 2022 - IGFAE<\/title>\n<meta name=\"robots\" content=\"index, follow, max-snippet:-1, max-image-preview:large, max-video-preview:-1\" \/>\n<link rel=\"canonical\" href=\"https:\/\/igfae.usc.es\/~igfae-old\/christiane-dia-muller-nena-ciencia-2022\/\" \/>\n<meta property=\"og:locale\" content=\"en_US\" \/>\n<meta property=\"og:type\" content=\"article\" \/>\n<meta property=\"og:title\" content=\"Ciencia e teatro, da man no D\u00eda Internacional da Muller e a Nena na Ciencia 2022 - IGFAE\" \/>\n<meta property=\"og:description\" content=\"Os centros de investigaci\u00f3n da USC IGFAE, CiQUS e CiMUS\u00a0celebran conxuntamente unha nova edici\u00f3n do D\u00eda Internacional da Muller e a...\" \/>\n<meta property=\"og:url\" content=\"https:\/\/igfae.usc.es\/~igfae-old\/christiane-dia-muller-nena-ciencia-2022\/\" \/>\n<meta property=\"og:site_name\" content=\"IGFAE\" \/>\n<meta property=\"article:published_time\" content=\"2022-02-03T12:57:04+00:00\" \/>\n<meta property=\"article:modified_time\" content=\"2022-02-03T13:12:36+00:00\" \/>\n<meta property=\"og:image\" content=\"https:\/\/igfae.usc.es\/~igfae-old\/wp-content\/uploads\/2022\/02\/Cartel-Christiane_11F.png\" \/>\n\t<meta property=\"og:image:width\" content=\"1600\" \/>\n\t<meta property=\"og:image:height\" content=\"900\" \/>\n\t<meta property=\"og:image:type\" content=\"image\/png\" \/>\n<meta name=\"twitter:card\" content=\"summary_large_image\" \/>\n<meta name=\"twitter:creator\" content=\"@igfae_hep\" \/>\n<meta name=\"twitter:site\" content=\"@igfae_hep\" \/>\n<meta name=\"twitter:label1\" content=\"Written by\" \/>\n\t<meta name=\"twitter:data1\" content=\"Elena Mora Cuesta\" \/>\n\t<meta name=\"twitter:label2\" content=\"Est. reading time\" \/>\n\t<meta name=\"twitter:data2\" content=\"2 minutes\" \/>\n<script type=\"application\/ld+json\" class=\"yoast-schema-graph\">{\"@context\":\"https:\/\/schema.org\",\"@graph\":[{\"@type\":\"WebSite\",\"@id\":\"https:\/\/igfae.usc.es\/~igfae-old\/#website\",\"url\":\"https:\/\/igfae.usc.es\/~igfae-old\/\",\"name\":\"IGFAE\",\"description\":\"Instituto Galego de F\u00edsica de Altas Enerx\u00edas\",\"potentialAction\":[{\"@type\":\"SearchAction\",\"target\":{\"@type\":\"EntryPoint\",\"urlTemplate\":\"https:\/\/igfae.usc.es\/~igfae-old\/?s={search_term_string}\"},\"query-input\":\"required name=search_term_string\"}],\"inLanguage\":\"en-US\"},{\"@type\":\"ImageObject\",\"@id\":\"https:\/\/igfae.usc.es\/~igfae-old\/christiane-dia-muller-nena-ciencia-2022\/#primaryimage\",\"inLanguage\":\"en-US\",\"url\":\"https:\/\/igfae.usc.es\/~igfae-old\/wp-content\/uploads\/2022\/02\/Cartel-Christiane_11F.png\",\"contentUrl\":\"https:\/\/igfae.usc.es\/~igfae-old\/wp-content\/uploads\/2022\/02\/Cartel-Christiane_11F.png\",\"width\":1600,\"height\":900},{\"@type\":\"WebPage\",\"@id\":\"https:\/\/igfae.usc.es\/~igfae-old\/christiane-dia-muller-nena-ciencia-2022\/#webpage\",\"url\":\"https:\/\/igfae.usc.es\/~igfae-old\/christiane-dia-muller-nena-ciencia-2022\/\",\"name\":\"Ciencia e teatro, da man no D\u00eda Internacional da Muller e a Nena na Ciencia 2022 - IGFAE\",\"isPartOf\":{\"@id\":\"https:\/\/igfae.usc.es\/~igfae-old\/#website\"},\"primaryImageOfPage\":{\"@id\":\"https:\/\/igfae.usc.es\/~igfae-old\/christiane-dia-muller-nena-ciencia-2022\/#primaryimage\"},\"datePublished\":\"2022-02-03T12:57:04+00:00\",\"dateModified\":\"2022-02-03T13:12:36+00:00\",\"author\":{\"@id\":\"https:\/\/igfae.usc.es\/~igfae-old\/#\/schema\/person\/840f8ffb14ad0885a9e3d067fb261c00\"},\"breadcrumb\":{\"@id\":\"https:\/\/igfae.usc.es\/~igfae-old\/christiane-dia-muller-nena-ciencia-2022\/#breadcrumb\"},\"inLanguage\":\"en-US\",\"potentialAction\":[{\"@type\":\"ReadAction\",\"target\":[\"https:\/\/igfae.usc.es\/~igfae-old\/christiane-dia-muller-nena-ciencia-2022\/\"]}]},{\"@type\":\"BreadcrumbList\",\"@id\":\"https:\/\/igfae.usc.es\/~igfae-old\/christiane-dia-muller-nena-ciencia-2022\/#breadcrumb\",\"itemListElement\":[{\"@type\":\"ListItem\",\"position\":1,\"name\":\"Home\",\"item\":\"https:\/\/igfae.usc.es\/~igfae-old\/\"},{\"@type\":\"ListItem\",\"position\":2,\"name\":\"Ciencia e teatro, da man no D\u00eda Internacional da Muller e a Nena na Ciencia 2022\"}]},{\"@type\":\"Person\",\"@id\":\"https:\/\/igfae.usc.es\/~igfae-old\/#\/schema\/person\/840f8ffb14ad0885a9e3d067fb261c00\",\"name\":\"Elena Mora Cuesta\",\"url\":\"https:\/\/igfae.usc.es\/~igfae-old\/author\/elena-mora-cuesta\/\"}]}<\/script>\n<!-- \/ Yoast SEO plugin. -->","yoast_head_json":{"title":"Ciencia e teatro, da man no D\u00eda Internacional da Muller e a Nena na Ciencia 2022 - IGFAE","robots":{"index":"index","follow":"follow","max-snippet":"max-snippet:-1","max-image-preview":"max-image-preview:large","max-video-preview":"max-video-preview:-1"},"canonical":"https:\/\/igfae.usc.es\/~igfae-old\/christiane-dia-muller-nena-ciencia-2022\/","og_locale":"en_US","og_type":"article","og_title":"Ciencia e teatro, da man no D\u00eda Internacional da Muller e a Nena na Ciencia 2022 - IGFAE","og_description":"Os centros de investigaci\u00f3n da USC IGFAE, CiQUS e CiMUS\u00a0celebran conxuntamente unha nova edici\u00f3n do D\u00eda Internacional da Muller e a...","og_url":"https:\/\/igfae.usc.es\/~igfae-old\/christiane-dia-muller-nena-ciencia-2022\/","og_site_name":"IGFAE","article_published_time":"2022-02-03T12:57:04+00:00","article_modified_time":"2022-02-03T13:12:36+00:00","og_image":[{"width":1600,"height":900,"url":"https:\/\/igfae.usc.es\/~igfae-old\/wp-content\/uploads\/2022\/02\/Cartel-Christiane_11F.png","type":"image\/png"}],"twitter_card":"summary_large_image","twitter_creator":"@igfae_hep","twitter_site":"@igfae_hep","twitter_misc":{"Written by":"Elena Mora Cuesta","Est. reading time":"2 minutes"},"schema":{"@context":"https:\/\/schema.org","@graph":[{"@type":"WebSite","@id":"https:\/\/igfae.usc.es\/~igfae-old\/#website","url":"https:\/\/igfae.usc.es\/~igfae-old\/","name":"IGFAE","description":"Instituto Galego de F\u00edsica de Altas Enerx\u00edas","potentialAction":[{"@type":"SearchAction","target":{"@type":"EntryPoint","urlTemplate":"https:\/\/igfae.usc.es\/~igfae-old\/?s={search_term_string}"},"query-input":"required name=search_term_string"}],"inLanguage":"en-US"},{"@type":"ImageObject","@id":"https:\/\/igfae.usc.es\/~igfae-old\/christiane-dia-muller-nena-ciencia-2022\/#primaryimage","inLanguage":"en-US","url":"https:\/\/igfae.usc.es\/~igfae-old\/wp-content\/uploads\/2022\/02\/Cartel-Christiane_11F.png","contentUrl":"https:\/\/igfae.usc.es\/~igfae-old\/wp-content\/uploads\/2022\/02\/Cartel-Christiane_11F.png","width":1600,"height":900},{"@type":"WebPage","@id":"https:\/\/igfae.usc.es\/~igfae-old\/christiane-dia-muller-nena-ciencia-2022\/#webpage","url":"https:\/\/igfae.usc.es\/~igfae-old\/christiane-dia-muller-nena-ciencia-2022\/","name":"Ciencia e teatro, da man no D\u00eda Internacional da Muller e a Nena na Ciencia 2022 - IGFAE","isPartOf":{"@id":"https:\/\/igfae.usc.es\/~igfae-old\/#website"},"primaryImageOfPage":{"@id":"https:\/\/igfae.usc.es\/~igfae-old\/christiane-dia-muller-nena-ciencia-2022\/#primaryimage"},"datePublished":"2022-02-03T12:57:04+00:00","dateModified":"2022-02-03T13:12:36+00:00","author":{"@id":"https:\/\/igfae.usc.es\/~igfae-old\/#\/schema\/person\/840f8ffb14ad0885a9e3d067fb261c00"},"breadcrumb":{"@id":"https:\/\/igfae.usc.es\/~igfae-old\/christiane-dia-muller-nena-ciencia-2022\/#breadcrumb"},"inLanguage":"en-US","potentialAction":[{"@type":"ReadAction","target":["https:\/\/igfae.usc.es\/~igfae-old\/christiane-dia-muller-nena-ciencia-2022\/"]}]},{"@type":"BreadcrumbList","@id":"https:\/\/igfae.usc.es\/~igfae-old\/christiane-dia-muller-nena-ciencia-2022\/#breadcrumb","itemListElement":[{"@type":"ListItem","position":1,"name":"Home","item":"https:\/\/igfae.usc.es\/~igfae-old\/"},{"@type":"ListItem","position":2,"name":"Ciencia e teatro, da man no D\u00eda Internacional da Muller e a Nena na Ciencia 2022"}]},{"@type":"Person","@id":"https:\/\/igfae.usc.es\/~igfae-old\/#\/schema\/person\/840f8ffb14ad0885a9e3d067fb261c00","name":"Elena Mora Cuesta","url":"https:\/\/igfae.usc.es\/~igfae-old\/author\/elena-mora-cuesta\/"}]}},"_links":{"self":[{"href":"https:\/\/igfae.usc.es\/~igfae-old\/wp-json\/wp\/v2\/posts\/11141"}],"collection":[{"href":"https:\/\/igfae.usc.es\/~igfae-old\/wp-json\/wp\/v2\/posts"}],"about":[{"href":"https:\/\/igfae.usc.es\/~igfae-old\/wp-json\/wp\/v2\/types\/post"}],"author":[{"embeddable":true,"href":"https:\/\/igfae.usc.es\/~igfae-old\/wp-json\/wp\/v2\/users\/21"}],"replies":[{"embeddable":true,"href":"https:\/\/igfae.usc.es\/~igfae-old\/wp-json\/wp\/v2\/comments?post=11141"}],"version-history":[{"count":3,"href":"https:\/\/igfae.usc.es\/~igfae-old\/wp-json\/wp\/v2\/posts\/11141\/revisions"}],"predecessor-version":[{"id":11156,"href":"https:\/\/igfae.usc.es\/~igfae-old\/wp-json\/wp\/v2\/posts\/11141\/revisions\/11156"}],"wp:featuredmedia":[{"embeddable":true,"href":"https:\/\/igfae.usc.es\/~igfae-old\/wp-json\/wp\/v2\/media\/11142"}],"wp:attachment":[{"href":"https:\/\/igfae.usc.es\/~igfae-old\/wp-json\/wp\/v2\/media?parent=11141"}],"wp:term":[{"taxonomy":"category","embeddable":true,"href":"https:\/\/igfae.usc.es\/~igfae-old\/wp-json\/wp\/v2\/categories?post=11141"},{"taxonomy":"post_tag","embeddable":true,"href":"https:\/\/igfae.usc.es\/~igfae-old\/wp-json\/wp\/v2\/tags?post=11141"}],"curies":[{"name":"wp","href":"https:\/\/api.w.org\/{rel}","templated":true}]}}