



{"id":10258,"date":"2021-09-28T11:46:48","date_gmt":"2021-09-28T09:46:48","guid":{"rendered":"https:\/\/igfae.usc.es\/~igfae-old\/?p=10258"},"modified":"2021-09-28T12:06:10","modified_gmt":"2021-09-28T10:06:10","slug":"por-que-a-noite-e-oscura","status":"publish","type":"post","link":"https:\/\/igfae.usc.es\/~igfae-old\/por-que-a-noite-e-oscura\/","title":{"rendered":"Why is the night dark?"},"content":{"rendered":"<p>If we look at the sky, we see an infinity of stars, sometimes a planet or even comets but, above all, we see darkness. Where did the light of that infinity of stars go? Why doesn&#8217;t it illuminate our nights as well as the sunlight bathes our days?<\/p>\n<p>With this video &#8220;Why is the night dark?&#8221;, the Instituto Galego de F\u00edsica de Altas Enerx\u00edas (IGFAE) inaugurates a series of videos with the physicist Dar\u00edo Lago, creator of the popular science Youtube channel in Galician <span style=\"font-size: 1rem;\">\u201c<\/span><a style=\"font-size: 1rem;\" href=\"https:\/\/www.youtube.com\/c\/OSondasIdeas\/\">O Son das Ideas<\/a><span style=\"font-size: 1rem;\">\u201d<\/span>, in which we will dive deep into the origins of our Universe.<\/p>\n<p><iframe loading=\"lazy\" title=\"YouTube video player\" src=\"https:\/\/www.youtube.com\/embed\/lacSRgj5YvQ\" width=\"560\" height=\"315\" frameborder=\"0\" allowfullscreen=\"allowfullscreen\"><\/iframe><\/p>\n<p>Script: O Son das Ideas, and IGFAE researchers Jos\u00e9 Edelstein, Javier Mart\u00edn and Imanol Corredoira.<br \/>\nAnimation and voice-over: O Son das Ideas.<\/p>\n<p>This video was co-financed by the Operational Program FEDER Galicia 2014-2020.<\/p>\n","protected":false},"excerpt":{"rendered":"<p>If we look at the sky, we see an infinity of stars, sometimes a planet or even comets but, above all,&#8230;<\/p>\n","protected":false},"author":21,"featured_media":10278,"comment_status":"closed","ping_status":"closed","sticky":false,"template":"","format":"standard","meta":{"om_disable_all_campaigns":false,"_monsterinsights_skip_tracking":false,"_monsterinsights_sitenote_active":false,"_monsterinsights_sitenote_note":"","_monsterinsights_sitenote_category":0},"categories":[103,106],"tags":[],"aioseo_notices":[],"yoast_head":"<!-- This site is optimized with the Yoast SEO plugin v18.4.1 - https:\/\/yoast.com\/wordpress\/plugins\/seo\/ -->\n<title>Why is the night dark? - IGFAE<\/title>\n<meta name=\"robots\" content=\"index, follow, max-snippet:-1, max-image-preview:large, max-video-preview:-1\" \/>\n<link rel=\"canonical\" href=\"https:\/\/igfae.usc.es\/~igfae-old\/por-que-a-noite-e-oscura\/\" \/>\n<meta property=\"og:locale\" content=\"en_US\" \/>\n<meta property=\"og:type\" content=\"article\" \/>\n<meta property=\"og:title\" content=\"Why is the night dark? - IGFAE\" \/>\n<meta property=\"og:description\" content=\"If we look at the sky, we see an infinity of stars, sometimes a planet or even comets but, above all,...\" \/>\n<meta property=\"og:url\" content=\"https:\/\/igfae.usc.es\/~igfae-old\/por-que-a-noite-e-oscura\/\" \/>\n<meta property=\"og:site_name\" content=\"IGFAE\" \/>\n<meta property=\"article:published_time\" content=\"2021-09-28T09:46:48+00:00\" \/>\n<meta property=\"article:modified_time\" content=\"2021-09-28T10:06:10+00:00\" \/>\n<meta property=\"og:image\" content=\"https:\/\/igfae.usc.es\/~igfae-old\/wp-content\/uploads\/2021\/09\/porque-a-noite-e-oscura.jpg\" \/>\n\t<meta property=\"og:image:width\" content=\"1279\" \/>\n\t<meta property=\"og:image:height\" content=\"720\" \/>\n\t<meta property=\"og:image:type\" content=\"image\/jpeg\" \/>\n<meta name=\"twitter:card\" content=\"summary_large_image\" \/>\n<meta name=\"twitter:creator\" content=\"@igfae_hep\" \/>\n<meta name=\"twitter:site\" content=\"@igfae_hep\" \/>\n<meta name=\"twitter:label1\" content=\"Written by\" \/>\n\t<meta name=\"twitter:data1\" content=\"Elena Mora Cuesta\" \/>\n\t<meta name=\"twitter:label2\" content=\"Est. reading time\" \/>\n\t<meta name=\"twitter:data2\" content=\"1 minute\" \/>\n<script type=\"application\/ld+json\" class=\"yoast-schema-graph\">{\"@context\":\"https:\/\/schema.org\",\"@graph\":[{\"@type\":\"WebSite\",\"@id\":\"https:\/\/igfae.usc.es\/~igfae-old\/#website\",\"url\":\"https:\/\/igfae.usc.es\/~igfae-old\/\",\"name\":\"IGFAE\",\"description\":\"Instituto Galego de F\u00edsica de Altas Enerx\u00edas\",\"potentialAction\":[{\"@type\":\"SearchAction\",\"target\":{\"@type\":\"EntryPoint\",\"urlTemplate\":\"https:\/\/igfae.usc.es\/~igfae-old\/?s={search_term_string}\"},\"query-input\":\"required name=search_term_string\"}],\"inLanguage\":\"en-US\"},{\"@type\":\"ImageObject\",\"@id\":\"https:\/\/igfae.usc.es\/~igfae-old\/por-que-a-noite-e-oscura\/#primaryimage\",\"inLanguage\":\"en-US\",\"url\":\"https:\/\/igfae.usc.es\/~igfae-old\/wp-content\/uploads\/2021\/09\/porque-a-noite-e-oscura.jpg\",\"contentUrl\":\"https:\/\/igfae.usc.es\/~igfae-old\/wp-content\/uploads\/2021\/09\/porque-a-noite-e-oscura.jpg\",\"width\":1279,\"height\":720},{\"@type\":\"WebPage\",\"@id\":\"https:\/\/igfae.usc.es\/~igfae-old\/por-que-a-noite-e-oscura\/#webpage\",\"url\":\"https:\/\/igfae.usc.es\/~igfae-old\/por-que-a-noite-e-oscura\/\",\"name\":\"Why is the night dark? - IGFAE\",\"isPartOf\":{\"@id\":\"https:\/\/igfae.usc.es\/~igfae-old\/#website\"},\"primaryImageOfPage\":{\"@id\":\"https:\/\/igfae.usc.es\/~igfae-old\/por-que-a-noite-e-oscura\/#primaryimage\"},\"datePublished\":\"2021-09-28T09:46:48+00:00\",\"dateModified\":\"2021-09-28T10:06:10+00:00\",\"author\":{\"@id\":\"https:\/\/igfae.usc.es\/~igfae-old\/#\/schema\/person\/840f8ffb14ad0885a9e3d067fb261c00\"},\"breadcrumb\":{\"@id\":\"https:\/\/igfae.usc.es\/~igfae-old\/por-que-a-noite-e-oscura\/#breadcrumb\"},\"inLanguage\":\"en-US\",\"potentialAction\":[{\"@type\":\"ReadAction\",\"target\":[\"https:\/\/igfae.usc.es\/~igfae-old\/por-que-a-noite-e-oscura\/\"]}]},{\"@type\":\"BreadcrumbList\",\"@id\":\"https:\/\/igfae.usc.es\/~igfae-old\/por-que-a-noite-e-oscura\/#breadcrumb\",\"itemListElement\":[{\"@type\":\"ListItem\",\"position\":1,\"name\":\"Home\",\"item\":\"https:\/\/igfae.usc.es\/~igfae-old\/\"},{\"@type\":\"ListItem\",\"position\":2,\"name\":\"Why is the night dark?\"}]},{\"@type\":\"Person\",\"@id\":\"https:\/\/igfae.usc.es\/~igfae-old\/#\/schema\/person\/840f8ffb14ad0885a9e3d067fb261c00\",\"name\":\"Elena Mora Cuesta\",\"url\":\"https:\/\/igfae.usc.es\/~igfae-old\/author\/elena-mora-cuesta\/\"}]}<\/script>\n<!-- \/ Yoast SEO plugin. -->","yoast_head_json":{"title":"Why is the night dark? - IGFAE","robots":{"index":"index","follow":"follow","max-snippet":"max-snippet:-1","max-image-preview":"max-image-preview:large","max-video-preview":"max-video-preview:-1"},"canonical":"https:\/\/igfae.usc.es\/~igfae-old\/por-que-a-noite-e-oscura\/","og_locale":"en_US","og_type":"article","og_title":"Why is the night dark? - IGFAE","og_description":"If we look at the sky, we see an infinity of stars, sometimes a planet or even comets but, above all,...","og_url":"https:\/\/igfae.usc.es\/~igfae-old\/por-que-a-noite-e-oscura\/","og_site_name":"IGFAE","article_published_time":"2021-09-28T09:46:48+00:00","article_modified_time":"2021-09-28T10:06:10+00:00","og_image":[{"width":1279,"height":720,"url":"https:\/\/igfae.usc.es\/~igfae-old\/wp-content\/uploads\/2021\/09\/porque-a-noite-e-oscura.jpg","type":"image\/jpeg"}],"twitter_card":"summary_large_image","twitter_creator":"@igfae_hep","twitter_site":"@igfae_hep","twitter_misc":{"Written by":"Elena Mora Cuesta","Est. reading time":"1 minute"},"schema":{"@context":"https:\/\/schema.org","@graph":[{"@type":"WebSite","@id":"https:\/\/igfae.usc.es\/~igfae-old\/#website","url":"https:\/\/igfae.usc.es\/~igfae-old\/","name":"IGFAE","description":"Instituto Galego de F\u00edsica de Altas Enerx\u00edas","potentialAction":[{"@type":"SearchAction","target":{"@type":"EntryPoint","urlTemplate":"https:\/\/igfae.usc.es\/~igfae-old\/?s={search_term_string}"},"query-input":"required name=search_term_string"}],"inLanguage":"en-US"},{"@type":"ImageObject","@id":"https:\/\/igfae.usc.es\/~igfae-old\/por-que-a-noite-e-oscura\/#primaryimage","inLanguage":"en-US","url":"https:\/\/igfae.usc.es\/~igfae-old\/wp-content\/uploads\/2021\/09\/porque-a-noite-e-oscura.jpg","contentUrl":"https:\/\/igfae.usc.es\/~igfae-old\/wp-content\/uploads\/2021\/09\/porque-a-noite-e-oscura.jpg","width":1279,"height":720},{"@type":"WebPage","@id":"https:\/\/igfae.usc.es\/~igfae-old\/por-que-a-noite-e-oscura\/#webpage","url":"https:\/\/igfae.usc.es\/~igfae-old\/por-que-a-noite-e-oscura\/","name":"Why is the night dark? - IGFAE","isPartOf":{"@id":"https:\/\/igfae.usc.es\/~igfae-old\/#website"},"primaryImageOfPage":{"@id":"https:\/\/igfae.usc.es\/~igfae-old\/por-que-a-noite-e-oscura\/#primaryimage"},"datePublished":"2021-09-28T09:46:48+00:00","dateModified":"2021-09-28T10:06:10+00:00","author":{"@id":"https:\/\/igfae.usc.es\/~igfae-old\/#\/schema\/person\/840f8ffb14ad0885a9e3d067fb261c00"},"breadcrumb":{"@id":"https:\/\/igfae.usc.es\/~igfae-old\/por-que-a-noite-e-oscura\/#breadcrumb"},"inLanguage":"en-US","potentialAction":[{"@type":"ReadAction","target":["https:\/\/igfae.usc.es\/~igfae-old\/por-que-a-noite-e-oscura\/"]}]},{"@type":"BreadcrumbList","@id":"https:\/\/igfae.usc.es\/~igfae-old\/por-que-a-noite-e-oscura\/#breadcrumb","itemListElement":[{"@type":"ListItem","position":1,"name":"Home","item":"https:\/\/igfae.usc.es\/~igfae-old\/"},{"@type":"ListItem","position":2,"name":"Why is the night dark?"}]},{"@type":"Person","@id":"https:\/\/igfae.usc.es\/~igfae-old\/#\/schema\/person\/840f8ffb14ad0885a9e3d067fb261c00","name":"Elena Mora Cuesta","url":"https:\/\/igfae.usc.es\/~igfae-old\/author\/elena-mora-cuesta\/"}]}},"_links":{"self":[{"href":"https:\/\/igfae.usc.es\/~igfae-old\/wp-json\/wp\/v2\/posts\/10258"}],"collection":[{"href":"https:\/\/igfae.usc.es\/~igfae-old\/wp-json\/wp\/v2\/posts"}],"about":[{"href":"https:\/\/igfae.usc.es\/~igfae-old\/wp-json\/wp\/v2\/types\/post"}],"author":[{"embeddable":true,"href":"https:\/\/igfae.usc.es\/~igfae-old\/wp-json\/wp\/v2\/users\/21"}],"replies":[{"embeddable":true,"href":"https:\/\/igfae.usc.es\/~igfae-old\/wp-json\/wp\/v2\/comments?post=10258"}],"version-history":[{"count":4,"href":"https:\/\/igfae.usc.es\/~igfae-old\/wp-json\/wp\/v2\/posts\/10258\/revisions"}],"predecessor-version":[{"id":10287,"href":"https:\/\/igfae.usc.es\/~igfae-old\/wp-json\/wp\/v2\/posts\/10258\/revisions\/10287"}],"wp:featuredmedia":[{"embeddable":true,"href":"https:\/\/igfae.usc.es\/~igfae-old\/wp-json\/wp\/v2\/media\/10278"}],"wp:attachment":[{"href":"https:\/\/igfae.usc.es\/~igfae-old\/wp-json\/wp\/v2\/media?parent=10258"}],"wp:term":[{"taxonomy":"category","embeddable":true,"href":"https:\/\/igfae.usc.es\/~igfae-old\/wp-json\/wp\/v2\/categories?post=10258"},{"taxonomy":"post_tag","embeddable":true,"href":"https:\/\/igfae.usc.es\/~igfae-old\/wp-json\/wp\/v2\/tags?post=10258"}],"curies":[{"name":"wp","href":"https:\/\/api.w.org\/{rel}","templated":true}]}}