



{"id":8175,"date":"2020-10-30T12:01:21","date_gmt":"2020-10-30T10:01:21","guid":{"rendered":"https:\/\/igfae.usc.es\/~igfae-old\/iii-semana-da-ciencia-do-igfae\/"},"modified":"2021-03-24T15:27:08","modified_gmt":"2021-03-24T13:27:08","slug":"iii-semana-ciencia-igfae","status":"publish","type":"post","link":"https:\/\/igfae.usc.es\/~igfae-old\/gl\/iii-semana-ciencia-igfae\/","title":{"rendered":"A Semana da Ciencia do IGFAE reinv\u00e9ntase"},"content":{"rendered":"<p>A III Semana da Ciencia do Instituto\u00a0 Galego de F\u00edsica de Altas\u00a0 Enerx\u00edas (IGFAE) da\u00a0 Universidade de Santiago (USC) arrinca a pr\u00f3xima semana cun programa de actividades para todos os p\u00fablicos e un formato renovado, completamente virtual, que se retransmitir\u00e1 en directo pola canle de Youtube do\u00a0 IGFAE (<a href=\"https:\/\/www.youtube.com\/~igfae-old\/\">https:\/\/www.youtube.com\/~igfae-old\/<\/a>). Como a emerxencia sanitaria prohibe desprazamentos e reuni\u00f3ns de persoas, achegar\u00e9monos a golpe de <u>click<\/u> a calquera persoa do planeta co obxectivo de dar a co\u00f1ecer o labor investigador do Instituto e espertar a curiosidade pola ciencia e a f\u00edsica.<\/p>\n<p>O prato forte da semana ter\u00e1 lugar o martes 10 de novembro coa tradicional conferencia publica a cargo dunha investigadora de reco\u00f1ecido prestixio internacional: <strong>Gabriela Gonz\u00e1lez<\/strong>, experta en ondas gravitacionais e exvoceira de <strong>LIGO<\/strong> cando se anunciou a primeira detecci\u00f3n en 2016. O encontro ser\u00e1 presentado polo f\u00edsico e divulgador cient\u00edfico <strong>Javier Santaolalla<\/strong>, quen moderar\u00e1 as\u00ed mesmo a quenda de preguntas final. Tam\u00e9n haber\u00e1 unha xornada dedicada \u00e1 <strong>igualdade de<\/strong> <strong>x\u00e9nero<\/strong> en f\u00edsica, ao binomio arte-ciencia co ciclo \u201c<strong>Transfronteirizas<\/strong>\u201d e entregaranse os premios do <strong>III Concurso de Comunicaci\u00f3n Cient\u00edfica<\/strong>.<\/p>\n<p><strong>Martes 10 novembro, 20:00 horas.<\/strong><\/p>\n<h5><strong>Conferencia p\u00fablica: <em>A que soa o Universo?<\/em><\/strong><\/h5>\n<p>As ondas gravitacionais, detectadas por primeira vez en 2015, br\u00edndannos unha forma in\u00e9dita de co\u00f1ecer o Universo que non depende da luz da que ata o de agora nos serviamos. Grazas a interfer\u00f3metros extremadamente precisos, podemos &#8220;escoitar&#8221; as colisi\u00f3ns m\u00e1is violentas e espectaculares de obxectos como buracos negros e eestrelas de neutr\u00f3ns a miles de mill\u00f3ns de anos luz de distancia, que engurran o espazo-tempo pola s\u00faa extrema gravidade. Que descubrimos coas ondas gravitacionais e que achados nos deparar\u00e1n no futuro os detectores espaciais planeados?\u00a0 Nesta conferencia, a investigadora e exvoceira de LIGO, Gabriela Gonz\u00e1lez, levaranos de viaxe por esta nova e apaixonante forma de mirar o Cosmos, presentada polo f\u00edsico, divulgador e youtuber Javier Santaolalla.<\/p>\n<p><strong>Ligaz\u00f3n ao directo: <\/strong><a href=\"http:\/\/bit.ly\/GabrielaGonzalezIGFAE2020\"><strong>bit.ly\/GabrielaGonzalezIGFAE2020<\/strong><\/a><\/p>\n<p><iframe loading=\"lazy\" src=\"https:\/\/www.youtube.com\/embed\/X8-rEw5nyhI\" width=\"560\" height=\"315\" frameborder=\"0\" allowfullscreen=\"allowfullscreen\"><\/iframe><\/p>\n<p><strong>M\u00e9rcores 11 novembro, 18:00 horas.<\/strong><\/p>\n<h5><strong>Cerimonia de entrega de premios do Concurso de Comunicaci\u00f3n Cient\u00edfica (IGFAE C3)<\/strong><\/h5>\n<p>Resoluci\u00f3n e entrega de premios do <a href=\"https:\/\/www.youtube.com\/redirect?q=https%3A%2F%2Figfae.usc.es%2Figfae%2Fes%2Fc3-2020%2F&amp;v=GIMP_a24F5s&amp;redir_token=QUFFLUhqa2YtM210SWlXUFhMZUI4YUxCQUJfakhDUmJDUXxBQ3Jtc0trR2JfM0tmQU1lLS1IWE5QOXRlZG1nTFcyZ29mcl9BMkU5dDYtTXVYa1pELW1CdXVyY3J1R0hCaFcyN1hINk9CSk4tQWEyMDJVSlJxS24zNkJvc3pYUnh1YXo2Z1dJYUh4cUI5Vk1vQnlFNmtNZ2dsSQ%3D%3D&amp;event=video_description\">Concurso de Comunicaci\u00f3n Cient\u00edfica do IGFAE<\/a>, que contar\u00e1 coa exposici\u00f3n en directo dos traballos finalistas e intervenci\u00f3n dos autores.<\/p>\n<p><strong>Ligaz\u00f3n ao directo: <\/strong><a href=\"http:\/\/bit.ly\/CeremoniaConcursoIGFAE2020\"><strong>bit.ly\/CeremoniaConcursoIGFAE2020<\/strong><\/a><\/p>\n<p><iframe loading=\"lazy\" src=\"https:\/\/www.youtube.com\/embed\/GIMP_a24F5s\" width=\"560\" height=\"315\" frameborder=\"0\" allowfullscreen=\"allowfullscreen\"><\/iframe><\/p>\n<p><strong>M\u00e9rcores 11 novembro, 19:00 horas.<\/strong><\/p>\n<h5><strong>Debate: <em>F\u00edsica: unha ciencia sen x\u00e9nero?<\/em><\/strong><\/h5>\n<p>O sistema de ciencia en Espa\u00f1a e no mundo non goza dunha plena igualdade na participaci\u00f3n de mulleres e homes. Os datos mostran desigualdade das mulleres respecto a os homes en distintas dimensi\u00f3ns e campos. En F\u00edsica, a falta de presenza feminina comeza nos estudos de grao, nas que as alumnas representan en torno ao 30%, e a medida que se ascende na carreira investigadora a situaci\u00f3n empeora, mesmo m\u00e1is segundo a especializaci\u00f3n, como en F\u00edsica Te\u00f3rica.<\/p>\n<p>Neste debate, tres expertas en igualdade de x\u00e9nero po\u00f1er\u00e1n sobre a mesa alg\u00fans datos e iniciativas que se est\u00e1n a desenvolver para reverter esta situaci\u00f3n: Ana Jes\u00fas L\u00f3pez D\u00edaz (presidenta de AMIT- Gal, vicepresidenta do Grupo de Mulleres en F\u00edsica da RSEF) Yolanda Lozano (Gender in High Energy Theory &#8211; CERN) e Beatriz G. Plana (IGFAE).<\/p>\n<p><strong>Ligaz\u00f3n ao directo: <\/strong><a href=\"http:\/\/bit.ly\/debategeneroIGFAE2020\"><strong>bit.ly\/debategeneroIGFAE2020<\/strong><\/a><\/p>\n<p><iframe loading=\"lazy\" src=\"https:\/\/www.youtube.com\/embed\/jEFrgXxPRRM\" width=\"560\" height=\"315\" frameborder=\"0\" allowfullscreen=\"allowfullscreen\"><\/iframe><\/p>\n<p><strong>Xoves 12 novembro, 20:00 horas.<\/strong><\/p>\n<h5><strong>&#8216;Transfronteirizas, conversas de arte e ciencia&#8217; con Alejandro\u00a0 Dolina e Jos\u00e9 Edelstein<\/strong><\/h5>\n<p>O escritor, m\u00fasico, actor, condutor de radio de televisi\u00f3n arxentino, Alejandro Dolina, participar\u00e1 no quinto di\u00e1logo do ciclo organizado polo IGFAE cuxo obxectivo \u00e9 explorar o binomio arte-ciencia con personalidades do \u00e1mbito cultural e art\u00edstico. O encontro ser\u00e1 moderado polo investigador do IGFAE Jos\u00e9 Edelstein.<\/p>\n<p><strong>Ligaz\u00f3n ao directo:<\/strong> <a href=\"http:\/\/Bit.ly\/alejandrodolinaIGFAE\"><strong>bit.ly\/alejandrodolinaIGFAE<\/strong><\/a><\/p>\n<p><iframe loading=\"lazy\" src=\"https:\/\/www.youtube.com\/embed\/yy9X6DvvRAQ\" width=\"560\" height=\"315\" frameborder=\"0\" allowfullscreen=\"allowfullscreen\"><\/iframe><\/p>\n","protected":false},"excerpt":{"rendered":"<p>A III Semana da Ciencia do Instituto\u00a0 Galego de F\u00edsica de Altas\u00a0 Enerx\u00edas (IGFAE) da\u00a0 Universidade de Santiago (USC) arrinca a&#8230;<\/p>\n","protected":false},"author":21,"featured_media":8169,"comment_status":"closed","ping_status":"closed","sticky":false,"template":"","format":"standard","meta":{"om_disable_all_campaigns":false,"_monsterinsights_skip_tracking":false,"_monsterinsights_sitenote_active":false,"_monsterinsights_sitenote_note":"","_monsterinsights_sitenote_category":0},"categories":[118,116,120],"tags":[96],"aioseo_notices":[],"yoast_head":"<!-- This site is optimized with the Yoast SEO plugin v18.4.1 - https:\/\/yoast.com\/wordpress\/plugins\/seo\/ -->\n<title>A Semana da Ciencia do IGFAE reinv\u00e9ntase - IGFAE<\/title>\n<meta name=\"robots\" content=\"index, follow, max-snippet:-1, max-image-preview:large, max-video-preview:-1\" \/>\n<link rel=\"canonical\" href=\"https:\/\/igfae.usc.es\/~igfae-old\/gl\/iii-semana-ciencia-igfae\/\" \/>\n<meta property=\"og:locale\" content=\"gl_ES\" \/>\n<meta property=\"og:type\" content=\"article\" \/>\n<meta property=\"og:title\" content=\"A Semana da Ciencia do IGFAE reinv\u00e9ntase - IGFAE\" \/>\n<meta property=\"og:description\" content=\"A III Semana da Ciencia do Instituto\u00a0 Galego de F\u00edsica de Altas\u00a0 Enerx\u00edas (IGFAE) da\u00a0 Universidade de Santiago (USC) arrinca a...\" \/>\n<meta property=\"og:url\" content=\"https:\/\/igfae.usc.es\/~igfae-old\/gl\/iii-semana-ciencia-igfae\/\" \/>\n<meta property=\"og:site_name\" content=\"IGFAE\" \/>\n<meta property=\"article:published_time\" content=\"2020-10-30T10:01:21+00:00\" \/>\n<meta property=\"article:modified_time\" content=\"2021-03-24T13:27:08+00:00\" \/>\n<meta property=\"og:image\" content=\"https:\/\/igfae.usc.es\/~igfae-old\/wp-content\/uploads\/2020\/10\/Cartel-Semana-Ciencia-2020v3.png\" \/>\n\t<meta property=\"og:image:width\" content=\"1587\" \/>\n\t<meta property=\"og:image:height\" content=\"2245\" \/>\n\t<meta property=\"og:image:type\" content=\"image\/png\" \/>\n<meta name=\"twitter:card\" content=\"summary_large_image\" \/>\n<meta name=\"twitter:creator\" content=\"@igfae_hep\" \/>\n<meta name=\"twitter:site\" content=\"@igfae_hep\" \/>\n<meta name=\"twitter:label1\" content=\"Escrito por\" \/>\n\t<meta name=\"twitter:data1\" content=\"Elena Mora Cuesta\" \/>\n\t<meta name=\"twitter:label2\" content=\"Tempo de lectura\" \/>\n\t<meta name=\"twitter:data2\" content=\"3 minutos\" \/>\n<script type=\"application\/ld+json\" class=\"yoast-schema-graph\">{\"@context\":\"https:\/\/schema.org\",\"@graph\":[{\"@type\":\"WebSite\",\"@id\":\"https:\/\/igfae.usc.es\/~igfae-old\/#website\",\"url\":\"https:\/\/igfae.usc.es\/~igfae-old\/\",\"name\":\"IGFAE\",\"description\":\"Instituto Galego de F\u00edsica de Altas Enerx\u00edas\",\"potentialAction\":[{\"@type\":\"SearchAction\",\"target\":{\"@type\":\"EntryPoint\",\"urlTemplate\":\"https:\/\/igfae.usc.es\/~igfae-old\/?s={search_term_string}\"},\"query-input\":\"required name=search_term_string\"}],\"inLanguage\":\"gl-ES\"},{\"@type\":\"ImageObject\",\"@id\":\"https:\/\/igfae.usc.es\/~igfae-old\/gl\/iii-semana-ciencia-igfae\/#primaryimage\",\"inLanguage\":\"gl-ES\",\"url\":\"https:\/\/igfae.usc.es\/~igfae-old\/wp-content\/uploads\/2020\/10\/Cartel-Semana-Ciencia-2020v3.png\",\"contentUrl\":\"https:\/\/igfae.usc.es\/~igfae-old\/wp-content\/uploads\/2020\/10\/Cartel-Semana-Ciencia-2020v3.png\",\"width\":1587,\"height\":2245},{\"@type\":\"WebPage\",\"@id\":\"https:\/\/igfae.usc.es\/~igfae-old\/gl\/iii-semana-ciencia-igfae\/#webpage\",\"url\":\"https:\/\/igfae.usc.es\/~igfae-old\/gl\/iii-semana-ciencia-igfae\/\",\"name\":\"A Semana da Ciencia do IGFAE reinv\u00e9ntase - IGFAE\",\"isPartOf\":{\"@id\":\"https:\/\/igfae.usc.es\/~igfae-old\/#website\"},\"primaryImageOfPage\":{\"@id\":\"https:\/\/igfae.usc.es\/~igfae-old\/gl\/iii-semana-ciencia-igfae\/#primaryimage\"},\"datePublished\":\"2020-10-30T10:01:21+00:00\",\"dateModified\":\"2021-03-24T13:27:08+00:00\",\"author\":{\"@id\":\"https:\/\/igfae.usc.es\/~igfae-old\/#\/schema\/person\/840f8ffb14ad0885a9e3d067fb261c00\"},\"breadcrumb\":{\"@id\":\"https:\/\/igfae.usc.es\/~igfae-old\/gl\/iii-semana-ciencia-igfae\/#breadcrumb\"},\"inLanguage\":\"gl-ES\",\"potentialAction\":[{\"@type\":\"ReadAction\",\"target\":[\"https:\/\/igfae.usc.es\/~igfae-old\/gl\/iii-semana-ciencia-igfae\/\"]}]},{\"@type\":\"BreadcrumbList\",\"@id\":\"https:\/\/igfae.usc.es\/~igfae-old\/gl\/iii-semana-ciencia-igfae\/#breadcrumb\",\"itemListElement\":[{\"@type\":\"ListItem\",\"position\":1,\"name\":\"Home\",\"item\":\"https:\/\/igfae.usc.es\/~igfae-old\/gl\/\"},{\"@type\":\"ListItem\",\"position\":2,\"name\":\"A Semana da Ciencia do IGFAE reinv\u00e9ntase\"}]},{\"@type\":\"Person\",\"@id\":\"https:\/\/igfae.usc.es\/~igfae-old\/#\/schema\/person\/840f8ffb14ad0885a9e3d067fb261c00\",\"name\":\"Elena Mora Cuesta\",\"url\":\"https:\/\/igfae.usc.es\/~igfae-old\/gl\/author\/elena-mora-cuesta\/\"}]}<\/script>\n<!-- \/ Yoast SEO plugin. -->","yoast_head_json":{"title":"A Semana da Ciencia do IGFAE reinv\u00e9ntase - IGFAE","robots":{"index":"index","follow":"follow","max-snippet":"max-snippet:-1","max-image-preview":"max-image-preview:large","max-video-preview":"max-video-preview:-1"},"canonical":"https:\/\/igfae.usc.es\/~igfae-old\/gl\/iii-semana-ciencia-igfae\/","og_locale":"gl_ES","og_type":"article","og_title":"A Semana da Ciencia do IGFAE reinv\u00e9ntase - IGFAE","og_description":"A III Semana da Ciencia do Instituto\u00a0 Galego de F\u00edsica de Altas\u00a0 Enerx\u00edas (IGFAE) da\u00a0 Universidade de Santiago (USC) arrinca a...","og_url":"https:\/\/igfae.usc.es\/~igfae-old\/gl\/iii-semana-ciencia-igfae\/","og_site_name":"IGFAE","article_published_time":"2020-10-30T10:01:21+00:00","article_modified_time":"2021-03-24T13:27:08+00:00","og_image":[{"width":1587,"height":2245,"url":"https:\/\/igfae.usc.es\/~igfae-old\/wp-content\/uploads\/2020\/10\/Cartel-Semana-Ciencia-2020v3.png","type":"image\/png"}],"twitter_card":"summary_large_image","twitter_creator":"@igfae_hep","twitter_site":"@igfae_hep","twitter_misc":{"Escrito por":"Elena Mora Cuesta","Tempo de lectura":"3 minutos"},"schema":{"@context":"https:\/\/schema.org","@graph":[{"@type":"WebSite","@id":"https:\/\/igfae.usc.es\/~igfae-old\/#website","url":"https:\/\/igfae.usc.es\/~igfae-old\/","name":"IGFAE","description":"Instituto Galego de F\u00edsica de Altas Enerx\u00edas","potentialAction":[{"@type":"SearchAction","target":{"@type":"EntryPoint","urlTemplate":"https:\/\/igfae.usc.es\/~igfae-old\/?s={search_term_string}"},"query-input":"required name=search_term_string"}],"inLanguage":"gl-ES"},{"@type":"ImageObject","@id":"https:\/\/igfae.usc.es\/~igfae-old\/gl\/iii-semana-ciencia-igfae\/#primaryimage","inLanguage":"gl-ES","url":"https:\/\/igfae.usc.es\/~igfae-old\/wp-content\/uploads\/2020\/10\/Cartel-Semana-Ciencia-2020v3.png","contentUrl":"https:\/\/igfae.usc.es\/~igfae-old\/wp-content\/uploads\/2020\/10\/Cartel-Semana-Ciencia-2020v3.png","width":1587,"height":2245},{"@type":"WebPage","@id":"https:\/\/igfae.usc.es\/~igfae-old\/gl\/iii-semana-ciencia-igfae\/#webpage","url":"https:\/\/igfae.usc.es\/~igfae-old\/gl\/iii-semana-ciencia-igfae\/","name":"A Semana da Ciencia do IGFAE reinv\u00e9ntase - IGFAE","isPartOf":{"@id":"https:\/\/igfae.usc.es\/~igfae-old\/#website"},"primaryImageOfPage":{"@id":"https:\/\/igfae.usc.es\/~igfae-old\/gl\/iii-semana-ciencia-igfae\/#primaryimage"},"datePublished":"2020-10-30T10:01:21+00:00","dateModified":"2021-03-24T13:27:08+00:00","author":{"@id":"https:\/\/igfae.usc.es\/~igfae-old\/#\/schema\/person\/840f8ffb14ad0885a9e3d067fb261c00"},"breadcrumb":{"@id":"https:\/\/igfae.usc.es\/~igfae-old\/gl\/iii-semana-ciencia-igfae\/#breadcrumb"},"inLanguage":"gl-ES","potentialAction":[{"@type":"ReadAction","target":["https:\/\/igfae.usc.es\/~igfae-old\/gl\/iii-semana-ciencia-igfae\/"]}]},{"@type":"BreadcrumbList","@id":"https:\/\/igfae.usc.es\/~igfae-old\/gl\/iii-semana-ciencia-igfae\/#breadcrumb","itemListElement":[{"@type":"ListItem","position":1,"name":"Home","item":"https:\/\/igfae.usc.es\/~igfae-old\/gl\/"},{"@type":"ListItem","position":2,"name":"A Semana da Ciencia do IGFAE reinv\u00e9ntase"}]},{"@type":"Person","@id":"https:\/\/igfae.usc.es\/~igfae-old\/#\/schema\/person\/840f8ffb14ad0885a9e3d067fb261c00","name":"Elena Mora Cuesta","url":"https:\/\/igfae.usc.es\/~igfae-old\/gl\/author\/elena-mora-cuesta\/"}]}},"_links":{"self":[{"href":"https:\/\/igfae.usc.es\/~igfae-old\/gl\/wp-json\/wp\/v2\/posts\/8175"}],"collection":[{"href":"https:\/\/igfae.usc.es\/~igfae-old\/gl\/wp-json\/wp\/v2\/posts"}],"about":[{"href":"https:\/\/igfae.usc.es\/~igfae-old\/gl\/wp-json\/wp\/v2\/types\/post"}],"author":[{"embeddable":true,"href":"https:\/\/igfae.usc.es\/~igfae-old\/gl\/wp-json\/wp\/v2\/users\/21"}],"replies":[{"embeddable":true,"href":"https:\/\/igfae.usc.es\/~igfae-old\/gl\/wp-json\/wp\/v2\/comments?post=8175"}],"version-history":[{"count":4,"href":"https:\/\/igfae.usc.es\/~igfae-old\/gl\/wp-json\/wp\/v2\/posts\/8175\/revisions"}],"predecessor-version":[{"id":8197,"href":"https:\/\/igfae.usc.es\/~igfae-old\/gl\/wp-json\/wp\/v2\/posts\/8175\/revisions\/8197"}],"wp:featuredmedia":[{"embeddable":true,"href":"https:\/\/igfae.usc.es\/~igfae-old\/gl\/wp-json\/wp\/v2\/media\/8169"}],"wp:attachment":[{"href":"https:\/\/igfae.usc.es\/~igfae-old\/gl\/wp-json\/wp\/v2\/media?parent=8175"}],"wp:term":[{"taxonomy":"category","embeddable":true,"href":"https:\/\/igfae.usc.es\/~igfae-old\/gl\/wp-json\/wp\/v2\/categories?post=8175"},{"taxonomy":"post_tag","embeddable":true,"href":"https:\/\/igfae.usc.es\/~igfae-old\/gl\/wp-json\/wp\/v2\/tags?post=8175"}],"curies":[{"name":"wp","href":"https:\/\/api.w.org\/{rel}","templated":true}]}}