



{"id":5049,"date":"2019-12-04T11:57:10","date_gmt":"2019-12-04T09:57:10","guid":{"rendered":"https:\/\/igfae.usc.es\/~igfae-old\/?p=5049"},"modified":"2021-03-24T15:24:00","modified_gmt":"2021-03-24T13:24:00","slug":"califa-instalado-fair","status":"publish","type":"post","link":"https:\/\/igfae.usc.es\/~igfae-old\/gl\/califa-instalado-fair\/","title":{"rendered":"CALIFA xa est\u00e1 instalado en FAIR"},"content":{"rendered":"<p><strong>Este detector, cuxo dese\u00f1o e construci\u00f3n foi liderado polo Instituto Galego de F\u00edsica de Altas Enerx\u00edas (IGFAE), estudar\u00e1 a estrutura de n\u00facleos at\u00f3micos \u201cex\u00f3ticos\u201d no laboratorio de investigaci\u00f3n nuclear FAIR, unha das infraestruturas cient\u00edficas estrat\u00e9xicas da Comisi\u00f3n Europea. No dese\u00f1o e construci\u00f3n da estrutura mec\u00e1nica de CALIFA tam\u00e9n participou a Universidade de Vigo e varias empresas galegas.<\/strong><\/p>\n<p><strong>CALIFA<\/strong> xa est\u00e1 instalado no experimento R3B do acelerador <strong>FAIR<\/strong>, en Darmstadt (Alema\u00f1a), unha das instalaci\u00f3ns cient\u00edficas europeas de referencia en f\u00edsica nuclear. Tras finalizarse o seu dese\u00f1o e construci\u00f3n, a posta en marcha de CALIFA permitir\u00e1 realizar experimentos de precisi\u00f3n aproveitando as vantaxes dos primeiros feixes de i\u00f3ns acelerados en FAIR. Con eles, estudarase a <strong>estrutura e din\u00e1mica de n\u00facleos at\u00f3micos inestables ou ex\u00f3ticos<\/strong> a partir de 2020.<\/p>\n<p>O IGFAE participa desde fai m\u00e1is dunha d\u00e9cada na <a href=\"https:\/\/www.gsi.de\/work\/forschung\/nustarenna\/nustarenna_divisions\/kernreaktionen\/activities\/r3b.htm\">colaboraci\u00f3n R3B<\/a> <em>(Reactions with Relativistic Radioactive Beams), <\/em>formada por 230 persoas de 15 pa\u00edses e coordinada desde maio de 2017 pola investigadora do IGFAE e profesora da USC Dolores Cortina. O seu grupo liderou entre 2005 e 2017 o dese\u00f1o e construci\u00f3n do seu detector, CALIFA <em>(CALorimeter for In-Flight detection of gamma- rays and high energy charged pArticles),<\/em> un <strong>novo calor\u00edmetro <\/strong>capaz de detectar simultaneamente part\u00edculas cargadas e radiaci\u00f3n gamma, cubrindo un rango enerx\u00e9tico sen precedentes: dos kiloelectr\u00f3nvoltios (KeV) \u00e1s centenas de megaelectr\u00f3nvoltios (MeV). Cabe destacar que a tecnolox\u00eda de detecci\u00f3n utilizada neste tipo de detectores, as\u00ed como as t\u00e9cnicas de reconstruci\u00f3n da informaci\u00f3n que se recada, son com\u00fans coas que se desenvolven en <strong>imaxe m\u00e9dica <\/strong>e son \u00fatiles para o diagn\u00f3stico de enfermidades.<\/p>\n<p><strong>R3B<\/strong> utilizar\u00e1 i\u00f3ns radioactivos a velocidades pr\u00f3ximas \u00e1s da luz e permitir\u00e1 desenvolver un amplo programa de investigaci\u00f3n que abordar\u00e1 cuesti\u00f3ns cruciais para a f\u00edsica nuclear, como o estudo de propiedades fundamentais dos n\u00facleos at\u00f3micos e da forza responsable de unir os protones e neutr\u00f3ns que os forman, ademais de <strong>reproducir as reacci\u00f3ns que te\u00f1en lugar nas estrelas<\/strong>, responsables de xerar a s\u00faa enerx\u00eda e crear os elementos que vemos no Universo.<\/p>\n<p><strong>Un \u201cCALIFA\u201d moi galego<\/strong><\/p>\n<p>Na construci\u00f3n de CALIFA, cuxo custo supera os 3,5 mill\u00f3ns de euros na s\u00faa primeira fase (22% dos cales foron financiados con fondos captados por este equipo) e m\u00e1is de 5 mill\u00f3ns de euros en total, participou persoal investigador de Alema\u00f1a, Suecia e Rusia. Dentro de Espa\u00f1a, <strong>a contribuci\u00f3n galega foi notable.<\/strong> Desde 2005, o IGFAE colabora co <a href=\"http:\/\/cima.uvigo.es\/\">grupo CIMA de enxe\u00f1er\u00eda mec\u00e1nica da Universidade de Vigo<\/a>, quen foi art\u00edfice do dese\u00f1o da estrutura mec\u00e1nica do detector. Ademais, empresas galegas especializadas encarg\u00e1ronse da fabricaci\u00f3n de fibra de carbono, mecanizado de precisi\u00f3n e metrolox\u00eda. O outro grupo espa\u00f1ol de CALIFA \u00e9 do <a href=\"http:\/\/www.iem.csic.es\/\">Instituto de Estrutura de la Materia (IEM-CSIC)<\/a>, centrado en desenvolver os centelladores innovadores da parte frontal do detector que recibir\u00e1n unha enorme cantidade de radiaci\u00f3n e onde a resoluci\u00f3n en enerx\u00eda xoga un papel moi importante.<\/p>\n<p><a href=\"https:\/\/fair-center.eu\/index.php?id=1\">FAIR<\/a> <em>(Facility for Antiproton and Ion Research)<\/em> \u00e9 un novo centro de investigaci\u00f3n internacional prioritario para a Comisi\u00f3n Europea, inclu\u00eddo na <a href=\"http:\/\/roadmap2018.esfri.eu\/projects-and-landmarks\/browse-the-catalogue\/fair\/\">folla de ruta ESFRI 2018<\/a> que identifica as instalaci\u00f3ns cient\u00edficas prioritarias de interese paneuropeo. Un consorcio internacional contrib\u00fae a financiar os 1.500 mill\u00f3ns de euros que custar\u00e1 este laboratorio equipado cos m\u00e1is potentes aceleradores de antiprotones e i\u00f3ns pesados do mundo. Al\u00ed, m\u00e1is de 3.000 persoas de 50 pa\u00edses estudar\u00e1n a estrutura e propiedades da materia visible que forma o Universo, desenvolvendo labores de investigaci\u00f3n b\u00e1sica e aplicada no campo da f\u00edsica nuclear. En Espa\u00f1a, participan m\u00e1is de 50 investigadores do CSIC, o CIEMAT e as universidades Complutense de Madrid, Granada, Huelva, Polit\u00e9cnica de Barcelona, Sevilla, Santiago de Compostela e Vigo.<\/p>\n<p><strong>Membros do equipo IGFAE:<br \/>\n<\/strong>H. \u00c1lvarez Pol, J. Benlliure Anaya, P. Cabanelas Eiras, D. Cortina Gil, G. Garc\u00eda Jim\u00e9nez, D. Gonzalez Caama\u00f1o, M. Feijoo Rodr\u00edguez e J. L. Rodr\u00edguez S\u00e1nchez.<\/p>\n<p><strong>Membros do equipo UVigo:<br \/>\n<\/strong>Enrique Casarejos, Jos\u00e9 Antonio Vil\u00e1n, Abraham Segade, Angel Vil\u00e1n, Marcos L\u00f3pez e Pablo Izquierdo.<\/p>\n<p><strong>Membros do equipo IEM-CSIC:<br \/>\n<\/strong>M. J. Garc\u00eda Borge, O. Tengbland, E. N\u00e1cher e A. Perea.<\/p>\n<p><strong>M\u00e1is info<\/strong><strong>rmaci\u00f3n e contacto: <\/strong><\/p>\n<ul>\n<li><strong>Dolores Cortina<\/strong>. Instituto Galego de F\u00edsica de Altas Enerx\u00edas (IGFAE) &#8211; USC: <a href=\"mailto:d.cortina@usc.es\">cortina@usc.es<\/a> y 600942337.<\/li>\n<\/ul>\n<ul>\n<li>Nota de prensa da posta en marcha dos aceleradores de FAIR: <a href=\"http:\/\/www.gsi.de\/en\/start\/n\">http:\/\/www.gsi.de\/en\/start\/n<\/a><a href=\"http:\/\/www.gsi.de\/en\/start\/news\/details\/2018\/06\/21\/beam_on_accelerator_operation_restarts_experimental_time_is_being_prepared.htm?no_cache=1&amp;cHash=ddcf3be72757e00b88febfbbaeb0da2b\">ews\/details\/2018\/06\/21\/beam_on_accelerator_operation_restarts_experimental_time_is_being_prepared.htm?no_cache=1&amp;cHash=ddcf3be72757e00b88febfbbaeb0da2<\/a><\/li>\n<li>Colaboraci\u00f3n NUSTAR: <a href=\"http:\/\/www.r3b-nustar.de\/index.php\">http:\/\/www.r3b-nustar.de\/index.php<\/a><\/li>\n<\/ul>\n<p>Imaxe: vista da linea de feixe do CALIFA desde a esquerda en FAIR. Cr\u00e9ditos: IGFAE.<\/p>\n\n\t\t<style type=\"text\/css\">\n\t\t\t#gallery-1 {\n\t\t\t\tmargin: auto;\n\t\t\t}\n\t\t\t#gallery-1 .gallery-item {\n\t\t\t\tfloat: left;\n\t\t\t\tmargin-top: 10px;\n\t\t\t\ttext-align: center;\n\t\t\t\twidth: 20%;\n\t\t\t}\n\t\t\t#gallery-1 img {\n\t\t\t\tborder: 2px solid #cfcfcf;\n\t\t\t}\n\t\t\t#gallery-1 .gallery-caption {\n\t\t\t\tmargin-left: 0;\n\t\t\t}\n\t\t\t\/* see gallery_shortcode() in wp-includes\/media.php *\/\n\t\t<\/style>\n\t\t<div id='gallery-1' class='gallery galleryid-5049 gallery-columns-5 gallery-size-thumbnail'><dl class='gallery-item'>\n\t\t\t<dt class='gallery-icon landscape'>\n\t\t\t\t<a href='https:\/\/igfae.usc.es\/~igfae-old\/gl\/califa-instalado-fair\/califa1-2\/'><img width=\"150\" height=\"150\" src=\"https:\/\/igfae.usc.es\/~igfae-old\/wp-content\/uploads\/2019\/12\/CALIFA1-150x150.jpg\" class=\"attachment-thumbnail size-thumbnail\" alt=\"\" loading=\"lazy\" aria-describedby=\"gallery-1-5027\" srcset=\"https:\/\/igfae.usc.es\/~igfae-old\/wp-content\/uploads\/2019\/12\/CALIFA1-150x150.jpg 150w, https:\/\/igfae.usc.es\/~igfae-old\/wp-content\/uploads\/2019\/12\/CALIFA1-60x60.jpg 60w, https:\/\/igfae.usc.es\/~igfae-old\/wp-content\/uploads\/2019\/12\/CALIFA1-500x500.jpg 500w\" sizes=\"(max-width: 150px) 100vw, 150px\" \/><\/a>\n\t\t\t<\/dt>\n\t\t\t\t<dd class='wp-caption-text gallery-caption' id='gallery-1-5027'>\n\t\t\t\tArrival of the mechanical structure of CALIFA to FAIR.\n\t\t\t\t<\/dd><\/dl><dl class='gallery-item'>\n\t\t\t<dt class='gallery-icon landscape'>\n\t\t\t\t<a href='https:\/\/igfae.usc.es\/~igfae-old\/gl\/califa-instalado-fair\/califa2-2\/'><img width=\"150\" height=\"150\" src=\"https:\/\/igfae.usc.es\/~igfae-old\/wp-content\/uploads\/2019\/12\/CALIFA2-150x150.jpg\" class=\"attachment-thumbnail size-thumbnail\" alt=\"\" loading=\"lazy\" aria-describedby=\"gallery-1-5030\" srcset=\"https:\/\/igfae.usc.es\/~igfae-old\/wp-content\/uploads\/2019\/12\/CALIFA2-150x150.jpg 150w, https:\/\/igfae.usc.es\/~igfae-old\/wp-content\/uploads\/2019\/12\/CALIFA2-60x60.jpg 60w, https:\/\/igfae.usc.es\/~igfae-old\/wp-content\/uploads\/2019\/12\/CALIFA2-500x500.jpg 500w\" sizes=\"(max-width: 150px) 100vw, 150px\" \/><\/a>\n\t\t\t<\/dt>\n\t\t\t\t<dd class='wp-caption-text gallery-caption' id='gallery-1-5030'>\n\t\t\t\tInstallation of one of the halves of CALIFA to its nominal position\n\t\t\t\t<\/dd><\/dl><dl class='gallery-item'>\n\t\t\t<dt class='gallery-icon landscape'>\n\t\t\t\t<a href='https:\/\/igfae.usc.es\/~igfae-old\/gl\/califa-instalado-fair\/califa3-2\/'><img width=\"150\" height=\"150\" src=\"https:\/\/igfae.usc.es\/~igfae-old\/wp-content\/uploads\/2019\/12\/CALIFA3-150x150.jpeg\" class=\"attachment-thumbnail size-thumbnail\" alt=\"\" loading=\"lazy\" aria-describedby=\"gallery-1-5033\" srcset=\"https:\/\/igfae.usc.es\/~igfae-old\/wp-content\/uploads\/2019\/12\/CALIFA3-150x150.jpeg 150w, https:\/\/igfae.usc.es\/~igfae-old\/wp-content\/uploads\/2019\/12\/CALIFA3-60x60.jpeg 60w, https:\/\/igfae.usc.es\/~igfae-old\/wp-content\/uploads\/2019\/12\/CALIFA3-500x500.jpeg 500w\" sizes=\"(max-width: 150px) 100vw, 150px\" \/><\/a>\n\t\t\t<\/dt>\n\t\t\t\t<dd class='wp-caption-text gallery-caption' id='gallery-1-5033'>\n\t\t\t\tArrival of the first half of the mechanical structure of CALIFA to FAIR.\n\t\t\t\t<\/dd><\/dl><dl class='gallery-item'>\n\t\t\t<dt class='gallery-icon landscape'>\n\t\t\t\t<a href='https:\/\/igfae.usc.es\/~igfae-old\/gl\/califa-instalado-fair\/califa4-2\/'><img width=\"150\" height=\"150\" src=\"https:\/\/igfae.usc.es\/~igfae-old\/wp-content\/uploads\/2019\/12\/CALIFA4-150x150.jpg\" class=\"attachment-thumbnail size-thumbnail\" alt=\"\" loading=\"lazy\" aria-describedby=\"gallery-1-5036\" srcset=\"https:\/\/igfae.usc.es\/~igfae-old\/wp-content\/uploads\/2019\/12\/CALIFA4-150x150.jpg 150w, https:\/\/igfae.usc.es\/~igfae-old\/wp-content\/uploads\/2019\/12\/CALIFA4-60x60.jpg 60w, https:\/\/igfae.usc.es\/~igfae-old\/wp-content\/uploads\/2019\/12\/CALIFA4-500x500.jpg 500w\" sizes=\"(max-width: 150px) 100vw, 150px\" \/><\/a>\n\t\t\t<\/dt>\n\t\t\t\t<dd class='wp-caption-text gallery-caption' id='gallery-1-5036'>\n\t\t\t\tBeam line view, from left to right: ionization chamber, CALIFA, multi-wire cameras, GLAD.\n\t\t\t\t<\/dd><\/dl><dl class='gallery-item'>\n\t\t\t<dt class='gallery-icon landscape'>\n\t\t\t\t<a href='https:\/\/igfae.usc.es\/~igfae-old\/gl\/califa-instalado-fair\/califa5-2\/'><img width=\"150\" height=\"150\" src=\"https:\/\/igfae.usc.es\/~igfae-old\/wp-content\/uploads\/2019\/12\/CALIFA5-150x150.jpg\" class=\"attachment-thumbnail size-thumbnail\" alt=\"\" loading=\"lazy\" aria-describedby=\"gallery-1-5039\" srcset=\"https:\/\/igfae.usc.es\/~igfae-old\/wp-content\/uploads\/2019\/12\/CALIFA5-150x150.jpg 150w, https:\/\/igfae.usc.es\/~igfae-old\/wp-content\/uploads\/2019\/12\/CALIFA5-60x60.jpg 60w, https:\/\/igfae.usc.es\/~igfae-old\/wp-content\/uploads\/2019\/12\/CALIFA5-500x500.jpg 500w\" sizes=\"(max-width: 150px) 100vw, 150px\" \/><\/a>\n\t\t\t<\/dt>\n\t\t\t\t<dd class='wp-caption-text gallery-caption' id='gallery-1-5039'>\n\t\t\t\tView of a sector, scintillation crystals and Avalanche Photodiodes\n\t\t\t\t<\/dd><\/dl><br style=\"clear: both\" \/>\n\t\t<\/div>\n\n","protected":false},"excerpt":{"rendered":"<p>Este detector, cuxo dese\u00f1o e construci\u00f3n foi liderado polo Instituto Galego de F\u00edsica de Altas Enerx\u00edas (IGFAE), estudar\u00e1 a estrutura de&#8230;<\/p>\n","protected":false},"author":21,"featured_media":5024,"comment_status":"closed","ping_status":"closed","sticky":false,"template":"","format":"standard","meta":{"om_disable_all_campaigns":false,"_monsterinsights_skip_tracking":false,"_monsterinsights_sitenote_active":false,"_monsterinsights_sitenote_note":"","_monsterinsights_sitenote_category":0},"categories":[116,117],"tags":[],"aioseo_notices":[],"yoast_head":"<!-- This site is optimized with the Yoast SEO plugin v18.4.1 - https:\/\/yoast.com\/wordpress\/plugins\/seo\/ -->\n<title>CALIFA xa est\u00e1 instalado en FAIR - IGFAE<\/title>\n<meta name=\"robots\" content=\"index, follow, max-snippet:-1, max-image-preview:large, max-video-preview:-1\" \/>\n<link rel=\"canonical\" href=\"https:\/\/igfae.usc.es\/~igfae-old\/califa-installed-fair\/\" \/>\n<meta property=\"og:locale\" content=\"gl_ES\" \/>\n<meta property=\"og:type\" content=\"article\" \/>\n<meta property=\"og:title\" content=\"CALIFA xa est\u00e1 instalado en FAIR - IGFAE\" \/>\n<meta property=\"og:description\" content=\"Este detector, cuxo dese\u00f1o e construci\u00f3n foi liderado polo Instituto Galego de F\u00edsica de Altas Enerx\u00edas (IGFAE), estudar\u00e1 a estrutura de...\" \/>\n<meta property=\"og:url\" content=\"https:\/\/igfae.usc.es\/~igfae-old\/califa-installed-fair\/\" \/>\n<meta property=\"og:site_name\" content=\"IGFAE\" \/>\n<meta property=\"article:published_time\" content=\"2019-12-04T09:57:10+00:00\" \/>\n<meta property=\"article:modified_time\" content=\"2021-03-24T13:24:00+00:00\" \/>\n<meta property=\"og:image\" content=\"https:\/\/igfae.usc.es\/~igfae-old\/wp-content\/uploads\/2019\/12\/CALIFA6-1024x768.jpg\" \/>\n\t<meta property=\"og:image:width\" content=\"1024\" \/>\n\t<meta property=\"og:image:height\" content=\"768\" \/>\n\t<meta property=\"og:image:type\" content=\"image\/jpeg\" \/>\n<meta name=\"twitter:card\" content=\"summary_large_image\" \/>\n<meta name=\"twitter:creator\" content=\"@igfae_hep\" \/>\n<meta name=\"twitter:site\" content=\"@igfae_hep\" \/>\n<meta name=\"twitter:label1\" content=\"Escrito por\" \/>\n\t<meta name=\"twitter:data1\" content=\"Elena Mora Cuesta\" \/>\n\t<meta name=\"twitter:label2\" content=\"Tempo de lectura\" \/>\n\t<meta name=\"twitter:data2\" content=\"4 minutos\" \/>\n<script type=\"application\/ld+json\" class=\"yoast-schema-graph\">{\"@context\":\"https:\/\/schema.org\",\"@graph\":[{\"@type\":\"WebSite\",\"@id\":\"https:\/\/igfae.usc.es\/~igfae-old\/#website\",\"url\":\"https:\/\/igfae.usc.es\/~igfae-old\/\",\"name\":\"IGFAE\",\"description\":\"Instituto Galego de F\u00edsica de Altas Enerx\u00edas\",\"potentialAction\":[{\"@type\":\"SearchAction\",\"target\":{\"@type\":\"EntryPoint\",\"urlTemplate\":\"https:\/\/igfae.usc.es\/~igfae-old\/?s={search_term_string}\"},\"query-input\":\"required name=search_term_string\"}],\"inLanguage\":\"gl-ES\"},{\"@type\":\"ImageObject\",\"@id\":\"https:\/\/igfae.usc.es\/~igfae-old\/califa-installed-fair\/#primaryimage\",\"inLanguage\":\"gl-ES\",\"url\":\"https:\/\/igfae.usc.es\/~igfae-old\/wp-content\/uploads\/2019\/12\/CALIFA6.jpg\",\"contentUrl\":\"https:\/\/igfae.usc.es\/~igfae-old\/wp-content\/uploads\/2019\/12\/CALIFA6.jpg\",\"width\":4160,\"height\":3120},{\"@type\":\"WebPage\",\"@id\":\"https:\/\/igfae.usc.es\/~igfae-old\/califa-installed-fair\/#webpage\",\"url\":\"https:\/\/igfae.usc.es\/~igfae-old\/califa-installed-fair\/\",\"name\":\"CALIFA xa est\u00e1 instalado en FAIR - IGFAE\",\"isPartOf\":{\"@id\":\"https:\/\/igfae.usc.es\/~igfae-old\/#website\"},\"primaryImageOfPage\":{\"@id\":\"https:\/\/igfae.usc.es\/~igfae-old\/califa-installed-fair\/#primaryimage\"},\"datePublished\":\"2019-12-04T09:57:10+00:00\",\"dateModified\":\"2021-03-24T13:24:00+00:00\",\"author\":{\"@id\":\"https:\/\/igfae.usc.es\/~igfae-old\/#\/schema\/person\/840f8ffb14ad0885a9e3d067fb261c00\"},\"breadcrumb\":{\"@id\":\"https:\/\/igfae.usc.es\/~igfae-old\/califa-installed-fair\/#breadcrumb\"},\"inLanguage\":\"gl-ES\",\"potentialAction\":[{\"@type\":\"ReadAction\",\"target\":[\"https:\/\/igfae.usc.es\/~igfae-old\/califa-installed-fair\/\"]}]},{\"@type\":\"BreadcrumbList\",\"@id\":\"https:\/\/igfae.usc.es\/~igfae-old\/califa-installed-fair\/#breadcrumb\",\"itemListElement\":[{\"@type\":\"ListItem\",\"position\":1,\"name\":\"Home\",\"item\":\"https:\/\/igfae.usc.es\/~igfae-old\/gl\/\"},{\"@type\":\"ListItem\",\"position\":2,\"name\":\"CALIFA xa est\u00e1 instalado en FAIR\"}]},{\"@type\":\"Person\",\"@id\":\"https:\/\/igfae.usc.es\/~igfae-old\/#\/schema\/person\/840f8ffb14ad0885a9e3d067fb261c00\",\"name\":\"Elena Mora Cuesta\",\"url\":\"https:\/\/igfae.usc.es\/~igfae-old\/gl\/author\/elena-mora-cuesta\/\"}]}<\/script>\n<!-- \/ Yoast SEO plugin. -->","yoast_head_json":{"title":"CALIFA xa est\u00e1 instalado en FAIR - IGFAE","robots":{"index":"index","follow":"follow","max-snippet":"max-snippet:-1","max-image-preview":"max-image-preview:large","max-video-preview":"max-video-preview:-1"},"canonical":"https:\/\/igfae.usc.es\/~igfae-old\/califa-installed-fair\/","og_locale":"gl_ES","og_type":"article","og_title":"CALIFA xa est\u00e1 instalado en FAIR - IGFAE","og_description":"Este detector, cuxo dese\u00f1o e construci\u00f3n foi liderado polo Instituto Galego de F\u00edsica de Altas Enerx\u00edas (IGFAE), estudar\u00e1 a estrutura de...","og_url":"https:\/\/igfae.usc.es\/~igfae-old\/califa-installed-fair\/","og_site_name":"IGFAE","article_published_time":"2019-12-04T09:57:10+00:00","article_modified_time":"2021-03-24T13:24:00+00:00","og_image":[{"width":1024,"height":768,"url":"https:\/\/igfae.usc.es\/~igfae-old\/wp-content\/uploads\/2019\/12\/CALIFA6-1024x768.jpg","type":"image\/jpeg"}],"twitter_card":"summary_large_image","twitter_creator":"@igfae_hep","twitter_site":"@igfae_hep","twitter_misc":{"Escrito por":"Elena Mora Cuesta","Tempo de lectura":"4 minutos"},"schema":{"@context":"https:\/\/schema.org","@graph":[{"@type":"WebSite","@id":"https:\/\/igfae.usc.es\/~igfae-old\/#website","url":"https:\/\/igfae.usc.es\/~igfae-old\/","name":"IGFAE","description":"Instituto Galego de F\u00edsica de Altas Enerx\u00edas","potentialAction":[{"@type":"SearchAction","target":{"@type":"EntryPoint","urlTemplate":"https:\/\/igfae.usc.es\/~igfae-old\/?s={search_term_string}"},"query-input":"required name=search_term_string"}],"inLanguage":"gl-ES"},{"@type":"ImageObject","@id":"https:\/\/igfae.usc.es\/~igfae-old\/califa-installed-fair\/#primaryimage","inLanguage":"gl-ES","url":"https:\/\/igfae.usc.es\/~igfae-old\/wp-content\/uploads\/2019\/12\/CALIFA6.jpg","contentUrl":"https:\/\/igfae.usc.es\/~igfae-old\/wp-content\/uploads\/2019\/12\/CALIFA6.jpg","width":4160,"height":3120},{"@type":"WebPage","@id":"https:\/\/igfae.usc.es\/~igfae-old\/califa-installed-fair\/#webpage","url":"https:\/\/igfae.usc.es\/~igfae-old\/califa-installed-fair\/","name":"CALIFA xa est\u00e1 instalado en FAIR - IGFAE","isPartOf":{"@id":"https:\/\/igfae.usc.es\/~igfae-old\/#website"},"primaryImageOfPage":{"@id":"https:\/\/igfae.usc.es\/~igfae-old\/califa-installed-fair\/#primaryimage"},"datePublished":"2019-12-04T09:57:10+00:00","dateModified":"2021-03-24T13:24:00+00:00","author":{"@id":"https:\/\/igfae.usc.es\/~igfae-old\/#\/schema\/person\/840f8ffb14ad0885a9e3d067fb261c00"},"breadcrumb":{"@id":"https:\/\/igfae.usc.es\/~igfae-old\/califa-installed-fair\/#breadcrumb"},"inLanguage":"gl-ES","potentialAction":[{"@type":"ReadAction","target":["https:\/\/igfae.usc.es\/~igfae-old\/califa-installed-fair\/"]}]},{"@type":"BreadcrumbList","@id":"https:\/\/igfae.usc.es\/~igfae-old\/califa-installed-fair\/#breadcrumb","itemListElement":[{"@type":"ListItem","position":1,"name":"Home","item":"https:\/\/igfae.usc.es\/~igfae-old\/gl\/"},{"@type":"ListItem","position":2,"name":"CALIFA xa est\u00e1 instalado en FAIR"}]},{"@type":"Person","@id":"https:\/\/igfae.usc.es\/~igfae-old\/#\/schema\/person\/840f8ffb14ad0885a9e3d067fb261c00","name":"Elena Mora Cuesta","url":"https:\/\/igfae.usc.es\/~igfae-old\/gl\/author\/elena-mora-cuesta\/"}]}},"_links":{"self":[{"href":"https:\/\/igfae.usc.es\/~igfae-old\/gl\/wp-json\/wp\/v2\/posts\/5049"}],"collection":[{"href":"https:\/\/igfae.usc.es\/~igfae-old\/gl\/wp-json\/wp\/v2\/posts"}],"about":[{"href":"https:\/\/igfae.usc.es\/~igfae-old\/gl\/wp-json\/wp\/v2\/types\/post"}],"author":[{"embeddable":true,"href":"https:\/\/igfae.usc.es\/~igfae-old\/gl\/wp-json\/wp\/v2\/users\/21"}],"replies":[{"embeddable":true,"href":"https:\/\/igfae.usc.es\/~igfae-old\/gl\/wp-json\/wp\/v2\/comments?post=5049"}],"version-history":[{"count":5,"href":"https:\/\/igfae.usc.es\/~igfae-old\/gl\/wp-json\/wp\/v2\/posts\/5049\/revisions"}],"predecessor-version":[{"id":5076,"href":"https:\/\/igfae.usc.es\/~igfae-old\/gl\/wp-json\/wp\/v2\/posts\/5049\/revisions\/5076"}],"wp:featuredmedia":[{"embeddable":true,"href":"https:\/\/igfae.usc.es\/~igfae-old\/gl\/wp-json\/wp\/v2\/media\/5024"}],"wp:attachment":[{"href":"https:\/\/igfae.usc.es\/~igfae-old\/gl\/wp-json\/wp\/v2\/media?parent=5049"}],"wp:term":[{"taxonomy":"category","embeddable":true,"href":"https:\/\/igfae.usc.es\/~igfae-old\/gl\/wp-json\/wp\/v2\/categories?post=5049"},{"taxonomy":"post_tag","embeddable":true,"href":"https:\/\/igfae.usc.es\/~igfae-old\/gl\/wp-json\/wp\/v2\/tags?post=5049"}],"curies":[{"name":"wp","href":"https:\/\/api.w.org\/{rel}","templated":true}]}}