



{"id":4905,"date":"2019-11-15T02:08:12","date_gmt":"2019-11-15T00:08:12","guid":{"rendered":"https:\/\/igfae.usc.es\/~igfae-old\/?p=4905"},"modified":"2021-03-24T15:24:11","modified_gmt":"2021-03-24T13:24:11","slug":"minorias-en-ciencia","status":"publish","type":"post","link":"https:\/\/igfae.usc.es\/~igfae-old\/gl\/minorias-en-ciencia\/","title":{"rendered":"Minor\u00edas en ciencia: conversas sobre igualdade e inclusi\u00f3n entre vi\u00f1os e cervexas"},"content":{"rendered":"<p>Hoxe \u00e1s 20 horas, a f\u00edsica, cineasta e comunicadora \u00c1gnes M\u00f3csy participar\u00e1 nun coloquio coa cidadan\u00eda compostel\u00e1 no bar cultural \u201cO Besbello (R\u00faa de Caldeirer\u00eda, 26), organizado polo\u00a0 IGFAE no marco da s\u00faa II Semana da Ciencia. Nel manter\u00e1 unha conversaci\u00f3n atractiva e respectuosa co p\u00fablico sobre os prexu\u00edzos impl\u00edcitos, a ameaza de identidade e a meritocracia, que facilitar\u00e1 a indagaci\u00f3n e a autoexpresi\u00f3n, ademais da comprensi\u00f3n doutros puntos de vista que poden ser distintos aos nosos.<\/p>\n<p>Como sociedade, esforz\u00e1monos por conseguir unha comunidade onde t\u00f3dalas persoas poidan ter as mesmas oportunidades para desenvolver o seu potencial ao m\u00e1ximo. As distintas vivencias e identidades moldean a nosa experiencia e os motivos polos que algu\u00e9n decide dedicarse \u00e1 f\u00edsica ou a outra profesi\u00f3n. Se somos conscientes dos nosos propios prexu\u00edzos estaremos a dar un paso cara \u00e1 verdadeira igualdade e inclusi\u00f3n.<\/p>\n","protected":false},"excerpt":{"rendered":"<p>Hoxe \u00e1s 20 horas, a f\u00edsica, cineasta e comunicadora \u00c1gnes M\u00f3csy participar\u00e1 nun coloquio coa cidadan\u00eda compostel\u00e1 no bar cultural \u201cO&#8230;<\/p>\n","protected":false},"author":21,"featured_media":4911,"comment_status":"closed","ping_status":"closed","sticky":false,"template":"","format":"standard","meta":{"om_disable_all_campaigns":false,"_monsterinsights_skip_tracking":false,"_monsterinsights_sitenote_active":false,"_monsterinsights_sitenote_note":"","_monsterinsights_sitenote_category":0},"categories":[116,120],"tags":[55],"aioseo_notices":[],"yoast_head":"<!-- This site is optimized with the Yoast SEO plugin v18.4.1 - https:\/\/yoast.com\/wordpress\/plugins\/seo\/ -->\n<title>Minor\u00edas en ciencia: conversas sobre igualdade e inclusi\u00f3n entre vi\u00f1os e cervexas - IGFAE<\/title>\n<meta name=\"robots\" content=\"index, follow, max-snippet:-1, max-image-preview:large, max-video-preview:-1\" \/>\n<link rel=\"canonical\" href=\"https:\/\/igfae.usc.es\/~igfae-old\/gl\/minorias-en-ciencia\/\" \/>\n<meta property=\"og:locale\" content=\"gl_ES\" \/>\n<meta property=\"og:type\" content=\"article\" \/>\n<meta property=\"og:title\" content=\"Minor\u00edas en ciencia: conversas sobre igualdade e inclusi\u00f3n entre vi\u00f1os e cervexas - IGFAE\" \/>\n<meta property=\"og:description\" content=\"Hoxe \u00e1s 20 horas, a f\u00edsica, cineasta e comunicadora \u00c1gnes M\u00f3csy participar\u00e1 nun coloquio coa cidadan\u00eda compostel\u00e1 no bar cultural \u201cO...\" \/>\n<meta property=\"og:url\" content=\"https:\/\/igfae.usc.es\/~igfae-old\/gl\/minorias-en-ciencia\/\" \/>\n<meta property=\"og:site_name\" content=\"IGFAE\" \/>\n<meta property=\"article:published_time\" content=\"2019-11-15T00:08:12+00:00\" \/>\n<meta property=\"article:modified_time\" content=\"2021-03-24T13:24:11+00:00\" \/>\n<meta property=\"og:image\" content=\"https:\/\/igfae.usc.es\/~igfae-old\/wp-content\/uploads\/2019\/11\/Coloquio_-diversidade-na-ciencia-1.png\" \/>\n\t<meta property=\"og:image:width\" content=\"1414\" \/>\n\t<meta property=\"og:image:height\" content=\"2000\" \/>\n\t<meta property=\"og:image:type\" content=\"image\/png\" \/>\n<meta name=\"twitter:card\" content=\"summary_large_image\" \/>\n<meta name=\"twitter:creator\" content=\"@igfae_hep\" \/>\n<meta name=\"twitter:site\" content=\"@igfae_hep\" \/>\n<meta name=\"twitter:label1\" content=\"Escrito por\" \/>\n\t<meta name=\"twitter:data1\" content=\"Elena Mora Cuesta\" \/>\n\t<meta name=\"twitter:label2\" content=\"Tempo de lectura\" \/>\n\t<meta name=\"twitter:data2\" content=\"1 minuto\" \/>\n<script type=\"application\/ld+json\" class=\"yoast-schema-graph\">{\"@context\":\"https:\/\/schema.org\",\"@graph\":[{\"@type\":\"WebSite\",\"@id\":\"https:\/\/igfae.usc.es\/~igfae-old\/#website\",\"url\":\"https:\/\/igfae.usc.es\/~igfae-old\/\",\"name\":\"IGFAE\",\"description\":\"Instituto Galego de F\u00edsica de Altas Enerx\u00edas\",\"potentialAction\":[{\"@type\":\"SearchAction\",\"target\":{\"@type\":\"EntryPoint\",\"urlTemplate\":\"https:\/\/igfae.usc.es\/~igfae-old\/?s={search_term_string}\"},\"query-input\":\"required name=search_term_string\"}],\"inLanguage\":\"gl-ES\"},{\"@type\":\"ImageObject\",\"@id\":\"https:\/\/igfae.usc.es\/~igfae-old\/gl\/minorias-en-ciencia\/#primaryimage\",\"inLanguage\":\"gl-ES\",\"url\":\"https:\/\/igfae.usc.es\/~igfae-old\/wp-content\/uploads\/2019\/11\/Coloquio_-diversidade-na-ciencia-1.png\",\"contentUrl\":\"https:\/\/igfae.usc.es\/~igfae-old\/wp-content\/uploads\/2019\/11\/Coloquio_-diversidade-na-ciencia-1.png\",\"width\":1414,\"height\":2000},{\"@type\":\"WebPage\",\"@id\":\"https:\/\/igfae.usc.es\/~igfae-old\/gl\/minorias-en-ciencia\/#webpage\",\"url\":\"https:\/\/igfae.usc.es\/~igfae-old\/gl\/minorias-en-ciencia\/\",\"name\":\"Minor\u00edas en ciencia: conversas sobre igualdade e inclusi\u00f3n entre vi\u00f1os e cervexas - IGFAE\",\"isPartOf\":{\"@id\":\"https:\/\/igfae.usc.es\/~igfae-old\/#website\"},\"primaryImageOfPage\":{\"@id\":\"https:\/\/igfae.usc.es\/~igfae-old\/gl\/minorias-en-ciencia\/#primaryimage\"},\"datePublished\":\"2019-11-15T00:08:12+00:00\",\"dateModified\":\"2021-03-24T13:24:11+00:00\",\"author\":{\"@id\":\"https:\/\/igfae.usc.es\/~igfae-old\/#\/schema\/person\/840f8ffb14ad0885a9e3d067fb261c00\"},\"breadcrumb\":{\"@id\":\"https:\/\/igfae.usc.es\/~igfae-old\/gl\/minorias-en-ciencia\/#breadcrumb\"},\"inLanguage\":\"gl-ES\",\"potentialAction\":[{\"@type\":\"ReadAction\",\"target\":[\"https:\/\/igfae.usc.es\/~igfae-old\/gl\/minorias-en-ciencia\/\"]}]},{\"@type\":\"BreadcrumbList\",\"@id\":\"https:\/\/igfae.usc.es\/~igfae-old\/gl\/minorias-en-ciencia\/#breadcrumb\",\"itemListElement\":[{\"@type\":\"ListItem\",\"position\":1,\"name\":\"Home\",\"item\":\"https:\/\/igfae.usc.es\/~igfae-old\/gl\/\"},{\"@type\":\"ListItem\",\"position\":2,\"name\":\"Minor\u00edas en ciencia: conversas sobre igualdade e inclusi\u00f3n entre vi\u00f1os e cervexas\"}]},{\"@type\":\"Person\",\"@id\":\"https:\/\/igfae.usc.es\/~igfae-old\/#\/schema\/person\/840f8ffb14ad0885a9e3d067fb261c00\",\"name\":\"Elena Mora Cuesta\",\"url\":\"https:\/\/igfae.usc.es\/~igfae-old\/gl\/author\/elena-mora-cuesta\/\"}]}<\/script>\n<!-- \/ Yoast SEO plugin. -->","yoast_head_json":{"title":"Minor\u00edas en ciencia: conversas sobre igualdade e inclusi\u00f3n entre vi\u00f1os e cervexas - IGFAE","robots":{"index":"index","follow":"follow","max-snippet":"max-snippet:-1","max-image-preview":"max-image-preview:large","max-video-preview":"max-video-preview:-1"},"canonical":"https:\/\/igfae.usc.es\/~igfae-old\/gl\/minorias-en-ciencia\/","og_locale":"gl_ES","og_type":"article","og_title":"Minor\u00edas en ciencia: conversas sobre igualdade e inclusi\u00f3n entre vi\u00f1os e cervexas - IGFAE","og_description":"Hoxe \u00e1s 20 horas, a f\u00edsica, cineasta e comunicadora \u00c1gnes M\u00f3csy participar\u00e1 nun coloquio coa cidadan\u00eda compostel\u00e1 no bar cultural \u201cO...","og_url":"https:\/\/igfae.usc.es\/~igfae-old\/gl\/minorias-en-ciencia\/","og_site_name":"IGFAE","article_published_time":"2019-11-15T00:08:12+00:00","article_modified_time":"2021-03-24T13:24:11+00:00","og_image":[{"width":1414,"height":2000,"url":"https:\/\/igfae.usc.es\/~igfae-old\/wp-content\/uploads\/2019\/11\/Coloquio_-diversidade-na-ciencia-1.png","type":"image\/png"}],"twitter_card":"summary_large_image","twitter_creator":"@igfae_hep","twitter_site":"@igfae_hep","twitter_misc":{"Escrito por":"Elena Mora Cuesta","Tempo de lectura":"1 minuto"},"schema":{"@context":"https:\/\/schema.org","@graph":[{"@type":"WebSite","@id":"https:\/\/igfae.usc.es\/~igfae-old\/#website","url":"https:\/\/igfae.usc.es\/~igfae-old\/","name":"IGFAE","description":"Instituto Galego de F\u00edsica de Altas Enerx\u00edas","potentialAction":[{"@type":"SearchAction","target":{"@type":"EntryPoint","urlTemplate":"https:\/\/igfae.usc.es\/~igfae-old\/?s={search_term_string}"},"query-input":"required name=search_term_string"}],"inLanguage":"gl-ES"},{"@type":"ImageObject","@id":"https:\/\/igfae.usc.es\/~igfae-old\/gl\/minorias-en-ciencia\/#primaryimage","inLanguage":"gl-ES","url":"https:\/\/igfae.usc.es\/~igfae-old\/wp-content\/uploads\/2019\/11\/Coloquio_-diversidade-na-ciencia-1.png","contentUrl":"https:\/\/igfae.usc.es\/~igfae-old\/wp-content\/uploads\/2019\/11\/Coloquio_-diversidade-na-ciencia-1.png","width":1414,"height":2000},{"@type":"WebPage","@id":"https:\/\/igfae.usc.es\/~igfae-old\/gl\/minorias-en-ciencia\/#webpage","url":"https:\/\/igfae.usc.es\/~igfae-old\/gl\/minorias-en-ciencia\/","name":"Minor\u00edas en ciencia: conversas sobre igualdade e inclusi\u00f3n entre vi\u00f1os e cervexas - IGFAE","isPartOf":{"@id":"https:\/\/igfae.usc.es\/~igfae-old\/#website"},"primaryImageOfPage":{"@id":"https:\/\/igfae.usc.es\/~igfae-old\/gl\/minorias-en-ciencia\/#primaryimage"},"datePublished":"2019-11-15T00:08:12+00:00","dateModified":"2021-03-24T13:24:11+00:00","author":{"@id":"https:\/\/igfae.usc.es\/~igfae-old\/#\/schema\/person\/840f8ffb14ad0885a9e3d067fb261c00"},"breadcrumb":{"@id":"https:\/\/igfae.usc.es\/~igfae-old\/gl\/minorias-en-ciencia\/#breadcrumb"},"inLanguage":"gl-ES","potentialAction":[{"@type":"ReadAction","target":["https:\/\/igfae.usc.es\/~igfae-old\/gl\/minorias-en-ciencia\/"]}]},{"@type":"BreadcrumbList","@id":"https:\/\/igfae.usc.es\/~igfae-old\/gl\/minorias-en-ciencia\/#breadcrumb","itemListElement":[{"@type":"ListItem","position":1,"name":"Home","item":"https:\/\/igfae.usc.es\/~igfae-old\/gl\/"},{"@type":"ListItem","position":2,"name":"Minor\u00edas en ciencia: conversas sobre igualdade e inclusi\u00f3n entre vi\u00f1os e cervexas"}]},{"@type":"Person","@id":"https:\/\/igfae.usc.es\/~igfae-old\/#\/schema\/person\/840f8ffb14ad0885a9e3d067fb261c00","name":"Elena Mora Cuesta","url":"https:\/\/igfae.usc.es\/~igfae-old\/gl\/author\/elena-mora-cuesta\/"}]}},"_links":{"self":[{"href":"https:\/\/igfae.usc.es\/~igfae-old\/gl\/wp-json\/wp\/v2\/posts\/4905"}],"collection":[{"href":"https:\/\/igfae.usc.es\/~igfae-old\/gl\/wp-json\/wp\/v2\/posts"}],"about":[{"href":"https:\/\/igfae.usc.es\/~igfae-old\/gl\/wp-json\/wp\/v2\/types\/post"}],"author":[{"embeddable":true,"href":"https:\/\/igfae.usc.es\/~igfae-old\/gl\/wp-json\/wp\/v2\/users\/21"}],"replies":[{"embeddable":true,"href":"https:\/\/igfae.usc.es\/~igfae-old\/gl\/wp-json\/wp\/v2\/comments?post=4905"}],"version-history":[{"count":1,"href":"https:\/\/igfae.usc.es\/~igfae-old\/gl\/wp-json\/wp\/v2\/posts\/4905\/revisions"}],"predecessor-version":[{"id":4907,"href":"https:\/\/igfae.usc.es\/~igfae-old\/gl\/wp-json\/wp\/v2\/posts\/4905\/revisions\/4907"}],"wp:featuredmedia":[{"embeddable":true,"href":"https:\/\/igfae.usc.es\/~igfae-old\/gl\/wp-json\/wp\/v2\/media\/4911"}],"wp:attachment":[{"href":"https:\/\/igfae.usc.es\/~igfae-old\/gl\/wp-json\/wp\/v2\/media?parent=4905"}],"wp:term":[{"taxonomy":"category","embeddable":true,"href":"https:\/\/igfae.usc.es\/~igfae-old\/gl\/wp-json\/wp\/v2\/categories?post=4905"},{"taxonomy":"post_tag","embeddable":true,"href":"https:\/\/igfae.usc.es\/~igfae-old\/gl\/wp-json\/wp\/v2\/tags?post=4905"}],"curies":[{"name":"wp","href":"https:\/\/api.w.org\/{rel}","templated":true}]}}