



{"id":4744,"date":"2019-10-04T13:20:12","date_gmt":"2019-10-04T11:20:12","guid":{"rendered":"https:\/\/igfae.usc.es\/centrosingular\/jose-edelstein-gana-o-prismas-2019-ao-mellor-libro-de-divulgacion-cientifica\/"},"modified":"2021-03-24T15:24:42","modified_gmt":"2021-03-24T13:24:42","slug":"jose-edelstein-gana-o-prismas-2019-ao-mellor-libro-de-divulgacion-cientifica","status":"publish","type":"post","link":"https:\/\/igfae.usc.es\/~igfae-old\/gl\/jose-edelstein-gana-o-prismas-2019-ao-mellor-libro-de-divulgacion-cientifica\/","title":{"rendered":"Jos\u00e9 Edelstein ga\u00f1a o &#8220;Prismas 2019&#8221; ao mellor libro de divulgaci\u00f3n cient\u00edfica"},"content":{"rendered":"<p>O investigador do IGFAE e profesor da USC Jos\u00e9 Edelstein foi galardoado co premio m\u00e1is prestixioso en cultura cient\u00edfica de Espa\u00f1a, o <strong><a href=\"http:\/\/www.coruna.gal\/mc2\/es\/detalle\/fallo-del-premio-prismas-a-la-divulgacion-2019\/suceso\/1453706979244\">&#8220;Prismas 2019&#8221;<\/a><\/strong> ao <strong>mellor libro de divulgaci\u00f3n<\/strong>, pola s\u00faa obra <strong>\u201cEinstein para perplejos\u201d<\/strong>. Escrito xunto ao f\u00edsico chileno Andr\u00e9s Gomberoff, o xurado desta XXXII edici\u00f3n destacou que a obra \u201cpresenta un tema xa tratado profusamente desde unha perspectiva orixinal\u201d.<\/p>\n<p>Segundo os autores, <strong>Albert Einstein<\/strong> \u00e9 un modelo universal dae intelixencia, humanidade e imaxinaci\u00f3n, pero a s\u00faa obra permaneceu distante para o p\u00fablico xeral. Con \u201cEinstein para perplejos\u201d, buscan reverter esta situaci\u00f3n. Para iso abordan o contexto hist\u00f3rico e intelectual no que se orixinaron as ideas de Einstein e tam\u00e9n o legado que deixou tras a s\u00faa morte, mostrando no seu tempo e no actual a un cient\u00edfico que, entre outras cousas, predixo fai cen anos a existencia de <strong>ondas gravitacionais<\/strong> que recentemente revolucionaron \u00e1 astronom\u00eda.<\/p>\n<p>\u201cEstou feliz co premio recibido por un libro tan significativo para min. A importancia dun premio def\u00ednese polo seu palmar\u00e9s, e o dos Prismas \u00e9 extraordinario: Stephen Jay Gould,  Jared Diamond, Edward O. Wilson, Richard Dawkins, entre tanta outra xente \u00e1 que admiro. Non podo estar m\u00e1is encantado.\u201d<\/p>\n<p>O labor divulgativo de Jos\u00e9 Edelstein foi galardoada en varias concursos nacionais e internacionais, entre os que destacan o premio \u201cRa\u00edces\u201d do Ministerio de Ciencia e Tecnolox\u00eda de Arxentina en 2018, o premio de Divulgaci\u00f3n Cient\u00edfica do Centro Espa\u00f1ol de F\u00edsica de Part\u00edculas, Astropart\u00edculas e Nuclear (CPAN) en 2010, 2011, 2013, 2015 e 2016, o Premio de Comunicaci\u00f3n Cient\u00edfica da Fundaci\u00f3n Espa\u00f1ola para a Ciencia e a Tecnolox\u00eda (FECYT) en 2012 e diversas menci\u00f3ns de honra no Concurso Internacional Ciencia en Acci\u00f3n.<\/p>\n<p>O xurado decidiu outorgar os &#8220;Prismas 2019&#8221; despois das reuni\u00f3ns celebradas durante o 28 e 29 de setembro. Foi presidido polo investigador do CSIC Lluis Montoliu, e contou coa profesora titular da Universidade da Coru\u00f1a Esther Rodr\u00edguez Belmonte, a responsable de  eLearning no Centro de Supercomputaci\u00f3n de Galicia Mar\u00eda Jos\u00e9 Rodr\u00edguez Malmierca, o xornalista cient\u00edfico en Materia Javier Salas Quesada, a investigadora e comunicadora cient\u00edfica Marta Palomo de Udaeta, e o responsable da unidade Fomento da cultura cient\u00edfica da FECYT C\u00e9sar L\u00f3pez Garc\u00eda. O xefe de servizo dos Museos Cient\u00edficos Coru\u00f1eses Marcos P\u00e9rez Maldonado actuou como secretario.<\/p>\n<p>Os Prismas Casa das Ciencias \u00e1 Divulgaci\u00f3n son unha iniciativa dos Museos Cient\u00edficos Coru\u00f1eses (Concello da Coru\u00f1a) para premiar a difusi\u00f3n da cultura cient\u00edfica, e para apoiar a todos os profesionais que traballan neste campo.<\/p>\n","protected":false},"excerpt":{"rendered":"<p>O investigador do IGFAE e profesor da USC Jos\u00e9 Edelstein foi galardoado co premio m\u00e1is prestixioso en cultura cient\u00edfica de Espa\u00f1a,&#8230;<\/p>\n","protected":false},"author":21,"featured_media":4668,"comment_status":"closed","ping_status":"closed","sticky":false,"template":"","format":"standard","meta":{"om_disable_all_campaigns":false,"_monsterinsights_skip_tracking":false,"_monsterinsights_sitenote_active":false,"_monsterinsights_sitenote_note":"","_monsterinsights_sitenote_category":0},"categories":[118,116],"tags":[],"aioseo_notices":[],"yoast_head":"<!-- This site is optimized with the Yoast SEO plugin v18.4.1 - https:\/\/yoast.com\/wordpress\/plugins\/seo\/ -->\n<title>Jos\u00e9 Edelstein ga\u00f1a o &quot;Prismas 2019&quot; ao mellor libro de divulgaci\u00f3n cient\u00edfica - IGFAE<\/title>\n<meta name=\"robots\" content=\"index, follow, max-snippet:-1, max-image-preview:large, max-video-preview:-1\" \/>\n<link rel=\"canonical\" href=\"https:\/\/igfae.usc.es\/~igfae-old\/gl\/jose-edelstein-gana-o-prismas-2019-ao-mellor-libro-de-divulgacion-cientifica\/\" \/>\n<meta property=\"og:locale\" content=\"gl_ES\" \/>\n<meta property=\"og:type\" content=\"article\" \/>\n<meta property=\"og:title\" content=\"Jos\u00e9 Edelstein ga\u00f1a o &quot;Prismas 2019&quot; ao mellor libro de divulgaci\u00f3n cient\u00edfica - IGFAE\" \/>\n<meta property=\"og:description\" content=\"O investigador do IGFAE e profesor da USC Jos\u00e9 Edelstein foi galardoado co premio m\u00e1is prestixioso en cultura cient\u00edfica de Espa\u00f1a,...\" \/>\n<meta property=\"og:url\" content=\"https:\/\/igfae.usc.es\/~igfae-old\/gl\/jose-edelstein-gana-o-prismas-2019-ao-mellor-libro-de-divulgacion-cientifica\/\" \/>\n<meta property=\"og:site_name\" content=\"IGFAE\" \/>\n<meta property=\"article:published_time\" content=\"2019-10-04T11:20:12+00:00\" \/>\n<meta property=\"article:modified_time\" content=\"2021-03-24T13:24:42+00:00\" \/>\n<meta property=\"og:image\" content=\"https:\/\/igfae.usc.es\/~igfae-old\/wp-content\/uploads\/2019\/10\/Prismas2019_2-2.jpg\" \/>\n\t<meta property=\"og:image:width\" content=\"860\" \/>\n\t<meta property=\"og:image:height\" content=\"484\" \/>\n\t<meta property=\"og:image:type\" content=\"image\/jpeg\" \/>\n<meta name=\"twitter:card\" content=\"summary_large_image\" \/>\n<meta name=\"twitter:creator\" content=\"@igfae_hep\" \/>\n<meta name=\"twitter:site\" content=\"@igfae_hep\" \/>\n<meta name=\"twitter:label1\" content=\"Escrito por\" \/>\n\t<meta name=\"twitter:data1\" content=\"Elena Mora Cuesta\" \/>\n\t<meta name=\"twitter:label2\" content=\"Tempo de lectura\" \/>\n\t<meta name=\"twitter:data2\" content=\"2 minutos\" \/>\n<script type=\"application\/ld+json\" class=\"yoast-schema-graph\">{\"@context\":\"https:\/\/schema.org\",\"@graph\":[{\"@type\":\"WebSite\",\"@id\":\"https:\/\/igfae.usc.es\/~igfae-old\/#website\",\"url\":\"https:\/\/igfae.usc.es\/~igfae-old\/\",\"name\":\"IGFAE\",\"description\":\"Instituto Galego de F\u00edsica de Altas Enerx\u00edas\",\"potentialAction\":[{\"@type\":\"SearchAction\",\"target\":{\"@type\":\"EntryPoint\",\"urlTemplate\":\"https:\/\/igfae.usc.es\/~igfae-old\/?s={search_term_string}\"},\"query-input\":\"required name=search_term_string\"}],\"inLanguage\":\"gl-ES\"},{\"@type\":\"ImageObject\",\"@id\":\"https:\/\/igfae.usc.es\/~igfae-old\/gl\/jose-edelstein-gana-o-prismas-2019-ao-mellor-libro-de-divulgacion-cientifica\/#primaryimage\",\"inLanguage\":\"gl-ES\",\"url\":\"https:\/\/igfae.usc.es\/~igfae-old\/wp-content\/uploads\/2019\/10\/Prismas2019_2-2.jpg\",\"contentUrl\":\"https:\/\/igfae.usc.es\/~igfae-old\/wp-content\/uploads\/2019\/10\/Prismas2019_2-2.jpg\",\"width\":860,\"height\":484},{\"@type\":\"WebPage\",\"@id\":\"https:\/\/igfae.usc.es\/~igfae-old\/gl\/jose-edelstein-gana-o-prismas-2019-ao-mellor-libro-de-divulgacion-cientifica\/#webpage\",\"url\":\"https:\/\/igfae.usc.es\/~igfae-old\/gl\/jose-edelstein-gana-o-prismas-2019-ao-mellor-libro-de-divulgacion-cientifica\/\",\"name\":\"Jos\u00e9 Edelstein ga\u00f1a o \\\"Prismas 2019\\\" ao mellor libro de divulgaci\u00f3n cient\u00edfica - IGFAE\",\"isPartOf\":{\"@id\":\"https:\/\/igfae.usc.es\/~igfae-old\/#website\"},\"primaryImageOfPage\":{\"@id\":\"https:\/\/igfae.usc.es\/~igfae-old\/gl\/jose-edelstein-gana-o-prismas-2019-ao-mellor-libro-de-divulgacion-cientifica\/#primaryimage\"},\"datePublished\":\"2019-10-04T11:20:12+00:00\",\"dateModified\":\"2021-03-24T13:24:42+00:00\",\"author\":{\"@id\":\"https:\/\/igfae.usc.es\/~igfae-old\/#\/schema\/person\/840f8ffb14ad0885a9e3d067fb261c00\"},\"breadcrumb\":{\"@id\":\"https:\/\/igfae.usc.es\/~igfae-old\/gl\/jose-edelstein-gana-o-prismas-2019-ao-mellor-libro-de-divulgacion-cientifica\/#breadcrumb\"},\"inLanguage\":\"gl-ES\",\"potentialAction\":[{\"@type\":\"ReadAction\",\"target\":[\"https:\/\/igfae.usc.es\/~igfae-old\/gl\/jose-edelstein-gana-o-prismas-2019-ao-mellor-libro-de-divulgacion-cientifica\/\"]}]},{\"@type\":\"BreadcrumbList\",\"@id\":\"https:\/\/igfae.usc.es\/~igfae-old\/gl\/jose-edelstein-gana-o-prismas-2019-ao-mellor-libro-de-divulgacion-cientifica\/#breadcrumb\",\"itemListElement\":[{\"@type\":\"ListItem\",\"position\":1,\"name\":\"Home\",\"item\":\"https:\/\/igfae.usc.es\/~igfae-old\/gl\/\"},{\"@type\":\"ListItem\",\"position\":2,\"name\":\"Jos\u00e9 Edelstein ga\u00f1a o &#8220;Prismas 2019&#8221; ao mellor libro de divulgaci\u00f3n cient\u00edfica\"}]},{\"@type\":\"Person\",\"@id\":\"https:\/\/igfae.usc.es\/~igfae-old\/#\/schema\/person\/840f8ffb14ad0885a9e3d067fb261c00\",\"name\":\"Elena Mora Cuesta\",\"url\":\"https:\/\/igfae.usc.es\/~igfae-old\/gl\/author\/elena-mora-cuesta\/\"}]}<\/script>\n<!-- \/ Yoast SEO plugin. -->","yoast_head_json":{"title":"Jos\u00e9 Edelstein ga\u00f1a o \"Prismas 2019\" ao mellor libro de divulgaci\u00f3n cient\u00edfica - IGFAE","robots":{"index":"index","follow":"follow","max-snippet":"max-snippet:-1","max-image-preview":"max-image-preview:large","max-video-preview":"max-video-preview:-1"},"canonical":"https:\/\/igfae.usc.es\/~igfae-old\/gl\/jose-edelstein-gana-o-prismas-2019-ao-mellor-libro-de-divulgacion-cientifica\/","og_locale":"gl_ES","og_type":"article","og_title":"Jos\u00e9 Edelstein ga\u00f1a o \"Prismas 2019\" ao mellor libro de divulgaci\u00f3n cient\u00edfica - IGFAE","og_description":"O investigador do IGFAE e profesor da USC Jos\u00e9 Edelstein foi galardoado co premio m\u00e1is prestixioso en cultura cient\u00edfica de Espa\u00f1a,...","og_url":"https:\/\/igfae.usc.es\/~igfae-old\/gl\/jose-edelstein-gana-o-prismas-2019-ao-mellor-libro-de-divulgacion-cientifica\/","og_site_name":"IGFAE","article_published_time":"2019-10-04T11:20:12+00:00","article_modified_time":"2021-03-24T13:24:42+00:00","og_image":[{"width":860,"height":484,"url":"https:\/\/igfae.usc.es\/~igfae-old\/wp-content\/uploads\/2019\/10\/Prismas2019_2-2.jpg","type":"image\/jpeg"}],"twitter_card":"summary_large_image","twitter_creator":"@igfae_hep","twitter_site":"@igfae_hep","twitter_misc":{"Escrito por":"Elena Mora Cuesta","Tempo de lectura":"2 minutos"},"schema":{"@context":"https:\/\/schema.org","@graph":[{"@type":"WebSite","@id":"https:\/\/igfae.usc.es\/~igfae-old\/#website","url":"https:\/\/igfae.usc.es\/~igfae-old\/","name":"IGFAE","description":"Instituto Galego de F\u00edsica de Altas Enerx\u00edas","potentialAction":[{"@type":"SearchAction","target":{"@type":"EntryPoint","urlTemplate":"https:\/\/igfae.usc.es\/~igfae-old\/?s={search_term_string}"},"query-input":"required name=search_term_string"}],"inLanguage":"gl-ES"},{"@type":"ImageObject","@id":"https:\/\/igfae.usc.es\/~igfae-old\/gl\/jose-edelstein-gana-o-prismas-2019-ao-mellor-libro-de-divulgacion-cientifica\/#primaryimage","inLanguage":"gl-ES","url":"https:\/\/igfae.usc.es\/~igfae-old\/wp-content\/uploads\/2019\/10\/Prismas2019_2-2.jpg","contentUrl":"https:\/\/igfae.usc.es\/~igfae-old\/wp-content\/uploads\/2019\/10\/Prismas2019_2-2.jpg","width":860,"height":484},{"@type":"WebPage","@id":"https:\/\/igfae.usc.es\/~igfae-old\/gl\/jose-edelstein-gana-o-prismas-2019-ao-mellor-libro-de-divulgacion-cientifica\/#webpage","url":"https:\/\/igfae.usc.es\/~igfae-old\/gl\/jose-edelstein-gana-o-prismas-2019-ao-mellor-libro-de-divulgacion-cientifica\/","name":"Jos\u00e9 Edelstein ga\u00f1a o \"Prismas 2019\" ao mellor libro de divulgaci\u00f3n cient\u00edfica - IGFAE","isPartOf":{"@id":"https:\/\/igfae.usc.es\/~igfae-old\/#website"},"primaryImageOfPage":{"@id":"https:\/\/igfae.usc.es\/~igfae-old\/gl\/jose-edelstein-gana-o-prismas-2019-ao-mellor-libro-de-divulgacion-cientifica\/#primaryimage"},"datePublished":"2019-10-04T11:20:12+00:00","dateModified":"2021-03-24T13:24:42+00:00","author":{"@id":"https:\/\/igfae.usc.es\/~igfae-old\/#\/schema\/person\/840f8ffb14ad0885a9e3d067fb261c00"},"breadcrumb":{"@id":"https:\/\/igfae.usc.es\/~igfae-old\/gl\/jose-edelstein-gana-o-prismas-2019-ao-mellor-libro-de-divulgacion-cientifica\/#breadcrumb"},"inLanguage":"gl-ES","potentialAction":[{"@type":"ReadAction","target":["https:\/\/igfae.usc.es\/~igfae-old\/gl\/jose-edelstein-gana-o-prismas-2019-ao-mellor-libro-de-divulgacion-cientifica\/"]}]},{"@type":"BreadcrumbList","@id":"https:\/\/igfae.usc.es\/~igfae-old\/gl\/jose-edelstein-gana-o-prismas-2019-ao-mellor-libro-de-divulgacion-cientifica\/#breadcrumb","itemListElement":[{"@type":"ListItem","position":1,"name":"Home","item":"https:\/\/igfae.usc.es\/~igfae-old\/gl\/"},{"@type":"ListItem","position":2,"name":"Jos\u00e9 Edelstein ga\u00f1a o &#8220;Prismas 2019&#8221; ao mellor libro de divulgaci\u00f3n cient\u00edfica"}]},{"@type":"Person","@id":"https:\/\/igfae.usc.es\/~igfae-old\/#\/schema\/person\/840f8ffb14ad0885a9e3d067fb261c00","name":"Elena Mora Cuesta","url":"https:\/\/igfae.usc.es\/~igfae-old\/gl\/author\/elena-mora-cuesta\/"}]}},"_links":{"self":[{"href":"https:\/\/igfae.usc.es\/~igfae-old\/gl\/wp-json\/wp\/v2\/posts\/4744"}],"collection":[{"href":"https:\/\/igfae.usc.es\/~igfae-old\/gl\/wp-json\/wp\/v2\/posts"}],"about":[{"href":"https:\/\/igfae.usc.es\/~igfae-old\/gl\/wp-json\/wp\/v2\/types\/post"}],"author":[{"embeddable":true,"href":"https:\/\/igfae.usc.es\/~igfae-old\/gl\/wp-json\/wp\/v2\/users\/21"}],"replies":[{"embeddable":true,"href":"https:\/\/igfae.usc.es\/~igfae-old\/gl\/wp-json\/wp\/v2\/comments?post=4744"}],"version-history":[{"count":1,"href":"https:\/\/igfae.usc.es\/~igfae-old\/gl\/wp-json\/wp\/v2\/posts\/4744\/revisions"}],"predecessor-version":[{"id":4754,"href":"https:\/\/igfae.usc.es\/~igfae-old\/gl\/wp-json\/wp\/v2\/posts\/4744\/revisions\/4754"}],"wp:featuredmedia":[{"embeddable":true,"href":"https:\/\/igfae.usc.es\/~igfae-old\/gl\/wp-json\/wp\/v2\/media\/4668"}],"wp:attachment":[{"href":"https:\/\/igfae.usc.es\/~igfae-old\/gl\/wp-json\/wp\/v2\/media?parent=4744"}],"wp:term":[{"taxonomy":"category","embeddable":true,"href":"https:\/\/igfae.usc.es\/~igfae-old\/gl\/wp-json\/wp\/v2\/categories?post=4744"},{"taxonomy":"post_tag","embeddable":true,"href":"https:\/\/igfae.usc.es\/~igfae-old\/gl\/wp-json\/wp\/v2\/tags?post=4744"}],"curies":[{"name":"wp","href":"https:\/\/api.w.org\/{rel}","templated":true}]}}