



{"id":3351,"date":"2019-07-03T12:03:12","date_gmt":"2019-07-03T10:03:12","guid":{"rendered":"https:\/\/igfae.usc.es\/centrosingular\/carlos-salgado-premio-lois-pena-novo-2019\/"},"modified":"2021-03-24T15:22:22","modified_gmt":"2021-03-24T13:22:22","slug":"carlos-salgado-premio-lois-pena-novo-2019","status":"publish","type":"post","link":"https:\/\/igfae.usc.es\/~igfae-old\/gl\/carlos-salgado-premio-lois-pena-novo-2019\/","title":{"rendered":"Carlos Salgado, Premio Lois Pe\u00f1a Novo 2019"},"content":{"rendered":"<p><b><span data-contrast=\"auto\">O director do Instituto\u00a0 Galego de F\u00edsica de Altas\u00a0 Enerx\u00edas (IGFAE) e profesor da Universidade de Santiago (USC) recibiu o 27 de xu\u00f1o este galard\u00f3n en reco\u00f1ecemento ao seu compromiso permanente coa lingua galega na s\u00faa actividade investigadora e docente.<\/span><\/b><span data-ccp-props=\"{&quot;201341983&quot;:0,&quot;335551550&quot;:6,&quot;335551620&quot;:6,&quot;335559739&quot;:160,&quot;335559740&quot;:259}\">\u00a0<\/span><\/p>\n<p><span data-contrast=\"auto\">A\u00a0<\/span><a href=\"http:\/\/www.galeguizargalicia.com\/?partner=2\"><span data-contrast=\"none\">Fundaci\u00f3n Lois Pe\u00f1a Novo<\/span><\/a><span data-contrast=\"auto\">\u00a0<\/span><span data-contrast=\"auto\">entregou o pasado 27 de xu\u00f1o en So<\/span><span data-contrast=\"auto\">u<\/span><span data-contrast=\"auto\">t<\/span><span data-contrast=\"auto\">o<\/span><span data-contrast=\"auto\">ma<\/span><span data-contrast=\"auto\">i<\/span><span data-contrast=\"auto\">or os galard\u00f3ns que reco\u00f1ecen, desde hai 25 anos, a traxectoria vital e profesional de persoas que empregan o galego na contorna das administraci\u00f3ns p\u00fablicas. Nesta edici\u00f3n, o director do IGFAE e profesor da USC Carlos Salgado recibiu o Premio Lois Pe<\/span><span data-contrast=\"auto\">\u00f1<\/span><span data-contrast=\"auto\">a Novo 2019 pola s\u00faa coherencia, entrega e compromiso co<\/span><span data-contrast=\"auto\">a<\/span><span data-contrast=\"auto\">\u00a0lingua<\/span><span data-contrast=\"auto\">\u00a0galega<\/span><span data-contrast=\"auto\">\u00a0na s\u00faa\u00a0<\/span><span data-contrast=\"auto\">actividade<\/span><span data-contrast=\"auto\">\u00a0docente, altamente especializada, que o sit\u00faan entre os mellores cient\u00edficos no seu campo nacional e internacionalmente. Tam\u00e9n foron premiados o Profesor Em\u00e9rito da USC Manuel Bermejo Patino e a Maxistrada Paz Filgueira Paz.<\/span><span data-ccp-props=\"{&quot;201341983&quot;:0,&quot;335551550&quot;:6,&quot;335551620&quot;:6,&quot;335559739&quot;:160,&quot;335559740&quot;:259}\">\u00a0<\/span><\/p>\n<p><a href=\"https:\/\/igfae.usc.es\/~igfae-old\/gl\/carlos-salgado-premio-lois-pena-novo-2019\/pio5895-2\/\" rel=\"attachment wp-att-3342\"><img loading=\"lazy\" class=\"alignnone size-full wp-image-3342\" src=\"https:\/\/igfae.usc.es\/~igfae-old\/wp-content\/uploads\/2019\/07\/PIO5895.jpg\" alt=\"\" width=\"1300\" height=\"868\" srcset=\"https:\/\/igfae.usc.es\/~igfae-old\/wp-content\/uploads\/2019\/07\/PIO5895.jpg 1300w, https:\/\/igfae.usc.es\/~igfae-old\/wp-content\/uploads\/2019\/07\/PIO5895-300x200.jpg 300w, https:\/\/igfae.usc.es\/~igfae-old\/wp-content\/uploads\/2019\/07\/PIO5895-768x513.jpg 768w, https:\/\/igfae.usc.es\/~igfae-old\/wp-content\/uploads\/2019\/07\/PIO5895-1024x684.jpg 1024w, https:\/\/igfae.usc.es\/~igfae-old\/wp-content\/uploads\/2019\/07\/PIO5895-600x400.jpg 600w\" sizes=\"(max-width: 1300px) 100vw, 1300px\" \/><\/a><\/p>\n<p><span data-contrast=\"auto\">O acto estivo presidido pola presidenta da Deputaci\u00f3n Provincial de Pontevedra, Carmela Silva Rego; o director xeral de Pol\u00edticas Culturais\u00a0<\/span><span data-contrast=\"auto\">da<\/span><span data-contrast=\"auto\">\u00a0Xunta de Galicia, Anxo Lorenzo; a presidenta do Consello da Cultura Galega, Rosario \u00c1lvarez; o alcalde de So<\/span><span data-contrast=\"auto\">u<\/span><span data-contrast=\"auto\">toma<\/span><span data-contrast=\"auto\">i<\/span><span data-contrast=\"auto\">or, Agust\u00edn Reguera Ocampo; o presidente da Fundaci\u00f3n Lois Pe<\/span><span data-contrast=\"auto\">\u00f1a\u00a0<\/span><span data-contrast=\"auto\">Novo, Xos\u00e9 Gonz\u00e1lez Mart\u00ednez; e a catedr\u00e1tica de Dereito da USC, Alba Nogueira.<\/span><span data-ccp-props=\"{&quot;201341983&quot;:0,&quot;335551550&quot;:6,&quot;335551620&quot;:6,&quot;335559739&quot;:160,&quot;335559740&quot;:259}\">\u00a0<\/span><\/p>\n<p><span data-contrast=\"auto\">Tras os discursos de agradecemento, o subdirector do IGFAE Abraham Gallas recolleu o premio en nome de Carlos Salgado, ausente por atoparse no Comit\u00e9 Asesor Internacional do congreso\u00a0<\/span><a href=\"https:\/\/www.bnl.gov\/is2019\/index.php\"><i><span data-contrast=\"none\">Initial Stages 2019<\/span><\/i><\/a><span data-contrast=\"auto\">, en Nova York (EE. UU). No seu discurso, explicou que este era un premio \u00e1 normalidade e \u00e1\u00a0 visibilizaci\u00f3n de que se pode ser cient\u00edfico sen renunciar a ser galego fora do \u00e1mbito persoal e familiar. As\u00ed mesmo, destacou que para que o IGFAE\u00a0<\/span><span data-contrast=\"auto\">se\u00a0<\/span><span data-contrast=\"auto\">posici<\/span><span data-contrast=\"auto\">o<\/span><span data-contrast=\"auto\">ne como un referente internacional en F\u00edsica de Part\u00edculas facendo ciencia punteira, obxectivo principal do instituto, debe darse a co\u00f1ecer na s\u00faa contorna m\u00e1is pr\u00f3xima. Por iso, finalizou lembrando a importancia destas distinci\u00f3ns para po\u00f1er en valor o \u00e1mbito investigador e a necesidade de que os cient\u00edficos galegos non renuncien ao seu uso tanto dentro como f\u00f3ra de Galicia.<\/span><span data-ccp-props=\"{&quot;201341983&quot;:0,&quot;335551550&quot;:6,&quot;335551620&quot;:6,&quot;335559739&quot;:160,&quot;335559740&quot;:259}\">\u00a0<\/span><\/p>\n<p><b><span data-contrast=\"auto\">Nota de prensa:<\/span><\/b><span data-contrast=\"auto\">\u00a0<\/span><a href=\"https:\/\/galeguizargalicia.gal\/premios_lpn\/premios-lois-pena-novo-2019\/\"><span data-contrast=\"none\">Premios Lois Pe\u00f1a Novo 2019<\/span><\/a><span data-ccp-props=\"{&quot;201341983&quot;:0,&quot;335551550&quot;:6,&quot;335551620&quot;:6,&quot;335559739&quot;:160,&quot;335559740&quot;:259}\">\u00a0<\/span><\/p>\n<p>Imaxe: Os premiados Manuel Patino Bermejo, Paz Filgueira Paz e Abraham Gallas (en representaci\u00f3n de Carlos Salgado). Cr\u00e9dito: Lois Pe\u00f1a Novo Foundation.<\/p>\n","protected":false},"excerpt":{"rendered":"<p>O director do Instituto\u00a0 Galego de F\u00edsica de Altas\u00a0 Enerx\u00edas (IGFAE) e profesor da Universidade de Santiago (USC) recibiu o 27&#8230;<\/p>\n","protected":false},"author":21,"featured_media":3345,"comment_status":"closed","ping_status":"closed","sticky":false,"template":"","format":"standard","meta":{"om_disable_all_campaigns":false,"_monsterinsights_skip_tracking":false,"_monsterinsights_sitenote_active":false,"_monsterinsights_sitenote_note":"","_monsterinsights_sitenote_category":0},"categories":[116],"tags":[],"aioseo_notices":[],"yoast_head":"<!-- This site is optimized with the Yoast SEO plugin v18.4.1 - https:\/\/yoast.com\/wordpress\/plugins\/seo\/ -->\n<title>Carlos Salgado, Premio Lois Pe\u00f1a Novo 2019 - IGFAE<\/title>\n<meta name=\"robots\" content=\"index, follow, max-snippet:-1, max-image-preview:large, max-video-preview:-1\" \/>\n<link rel=\"canonical\" href=\"https:\/\/igfae.usc.es\/~igfae-old\/gl\/carlos-salgado-premio-lois-pena-novo-2019\/\" \/>\n<meta property=\"og:locale\" content=\"gl_ES\" \/>\n<meta property=\"og:type\" content=\"article\" \/>\n<meta property=\"og:title\" content=\"Carlos Salgado, Premio Lois Pe\u00f1a Novo 2019 - IGFAE\" \/>\n<meta property=\"og:description\" content=\"O director do Instituto\u00a0 Galego de F\u00edsica de Altas\u00a0 Enerx\u00edas (IGFAE) e profesor da Universidade de Santiago (USC) recibiu o 27...\" \/>\n<meta property=\"og:url\" content=\"https:\/\/igfae.usc.es\/~igfae-old\/gl\/carlos-salgado-premio-lois-pena-novo-2019\/\" \/>\n<meta property=\"og:site_name\" content=\"IGFAE\" \/>\n<meta property=\"article:published_time\" content=\"2019-07-03T10:03:12+00:00\" \/>\n<meta property=\"article:modified_time\" content=\"2021-03-24T13:22:22+00:00\" \/>\n<meta property=\"og:image\" content=\"https:\/\/igfae.usc.es\/~igfae-old\/wp-content\/uploads\/2019\/07\/Carlos_SalgadoIGFAEweb.jpg\" \/>\n\t<meta property=\"og:image:width\" content=\"2000\" \/>\n\t<meta property=\"og:image:height\" content=\"1333\" \/>\n\t<meta property=\"og:image:type\" content=\"image\/jpeg\" \/>\n<meta name=\"twitter:card\" content=\"summary_large_image\" \/>\n<meta name=\"twitter:creator\" content=\"@igfae_hep\" \/>\n<meta name=\"twitter:site\" content=\"@igfae_hep\" \/>\n<meta name=\"twitter:label1\" content=\"Escrito por\" \/>\n\t<meta name=\"twitter:data1\" content=\"Elena Mora Cuesta\" \/>\n\t<meta name=\"twitter:label2\" content=\"Tempo de lectura\" \/>\n\t<meta name=\"twitter:data2\" content=\"2 minutos\" \/>\n<script type=\"application\/ld+json\" class=\"yoast-schema-graph\">{\"@context\":\"https:\/\/schema.org\",\"@graph\":[{\"@type\":\"WebSite\",\"@id\":\"https:\/\/igfae.usc.es\/~igfae-old\/#website\",\"url\":\"https:\/\/igfae.usc.es\/~igfae-old\/\",\"name\":\"IGFAE\",\"description\":\"Instituto Galego de F\u00edsica de Altas Enerx\u00edas\",\"potentialAction\":[{\"@type\":\"SearchAction\",\"target\":{\"@type\":\"EntryPoint\",\"urlTemplate\":\"https:\/\/igfae.usc.es\/~igfae-old\/?s={search_term_string}\"},\"query-input\":\"required name=search_term_string\"}],\"inLanguage\":\"gl-ES\"},{\"@type\":\"ImageObject\",\"@id\":\"https:\/\/igfae.usc.es\/~igfae-old\/gl\/carlos-salgado-premio-lois-pena-novo-2019\/#primaryimage\",\"inLanguage\":\"gl-ES\",\"url\":\"https:\/\/igfae.usc.es\/~igfae-old\/wp-content\/uploads\/2019\/07\/Carlos_SalgadoIGFAEweb.jpg\",\"contentUrl\":\"https:\/\/igfae.usc.es\/~igfae-old\/wp-content\/uploads\/2019\/07\/Carlos_SalgadoIGFAEweb.jpg\",\"width\":2000,\"height\":1333},{\"@type\":\"WebPage\",\"@id\":\"https:\/\/igfae.usc.es\/~igfae-old\/gl\/carlos-salgado-premio-lois-pena-novo-2019\/#webpage\",\"url\":\"https:\/\/igfae.usc.es\/~igfae-old\/gl\/carlos-salgado-premio-lois-pena-novo-2019\/\",\"name\":\"Carlos Salgado, Premio Lois Pe\u00f1a Novo 2019 - IGFAE\",\"isPartOf\":{\"@id\":\"https:\/\/igfae.usc.es\/~igfae-old\/#website\"},\"primaryImageOfPage\":{\"@id\":\"https:\/\/igfae.usc.es\/~igfae-old\/gl\/carlos-salgado-premio-lois-pena-novo-2019\/#primaryimage\"},\"datePublished\":\"2019-07-03T10:03:12+00:00\",\"dateModified\":\"2021-03-24T13:22:22+00:00\",\"author\":{\"@id\":\"https:\/\/igfae.usc.es\/~igfae-old\/#\/schema\/person\/840f8ffb14ad0885a9e3d067fb261c00\"},\"breadcrumb\":{\"@id\":\"https:\/\/igfae.usc.es\/~igfae-old\/gl\/carlos-salgado-premio-lois-pena-novo-2019\/#breadcrumb\"},\"inLanguage\":\"gl-ES\",\"potentialAction\":[{\"@type\":\"ReadAction\",\"target\":[\"https:\/\/igfae.usc.es\/~igfae-old\/gl\/carlos-salgado-premio-lois-pena-novo-2019\/\"]}]},{\"@type\":\"BreadcrumbList\",\"@id\":\"https:\/\/igfae.usc.es\/~igfae-old\/gl\/carlos-salgado-premio-lois-pena-novo-2019\/#breadcrumb\",\"itemListElement\":[{\"@type\":\"ListItem\",\"position\":1,\"name\":\"Home\",\"item\":\"https:\/\/igfae.usc.es\/~igfae-old\/gl\/\"},{\"@type\":\"ListItem\",\"position\":2,\"name\":\"Carlos Salgado, Premio Lois Pe\u00f1a Novo 2019\"}]},{\"@type\":\"Person\",\"@id\":\"https:\/\/igfae.usc.es\/~igfae-old\/#\/schema\/person\/840f8ffb14ad0885a9e3d067fb261c00\",\"name\":\"Elena Mora Cuesta\",\"url\":\"https:\/\/igfae.usc.es\/~igfae-old\/gl\/author\/elena-mora-cuesta\/\"}]}<\/script>\n<!-- \/ Yoast SEO plugin. -->","yoast_head_json":{"title":"Carlos Salgado, Premio Lois Pe\u00f1a Novo 2019 - IGFAE","robots":{"index":"index","follow":"follow","max-snippet":"max-snippet:-1","max-image-preview":"max-image-preview:large","max-video-preview":"max-video-preview:-1"},"canonical":"https:\/\/igfae.usc.es\/~igfae-old\/gl\/carlos-salgado-premio-lois-pena-novo-2019\/","og_locale":"gl_ES","og_type":"article","og_title":"Carlos Salgado, Premio Lois Pe\u00f1a Novo 2019 - IGFAE","og_description":"O director do Instituto\u00a0 Galego de F\u00edsica de Altas\u00a0 Enerx\u00edas (IGFAE) e profesor da Universidade de Santiago (USC) recibiu o 27...","og_url":"https:\/\/igfae.usc.es\/~igfae-old\/gl\/carlos-salgado-premio-lois-pena-novo-2019\/","og_site_name":"IGFAE","article_published_time":"2019-07-03T10:03:12+00:00","article_modified_time":"2021-03-24T13:22:22+00:00","og_image":[{"width":2000,"height":1333,"url":"https:\/\/igfae.usc.es\/~igfae-old\/wp-content\/uploads\/2019\/07\/Carlos_SalgadoIGFAEweb.jpg","type":"image\/jpeg"}],"twitter_card":"summary_large_image","twitter_creator":"@igfae_hep","twitter_site":"@igfae_hep","twitter_misc":{"Escrito por":"Elena Mora Cuesta","Tempo de lectura":"2 minutos"},"schema":{"@context":"https:\/\/schema.org","@graph":[{"@type":"WebSite","@id":"https:\/\/igfae.usc.es\/~igfae-old\/#website","url":"https:\/\/igfae.usc.es\/~igfae-old\/","name":"IGFAE","description":"Instituto Galego de F\u00edsica de Altas Enerx\u00edas","potentialAction":[{"@type":"SearchAction","target":{"@type":"EntryPoint","urlTemplate":"https:\/\/igfae.usc.es\/~igfae-old\/?s={search_term_string}"},"query-input":"required name=search_term_string"}],"inLanguage":"gl-ES"},{"@type":"ImageObject","@id":"https:\/\/igfae.usc.es\/~igfae-old\/gl\/carlos-salgado-premio-lois-pena-novo-2019\/#primaryimage","inLanguage":"gl-ES","url":"https:\/\/igfae.usc.es\/~igfae-old\/wp-content\/uploads\/2019\/07\/Carlos_SalgadoIGFAEweb.jpg","contentUrl":"https:\/\/igfae.usc.es\/~igfae-old\/wp-content\/uploads\/2019\/07\/Carlos_SalgadoIGFAEweb.jpg","width":2000,"height":1333},{"@type":"WebPage","@id":"https:\/\/igfae.usc.es\/~igfae-old\/gl\/carlos-salgado-premio-lois-pena-novo-2019\/#webpage","url":"https:\/\/igfae.usc.es\/~igfae-old\/gl\/carlos-salgado-premio-lois-pena-novo-2019\/","name":"Carlos Salgado, Premio Lois Pe\u00f1a Novo 2019 - IGFAE","isPartOf":{"@id":"https:\/\/igfae.usc.es\/~igfae-old\/#website"},"primaryImageOfPage":{"@id":"https:\/\/igfae.usc.es\/~igfae-old\/gl\/carlos-salgado-premio-lois-pena-novo-2019\/#primaryimage"},"datePublished":"2019-07-03T10:03:12+00:00","dateModified":"2021-03-24T13:22:22+00:00","author":{"@id":"https:\/\/igfae.usc.es\/~igfae-old\/#\/schema\/person\/840f8ffb14ad0885a9e3d067fb261c00"},"breadcrumb":{"@id":"https:\/\/igfae.usc.es\/~igfae-old\/gl\/carlos-salgado-premio-lois-pena-novo-2019\/#breadcrumb"},"inLanguage":"gl-ES","potentialAction":[{"@type":"ReadAction","target":["https:\/\/igfae.usc.es\/~igfae-old\/gl\/carlos-salgado-premio-lois-pena-novo-2019\/"]}]},{"@type":"BreadcrumbList","@id":"https:\/\/igfae.usc.es\/~igfae-old\/gl\/carlos-salgado-premio-lois-pena-novo-2019\/#breadcrumb","itemListElement":[{"@type":"ListItem","position":1,"name":"Home","item":"https:\/\/igfae.usc.es\/~igfae-old\/gl\/"},{"@type":"ListItem","position":2,"name":"Carlos Salgado, Premio Lois Pe\u00f1a Novo 2019"}]},{"@type":"Person","@id":"https:\/\/igfae.usc.es\/~igfae-old\/#\/schema\/person\/840f8ffb14ad0885a9e3d067fb261c00","name":"Elena Mora Cuesta","url":"https:\/\/igfae.usc.es\/~igfae-old\/gl\/author\/elena-mora-cuesta\/"}]}},"_links":{"self":[{"href":"https:\/\/igfae.usc.es\/~igfae-old\/gl\/wp-json\/wp\/v2\/posts\/3351"}],"collection":[{"href":"https:\/\/igfae.usc.es\/~igfae-old\/gl\/wp-json\/wp\/v2\/posts"}],"about":[{"href":"https:\/\/igfae.usc.es\/~igfae-old\/gl\/wp-json\/wp\/v2\/types\/post"}],"author":[{"embeddable":true,"href":"https:\/\/igfae.usc.es\/~igfae-old\/gl\/wp-json\/wp\/v2\/users\/21"}],"replies":[{"embeddable":true,"href":"https:\/\/igfae.usc.es\/~igfae-old\/gl\/wp-json\/wp\/v2\/comments?post=3351"}],"version-history":[{"count":2,"href":"https:\/\/igfae.usc.es\/~igfae-old\/gl\/wp-json\/wp\/v2\/posts\/3351\/revisions"}],"predecessor-version":[{"id":3357,"href":"https:\/\/igfae.usc.es\/~igfae-old\/gl\/wp-json\/wp\/v2\/posts\/3351\/revisions\/3357"}],"wp:featuredmedia":[{"embeddable":true,"href":"https:\/\/igfae.usc.es\/~igfae-old\/gl\/wp-json\/wp\/v2\/media\/3345"}],"wp:attachment":[{"href":"https:\/\/igfae.usc.es\/~igfae-old\/gl\/wp-json\/wp\/v2\/media?parent=3351"}],"wp:term":[{"taxonomy":"category","embeddable":true,"href":"https:\/\/igfae.usc.es\/~igfae-old\/gl\/wp-json\/wp\/v2\/categories?post=3351"},{"taxonomy":"post_tag","embeddable":true,"href":"https:\/\/igfae.usc.es\/~igfae-old\/gl\/wp-json\/wp\/v2\/tags?post=3351"}],"curies":[{"name":"wp","href":"https:\/\/api.w.org\/{rel}","templated":true}]}}