



{"id":3305,"date":"2019-05-24T16:21:11","date_gmt":"2019-05-24T14:21:11","guid":{"rendered":"https:\/\/igfae.usc.es\/centrosingular\/el-igfae-lanza-a-sua-primeira-edicion-de-bolsas-de-veran\/"},"modified":"2021-03-24T15:22:49","modified_gmt":"2021-03-24T13:22:49","slug":"el-igfae-lanza-a-sua-primeira-edicion-de-bolsas-de-veran","status":"publish","type":"post","link":"https:\/\/igfae.usc.es\/~igfae-old\/gl\/el-igfae-lanza-a-sua-primeira-edicion-de-bolsas-de-veran\/","title":{"rendered":"El IGFAE lanza a s\u00faa primeira edici\u00f3n de Bolsas de Ver\u00e1n"},"content":{"rendered":"<p><strong> As 10 axudas est\u00e1s destinadas a estudantes de grao que desexen realizar pr\u00e1cticas formativas de inicio \u00e1 investigaci\u00f3n nunha das \u00e1reas do Instituto Galego de F\u00edsica de Altas Enerx\u00edas durante un mes <\/strong><\/p>\n<p>O IGFAE lanza a primeira edici\u00f3n do seu programa de bolsas de ver\u00e1n de inicio \u00e1 investigaci\u00f3n, ofrecendo 10 axudas dirixidas a estudantes de grao que desexen ter a s\u00faa primeira experiencia investigadora. As persoas beneficiarias realizar\u00e1n pr\u00e1cticas formativas extracurriculares e ter\u00e1n asignado un proxecto de investigaci\u00f3n nunha das \u00e1reas de investigaci\u00f3n do Instituto Galego de F\u00edsica de Altas Enerx\u00edas baixo a supervisi\u00f3n dun investigador ou investigadora principal. Ademais, durante a s\u00faa estancia poder\u00e1n participar nas s\u00faas actividades cient\u00edficas e formativas.<\/p>\n<p>As bolsas est\u00e1n dotadas con 750 \u20ac m\u00e1is unha axuda de desprazamento cun importe m\u00e1ximo de 500 \u20ac para estudantes de f\u00f3ra de Galicia e ata 80 \u20ac para estudantes residentes na comunidade galega. As bolsas ter\u00e1n unha duraci\u00f3n dun mes e desenvolveranse durante os meses de xullo, agosto ou setembro.<\/p>\n<p><strong>REQUISITOS<\/strong><\/p>\n<ul>\n<li>Estar cursando estudos correspondentes ao \u00faltimo ou pen\u00faltimo curso de calquera titulaci\u00f3ns no Espazo Europeo de Educaci\u00f3n Superior ou en calquera sistema universitario. Se reservan 8 bolsas para estudantes dos graos en F\u00edsica, Matem\u00e1ticas, dobre grao Matem\u00e1ticas-F\u00edsica, enxe\u00f1ar\u00edas ou titulaci\u00f3ns equivalentes.<\/li>\n<li>Ter superado o 55% dos cr\u00e9ditos da titulaci\u00f3n.<\/li>\n<li>Ter unha nota media do seu expediente acad\u00e9mico igual ou superior a 8 puntos sobre base 10.<\/li>\n<\/ul>\n<p><strong>SOLICITUDES<\/strong><\/p>\n<p>A presentaci\u00f3n de solicitudes farase a trav\u00e9s da Sede Electr\u00f3nica da Universidade de Santiago de Compostela, empregando o formulario de solicitude dispo\u00f1ible no seguinte enderezo <a href=\"https:\/\/sede.usc.es\/formularios\/solicitudes\/InvestigacionBolsasVeranIGFAE.htm\">https:\/\/sede.usc.es\/formularios\/solicitudes\/InvestigacionBolsasVeranIGFAE.htm<\/a> dirixido ao Servizo de Convocatorias e Recursos Humanos de I+D ou por calquera dosmedios establecidos no artigo 16 da Lei 39\/2015 do 1 de outubro, do procedemento administrativo com\u00fan das administraci\u00f3ns p\u00fablicas, achegando a seguinte documentaci\u00f3n:<\/p>\n<ul>\n<li>Copia da certificaci\u00f3n ou expediente acad\u00e9mico do grao ou t\u00edtulo equivalente no que consten as cualificaci\u00f3ns obtidas e con expresi\u00f3n da nota media en base 10obtida nos estudos oficiais que estea cursando ou cursara a persoa solicitante. No suposto de ter realizado estudos no estranxeiro nun idioma diferente aoingl\u00e9s, a dita certificaci\u00f3n deber\u00e1 presentarse coa traduci\u00f3n oficial ao espa\u00f1ol ou galego.<\/li>\n<li>Copia do xustificante de matr\u00edcula correspondente ao curso 2018\/2019 ou documento acreditativo expedido pola universidade correspondente.<\/li>\n<li>Curr\u00edculum v\u00edtae da persoa solicitante.<\/li>\n<li>Carta de motivaci\u00f3n coa expresi\u00f3n do interese na obtenci\u00f3n da bolsa. Coa presentaci\u00f3n da solicitude as persoas solicitantes asinar\u00e1n unha declaraci\u00f3n responsable manifestando que a documentaci\u00f3n achegada e a informaci\u00f3n declarada \u00e9 veraz e compromet\u00e9ndose a achegar a documentaci\u00f3n orixinal no caso de que lles fose requirida en calquera momento do proceso de selecci\u00f3n ou durante o goce da bolsa.<\/li>\n<\/ul>\n<p><strong>PRAZO DE PRESENTACI\u00d3N<\/strong><\/p>\n<p>O prazo de presentaci\u00f3n de solicitudes rematar\u00e1 o 14 de xu\u00f1o de 2019<\/p>\n<p><strong>AVALIACI\u00d3N<\/strong><\/p>\n<p>A ordenaci\u00f3n das solicitudes farase de acordo cos seguintes criterios, sobre unha puntuaci\u00f3n m\u00e1xima de 10 puntos:<\/p>\n<ul>\n<li>Os expedientes acad\u00e9micos das persoas solicitantes, que supor\u00e1n o 70% da valoraci\u00f3n obtida.<\/li>\n<li>O curr\u00edculum v\u00edtae presentando, no que se ter\u00e1n en conta as publicaci\u00f3ns, premios e a formaci\u00f3n relacionada co obxecto das bolsas, entre outros aspectos. Este apartado supor\u00e1 o 20% da valoraci\u00f3n obtida.<\/li>\n<li>A expresi\u00f3n de interese das persoas aspirantes formulada na carta De presentaci\u00f3n, que supor\u00e1 o 10% da valoraci\u00f3n obtida.<\/li>\n<\/ul>\n<p>M\u00e1is informaci\u00f3n nas <a href=\"https:\/\/sede.usc.es\/sede\/publica\/taboleiro\/verAnuncioPublicable\/74407\/carga.htm\">bases reguladoras<\/a> ou enviando un correo a <a href=\"mailto:communication@igfae.usc.es \">communication@igfae.usc.es<\/a> indicando no asunto BOLSAS DE VER\u00c1N.<\/p>\n","protected":false},"excerpt":{"rendered":"<p>As 10 axudas est\u00e1s destinadas a estudantes de grao que desexen realizar pr\u00e1cticas formativas de inicio \u00e1 investigaci\u00f3n nunha das \u00e1reas&#8230;<\/p>\n","protected":false},"author":21,"featured_media":3081,"comment_status":"closed","ping_status":"closed","sticky":false,"template":"","format":"standard","meta":{"om_disable_all_campaigns":false,"_monsterinsights_skip_tracking":false,"_monsterinsights_sitenote_active":false,"_monsterinsights_sitenote_note":"","_monsterinsights_sitenote_category":0},"categories":[116],"tags":[],"aioseo_notices":[],"yoast_head":"<!-- This site is optimized with the Yoast SEO plugin v18.4.1 - https:\/\/yoast.com\/wordpress\/plugins\/seo\/ -->\n<title>El IGFAE lanza a s\u00faa primeira edici\u00f3n de Bolsas de Ver\u00e1n - IGFAE<\/title>\n<meta name=\"robots\" content=\"index, follow, max-snippet:-1, max-image-preview:large, max-video-preview:-1\" \/>\n<link rel=\"canonical\" href=\"https:\/\/igfae.usc.es\/~igfae-old\/gl\/el-igfae-lanza-a-sua-primeira-edicion-de-bolsas-de-veran\/\" \/>\n<meta property=\"og:locale\" content=\"gl_ES\" \/>\n<meta property=\"og:type\" content=\"article\" \/>\n<meta property=\"og:title\" content=\"El IGFAE lanza a s\u00faa primeira edici\u00f3n de Bolsas de Ver\u00e1n - IGFAE\" \/>\n<meta property=\"og:description\" content=\"As 10 axudas est\u00e1s destinadas a estudantes de grao que desexen realizar pr\u00e1cticas formativas de inicio \u00e1 investigaci\u00f3n nunha das \u00e1reas...\" \/>\n<meta property=\"og:url\" content=\"https:\/\/igfae.usc.es\/~igfae-old\/gl\/el-igfae-lanza-a-sua-primeira-edicion-de-bolsas-de-veran\/\" \/>\n<meta property=\"og:site_name\" content=\"IGFAE\" \/>\n<meta property=\"article:published_time\" content=\"2019-05-24T14:21:11+00:00\" \/>\n<meta property=\"article:modified_time\" content=\"2021-03-24T13:22:49+00:00\" \/>\n<meta property=\"og:image\" content=\"https:\/\/igfae.usc.es\/~igfae-old\/wp-content\/uploads\/2019\/05\/Cartel-Becas-de-verano_GAL.png\" \/>\n\t<meta property=\"og:image:width\" content=\"1123\" \/>\n\t<meta property=\"og:image:height\" content=\"1587\" \/>\n\t<meta property=\"og:image:type\" content=\"image\/png\" \/>\n<meta name=\"twitter:card\" content=\"summary_large_image\" \/>\n<meta name=\"twitter:creator\" content=\"@igfae_hep\" \/>\n<meta name=\"twitter:site\" content=\"@igfae_hep\" \/>\n<meta name=\"twitter:label1\" content=\"Escrito por\" \/>\n\t<meta name=\"twitter:data1\" content=\"Elena Mora Cuesta\" \/>\n\t<meta name=\"twitter:label2\" content=\"Tempo de lectura\" \/>\n\t<meta name=\"twitter:data2\" content=\"3 minutos\" \/>\n<script type=\"application\/ld+json\" class=\"yoast-schema-graph\">{\"@context\":\"https:\/\/schema.org\",\"@graph\":[{\"@type\":\"WebSite\",\"@id\":\"https:\/\/igfae.usc.es\/~igfae-old\/#website\",\"url\":\"https:\/\/igfae.usc.es\/~igfae-old\/\",\"name\":\"IGFAE\",\"description\":\"Instituto Galego de F\u00edsica de Altas Enerx\u00edas\",\"potentialAction\":[{\"@type\":\"SearchAction\",\"target\":{\"@type\":\"EntryPoint\",\"urlTemplate\":\"https:\/\/igfae.usc.es\/~igfae-old\/?s={search_term_string}\"},\"query-input\":\"required name=search_term_string\"}],\"inLanguage\":\"gl-ES\"},{\"@type\":\"ImageObject\",\"@id\":\"https:\/\/igfae.usc.es\/~igfae-old\/gl\/el-igfae-lanza-a-sua-primeira-edicion-de-bolsas-de-veran\/#primaryimage\",\"inLanguage\":\"gl-ES\",\"url\":\"https:\/\/igfae.usc.es\/~igfae-old\/wp-content\/uploads\/2019\/05\/Cartel-Becas-de-verano_GAL.png\",\"contentUrl\":\"https:\/\/igfae.usc.es\/~igfae-old\/wp-content\/uploads\/2019\/05\/Cartel-Becas-de-verano_GAL.png\",\"width\":1123,\"height\":1587},{\"@type\":\"WebPage\",\"@id\":\"https:\/\/igfae.usc.es\/~igfae-old\/gl\/el-igfae-lanza-a-sua-primeira-edicion-de-bolsas-de-veran\/#webpage\",\"url\":\"https:\/\/igfae.usc.es\/~igfae-old\/gl\/el-igfae-lanza-a-sua-primeira-edicion-de-bolsas-de-veran\/\",\"name\":\"El IGFAE lanza a s\u00faa primeira edici\u00f3n de Bolsas de Ver\u00e1n - IGFAE\",\"isPartOf\":{\"@id\":\"https:\/\/igfae.usc.es\/~igfae-old\/#website\"},\"primaryImageOfPage\":{\"@id\":\"https:\/\/igfae.usc.es\/~igfae-old\/gl\/el-igfae-lanza-a-sua-primeira-edicion-de-bolsas-de-veran\/#primaryimage\"},\"datePublished\":\"2019-05-24T14:21:11+00:00\",\"dateModified\":\"2021-03-24T13:22:49+00:00\",\"author\":{\"@id\":\"https:\/\/igfae.usc.es\/~igfae-old\/#\/schema\/person\/840f8ffb14ad0885a9e3d067fb261c00\"},\"breadcrumb\":{\"@id\":\"https:\/\/igfae.usc.es\/~igfae-old\/gl\/el-igfae-lanza-a-sua-primeira-edicion-de-bolsas-de-veran\/#breadcrumb\"},\"inLanguage\":\"gl-ES\",\"potentialAction\":[{\"@type\":\"ReadAction\",\"target\":[\"https:\/\/igfae.usc.es\/~igfae-old\/gl\/el-igfae-lanza-a-sua-primeira-edicion-de-bolsas-de-veran\/\"]}]},{\"@type\":\"BreadcrumbList\",\"@id\":\"https:\/\/igfae.usc.es\/~igfae-old\/gl\/el-igfae-lanza-a-sua-primeira-edicion-de-bolsas-de-veran\/#breadcrumb\",\"itemListElement\":[{\"@type\":\"ListItem\",\"position\":1,\"name\":\"Home\",\"item\":\"https:\/\/igfae.usc.es\/~igfae-old\/gl\/\"},{\"@type\":\"ListItem\",\"position\":2,\"name\":\"El IGFAE lanza a s\u00faa primeira edici\u00f3n de Bolsas de Ver\u00e1n\"}]},{\"@type\":\"Person\",\"@id\":\"https:\/\/igfae.usc.es\/~igfae-old\/#\/schema\/person\/840f8ffb14ad0885a9e3d067fb261c00\",\"name\":\"Elena Mora Cuesta\",\"url\":\"https:\/\/igfae.usc.es\/~igfae-old\/gl\/author\/elena-mora-cuesta\/\"}]}<\/script>\n<!-- \/ Yoast SEO plugin. -->","yoast_head_json":{"title":"El IGFAE lanza a s\u00faa primeira edici\u00f3n de Bolsas de Ver\u00e1n - IGFAE","robots":{"index":"index","follow":"follow","max-snippet":"max-snippet:-1","max-image-preview":"max-image-preview:large","max-video-preview":"max-video-preview:-1"},"canonical":"https:\/\/igfae.usc.es\/~igfae-old\/gl\/el-igfae-lanza-a-sua-primeira-edicion-de-bolsas-de-veran\/","og_locale":"gl_ES","og_type":"article","og_title":"El IGFAE lanza a s\u00faa primeira edici\u00f3n de Bolsas de Ver\u00e1n - IGFAE","og_description":"As 10 axudas est\u00e1s destinadas a estudantes de grao que desexen realizar pr\u00e1cticas formativas de inicio \u00e1 investigaci\u00f3n nunha das \u00e1reas...","og_url":"https:\/\/igfae.usc.es\/~igfae-old\/gl\/el-igfae-lanza-a-sua-primeira-edicion-de-bolsas-de-veran\/","og_site_name":"IGFAE","article_published_time":"2019-05-24T14:21:11+00:00","article_modified_time":"2021-03-24T13:22:49+00:00","og_image":[{"width":1123,"height":1587,"url":"https:\/\/igfae.usc.es\/~igfae-old\/wp-content\/uploads\/2019\/05\/Cartel-Becas-de-verano_GAL.png","type":"image\/png"}],"twitter_card":"summary_large_image","twitter_creator":"@igfae_hep","twitter_site":"@igfae_hep","twitter_misc":{"Escrito por":"Elena Mora Cuesta","Tempo de lectura":"3 minutos"},"schema":{"@context":"https:\/\/schema.org","@graph":[{"@type":"WebSite","@id":"https:\/\/igfae.usc.es\/~igfae-old\/#website","url":"https:\/\/igfae.usc.es\/~igfae-old\/","name":"IGFAE","description":"Instituto Galego de F\u00edsica de Altas Enerx\u00edas","potentialAction":[{"@type":"SearchAction","target":{"@type":"EntryPoint","urlTemplate":"https:\/\/igfae.usc.es\/~igfae-old\/?s={search_term_string}"},"query-input":"required name=search_term_string"}],"inLanguage":"gl-ES"},{"@type":"ImageObject","@id":"https:\/\/igfae.usc.es\/~igfae-old\/gl\/el-igfae-lanza-a-sua-primeira-edicion-de-bolsas-de-veran\/#primaryimage","inLanguage":"gl-ES","url":"https:\/\/igfae.usc.es\/~igfae-old\/wp-content\/uploads\/2019\/05\/Cartel-Becas-de-verano_GAL.png","contentUrl":"https:\/\/igfae.usc.es\/~igfae-old\/wp-content\/uploads\/2019\/05\/Cartel-Becas-de-verano_GAL.png","width":1123,"height":1587},{"@type":"WebPage","@id":"https:\/\/igfae.usc.es\/~igfae-old\/gl\/el-igfae-lanza-a-sua-primeira-edicion-de-bolsas-de-veran\/#webpage","url":"https:\/\/igfae.usc.es\/~igfae-old\/gl\/el-igfae-lanza-a-sua-primeira-edicion-de-bolsas-de-veran\/","name":"El IGFAE lanza a s\u00faa primeira edici\u00f3n de Bolsas de Ver\u00e1n - IGFAE","isPartOf":{"@id":"https:\/\/igfae.usc.es\/~igfae-old\/#website"},"primaryImageOfPage":{"@id":"https:\/\/igfae.usc.es\/~igfae-old\/gl\/el-igfae-lanza-a-sua-primeira-edicion-de-bolsas-de-veran\/#primaryimage"},"datePublished":"2019-05-24T14:21:11+00:00","dateModified":"2021-03-24T13:22:49+00:00","author":{"@id":"https:\/\/igfae.usc.es\/~igfae-old\/#\/schema\/person\/840f8ffb14ad0885a9e3d067fb261c00"},"breadcrumb":{"@id":"https:\/\/igfae.usc.es\/~igfae-old\/gl\/el-igfae-lanza-a-sua-primeira-edicion-de-bolsas-de-veran\/#breadcrumb"},"inLanguage":"gl-ES","potentialAction":[{"@type":"ReadAction","target":["https:\/\/igfae.usc.es\/~igfae-old\/gl\/el-igfae-lanza-a-sua-primeira-edicion-de-bolsas-de-veran\/"]}]},{"@type":"BreadcrumbList","@id":"https:\/\/igfae.usc.es\/~igfae-old\/gl\/el-igfae-lanza-a-sua-primeira-edicion-de-bolsas-de-veran\/#breadcrumb","itemListElement":[{"@type":"ListItem","position":1,"name":"Home","item":"https:\/\/igfae.usc.es\/~igfae-old\/gl\/"},{"@type":"ListItem","position":2,"name":"El IGFAE lanza a s\u00faa primeira edici\u00f3n de Bolsas de Ver\u00e1n"}]},{"@type":"Person","@id":"https:\/\/igfae.usc.es\/~igfae-old\/#\/schema\/person\/840f8ffb14ad0885a9e3d067fb261c00","name":"Elena Mora Cuesta","url":"https:\/\/igfae.usc.es\/~igfae-old\/gl\/author\/elena-mora-cuesta\/"}]}},"_links":{"self":[{"href":"https:\/\/igfae.usc.es\/~igfae-old\/gl\/wp-json\/wp\/v2\/posts\/3305"}],"collection":[{"href":"https:\/\/igfae.usc.es\/~igfae-old\/gl\/wp-json\/wp\/v2\/posts"}],"about":[{"href":"https:\/\/igfae.usc.es\/~igfae-old\/gl\/wp-json\/wp\/v2\/types\/post"}],"author":[{"embeddable":true,"href":"https:\/\/igfae.usc.es\/~igfae-old\/gl\/wp-json\/wp\/v2\/users\/21"}],"replies":[{"embeddable":true,"href":"https:\/\/igfae.usc.es\/~igfae-old\/gl\/wp-json\/wp\/v2\/comments?post=3305"}],"version-history":[{"count":1,"href":"https:\/\/igfae.usc.es\/~igfae-old\/gl\/wp-json\/wp\/v2\/posts\/3305\/revisions"}],"predecessor-version":[{"id":3307,"href":"https:\/\/igfae.usc.es\/~igfae-old\/gl\/wp-json\/wp\/v2\/posts\/3305\/revisions\/3307"}],"wp:featuredmedia":[{"embeddable":true,"href":"https:\/\/igfae.usc.es\/~igfae-old\/gl\/wp-json\/wp\/v2\/media\/3081"}],"wp:attachment":[{"href":"https:\/\/igfae.usc.es\/~igfae-old\/gl\/wp-json\/wp\/v2\/media?parent=3305"}],"wp:term":[{"taxonomy":"category","embeddable":true,"href":"https:\/\/igfae.usc.es\/~igfae-old\/gl\/wp-json\/wp\/v2\/categories?post=3305"},{"taxonomy":"post_tag","embeddable":true,"href":"https:\/\/igfae.usc.es\/~igfae-old\/gl\/wp-json\/wp\/v2\/tags?post=3305"}],"curies":[{"name":"wp","href":"https:\/\/api.w.org\/{rel}","templated":true}]}}