



{"id":3282,"date":"2019-06-13T15:39:43","date_gmt":"2019-06-13T13:39:43","guid":{"rendered":"https:\/\/igfae.usc.es\/centrosingular\/iii-campus-do-trasgo-2019\/"},"modified":"2021-03-24T15:22:30","modified_gmt":"2021-03-24T13:22:30","slug":"iii-campus-do-trasgo-2019","status":"publish","type":"post","link":"https:\/\/igfae.usc.es\/~igfae-old\/gl\/iii-campus-do-trasgo-2019\/","title":{"rendered":"III Campus do Trasgo 2019"},"content":{"rendered":"<p>Un ver\u00e1n m\u00e1is arrinca o Campus do Trasgo, a terceira edici\u00f3n do campus de ver\u00e1n de iniciaci\u00f3n \u00e1 f\u00edsica de raios c\u00f3smicos e a algunhas das s\u00faas t\u00e9cnicas de investigaci\u00f3n no que se introducir\u00e1 ao alumnado aos distintos temas mediante charlas en formato seminario. Como colof\u00f3n, os participantes realizar\u00e1n e presentar\u00e1n un traballo pr\u00e1ctico. No campus colabora profesorado do Instituto Galego de F\u00edsica de Altas Enerx\u00edas (IGFAE) e a USC, xunto con outros expertos do CiTIUS (USC) e da Universidade da Coru\u00f1a.<\/p>\n<p>Dirixido a estudantes de grao en F\u00edsica dos \u00faltimos anos, os participantes ter\u00e1n unha aproximaci\u00f3n a estes chorros de part\u00edculas subat\u00f3micas de moi alta enerx\u00eda acelerados a velocidades pr\u00f3ximas \u00e1s da luz e cuxo orixe non est\u00e1 do todo claro. Un dos m\u00e9todos propostos para o seu estudo son o detectores tipo TRASGO (TRAck reconStructinG mOdule), como o que se atopa na Facultade de F\u00edsica da USC, ademais do que se enviar\u00e1 \u00e1 Ant\u00e1rtida a finais de ano e outros que est\u00e1n en fase de construci\u00f3n.<\/p>\n<p><strong>\u2022 Contido:<\/strong> introduci\u00f3n os raios c\u00f3smicos, detectores de part\u00edculas, m\u00e9todos de simulaci\u00f3n, redes neuronais, realidade virtual e bases de datos, entre outros.<br \/>\n<strong>\u2022 Duraci\u00f3n: <\/strong>2 semanas. Do 8 ao 19 de xullo de 2019.<strong><br \/>\n\u2022 Lugar: <\/strong>sala de seminarios 126 da Facultade de F\u00edsica, Universidade de Santiago de Compostela (Campus Sur). Horario conferencias da primeira semana: de 11 a 14 h e de 16 a 19 h.<strong><br \/>\n\u2022 Participantes: <\/strong>6 prazas recomendadas para estudantes de grao de F\u00edsica con polo menos 120 cr\u00e9ditos superados. Reco\u00f1eceranse 2 cr\u00e9ditos de libre configuraci\u00f3n.<br \/>\n\u2022 Preinscrici\u00f3n: do 17 ao 19 de xu\u00f1o.<strong><br \/>\n\u2022 Informaci\u00f3n e inscrici\u00f3ns: <\/strong>Prof. Juan A. Garz\u00f3n (Despacho 136 da Facultade de F\u00edsica da USC) ou en <a href=\"mailto:elcampusdeltrasgo@gmail.com\">elcampusdeltrasgo@gmail.com<\/a>, achegando CV resumido (1 p\u00e1xina).<\/p>\n","protected":false},"excerpt":{"rendered":"<p>Un ver\u00e1n m\u00e1is arrinca o Campus do Trasgo, a terceira edici\u00f3n do campus de ver\u00e1n de iniciaci\u00f3n \u00e1 f\u00edsica de raios&#8230;<\/p>\n","protected":false},"author":21,"featured_media":3172,"comment_status":"closed","ping_status":"closed","sticky":false,"template":"","format":"standard","meta":{"om_disable_all_campaigns":false,"_monsterinsights_skip_tracking":false,"_monsterinsights_sitenote_active":false,"_monsterinsights_sitenote_note":"","_monsterinsights_sitenote_category":0},"categories":[116],"tags":[],"aioseo_notices":[],"yoast_head":"<!-- This site is optimized with the Yoast SEO plugin v18.4.1 - https:\/\/yoast.com\/wordpress\/plugins\/seo\/ -->\n<title>III Campus do Trasgo 2019 - IGFAE<\/title>\n<meta name=\"robots\" content=\"index, follow, max-snippet:-1, max-image-preview:large, max-video-preview:-1\" \/>\n<link rel=\"canonical\" href=\"https:\/\/igfae.usc.es\/~igfae-old\/gl\/iii-campus-do-trasgo-2019\/\" \/>\n<meta property=\"og:locale\" content=\"gl_ES\" \/>\n<meta property=\"og:type\" content=\"article\" \/>\n<meta property=\"og:title\" content=\"III Campus do Trasgo 2019 - IGFAE\" \/>\n<meta property=\"og:description\" content=\"Un ver\u00e1n m\u00e1is arrinca o Campus do Trasgo, a terceira edici\u00f3n do campus de ver\u00e1n de iniciaci\u00f3n \u00e1 f\u00edsica de raios...\" \/>\n<meta property=\"og:url\" content=\"https:\/\/igfae.usc.es\/~igfae-old\/gl\/iii-campus-do-trasgo-2019\/\" \/>\n<meta property=\"og:site_name\" content=\"IGFAE\" \/>\n<meta property=\"article:published_time\" content=\"2019-06-13T13:39:43+00:00\" \/>\n<meta property=\"article:modified_time\" content=\"2021-03-24T13:22:30+00:00\" \/>\n<meta property=\"og:image\" content=\"https:\/\/igfae.usc.es\/~igfae-old\/wp-content\/uploads\/2019\/06\/w_elcampusdeltrasgo19_page-0001.jpg\" \/>\n\t<meta property=\"og:image:width\" content=\"2134\" \/>\n\t<meta property=\"og:image:height\" content=\"1600\" \/>\n\t<meta property=\"og:image:type\" content=\"image\/jpeg\" \/>\n<meta name=\"twitter:card\" content=\"summary_large_image\" \/>\n<meta name=\"twitter:creator\" content=\"@igfae_hep\" \/>\n<meta name=\"twitter:site\" content=\"@igfae_hep\" \/>\n<meta name=\"twitter:label1\" content=\"Escrito por\" \/>\n\t<meta name=\"twitter:data1\" content=\"Elena Mora Cuesta\" \/>\n\t<meta name=\"twitter:label2\" content=\"Tempo de lectura\" \/>\n\t<meta name=\"twitter:data2\" content=\"2 minutos\" \/>\n<script type=\"application\/ld+json\" class=\"yoast-schema-graph\">{\"@context\":\"https:\/\/schema.org\",\"@graph\":[{\"@type\":\"WebSite\",\"@id\":\"https:\/\/igfae.usc.es\/~igfae-old\/#website\",\"url\":\"https:\/\/igfae.usc.es\/~igfae-old\/\",\"name\":\"IGFAE\",\"description\":\"Instituto Galego de F\u00edsica de Altas Enerx\u00edas\",\"potentialAction\":[{\"@type\":\"SearchAction\",\"target\":{\"@type\":\"EntryPoint\",\"urlTemplate\":\"https:\/\/igfae.usc.es\/~igfae-old\/?s={search_term_string}\"},\"query-input\":\"required name=search_term_string\"}],\"inLanguage\":\"gl-ES\"},{\"@type\":\"ImageObject\",\"@id\":\"https:\/\/igfae.usc.es\/~igfae-old\/gl\/iii-campus-do-trasgo-2019\/#primaryimage\",\"inLanguage\":\"gl-ES\",\"url\":\"https:\/\/igfae.usc.es\/~igfae-old\/wp-content\/uploads\/2019\/06\/w_elcampusdeltrasgo19_page-0001.jpg\",\"contentUrl\":\"https:\/\/igfae.usc.es\/~igfae-old\/wp-content\/uploads\/2019\/06\/w_elcampusdeltrasgo19_page-0001.jpg\",\"width\":2134,\"height\":1600},{\"@type\":\"WebPage\",\"@id\":\"https:\/\/igfae.usc.es\/~igfae-old\/gl\/iii-campus-do-trasgo-2019\/#webpage\",\"url\":\"https:\/\/igfae.usc.es\/~igfae-old\/gl\/iii-campus-do-trasgo-2019\/\",\"name\":\"III Campus do Trasgo 2019 - IGFAE\",\"isPartOf\":{\"@id\":\"https:\/\/igfae.usc.es\/~igfae-old\/#website\"},\"primaryImageOfPage\":{\"@id\":\"https:\/\/igfae.usc.es\/~igfae-old\/gl\/iii-campus-do-trasgo-2019\/#primaryimage\"},\"datePublished\":\"2019-06-13T13:39:43+00:00\",\"dateModified\":\"2021-03-24T13:22:30+00:00\",\"author\":{\"@id\":\"https:\/\/igfae.usc.es\/~igfae-old\/#\/schema\/person\/840f8ffb14ad0885a9e3d067fb261c00\"},\"breadcrumb\":{\"@id\":\"https:\/\/igfae.usc.es\/~igfae-old\/gl\/iii-campus-do-trasgo-2019\/#breadcrumb\"},\"inLanguage\":\"gl-ES\",\"potentialAction\":[{\"@type\":\"ReadAction\",\"target\":[\"https:\/\/igfae.usc.es\/~igfae-old\/gl\/iii-campus-do-trasgo-2019\/\"]}]},{\"@type\":\"BreadcrumbList\",\"@id\":\"https:\/\/igfae.usc.es\/~igfae-old\/gl\/iii-campus-do-trasgo-2019\/#breadcrumb\",\"itemListElement\":[{\"@type\":\"ListItem\",\"position\":1,\"name\":\"Home\",\"item\":\"https:\/\/igfae.usc.es\/~igfae-old\/gl\/\"},{\"@type\":\"ListItem\",\"position\":2,\"name\":\"III Campus do Trasgo 2019\"}]},{\"@type\":\"Person\",\"@id\":\"https:\/\/igfae.usc.es\/~igfae-old\/#\/schema\/person\/840f8ffb14ad0885a9e3d067fb261c00\",\"name\":\"Elena Mora Cuesta\",\"url\":\"https:\/\/igfae.usc.es\/~igfae-old\/gl\/author\/elena-mora-cuesta\/\"}]}<\/script>\n<!-- \/ Yoast SEO plugin. -->","yoast_head_json":{"title":"III Campus do Trasgo 2019 - IGFAE","robots":{"index":"index","follow":"follow","max-snippet":"max-snippet:-1","max-image-preview":"max-image-preview:large","max-video-preview":"max-video-preview:-1"},"canonical":"https:\/\/igfae.usc.es\/~igfae-old\/gl\/iii-campus-do-trasgo-2019\/","og_locale":"gl_ES","og_type":"article","og_title":"III Campus do Trasgo 2019 - IGFAE","og_description":"Un ver\u00e1n m\u00e1is arrinca o Campus do Trasgo, a terceira edici\u00f3n do campus de ver\u00e1n de iniciaci\u00f3n \u00e1 f\u00edsica de raios...","og_url":"https:\/\/igfae.usc.es\/~igfae-old\/gl\/iii-campus-do-trasgo-2019\/","og_site_name":"IGFAE","article_published_time":"2019-06-13T13:39:43+00:00","article_modified_time":"2021-03-24T13:22:30+00:00","og_image":[{"width":2134,"height":1600,"url":"https:\/\/igfae.usc.es\/~igfae-old\/wp-content\/uploads\/2019\/06\/w_elcampusdeltrasgo19_page-0001.jpg","type":"image\/jpeg"}],"twitter_card":"summary_large_image","twitter_creator":"@igfae_hep","twitter_site":"@igfae_hep","twitter_misc":{"Escrito por":"Elena Mora Cuesta","Tempo de lectura":"2 minutos"},"schema":{"@context":"https:\/\/schema.org","@graph":[{"@type":"WebSite","@id":"https:\/\/igfae.usc.es\/~igfae-old\/#website","url":"https:\/\/igfae.usc.es\/~igfae-old\/","name":"IGFAE","description":"Instituto Galego de F\u00edsica de Altas Enerx\u00edas","potentialAction":[{"@type":"SearchAction","target":{"@type":"EntryPoint","urlTemplate":"https:\/\/igfae.usc.es\/~igfae-old\/?s={search_term_string}"},"query-input":"required name=search_term_string"}],"inLanguage":"gl-ES"},{"@type":"ImageObject","@id":"https:\/\/igfae.usc.es\/~igfae-old\/gl\/iii-campus-do-trasgo-2019\/#primaryimage","inLanguage":"gl-ES","url":"https:\/\/igfae.usc.es\/~igfae-old\/wp-content\/uploads\/2019\/06\/w_elcampusdeltrasgo19_page-0001.jpg","contentUrl":"https:\/\/igfae.usc.es\/~igfae-old\/wp-content\/uploads\/2019\/06\/w_elcampusdeltrasgo19_page-0001.jpg","width":2134,"height":1600},{"@type":"WebPage","@id":"https:\/\/igfae.usc.es\/~igfae-old\/gl\/iii-campus-do-trasgo-2019\/#webpage","url":"https:\/\/igfae.usc.es\/~igfae-old\/gl\/iii-campus-do-trasgo-2019\/","name":"III Campus do Trasgo 2019 - IGFAE","isPartOf":{"@id":"https:\/\/igfae.usc.es\/~igfae-old\/#website"},"primaryImageOfPage":{"@id":"https:\/\/igfae.usc.es\/~igfae-old\/gl\/iii-campus-do-trasgo-2019\/#primaryimage"},"datePublished":"2019-06-13T13:39:43+00:00","dateModified":"2021-03-24T13:22:30+00:00","author":{"@id":"https:\/\/igfae.usc.es\/~igfae-old\/#\/schema\/person\/840f8ffb14ad0885a9e3d067fb261c00"},"breadcrumb":{"@id":"https:\/\/igfae.usc.es\/~igfae-old\/gl\/iii-campus-do-trasgo-2019\/#breadcrumb"},"inLanguage":"gl-ES","potentialAction":[{"@type":"ReadAction","target":["https:\/\/igfae.usc.es\/~igfae-old\/gl\/iii-campus-do-trasgo-2019\/"]}]},{"@type":"BreadcrumbList","@id":"https:\/\/igfae.usc.es\/~igfae-old\/gl\/iii-campus-do-trasgo-2019\/#breadcrumb","itemListElement":[{"@type":"ListItem","position":1,"name":"Home","item":"https:\/\/igfae.usc.es\/~igfae-old\/gl\/"},{"@type":"ListItem","position":2,"name":"III Campus do Trasgo 2019"}]},{"@type":"Person","@id":"https:\/\/igfae.usc.es\/~igfae-old\/#\/schema\/person\/840f8ffb14ad0885a9e3d067fb261c00","name":"Elena Mora Cuesta","url":"https:\/\/igfae.usc.es\/~igfae-old\/gl\/author\/elena-mora-cuesta\/"}]}},"_links":{"self":[{"href":"https:\/\/igfae.usc.es\/~igfae-old\/gl\/wp-json\/wp\/v2\/posts\/3282"}],"collection":[{"href":"https:\/\/igfae.usc.es\/~igfae-old\/gl\/wp-json\/wp\/v2\/posts"}],"about":[{"href":"https:\/\/igfae.usc.es\/~igfae-old\/gl\/wp-json\/wp\/v2\/types\/post"}],"author":[{"embeddable":true,"href":"https:\/\/igfae.usc.es\/~igfae-old\/gl\/wp-json\/wp\/v2\/users\/21"}],"replies":[{"embeddable":true,"href":"https:\/\/igfae.usc.es\/~igfae-old\/gl\/wp-json\/wp\/v2\/comments?post=3282"}],"version-history":[{"count":1,"href":"https:\/\/igfae.usc.es\/~igfae-old\/gl\/wp-json\/wp\/v2\/posts\/3282\/revisions"}],"predecessor-version":[{"id":3284,"href":"https:\/\/igfae.usc.es\/~igfae-old\/gl\/wp-json\/wp\/v2\/posts\/3282\/revisions\/3284"}],"wp:featuredmedia":[{"embeddable":true,"href":"https:\/\/igfae.usc.es\/~igfae-old\/gl\/wp-json\/wp\/v2\/media\/3172"}],"wp:attachment":[{"href":"https:\/\/igfae.usc.es\/~igfae-old\/gl\/wp-json\/wp\/v2\/media?parent=3282"}],"wp:term":[{"taxonomy":"category","embeddable":true,"href":"https:\/\/igfae.usc.es\/~igfae-old\/gl\/wp-json\/wp\/v2\/categories?post=3282"},{"taxonomy":"post_tag","embeddable":true,"href":"https:\/\/igfae.usc.es\/~igfae-old\/gl\/wp-json\/wp\/v2\/tags?post=3282"}],"curies":[{"name":"wp","href":"https:\/\/api.w.org\/{rel}","templated":true}]}}