



{"id":17375,"date":"2025-02-12T11:08:11","date_gmt":"2025-02-12T09:08:11","guid":{"rendered":"https:\/\/igfae.usc.es\/~igfae-old\/?p=17375"},"modified":"2025-02-12T15:15:53","modified_gmt":"2025-02-12T13:15:53","slug":"o-igfae-recibe-o-reconecemento-como-centro-da-rede-cigus","status":"publish","type":"post","link":"https:\/\/igfae.usc.es\/~igfae-old\/gl\/o-igfae-recibe-o-reconecemento-como-centro-da-rede-cigus\/","title":{"rendered":"O IGFAE recibe o reco\u00f1ecemento como centro da rede CIGUS"},"content":{"rendered":"<p>Unha ampla representaci\u00f3n do persoal do Instituto Galego de F\u00edsica de Altas Enerx\u00edas (IGFAE) asistiu este martes 11 de febreiro ao acto de reco\u00f1ecemento aos 10 centros de investigaci\u00f3n que conforman a rede CIGUS, celebrado no Museo da Cidade da Cultura de Galicia, en Santiago de Compostela. O director do IGFAE, Carlos Salgado, recolleu de mans do conselleiro de Educaci\u00f3n, Ciencia, Universidades e Formaci\u00f3n Profesional, Rom\u00e1n Rodr\u00edguez, a distinci\u00f3n que representa a pertenza a CIGUS, rede da que o IGFAE forma parte desde a primeira convocatoria, en 2019, e que acredita a calidade e impacto da investigaci\u00f3n realizada no Instituto.<\/p>\n<p><img loading=\"lazy\" class=\"alignright size-medium wp-image-17389\" src=\"https:\/\/igfae.usc.es\/~igfae-old\/wp-content\/uploads\/2025\/02\/discurso-carlos-salgado-cigus-300x212.jpg\" alt=\"\" width=\"300\" height=\"212\" srcset=\"https:\/\/igfae.usc.es\/~igfae-old\/wp-content\/uploads\/2025\/02\/discurso-carlos-salgado-cigus-300x212.jpg 300w, https:\/\/igfae.usc.es\/~igfae-old\/wp-content\/uploads\/2025\/02\/discurso-carlos-salgado-cigus-1024x723.jpg 1024w, https:\/\/igfae.usc.es\/~igfae-old\/wp-content\/uploads\/2025\/02\/discurso-carlos-salgado-cigus-768x543.jpg 768w, https:\/\/igfae.usc.es\/~igfae-old\/wp-content\/uploads\/2025\/02\/discurso-carlos-salgado-cigus.jpg 1356w\" sizes=\"(max-width: 300px) 100vw, 300px\" \/>Na s\u00faa intervenci\u00f3n, Carlos Salgado manifestou o seu agradecemento \u00e1 Xunta de Galicia \u00e9 \u00e1 Universidade de Santiago de Compostela, as\u00ed como ao persoal do centro. E incidiu na necesidade de alimentar o talento cient\u00edfico nos centros de investigaci\u00f3n, achegando &#8220;as condici\u00f3ns necesarias para identificar, formar e cultivar este talento&#8221;, con &#8220;recursos para contrataci\u00f3ns e infraestruturas, entre outras acci\u00f3ns&#8221;. Neste punto, aludiu \u00e1 rede CIGUS como &#8220;a base que permite que estas estruturas funcionen&#8221;, defin\u00edndoa como &#8220;un caso de \u00e9xito enorme, e un grande acerto da pol\u00edtica cient\u00edfica da \u00faltima d\u00e9cada, que ten que ser potenciada e complementada con outras medidas tanto de atracci\u00f3n de talento ao m\u00e1is alto nivel, como de infraestuturas, ademais de adaptar as normativas a un entorno da maxima competencia internacional&#8221;, conclu\u00edu.<\/p>\n<p>Os centros de investigaci\u00f3n que forman parte da Rede CIGUS son cinco pola Universidade de Santiago de Compostela, tres pola Universidade de Vigo e dous pola Universidade da Coru\u00f1a. Na USC, ademais do IGFAE, foron reco\u00f1ecidos o Centro Singular de Investigaci\u00f3n en Qu\u00edmica Biol\u00f3xica e Materiais Moleculares (CIQUS), o Centro Singular de Investigaci\u00f3n en Medicina Molecular e Enfermidades Cr\u00f3nicas (CIMUS), o Centro de Investigaci\u00f3n Singular en Tecnolox\u00edas Intelixentes (CITIUS) e o Centro de Investigaci\u00f3n Interdisciplinar en Tecnolox\u00edas Ambientais (CRETUS). Pola Universidade de Vigo, o Centro de Investigaci\u00f3n en Tecnolox\u00edas de Telecomunicaci\u00f3n (AtlanTTic), o Centro de Investigaci\u00f3n en Nanomateriais e Biomedicina (CINBIO) e o Centro de Investigaci\u00f3n Mari\u00f1a (CIM). E pola Universidade da Coru\u00f1a, o Centro de Investigaci\u00f3n en Tecnolox\u00edas da Informaci\u00f3n e as Comunicaci\u00f3ns (CITIC) e o Centro de Investigaci\u00f3ns Cient\u00edficas Avanzadas (CICA).<\/p>\n<div id=\"attachment_17379\" style=\"width: 1034px\" class=\"wp-caption aligncenter\"><img aria-describedby=\"caption-attachment-17379\" loading=\"lazy\" class=\"wp-image-17379 size-large\" src=\"https:\/\/igfae.usc.es\/~igfae-old\/wp-content\/uploads\/2025\/02\/CIGUS-igae-1024x683.jpg\" alt=\"Representantes dos 10 centros da rede CIGUS, as universidades galegas e a Xunta. Foto: Xunta de Galicia.\" width=\"1024\" height=\"683\" srcset=\"https:\/\/igfae.usc.es\/~igfae-old\/wp-content\/uploads\/2025\/02\/CIGUS-igae-1024x683.jpg 1024w, https:\/\/igfae.usc.es\/~igfae-old\/wp-content\/uploads\/2025\/02\/CIGUS-igae-300x200.jpg 300w, https:\/\/igfae.usc.es\/~igfae-old\/wp-content\/uploads\/2025\/02\/CIGUS-igae-768x512.jpg 768w, https:\/\/igfae.usc.es\/~igfae-old\/wp-content\/uploads\/2025\/02\/CIGUS-igae-600x400.jpg 600w, https:\/\/igfae.usc.es\/~igfae-old\/wp-content\/uploads\/2025\/02\/CIGUS-igae.jpg 1500w\" sizes=\"(max-width: 1024px) 100vw, 1024px\" \/><p id=\"caption-attachment-17379\" class=\"wp-caption-text\">Representantes dos 10 centros da rede CIGUS, as universidades galegas e a Xunta. Foto: Xunta de Galicia.<\/p><\/div>\n<h5><strong>Impulso para o plan estrat\u00e9xico dos vindeiros anos<\/strong><\/h5>\n<p>A acreditaci\u00f3n da rede CIGUS supor\u00e1 para o IGFAE un financiamento de preto de tres mill\u00f3ns de euros ata o ano 2027, o que permitir\u00e1 consolidar durante os vindeiros anos o plan estrat\u00e9xico do Instituto. Para acadar este reco\u00f1ecemento, o Instituto superou a avaliaci\u00f3n dun comit\u00e9 externo, que valorou moi positivamente o traballo do IGFAE en aspectos como a gobernanza, a estrutura, a calidade cient\u00edfica e a transferencia de resultados \u00e1 sociedade.<\/p>\n<p>A distinci\u00f3n auton\u00f3mica s\u00famase, deste xeito, \u00e1 <a href=\"https:\/\/igfae.usc.es\/~igfae-old\/gl\/o-igfae-acreditado-como-unidade-de-excelencia-maria-de-maeztu\/\" target=\"_blank\" rel=\"noopener\">acreditaci\u00f3n como Unidade de Excelencia Mar\u00eda de Maeztu<\/a>, que outorga a Axencia Estatal de Investigaci\u00f3n, acadada polo IGFAE en 2017 e 2024. Ata o momento, \u00e9 o \u00fanico centro de Galicia reco\u00f1ecido con este prestixioso reco\u00f1ecemento, que achegar\u00e1 <strong>2,6 mill\u00f3ns de euros<\/strong> durante os vindeiros anos, impulsando unha nova etapa na transformaci\u00f3n do Instituto. Desde o primeiro selo, outorgado en 2017, o IGFAE viviu unha profunda transformaci\u00f3n que impulsou o crecemento do centro, tanto na s\u00faa organizaci\u00f3n como na estrutura e rendemento cient\u00edfico.<\/p>\n<p><img loading=\"lazy\" class=\"aligncenter wp-image-17382 size-large\" src=\"https:\/\/igfae.usc.es\/~igfae-old\/wp-content\/uploads\/2025\/02\/2CIGUS-1024x655.jpg\" alt=\"\" width=\"1024\" height=\"655\" srcset=\"https:\/\/igfae.usc.es\/~igfae-old\/wp-content\/uploads\/2025\/02\/2CIGUS-1024x655.jpg 1024w, https:\/\/igfae.usc.es\/~igfae-old\/wp-content\/uploads\/2025\/02\/2CIGUS-300x192.jpg 300w, https:\/\/igfae.usc.es\/~igfae-old\/wp-content\/uploads\/2025\/02\/2CIGUS-768x492.jpg 768w, https:\/\/igfae.usc.es\/~igfae-old\/wp-content\/uploads\/2025\/02\/2CIGUS-1536x983.jpg 1536w, https:\/\/igfae.usc.es\/~igfae-old\/wp-content\/uploads\/2025\/02\/2CIGUS.jpg 2000w\" sizes=\"(max-width: 1024px) 100vw, 1024px\" \/><\/p>\n<p>Ambos reco\u00f1ecementos de excelencia vi\u00f1eron tam\u00e9n acompa\u00f1ados da construci\u00f3n da nova sede do IGFAE. Neste primeiro terzo de 2025 completarase o traslado do persoal \u00e1s dependencias situadas no edificio Monte da Condesa, coas que o Instituto aumentar\u00e1 nun 70% a s\u00faa superficie actual, incorporando novos laboratorios experimentais, espazos com\u00fans de traballo e \u00e1reas destinadas \u00e1s actividades de divulgaci\u00f3n.<\/p>\n<h5><strong>Sobre o IGFAE<\/strong><\/h5>\n<p>O IGFAE, centro mixto da Universidade de Santiago de Compostela e a Xunta de Galicia, naceu en 1999 co obxectivo principal de coordinar e fomentar a investigaci\u00f3n cient\u00edfica e t\u00e9cnica no campo da F\u00edsica de Part\u00edculas, Astropart\u00edculas e Nuclear, e \u00e1reas relacionadas. Un dos piares da s\u00faa s\u00f3lida traxectoria as\u00e9ntase na participaci\u00f3n en infraestruturas internacionais como o CERN, GSI \/ FAIR, GANIL, o Observatorio Pierre Auger, LIGO, NEXT, DUNE ou HyperK. Est\u00e1 formado actualmente por un equipo dunhas 140 persoas, entre persoal cient\u00edfico, t\u00e9cnico e de xesti\u00f3n.<\/p>\n","protected":false},"excerpt":{"rendered":"<p>Unha ampla representaci\u00f3n do persoal do Instituto Galego de F\u00edsica de Altas Enerx\u00edas (IGFAE) asistiu este martes 11 de febreiro ao&#8230;<\/p>\n","protected":false},"author":123489,"featured_media":17376,"comment_status":"closed","ping_status":"closed","sticky":false,"template":"","format":"standard","meta":{"om_disable_all_campaigns":false,"_monsterinsights_skip_tracking":false,"_monsterinsights_sitenote_active":false,"_monsterinsights_sitenote_note":"","_monsterinsights_sitenote_category":0},"categories":[116],"tags":[],"aioseo_notices":[],"yoast_head":"<!-- This site is optimized with the Yoast SEO plugin v18.4.1 - https:\/\/yoast.com\/wordpress\/plugins\/seo\/ -->\n<title>O IGFAE recibe o reco\u00f1ecemento como centro da rede CIGUS<\/title>\n<meta name=\"robots\" content=\"index, follow, max-snippet:-1, max-image-preview:large, max-video-preview:-1\" \/>\n<link rel=\"canonical\" href=\"https:\/\/igfae.usc.es\/~igfae-old\/gl\/o-igfae-recibe-o-reconecemento-como-centro-da-rede-cigus\/\" \/>\n<meta property=\"og:locale\" content=\"gl_ES\" \/>\n<meta property=\"og:type\" content=\"article\" \/>\n<meta property=\"og:title\" content=\"O IGFAE recibe o reco\u00f1ecemento como centro da rede CIGUS\" \/>\n<meta property=\"og:description\" content=\"Unha ampla representaci\u00f3n do persoal do Instituto Galego de F\u00edsica de Altas Enerx\u00edas (IGFAE) asistiu este martes 11 de febreiro ao...\" \/>\n<meta property=\"og:url\" content=\"https:\/\/igfae.usc.es\/~igfae-old\/gl\/o-igfae-recibe-o-reconecemento-como-centro-da-rede-cigus\/\" \/>\n<meta property=\"og:site_name\" content=\"IGFAE\" \/>\n<meta property=\"article:published_time\" content=\"2025-02-12T09:08:11+00:00\" \/>\n<meta property=\"article:modified_time\" content=\"2025-02-12T13:15:53+00:00\" \/>\n<meta property=\"og:image\" content=\"https:\/\/igfae.usc.es\/~igfae-old\/wp-content\/uploads\/2025\/02\/CIGUS_IGFAE.jpg\" \/>\n\t<meta property=\"og:image:width\" content=\"2048\" \/>\n\t<meta property=\"og:image:height\" content=\"1365\" \/>\n\t<meta property=\"og:image:type\" content=\"image\/jpeg\" \/>\n<meta name=\"twitter:card\" content=\"summary_large_image\" \/>\n<meta name=\"twitter:creator\" content=\"@igfae_hep\" \/>\n<meta name=\"twitter:site\" content=\"@igfae_hep\" \/>\n<meta name=\"twitter:label1\" content=\"Escrito por\" \/>\n\t<meta name=\"twitter:data1\" content=\"Manuel\" \/>\n\t<meta name=\"twitter:label2\" content=\"Tempo de lectura\" \/>\n\t<meta name=\"twitter:data2\" content=\"4 minutos\" \/>\n<script type=\"application\/ld+json\" class=\"yoast-schema-graph\">{\"@context\":\"https:\/\/schema.org\",\"@graph\":[{\"@type\":\"WebSite\",\"@id\":\"https:\/\/igfae.usc.es\/~igfae-old\/#website\",\"url\":\"https:\/\/igfae.usc.es\/~igfae-old\/\",\"name\":\"IGFAE\",\"description\":\"Instituto Galego de F\u00edsica de Altas Enerx\u00edas\",\"potentialAction\":[{\"@type\":\"SearchAction\",\"target\":{\"@type\":\"EntryPoint\",\"urlTemplate\":\"https:\/\/igfae.usc.es\/~igfae-old\/?s={search_term_string}\"},\"query-input\":\"required name=search_term_string\"}],\"inLanguage\":\"gl-ES\"},{\"@type\":\"ImageObject\",\"@id\":\"https:\/\/igfae.usc.es\/~igfae-old\/gl\/o-igfae-recibe-o-reconecemento-como-centro-da-rede-cigus\/#primaryimage\",\"inLanguage\":\"gl-ES\",\"url\":\"https:\/\/igfae.usc.es\/~igfae-old\/wp-content\/uploads\/2025\/02\/CIGUS_IGFAE.jpg\",\"contentUrl\":\"https:\/\/igfae.usc.es\/~igfae-old\/wp-content\/uploads\/2025\/02\/CIGUS_IGFAE.jpg\",\"width\":2048,\"height\":1365,\"caption\":\"O conselleiro de Educaci\u00f3n, Ciencia, Universidades e Formaci\u00f3n Profesional, Rom\u00e1n Rodr\u00edguez, entrega o reco\u00f1ecemento CIGUS a Carlos Salgado, director do IGFAE. Foto: Xunta de Galicia.\"},{\"@type\":\"WebPage\",\"@id\":\"https:\/\/igfae.usc.es\/~igfae-old\/gl\/o-igfae-recibe-o-reconecemento-como-centro-da-rede-cigus\/#webpage\",\"url\":\"https:\/\/igfae.usc.es\/~igfae-old\/gl\/o-igfae-recibe-o-reconecemento-como-centro-da-rede-cigus\/\",\"name\":\"O IGFAE recibe o reco\u00f1ecemento como centro da rede CIGUS\",\"isPartOf\":{\"@id\":\"https:\/\/igfae.usc.es\/~igfae-old\/#website\"},\"primaryImageOfPage\":{\"@id\":\"https:\/\/igfae.usc.es\/~igfae-old\/gl\/o-igfae-recibe-o-reconecemento-como-centro-da-rede-cigus\/#primaryimage\"},\"datePublished\":\"2025-02-12T09:08:11+00:00\",\"dateModified\":\"2025-02-12T13:15:53+00:00\",\"author\":{\"@id\":\"https:\/\/igfae.usc.es\/~igfae-old\/#\/schema\/person\/95ba3b99e9df13cbdcc7bc968b26079f\"},\"breadcrumb\":{\"@id\":\"https:\/\/igfae.usc.es\/~igfae-old\/gl\/o-igfae-recibe-o-reconecemento-como-centro-da-rede-cigus\/#breadcrumb\"},\"inLanguage\":\"gl-ES\",\"potentialAction\":[{\"@type\":\"ReadAction\",\"target\":[\"https:\/\/igfae.usc.es\/~igfae-old\/gl\/o-igfae-recibe-o-reconecemento-como-centro-da-rede-cigus\/\"]}]},{\"@type\":\"BreadcrumbList\",\"@id\":\"https:\/\/igfae.usc.es\/~igfae-old\/gl\/o-igfae-recibe-o-reconecemento-como-centro-da-rede-cigus\/#breadcrumb\",\"itemListElement\":[{\"@type\":\"ListItem\",\"position\":1,\"name\":\"Home\",\"item\":\"https:\/\/igfae.usc.es\/~igfae-old\/gl\/\"},{\"@type\":\"ListItem\",\"position\":2,\"name\":\"O IGFAE recibe o reco\u00f1ecemento como centro da rede CIGUS\"}]},{\"@type\":\"Person\",\"@id\":\"https:\/\/igfae.usc.es\/~igfae-old\/#\/schema\/person\/95ba3b99e9df13cbdcc7bc968b26079f\",\"name\":\"Manuel\",\"url\":\"https:\/\/igfae.usc.es\/~igfae-old\/gl\/author\/manuelrey-pan\/\"}]}<\/script>\n<!-- \/ Yoast SEO plugin. -->","yoast_head_json":{"title":"O IGFAE recibe o reco\u00f1ecemento como centro da rede CIGUS","robots":{"index":"index","follow":"follow","max-snippet":"max-snippet:-1","max-image-preview":"max-image-preview:large","max-video-preview":"max-video-preview:-1"},"canonical":"https:\/\/igfae.usc.es\/~igfae-old\/gl\/o-igfae-recibe-o-reconecemento-como-centro-da-rede-cigus\/","og_locale":"gl_ES","og_type":"article","og_title":"O IGFAE recibe o reco\u00f1ecemento como centro da rede CIGUS","og_description":"Unha ampla representaci\u00f3n do persoal do Instituto Galego de F\u00edsica de Altas Enerx\u00edas (IGFAE) asistiu este martes 11 de febreiro ao...","og_url":"https:\/\/igfae.usc.es\/~igfae-old\/gl\/o-igfae-recibe-o-reconecemento-como-centro-da-rede-cigus\/","og_site_name":"IGFAE","article_published_time":"2025-02-12T09:08:11+00:00","article_modified_time":"2025-02-12T13:15:53+00:00","og_image":[{"width":2048,"height":1365,"url":"https:\/\/igfae.usc.es\/~igfae-old\/wp-content\/uploads\/2025\/02\/CIGUS_IGFAE.jpg","type":"image\/jpeg"}],"twitter_card":"summary_large_image","twitter_creator":"@igfae_hep","twitter_site":"@igfae_hep","twitter_misc":{"Escrito por":"Manuel","Tempo de lectura":"4 minutos"},"schema":{"@context":"https:\/\/schema.org","@graph":[{"@type":"WebSite","@id":"https:\/\/igfae.usc.es\/~igfae-old\/#website","url":"https:\/\/igfae.usc.es\/~igfae-old\/","name":"IGFAE","description":"Instituto Galego de F\u00edsica de Altas Enerx\u00edas","potentialAction":[{"@type":"SearchAction","target":{"@type":"EntryPoint","urlTemplate":"https:\/\/igfae.usc.es\/~igfae-old\/?s={search_term_string}"},"query-input":"required name=search_term_string"}],"inLanguage":"gl-ES"},{"@type":"ImageObject","@id":"https:\/\/igfae.usc.es\/~igfae-old\/gl\/o-igfae-recibe-o-reconecemento-como-centro-da-rede-cigus\/#primaryimage","inLanguage":"gl-ES","url":"https:\/\/igfae.usc.es\/~igfae-old\/wp-content\/uploads\/2025\/02\/CIGUS_IGFAE.jpg","contentUrl":"https:\/\/igfae.usc.es\/~igfae-old\/wp-content\/uploads\/2025\/02\/CIGUS_IGFAE.jpg","width":2048,"height":1365,"caption":"O conselleiro de Educaci\u00f3n, Ciencia, Universidades e Formaci\u00f3n Profesional, Rom\u00e1n Rodr\u00edguez, entrega o reco\u00f1ecemento CIGUS a Carlos Salgado, director do IGFAE. Foto: Xunta de Galicia."},{"@type":"WebPage","@id":"https:\/\/igfae.usc.es\/~igfae-old\/gl\/o-igfae-recibe-o-reconecemento-como-centro-da-rede-cigus\/#webpage","url":"https:\/\/igfae.usc.es\/~igfae-old\/gl\/o-igfae-recibe-o-reconecemento-como-centro-da-rede-cigus\/","name":"O IGFAE recibe o reco\u00f1ecemento como centro da rede CIGUS","isPartOf":{"@id":"https:\/\/igfae.usc.es\/~igfae-old\/#website"},"primaryImageOfPage":{"@id":"https:\/\/igfae.usc.es\/~igfae-old\/gl\/o-igfae-recibe-o-reconecemento-como-centro-da-rede-cigus\/#primaryimage"},"datePublished":"2025-02-12T09:08:11+00:00","dateModified":"2025-02-12T13:15:53+00:00","author":{"@id":"https:\/\/igfae.usc.es\/~igfae-old\/#\/schema\/person\/95ba3b99e9df13cbdcc7bc968b26079f"},"breadcrumb":{"@id":"https:\/\/igfae.usc.es\/~igfae-old\/gl\/o-igfae-recibe-o-reconecemento-como-centro-da-rede-cigus\/#breadcrumb"},"inLanguage":"gl-ES","potentialAction":[{"@type":"ReadAction","target":["https:\/\/igfae.usc.es\/~igfae-old\/gl\/o-igfae-recibe-o-reconecemento-como-centro-da-rede-cigus\/"]}]},{"@type":"BreadcrumbList","@id":"https:\/\/igfae.usc.es\/~igfae-old\/gl\/o-igfae-recibe-o-reconecemento-como-centro-da-rede-cigus\/#breadcrumb","itemListElement":[{"@type":"ListItem","position":1,"name":"Home","item":"https:\/\/igfae.usc.es\/~igfae-old\/gl\/"},{"@type":"ListItem","position":2,"name":"O IGFAE recibe o reco\u00f1ecemento como centro da rede CIGUS"}]},{"@type":"Person","@id":"https:\/\/igfae.usc.es\/~igfae-old\/#\/schema\/person\/95ba3b99e9df13cbdcc7bc968b26079f","name":"Manuel","url":"https:\/\/igfae.usc.es\/~igfae-old\/gl\/author\/manuelrey-pan\/"}]}},"_links":{"self":[{"href":"https:\/\/igfae.usc.es\/~igfae-old\/gl\/wp-json\/wp\/v2\/posts\/17375"}],"collection":[{"href":"https:\/\/igfae.usc.es\/~igfae-old\/gl\/wp-json\/wp\/v2\/posts"}],"about":[{"href":"https:\/\/igfae.usc.es\/~igfae-old\/gl\/wp-json\/wp\/v2\/types\/post"}],"author":[{"embeddable":true,"href":"https:\/\/igfae.usc.es\/~igfae-old\/gl\/wp-json\/wp\/v2\/users\/123489"}],"replies":[{"embeddable":true,"href":"https:\/\/igfae.usc.es\/~igfae-old\/gl\/wp-json\/wp\/v2\/comments?post=17375"}],"version-history":[{"count":6,"href":"https:\/\/igfae.usc.es\/~igfae-old\/gl\/wp-json\/wp\/v2\/posts\/17375\/revisions"}],"predecessor-version":[{"id":17397,"href":"https:\/\/igfae.usc.es\/~igfae-old\/gl\/wp-json\/wp\/v2\/posts\/17375\/revisions\/17397"}],"wp:featuredmedia":[{"embeddable":true,"href":"https:\/\/igfae.usc.es\/~igfae-old\/gl\/wp-json\/wp\/v2\/media\/17376"}],"wp:attachment":[{"href":"https:\/\/igfae.usc.es\/~igfae-old\/gl\/wp-json\/wp\/v2\/media?parent=17375"}],"wp:term":[{"taxonomy":"category","embeddable":true,"href":"https:\/\/igfae.usc.es\/~igfae-old\/gl\/wp-json\/wp\/v2\/categories?post=17375"},{"taxonomy":"post_tag","embeddable":true,"href":"https:\/\/igfae.usc.es\/~igfae-old\/gl\/wp-json\/wp\/v2\/tags?post=17375"}],"curies":[{"name":"wp","href":"https:\/\/api.w.org\/{rel}","templated":true}]}}