



{"id":16191,"date":"2024-09-06T09:27:21","date_gmt":"2024-09-06T07:27:21","guid":{"rendered":"https:\/\/igfae.usc.es\/~igfae-old\/?p=16191"},"modified":"2024-09-06T11:16:59","modified_gmt":"2024-09-06T09:16:59","slug":"maria-de-maeztu-2024","status":"publish","type":"post","link":"https:\/\/igfae.usc.es\/~igfae-old\/gl\/maria-de-maeztu-2024\/","title":{"rendered":"O selo de excelencia Mar\u00eda de Maeztu consolida a proxecci\u00f3n internacional do IGFAE"},"content":{"rendered":"<p>O director do Instituto Galego de F\u00edsica de Altas Enerx\u00edas (IGFAE), Carlos Salgado, recolleu este xoves a acreditaci\u00f3n de excelencia Mar\u00eda de Maeztu, que outorga a Axencia Estatal de Investigaci\u00f3n. O selo reafirma o labor cient\u00edfico deste centro mixto da Universidade de Santiago de Compostela e a Xunta de Galicia, creado en 1999, que ata o momento \u00e9 o \u00fanico galego en acadar esta distinci\u00f3n.<\/p>\n<p>Con este reco\u00f1ecemento, froito dunha rigorosa avaliaci\u00f3n, o IGFAE <a href=\"https:\/\/igfae.usc.es\/~igfae-old\/gl\/o-igfae-acreditado-como-unidade-de-excelencia-maria-de-maeztu\/\" target=\"_blank\" rel=\"noopener\">ve consolidada a s\u00faa proxecci\u00f3n global no campo da f\u00edsica de part\u00edculas, astropart\u00edculas e nuclear, tanto na vertente te\u00f3rica como experimental.<\/a> O seu persoal conta cunha longa bagaxe, asumindo importantes responsabilidades, nalgunhas das m\u00e1is grandes instalaci\u00f3ns cient\u00edficas do mundo, como a Organizaci\u00f3n Europea de Investigaci\u00f3n Nuclear (CERN), o observatorio de raios c\u00f3smicos Pierre Auger, a rede LIGO de ondas gravitacionais, as instalaci\u00f3ns de f\u00edsica nuclear GSI-FAIR ou GANIL, e os experimentos de neutrinos NEXT e DUNE.<\/p>\n<p>Nun acto celebrado no CaixaForum de Madrid, Carlos Salgado recibiu a acreditaci\u00f3n de mans da ministra de Ciencia, Innovaci\u00f3n e Universidades, Diana Morant, e o secretario de Estado do Ministerio, Juan Cruz Cigudosa. Tam\u00e9n acudiron \u00e1 cerimonia de entrega o director adxunto do IGFAE, Abraham Gallas, e o xerente da USC, Javier Ferreira.<\/p>\n<p>O selo Mar\u00eda de Maeztu, que sup\u00f3n un financiamento de 2,6 mill\u00f3ns de euros, permitir\u00e1 desenvolver o plan estrat\u00e9xico do IGFAE para os vindeiros anos, con acento na maior implicaci\u00f3n en experimentos internacionais, a formaci\u00f3n de persoal investigador, a captaci\u00f3n de talento e a reduci\u00f3n da fenda de x\u00e9nero.<\/p>\n<p>\u201cA primeira acreditaci\u00f3n supuxo unha profunda transformaci\u00f3n para o IGFAE: practicamente duplicamos o noso cadro de persoal, abrimos novas li\u00f1as de investigaci\u00f3n e sentamos as bases dunha estrutura que agora queremos consolidar\u201d, resume Carlos Salgado.<\/p>\n<p><img loading=\"lazy\" class=\"alignright size-full wp-image-15332\" src=\"https:\/\/igfae.usc.es\/~igfae-old\/wp-content\/uploads\/2024\/03\/IGFAE-Equipo-07_2023.jpg\" alt=\"\" width=\"999\" height=\"572\" srcset=\"https:\/\/igfae.usc.es\/~igfae-old\/wp-content\/uploads\/2024\/03\/IGFAE-Equipo-07_2023.jpg 999w, https:\/\/igfae.usc.es\/~igfae-old\/wp-content\/uploads\/2024\/03\/IGFAE-Equipo-07_2023-300x172.jpg 300w, https:\/\/igfae.usc.es\/~igfae-old\/wp-content\/uploads\/2024\/03\/IGFAE-Equipo-07_2023-768x440.jpg 768w\" sizes=\"(max-width: 999px) 100vw, 999px\" \/><\/p>\n<h5><strong>2024, un ano clave para o IGFAE<\/strong><\/h5>\n<p>Esta distinci\u00f3n de excelencia chega nun 2024 cheo de fitos para o futuro do Instituto. En maio, <a href=\"https:\/\/igfae.usc.es\/~igfae-old\/gl\/o-igfae-renova-a-sua-presenza-na-rede-galega-de-centros-de-investigacion-de-excelencia\/\" target=\"_blank\" rel=\"noopener\">o IGFAE renovou tam\u00e9n a s\u00faa presenza na Rede de Centros de Investigaci\u00f3n Universitaria de Galicia,<\/a> o que supor\u00e1 un financiamento de arredor de m\u00e1is de tres mill\u00f3ns ata o ano 2027. Este dobre reco\u00f1ecemento auton\u00f3mico e estatal permitir\u00e1 o financiamento de numerosos contratos de doutoramento e asegurar\u00e1 a continuidade das li\u00f1as estrat\u00e9xicas de investigaci\u00f3n do centro, coa adquisici\u00f3n de equipamento e infraestruturas esenciais para reafirmar o posicionamento internacional do IGFAE.<\/p>\n<p>Nos \u00faltimos meses deste 2024 est\u00e1 prevista a finalizaci\u00f3n das obras da nova sede, financiada pola Xunta de Galicia, cun investimento de preto de cinco mill\u00f3ns de euros. Actualmente, o persoal do Instituto xa traballa na \u00e1rea da ampliaci\u00f3n. Unha vez acabadas as obras, o centro ampliar\u00e1 un 70% a s\u00faa superficie previa. Coa nova sede a pleno rendemento, o Instituto contar\u00e1 con novos e m\u00e1is grandes laboratorios experimentais, espazos com\u00fans de traballo e \u00e1reas abertas ao p\u00fablico, destinadas \u00e1s actividades de divulgaci\u00f3n.<\/p>\n<p>Neste marco, o IGFAE est\u00e1 a conmemorar o seu 25\u00ba aniversario cunha amplo programa de actividades abertas ao p\u00fablico. Con elas pret\u00e9ndese achegar \u00e1 sociedade o labor cient\u00edfico que desenvolve o centro, fomentando a reflexi\u00f3n sobre o impacto social e cultural das s\u00faas investigaci\u00f3ns a trav\u00e9s de exposici\u00f3ns, concertos, eventos de divulgaci\u00f3n e diversas iniciativas dirixidas \u00e1 comunidade educativa. \u201cQueremos ser un centro moito m\u00e1is internacional, moito m\u00e1is aberto, e que a sociedade nos poida ver desde diferentes puntos de vista\u201d, apunta o director do centro.<\/p>\n<h5><strong>Sobre a alianza SOMMa<\/strong><\/h5>\n<p>A alianza de centros Severo Ochoa e unidades Mar\u00eda de Maeztu (SOMMa) est\u00e1 composta por algo m\u00e1is de 60 centros, nos que se desenvolve ciencia de vangarda en todas as ramas do co\u00f1ecemento. A concesi\u00f3n deste selo de excelencia ac\u00e1dase despois dunha avaliaci\u00f3n independente por parte dun comit\u00e9 internacional de gran prestixio cient\u00edfico.<\/p>\n<p>Este reco\u00f1ecemento da Axencia Estatal de Investigaci\u00f3n ten unha vixencia de seis anos, e resulta fundamental para o labor destes centros. A pertenza a SOMMa ofrece as condici\u00f3ns axeitadas para atraer e formar talento cient\u00edfico e promover unha investigaci\u00f3n punteira, baixo os principios da excelencia, a integridade, a avaliaci\u00f3n externa, competitividade e colaboraci\u00f3n internacional.<\/p>\n","protected":false},"excerpt":{"rendered":"<p>O director do Instituto Galego de F\u00edsica de Altas Enerx\u00edas (IGFAE), Carlos Salgado, recolleu este xoves a acreditaci\u00f3n de excelencia Mar\u00eda&#8230;<\/p>\n","protected":false},"author":123489,"featured_media":16186,"comment_status":"closed","ping_status":"closed","sticky":false,"template":"","format":"standard","meta":{"om_disable_all_campaigns":false,"_monsterinsights_skip_tracking":false,"_monsterinsights_sitenote_active":false,"_monsterinsights_sitenote_note":"","_monsterinsights_sitenote_category":0},"categories":[116],"tags":[],"aioseo_notices":[],"yoast_head":"<!-- This site is optimized with the Yoast SEO plugin v18.4.1 - https:\/\/yoast.com\/wordpress\/plugins\/seo\/ -->\n<title>O selo de excelencia Mar\u00eda de Maeztu consolida a proxecci\u00f3n internacional do IGFAE<\/title>\n<meta name=\"description\" content=\"O selo de excelencia Mar\u00eda de Maeztu consolida a proxecci\u00f3n internacional do IGFAE\" \/>\n<meta name=\"robots\" content=\"index, follow, max-snippet:-1, max-image-preview:large, max-video-preview:-1\" \/>\n<link rel=\"canonical\" href=\"https:\/\/igfae.usc.es\/~igfae-old\/gl\/maria-de-maeztu-2024\/\" \/>\n<meta property=\"og:locale\" content=\"gl_ES\" \/>\n<meta property=\"og:type\" content=\"article\" \/>\n<meta property=\"og:title\" content=\"O selo de excelencia Mar\u00eda de Maeztu consolida a proxecci\u00f3n internacional do IGFAE\" \/>\n<meta property=\"og:description\" content=\"O selo de excelencia Mar\u00eda de Maeztu consolida a proxecci\u00f3n internacional do IGFAE\" \/>\n<meta property=\"og:url\" content=\"https:\/\/igfae.usc.es\/~igfae-old\/gl\/maria-de-maeztu-2024\/\" \/>\n<meta property=\"og:site_name\" content=\"IGFAE\" \/>\n<meta property=\"article:published_time\" content=\"2024-09-06T07:27:21+00:00\" \/>\n<meta property=\"article:modified_time\" content=\"2024-09-06T09:16:59+00:00\" \/>\n<meta property=\"og:image\" content=\"https:\/\/igfae.usc.es\/~igfae-old\/wp-content\/uploads\/2024\/09\/IGFAE-MdM.png\" \/>\n\t<meta property=\"og:image:width\" content=\"1665\" \/>\n\t<meta property=\"og:image:height\" content=\"1049\" \/>\n\t<meta property=\"og:image:type\" content=\"image\/png\" \/>\n<meta name=\"twitter:card\" content=\"summary_large_image\" \/>\n<meta name=\"twitter:creator\" content=\"@igfae_hep\" \/>\n<meta name=\"twitter:site\" content=\"@igfae_hep\" \/>\n<meta name=\"twitter:label1\" content=\"Escrito por\" \/>\n\t<meta name=\"twitter:data1\" content=\"Manuel\" \/>\n\t<meta name=\"twitter:label2\" content=\"Tempo de lectura\" \/>\n\t<meta name=\"twitter:data2\" content=\"3 minutos\" \/>\n<script type=\"application\/ld+json\" class=\"yoast-schema-graph\">{\"@context\":\"https:\/\/schema.org\",\"@graph\":[{\"@type\":\"WebSite\",\"@id\":\"https:\/\/igfae.usc.es\/~igfae-old\/#website\",\"url\":\"https:\/\/igfae.usc.es\/~igfae-old\/\",\"name\":\"IGFAE\",\"description\":\"Instituto Galego de F\u00edsica de Altas Enerx\u00edas\",\"potentialAction\":[{\"@type\":\"SearchAction\",\"target\":{\"@type\":\"EntryPoint\",\"urlTemplate\":\"https:\/\/igfae.usc.es\/~igfae-old\/?s={search_term_string}\"},\"query-input\":\"required name=search_term_string\"}],\"inLanguage\":\"gl-ES\"},{\"@type\":\"ImageObject\",\"@id\":\"https:\/\/igfae.usc.es\/~igfae-old\/gl\/maria-de-maeztu-2024\/#primaryimage\",\"inLanguage\":\"gl-ES\",\"url\":\"https:\/\/igfae.usc.es\/~igfae-old\/wp-content\/uploads\/2024\/09\/IGFAE-MdM.png\",\"contentUrl\":\"https:\/\/igfae.usc.es\/~igfae-old\/wp-content\/uploads\/2024\/09\/IGFAE-MdM.png\",\"width\":1665,\"height\":1049},{\"@type\":\"WebPage\",\"@id\":\"https:\/\/igfae.usc.es\/~igfae-old\/gl\/maria-de-maeztu-2024\/#webpage\",\"url\":\"https:\/\/igfae.usc.es\/~igfae-old\/gl\/maria-de-maeztu-2024\/\",\"name\":\"O selo de excelencia Mar\u00eda de Maeztu consolida a proxecci\u00f3n internacional do IGFAE\",\"isPartOf\":{\"@id\":\"https:\/\/igfae.usc.es\/~igfae-old\/#website\"},\"primaryImageOfPage\":{\"@id\":\"https:\/\/igfae.usc.es\/~igfae-old\/gl\/maria-de-maeztu-2024\/#primaryimage\"},\"datePublished\":\"2024-09-06T07:27:21+00:00\",\"dateModified\":\"2024-09-06T09:16:59+00:00\",\"author\":{\"@id\":\"https:\/\/igfae.usc.es\/~igfae-old\/#\/schema\/person\/95ba3b99e9df13cbdcc7bc968b26079f\"},\"description\":\"O selo de excelencia Mar\u00eda de Maeztu consolida a proxecci\u00f3n internacional do IGFAE\",\"breadcrumb\":{\"@id\":\"https:\/\/igfae.usc.es\/~igfae-old\/gl\/maria-de-maeztu-2024\/#breadcrumb\"},\"inLanguage\":\"gl-ES\",\"potentialAction\":[{\"@type\":\"ReadAction\",\"target\":[\"https:\/\/igfae.usc.es\/~igfae-old\/gl\/maria-de-maeztu-2024\/\"]}]},{\"@type\":\"BreadcrumbList\",\"@id\":\"https:\/\/igfae.usc.es\/~igfae-old\/gl\/maria-de-maeztu-2024\/#breadcrumb\",\"itemListElement\":[{\"@type\":\"ListItem\",\"position\":1,\"name\":\"Home\",\"item\":\"https:\/\/igfae.usc.es\/~igfae-old\/gl\/\"},{\"@type\":\"ListItem\",\"position\":2,\"name\":\"O selo de excelencia Mar\u00eda de Maeztu consolida a proxecci\u00f3n internacional do IGFAE\"}]},{\"@type\":\"Person\",\"@id\":\"https:\/\/igfae.usc.es\/~igfae-old\/#\/schema\/person\/95ba3b99e9df13cbdcc7bc968b26079f\",\"name\":\"Manuel\",\"url\":\"https:\/\/igfae.usc.es\/~igfae-old\/gl\/author\/manuelrey-pan\/\"}]}<\/script>\n<!-- \/ Yoast SEO plugin. -->","yoast_head_json":{"title":"O selo de excelencia Mar\u00eda de Maeztu consolida a proxecci\u00f3n internacional do IGFAE","description":"O selo de excelencia Mar\u00eda de Maeztu consolida a proxecci\u00f3n internacional do IGFAE","robots":{"index":"index","follow":"follow","max-snippet":"max-snippet:-1","max-image-preview":"max-image-preview:large","max-video-preview":"max-video-preview:-1"},"canonical":"https:\/\/igfae.usc.es\/~igfae-old\/gl\/maria-de-maeztu-2024\/","og_locale":"gl_ES","og_type":"article","og_title":"O selo de excelencia Mar\u00eda de Maeztu consolida a proxecci\u00f3n internacional do IGFAE","og_description":"O selo de excelencia Mar\u00eda de Maeztu consolida a proxecci\u00f3n internacional do IGFAE","og_url":"https:\/\/igfae.usc.es\/~igfae-old\/gl\/maria-de-maeztu-2024\/","og_site_name":"IGFAE","article_published_time":"2024-09-06T07:27:21+00:00","article_modified_time":"2024-09-06T09:16:59+00:00","og_image":[{"width":1665,"height":1049,"url":"https:\/\/igfae.usc.es\/~igfae-old\/wp-content\/uploads\/2024\/09\/IGFAE-MdM.png","type":"image\/png"}],"twitter_card":"summary_large_image","twitter_creator":"@igfae_hep","twitter_site":"@igfae_hep","twitter_misc":{"Escrito por":"Manuel","Tempo de lectura":"3 minutos"},"schema":{"@context":"https:\/\/schema.org","@graph":[{"@type":"WebSite","@id":"https:\/\/igfae.usc.es\/~igfae-old\/#website","url":"https:\/\/igfae.usc.es\/~igfae-old\/","name":"IGFAE","description":"Instituto Galego de F\u00edsica de Altas Enerx\u00edas","potentialAction":[{"@type":"SearchAction","target":{"@type":"EntryPoint","urlTemplate":"https:\/\/igfae.usc.es\/~igfae-old\/?s={search_term_string}"},"query-input":"required name=search_term_string"}],"inLanguage":"gl-ES"},{"@type":"ImageObject","@id":"https:\/\/igfae.usc.es\/~igfae-old\/gl\/maria-de-maeztu-2024\/#primaryimage","inLanguage":"gl-ES","url":"https:\/\/igfae.usc.es\/~igfae-old\/wp-content\/uploads\/2024\/09\/IGFAE-MdM.png","contentUrl":"https:\/\/igfae.usc.es\/~igfae-old\/wp-content\/uploads\/2024\/09\/IGFAE-MdM.png","width":1665,"height":1049},{"@type":"WebPage","@id":"https:\/\/igfae.usc.es\/~igfae-old\/gl\/maria-de-maeztu-2024\/#webpage","url":"https:\/\/igfae.usc.es\/~igfae-old\/gl\/maria-de-maeztu-2024\/","name":"O selo de excelencia Mar\u00eda de Maeztu consolida a proxecci\u00f3n internacional do IGFAE","isPartOf":{"@id":"https:\/\/igfae.usc.es\/~igfae-old\/#website"},"primaryImageOfPage":{"@id":"https:\/\/igfae.usc.es\/~igfae-old\/gl\/maria-de-maeztu-2024\/#primaryimage"},"datePublished":"2024-09-06T07:27:21+00:00","dateModified":"2024-09-06T09:16:59+00:00","author":{"@id":"https:\/\/igfae.usc.es\/~igfae-old\/#\/schema\/person\/95ba3b99e9df13cbdcc7bc968b26079f"},"description":"O selo de excelencia Mar\u00eda de Maeztu consolida a proxecci\u00f3n internacional do IGFAE","breadcrumb":{"@id":"https:\/\/igfae.usc.es\/~igfae-old\/gl\/maria-de-maeztu-2024\/#breadcrumb"},"inLanguage":"gl-ES","potentialAction":[{"@type":"ReadAction","target":["https:\/\/igfae.usc.es\/~igfae-old\/gl\/maria-de-maeztu-2024\/"]}]},{"@type":"BreadcrumbList","@id":"https:\/\/igfae.usc.es\/~igfae-old\/gl\/maria-de-maeztu-2024\/#breadcrumb","itemListElement":[{"@type":"ListItem","position":1,"name":"Home","item":"https:\/\/igfae.usc.es\/~igfae-old\/gl\/"},{"@type":"ListItem","position":2,"name":"O selo de excelencia Mar\u00eda de Maeztu consolida a proxecci\u00f3n internacional do IGFAE"}]},{"@type":"Person","@id":"https:\/\/igfae.usc.es\/~igfae-old\/#\/schema\/person\/95ba3b99e9df13cbdcc7bc968b26079f","name":"Manuel","url":"https:\/\/igfae.usc.es\/~igfae-old\/gl\/author\/manuelrey-pan\/"}]}},"_links":{"self":[{"href":"https:\/\/igfae.usc.es\/~igfae-old\/gl\/wp-json\/wp\/v2\/posts\/16191"}],"collection":[{"href":"https:\/\/igfae.usc.es\/~igfae-old\/gl\/wp-json\/wp\/v2\/posts"}],"about":[{"href":"https:\/\/igfae.usc.es\/~igfae-old\/gl\/wp-json\/wp\/v2\/types\/post"}],"author":[{"embeddable":true,"href":"https:\/\/igfae.usc.es\/~igfae-old\/gl\/wp-json\/wp\/v2\/users\/123489"}],"replies":[{"embeddable":true,"href":"https:\/\/igfae.usc.es\/~igfae-old\/gl\/wp-json\/wp\/v2\/comments?post=16191"}],"version-history":[{"count":2,"href":"https:\/\/igfae.usc.es\/~igfae-old\/gl\/wp-json\/wp\/v2\/posts\/16191\/revisions"}],"predecessor-version":[{"id":16200,"href":"https:\/\/igfae.usc.es\/~igfae-old\/gl\/wp-json\/wp\/v2\/posts\/16191\/revisions\/16200"}],"wp:featuredmedia":[{"embeddable":true,"href":"https:\/\/igfae.usc.es\/~igfae-old\/gl\/wp-json\/wp\/v2\/media\/16186"}],"wp:attachment":[{"href":"https:\/\/igfae.usc.es\/~igfae-old\/gl\/wp-json\/wp\/v2\/media?parent=16191"}],"wp:term":[{"taxonomy":"category","embeddable":true,"href":"https:\/\/igfae.usc.es\/~igfae-old\/gl\/wp-json\/wp\/v2\/categories?post=16191"},{"taxonomy":"post_tag","embeddable":true,"href":"https:\/\/igfae.usc.es\/~igfae-old\/gl\/wp-json\/wp\/v2\/tags?post=16191"}],"curies":[{"name":"wp","href":"https:\/\/api.w.org\/{rel}","templated":true}]}}