



{"id":15236,"date":"2024-02-14T12:03:47","date_gmt":"2024-02-14T10:03:47","guid":{"rendered":"https:\/\/igfae.usc.es\/~igfae-old\/o-techlab-do-igfae-brainport-eindhoven\/"},"modified":"2024-02-14T12:48:04","modified_gmt":"2024-02-14T10:48:04","slug":"o-techlab-do-igfae-brainport-eindhoven","status":"publish","type":"post","link":"https:\/\/igfae.usc.es\/~igfae-old\/gl\/o-techlab-do-igfae-brainport-eindhoven\/","title":{"rendered":"O TechLab do IGFAE organiza un encontro sobre oportunidades profesionais en Brainport Eindhoven"},"content":{"rendered":"<p>O Instituto Galego de F\u00edsica de Altas Enerx\u00edas (IGFAE), centro mixto da Universidade de Santiago de Compostela e a Xunta de Galicia, acolle este <strong>xoves 15 de febreiro de 10.00 a 14.00 horas<\/strong> o encontro &#8220;<span style=\"font-size: 1rem;\"><a href=\"https:\/\/igfae.usc.es\/labs\/achegandose-a-rexion-tecnoloxica-mais-innovadora-de-europa\/\" target=\"_blank\" rel=\"noopener\">Tech &amp; IT career opportunities at the Europe\u2019s most innovative tech region<\/a>&#8220;. <\/p>\n<p>A actividade est\u00e1 organizada polo TechLab do IGFAE, un dos tres espazos que contrib\u00fae a achegar a investigaci\u00f3n do instituto \u00e1 sociedade e a s\u00faa contorna inmediata. <a href=\"https:\/\/forms.office.com\/e\/qK0sFd0ZqJ?origin=lprLink\" target=\"_blank\" rel=\"noopener\"><strong>O rexistro pode formalizarse nesta ligaz\u00f3n.<\/strong><\/a><\/span><\/p>\n<p>No marco desta iniciativa, a Unidade de Innovaci\u00f3n, Co\u00f1ecemento e Transferencia de Tecnolox\u00eda do IGFAE organiza un encontro con <a href=\"https:\/\/www.linkedin.com\/in\/tinusvandepas\/\" target=\"_blank\" rel=\"noopener\"><strong>Tinus van de Pas<\/strong><\/a>, fundador e director xeral de <a href=\"https:\/\/www.ttalent.nl\/\" target=\"_blank\" rel=\"noopener\">TTalent<\/a>, unha axencia que achega oportunidades profesionais a x\u00f3venes especializados en tecnolox\u00edas da informaci\u00f3n. TTalent ten sede na \u00e1rea de <a href=\"https:\/\/brainporteindhoven.com\/int\/\" target=\"_blank\" rel=\"noopener\">Brainport Eindhoven<\/a>, situada nesta cidade holandesa, e considerada a principal rexi\u00f3n tecnol\u00f3xica de Europa.<\/p>\n<p>O encontro pretende achegar ao persoal do IGFAE (principalmente en etapa predoutoral e junior, a\u00ednda que est\u00e1 aberto tam\u00e9n ao alumnado do grao de F\u00edsica), as oportunidades de desenvolvemento profesional que pode ofrecer esta \u00e1rea.<\/p>\n<p>A xornada dividirase en d\u00faas partes. En primeiro lugar, ofrecerase unha presentaci\u00f3n sobre a \u00e1rea de Brainport Eindhoven, as oportunidades profesionais que ofrece, a posibilidade de realizar pr\u00e1cticas e a informaci\u00f3n sobre as empresas que operan nesta zona, as\u00ed como gu\u00edas e consellos para mellorar os CV e as cartas de motivaci\u00f3n. A continuaci\u00f3n, as persoas asistentes poder\u00e1n manter entrevistas persoais co responsable de TTalent.<\/p>\n<h4>SobreTechLab e IGFAE Labs<\/h4>\n<p>Os TechLab son unha serie de obradoiros e intercambios coa industria para estimular a innovacio\u0301n en colaboracio\u0301n e a explotacio\u0301n dos co\u00f1ecementos e resultados do IGFAE, asi\u0301 como unha ferramenta para que o persoal investigador do IGFAE explore sa\u00eddas profesionais no sector.<\/p>\n<p>TechLab \u00e9 o espazo para transferir os resultados da investigaci\u00f3n realizada no IGFAE \u00e1 econom\u00eda e a sociedade. Para garantir que as nosas ideas tam\u00e9n poidan materializarse e aplicarse, cooperaremos activamente con diferentes socios da ciencia e a investigaci\u00f3n, as\u00ed como con axentes da econom\u00eda e a industria, asociaci\u00f3ns e redes. Ademais, po\u00f1emos a disposici\u00f3n os nosos co\u00f1ecementos cient\u00edficos e t\u00e9cnicos e a nosa infraestrutura a trav\u00e9s da nosa oferta de investigaci\u00f3n e traballo por contrato.<\/p>\n<p>Os Labs do IGFAE son espazos de nova creaci\u00f3n para dirixir e estruturar o noso traballo cient\u00edfico cara a unha investigaci\u00f3n e innovaci\u00f3n (RRI, Responsible Research &amp; Innovation) m\u00e1is responsable coa sociedade e a s\u00faa contorna inmediata. Esta estratexia de compromiso industrial e social divide as s\u00faas actividades en laboratorios que serven como espazos para discutir novas iniciativas con actores externos e colaboradores do IGFAE segundo \u00e1reas tem\u00e1ticas (ArtLab, EduLab e TechLab).<\/p>\n","protected":false},"excerpt":{"rendered":"<p>O Instituto Galego de F\u00edsica de Altas Enerx\u00edas (IGFAE), centro mixto da Universidade de Santiago de Compostela e a Xunta de&#8230;<\/p>\n","protected":false},"author":123489,"featured_media":15232,"comment_status":"closed","ping_status":"closed","sticky":false,"template":"","format":"standard","meta":{"om_disable_all_campaigns":false,"_monsterinsights_skip_tracking":false,"_monsterinsights_sitenote_active":false,"_monsterinsights_sitenote_note":"","_monsterinsights_sitenote_category":0},"categories":[116,129],"tags":[231,228,230,229],"aioseo_notices":[],"yoast_head":"<!-- This site is optimized with the Yoast SEO plugin v18.4.1 - https:\/\/yoast.com\/wordpress\/plugins\/seo\/ -->\n<title>O TechLab do IGFAE organiza un encontro sobre oportunidades profesionais en Brainport Eindhoven<\/title>\n<meta name=\"robots\" content=\"index, follow, max-snippet:-1, max-image-preview:large, max-video-preview:-1\" \/>\n<link rel=\"canonical\" href=\"https:\/\/igfae.usc.es\/~igfae-old\/gl\/o-techlab-do-igfae-brainport-eindhoven\/\" \/>\n<meta property=\"og:locale\" content=\"gl_ES\" \/>\n<meta property=\"og:type\" content=\"article\" \/>\n<meta property=\"og:title\" content=\"O TechLab do IGFAE organiza un encontro sobre oportunidades profesionais en Brainport Eindhoven\" \/>\n<meta property=\"og:description\" content=\"O Instituto Galego de F\u00edsica de Altas Enerx\u00edas (IGFAE), centro mixto da Universidade de Santiago de Compostela e a Xunta de...\" \/>\n<meta property=\"og:url\" content=\"https:\/\/igfae.usc.es\/~igfae-old\/gl\/o-techlab-do-igfae-brainport-eindhoven\/\" \/>\n<meta property=\"og:site_name\" content=\"IGFAE\" \/>\n<meta property=\"article:published_time\" content=\"2024-02-14T10:03:47+00:00\" \/>\n<meta property=\"article:modified_time\" content=\"2024-02-14T10:48:04+00:00\" \/>\n<meta property=\"og:image\" content=\"https:\/\/igfae.usc.es\/~igfae-old\/wp-content\/uploads\/2024\/02\/cartel-tinus.jpg\" \/>\n\t<meta property=\"og:image:width\" content=\"1117\" \/>\n\t<meta property=\"og:image:height\" content=\"783\" \/>\n\t<meta property=\"og:image:type\" content=\"image\/jpeg\" \/>\n<meta name=\"twitter:card\" content=\"summary_large_image\" \/>\n<meta name=\"twitter:creator\" content=\"@igfae_hep\" \/>\n<meta name=\"twitter:site\" content=\"@igfae_hep\" \/>\n<meta name=\"twitter:label1\" content=\"Escrito por\" \/>\n\t<meta name=\"twitter:data1\" content=\"Manuel\" \/>\n\t<meta name=\"twitter:label2\" content=\"Tempo de lectura\" \/>\n\t<meta name=\"twitter:data2\" content=\"2 minutos\" \/>\n<script type=\"application\/ld+json\" class=\"yoast-schema-graph\">{\"@context\":\"https:\/\/schema.org\",\"@graph\":[{\"@type\":\"WebSite\",\"@id\":\"https:\/\/igfae.usc.es\/~igfae-old\/#website\",\"url\":\"https:\/\/igfae.usc.es\/~igfae-old\/\",\"name\":\"IGFAE\",\"description\":\"Instituto Galego de F\u00edsica de Altas Enerx\u00edas\",\"potentialAction\":[{\"@type\":\"SearchAction\",\"target\":{\"@type\":\"EntryPoint\",\"urlTemplate\":\"https:\/\/igfae.usc.es\/~igfae-old\/?s={search_term_string}\"},\"query-input\":\"required name=search_term_string\"}],\"inLanguage\":\"gl-ES\"},{\"@type\":\"ImageObject\",\"@id\":\"https:\/\/igfae.usc.es\/~igfae-old\/gl\/o-techlab-do-igfae-brainport-eindhoven\/#primaryimage\",\"inLanguage\":\"gl-ES\",\"url\":\"https:\/\/igfae.usc.es\/~igfae-old\/wp-content\/uploads\/2024\/02\/cartel-tinus.jpg\",\"contentUrl\":\"https:\/\/igfae.usc.es\/~igfae-old\/wp-content\/uploads\/2024\/02\/cartel-tinus.jpg\",\"width\":1117,\"height\":783},{\"@type\":\"WebPage\",\"@id\":\"https:\/\/igfae.usc.es\/~igfae-old\/gl\/o-techlab-do-igfae-brainport-eindhoven\/#webpage\",\"url\":\"https:\/\/igfae.usc.es\/~igfae-old\/gl\/o-techlab-do-igfae-brainport-eindhoven\/\",\"name\":\"O TechLab do IGFAE organiza un encontro sobre oportunidades profesionais en Brainport Eindhoven\",\"isPartOf\":{\"@id\":\"https:\/\/igfae.usc.es\/~igfae-old\/#website\"},\"primaryImageOfPage\":{\"@id\":\"https:\/\/igfae.usc.es\/~igfae-old\/gl\/o-techlab-do-igfae-brainport-eindhoven\/#primaryimage\"},\"datePublished\":\"2024-02-14T10:03:47+00:00\",\"dateModified\":\"2024-02-14T10:48:04+00:00\",\"author\":{\"@id\":\"https:\/\/igfae.usc.es\/~igfae-old\/#\/schema\/person\/95ba3b99e9df13cbdcc7bc968b26079f\"},\"breadcrumb\":{\"@id\":\"https:\/\/igfae.usc.es\/~igfae-old\/gl\/o-techlab-do-igfae-brainport-eindhoven\/#breadcrumb\"},\"inLanguage\":\"gl-ES\",\"potentialAction\":[{\"@type\":\"ReadAction\",\"target\":[\"https:\/\/igfae.usc.es\/~igfae-old\/gl\/o-techlab-do-igfae-brainport-eindhoven\/\"]}]},{\"@type\":\"BreadcrumbList\",\"@id\":\"https:\/\/igfae.usc.es\/~igfae-old\/gl\/o-techlab-do-igfae-brainport-eindhoven\/#breadcrumb\",\"itemListElement\":[{\"@type\":\"ListItem\",\"position\":1,\"name\":\"Home\",\"item\":\"https:\/\/igfae.usc.es\/~igfae-old\/gl\/\"},{\"@type\":\"ListItem\",\"position\":2,\"name\":\"O TechLab do IGFAE organiza un encontro sobre oportunidades profesionais en Brainport Eindhoven\"}]},{\"@type\":\"Person\",\"@id\":\"https:\/\/igfae.usc.es\/~igfae-old\/#\/schema\/person\/95ba3b99e9df13cbdcc7bc968b26079f\",\"name\":\"Manuel\",\"url\":\"https:\/\/igfae.usc.es\/~igfae-old\/gl\/author\/manuelrey-pan\/\"}]}<\/script>\n<!-- \/ Yoast SEO plugin. -->","yoast_head_json":{"title":"O TechLab do IGFAE organiza un encontro sobre oportunidades profesionais en Brainport Eindhoven","robots":{"index":"index","follow":"follow","max-snippet":"max-snippet:-1","max-image-preview":"max-image-preview:large","max-video-preview":"max-video-preview:-1"},"canonical":"https:\/\/igfae.usc.es\/~igfae-old\/gl\/o-techlab-do-igfae-brainport-eindhoven\/","og_locale":"gl_ES","og_type":"article","og_title":"O TechLab do IGFAE organiza un encontro sobre oportunidades profesionais en Brainport Eindhoven","og_description":"O Instituto Galego de F\u00edsica de Altas Enerx\u00edas (IGFAE), centro mixto da Universidade de Santiago de Compostela e a Xunta de...","og_url":"https:\/\/igfae.usc.es\/~igfae-old\/gl\/o-techlab-do-igfae-brainport-eindhoven\/","og_site_name":"IGFAE","article_published_time":"2024-02-14T10:03:47+00:00","article_modified_time":"2024-02-14T10:48:04+00:00","og_image":[{"width":1117,"height":783,"url":"https:\/\/igfae.usc.es\/~igfae-old\/wp-content\/uploads\/2024\/02\/cartel-tinus.jpg","type":"image\/jpeg"}],"twitter_card":"summary_large_image","twitter_creator":"@igfae_hep","twitter_site":"@igfae_hep","twitter_misc":{"Escrito por":"Manuel","Tempo de lectura":"2 minutos"},"schema":{"@context":"https:\/\/schema.org","@graph":[{"@type":"WebSite","@id":"https:\/\/igfae.usc.es\/~igfae-old\/#website","url":"https:\/\/igfae.usc.es\/~igfae-old\/","name":"IGFAE","description":"Instituto Galego de F\u00edsica de Altas Enerx\u00edas","potentialAction":[{"@type":"SearchAction","target":{"@type":"EntryPoint","urlTemplate":"https:\/\/igfae.usc.es\/~igfae-old\/?s={search_term_string}"},"query-input":"required name=search_term_string"}],"inLanguage":"gl-ES"},{"@type":"ImageObject","@id":"https:\/\/igfae.usc.es\/~igfae-old\/gl\/o-techlab-do-igfae-brainport-eindhoven\/#primaryimage","inLanguage":"gl-ES","url":"https:\/\/igfae.usc.es\/~igfae-old\/wp-content\/uploads\/2024\/02\/cartel-tinus.jpg","contentUrl":"https:\/\/igfae.usc.es\/~igfae-old\/wp-content\/uploads\/2024\/02\/cartel-tinus.jpg","width":1117,"height":783},{"@type":"WebPage","@id":"https:\/\/igfae.usc.es\/~igfae-old\/gl\/o-techlab-do-igfae-brainport-eindhoven\/#webpage","url":"https:\/\/igfae.usc.es\/~igfae-old\/gl\/o-techlab-do-igfae-brainport-eindhoven\/","name":"O TechLab do IGFAE organiza un encontro sobre oportunidades profesionais en Brainport Eindhoven","isPartOf":{"@id":"https:\/\/igfae.usc.es\/~igfae-old\/#website"},"primaryImageOfPage":{"@id":"https:\/\/igfae.usc.es\/~igfae-old\/gl\/o-techlab-do-igfae-brainport-eindhoven\/#primaryimage"},"datePublished":"2024-02-14T10:03:47+00:00","dateModified":"2024-02-14T10:48:04+00:00","author":{"@id":"https:\/\/igfae.usc.es\/~igfae-old\/#\/schema\/person\/95ba3b99e9df13cbdcc7bc968b26079f"},"breadcrumb":{"@id":"https:\/\/igfae.usc.es\/~igfae-old\/gl\/o-techlab-do-igfae-brainport-eindhoven\/#breadcrumb"},"inLanguage":"gl-ES","potentialAction":[{"@type":"ReadAction","target":["https:\/\/igfae.usc.es\/~igfae-old\/gl\/o-techlab-do-igfae-brainport-eindhoven\/"]}]},{"@type":"BreadcrumbList","@id":"https:\/\/igfae.usc.es\/~igfae-old\/gl\/o-techlab-do-igfae-brainport-eindhoven\/#breadcrumb","itemListElement":[{"@type":"ListItem","position":1,"name":"Home","item":"https:\/\/igfae.usc.es\/~igfae-old\/gl\/"},{"@type":"ListItem","position":2,"name":"O TechLab do IGFAE organiza un encontro sobre oportunidades profesionais en Brainport Eindhoven"}]},{"@type":"Person","@id":"https:\/\/igfae.usc.es\/~igfae-old\/#\/schema\/person\/95ba3b99e9df13cbdcc7bc968b26079f","name":"Manuel","url":"https:\/\/igfae.usc.es\/~igfae-old\/gl\/author\/manuelrey-pan\/"}]}},"_links":{"self":[{"href":"https:\/\/igfae.usc.es\/~igfae-old\/gl\/wp-json\/wp\/v2\/posts\/15236"}],"collection":[{"href":"https:\/\/igfae.usc.es\/~igfae-old\/gl\/wp-json\/wp\/v2\/posts"}],"about":[{"href":"https:\/\/igfae.usc.es\/~igfae-old\/gl\/wp-json\/wp\/v2\/types\/post"}],"author":[{"embeddable":true,"href":"https:\/\/igfae.usc.es\/~igfae-old\/gl\/wp-json\/wp\/v2\/users\/123489"}],"replies":[{"embeddable":true,"href":"https:\/\/igfae.usc.es\/~igfae-old\/gl\/wp-json\/wp\/v2\/comments?post=15236"}],"version-history":[{"count":7,"href":"https:\/\/igfae.usc.es\/~igfae-old\/gl\/wp-json\/wp\/v2\/posts\/15236\/revisions"}],"predecessor-version":[{"id":15255,"href":"https:\/\/igfae.usc.es\/~igfae-old\/gl\/wp-json\/wp\/v2\/posts\/15236\/revisions\/15255"}],"wp:featuredmedia":[{"embeddable":true,"href":"https:\/\/igfae.usc.es\/~igfae-old\/gl\/wp-json\/wp\/v2\/media\/15232"}],"wp:attachment":[{"href":"https:\/\/igfae.usc.es\/~igfae-old\/gl\/wp-json\/wp\/v2\/media?parent=15236"}],"wp:term":[{"taxonomy":"category","embeddable":true,"href":"https:\/\/igfae.usc.es\/~igfae-old\/gl\/wp-json\/wp\/v2\/categories?post=15236"},{"taxonomy":"post_tag","embeddable":true,"href":"https:\/\/igfae.usc.es\/~igfae-old\/gl\/wp-json\/wp\/v2\/tags?post=15236"}],"curies":[{"name":"wp","href":"https:\/\/api.w.org\/{rel}","templated":true}]}}