



{"id":13794,"date":"2023-06-29T10:35:43","date_gmt":"2023-06-29T08:35:43","guid":{"rendered":"https:\/\/igfae.usc.es\/~igfae-old\/?p=13794"},"modified":"2023-06-29T10:55:30","modified_gmt":"2023-06-29T08:55:30","slug":"primeiro-minitrasgo-raios-cosmicos","status":"publish","type":"post","link":"https:\/\/igfae.usc.es\/~igfae-old\/gl\/primeiro-minitrasgo-raios-cosmicos\/","title":{"rendered":"Presentaci\u00f3n do primeiro miniTrasgo, unha nova xeraci\u00f3n de detectores de raios c\u00f3smicos"},"content":{"rendered":"<p>O equipo do proxecto Trasgo, enfocado a desenvolvemento de detectores de raios c\u00f3smicos, celebrou o<a href=\"https:\/\/indico.cern.ch\/event\/1295532\/\" target=\"_blank\" rel=\"noopener\"> pasado martes 27 de xu\u00f1o unha reuni\u00f3n de traballo<\/a> na que se abordou o estado actual desta colaboraci\u00f3n internacional, na que participa persoal investigador do Instituto Galego de F\u00edsica de Altas Enerx\u00edas (IGFAE). O encontro, que se celebrou na Facultade de F\u00edsica da USC, foi escenario, ademais, da demostraci\u00f3n pr\u00e1ctica da nova xeraci\u00f3n do detector miniTrasgo.<\/p>\n<p>Hai uns anos, o grupo LabCAF, coordinado polo investigador do IGFAE Juan A. Garz\u00f3n Heydt, comezou a desenvolver unha nova xeraci\u00f3n de detectores, denominados Trasgos, para o estudo permanente dos raios c\u00f3smicos mediante dispositivos instalados en terra.<\/p>\n<p>A diferenza das t\u00e9cnicas existentes, baseadas principalmente na medida de neutr\u00f3ns e mu\u00f3ns, eses dispositivos ofrecen, entre outras caracter\u00edsticas, unha gran granularidade que lles permite de maneira simult\u00e1nea moitas part\u00edculas, a capacidade de separar mu\u00f3ns e electr\u00f3ns mediante t\u00e9cnicas de software e unha estimaci\u00f3n da enerx\u00eda electromagn\u00e9tica depositada no detector.<\/p>\n<p>Ata o de agora constru\u00edronse catro Trasgos, dedicados a diferentes \u00e1reas de investigaci\u00f3n, como o estudo da actividade solar, a muograf\u00eda de contedores e a diversos estudos geomagn\u00e9ticos e atmosf\u00e9ricos. A nova xeraci\u00f3n de detectores, presentada na reuni\u00f3n de Santiago por Juan A. Garz\u00f3n e Alberto Blanco, investigador do Laborat\u00f3rio de Instrumenta\u00e7\u00e3o e F\u00edsica Experimental de Part\u00edculas (LIP) da Universidade de Coimbra, sup\u00f3n un novo paso no desenvolvemento deste tipo de dispositivos, mais pequenos, alcanzables e con algunhas das s\u00faas prestaci\u00f3ns melloradas.<\/p>\n<p>Na reuni\u00f3n deste martes participaron, presencial ou de maneira telem\u00e1tica, investigadores e investigadoras de instituci\u00f3ns de Espa\u00f1a, Portugal, Colombia, M\u00e9xico, Polonia e Su\u00edza, que est\u00e1n a contribu\u00edr co seu traballo ao desenvolvemento dos Trasgos e ao futuro despregamento de varios dos devanditos detectores en distintas universidades do mundo para o seu funcionamento en rede.<\/p>\n<p><img loading=\"lazy\" class=\"aligncenter size-full wp-image-13782\" src=\"https:\/\/igfae.usc.es\/~igfae-old\/wp-content\/uploads\/2023\/06\/3rd-trasgo-workshop-1_web.jpg\" alt=\"\" width=\"1000\" height=\"695\" srcset=\"https:\/\/igfae.usc.es\/~igfae-old\/wp-content\/uploads\/2023\/06\/3rd-trasgo-workshop-1_web.jpg 1000w, https:\/\/igfae.usc.es\/~igfae-old\/wp-content\/uploads\/2023\/06\/3rd-trasgo-workshop-1_web-300x209.jpg 300w, https:\/\/igfae.usc.es\/~igfae-old\/wp-content\/uploads\/2023\/06\/3rd-trasgo-workshop-1_web-768x534.jpg 768w\" sizes=\"(max-width: 1000px) 100vw, 1000px\" \/><\/p>\n","protected":false},"excerpt":{"rendered":"<p>O equipo do proxecto Trasgo, enfocado a desenvolvemento de detectores de raios c\u00f3smicos, celebrou o pasado martes 27 de xu\u00f1o unha&#8230;<\/p>\n","protected":false},"author":123489,"featured_media":13780,"comment_status":"closed","ping_status":"closed","sticky":false,"template":"","format":"standard","meta":{"om_disable_all_campaigns":false,"_monsterinsights_skip_tracking":false,"_monsterinsights_sitenote_active":false,"_monsterinsights_sitenote_note":"","_monsterinsights_sitenote_category":0},"categories":[116,117],"tags":[184,182,185],"aioseo_notices":[],"yoast_head":"<!-- This site is optimized with the Yoast SEO plugin v18.4.1 - https:\/\/yoast.com\/wordpress\/plugins\/seo\/ -->\n<title>Presentaci\u00f3n do primeiro miniTrasgo, unha nova xeraci\u00f3n de detectores de raios c\u00f3smicos<\/title>\n<meta name=\"description\" content=\"A Facultade de F\u00edsica acolleu un taller de traballo do proxecto Trasgo, coordinado polo investigador do IGFAE Juan A. Garz\u00f3n\" \/>\n<meta name=\"robots\" content=\"index, follow, max-snippet:-1, max-image-preview:large, max-video-preview:-1\" \/>\n<link rel=\"canonical\" href=\"https:\/\/igfae.usc.es\/~igfae-old\/gl\/primeiro-minitrasgo-raios-cosmicos\/\" \/>\n<meta property=\"og:locale\" content=\"gl_ES\" \/>\n<meta property=\"og:type\" content=\"article\" \/>\n<meta property=\"og:title\" content=\"Presentaci\u00f3n do primeiro miniTrasgo, unha nova xeraci\u00f3n de detectores de raios c\u00f3smicos\" \/>\n<meta property=\"og:description\" content=\"A Facultade de F\u00edsica acolleu un taller de traballo do proxecto Trasgo, coordinado polo investigador do IGFAE Juan A. Garz\u00f3n\" \/>\n<meta property=\"og:url\" content=\"https:\/\/igfae.usc.es\/~igfae-old\/gl\/primeiro-minitrasgo-raios-cosmicos\/\" \/>\n<meta property=\"og:site_name\" content=\"IGFAE\" \/>\n<meta property=\"article:published_time\" content=\"2023-06-29T08:35:43+00:00\" \/>\n<meta property=\"article:modified_time\" content=\"2023-06-29T08:55:30+00:00\" \/>\n<meta property=\"og:image\" content=\"https:\/\/igfae.usc.es\/~igfae-old\/wp-content\/uploads\/2023\/06\/3rd-trasgo-workshop-3_web.jpg\" \/>\n\t<meta property=\"og:image:width\" content=\"1000\" \/>\n\t<meta property=\"og:image:height\" content=\"666\" \/>\n\t<meta property=\"og:image:type\" content=\"image\/jpeg\" \/>\n<meta name=\"twitter:card\" content=\"summary_large_image\" \/>\n<meta name=\"twitter:creator\" content=\"@igfae_hep\" \/>\n<meta name=\"twitter:site\" content=\"@igfae_hep\" \/>\n<meta name=\"twitter:label1\" content=\"Escrito por\" \/>\n\t<meta name=\"twitter:data1\" content=\"Manuel\" \/>\n\t<meta name=\"twitter:label2\" content=\"Tempo de lectura\" \/>\n\t<meta name=\"twitter:data2\" content=\"2 minutos\" \/>\n<script type=\"application\/ld+json\" class=\"yoast-schema-graph\">{\"@context\":\"https:\/\/schema.org\",\"@graph\":[{\"@type\":\"WebSite\",\"@id\":\"https:\/\/igfae.usc.es\/~igfae-old\/#website\",\"url\":\"https:\/\/igfae.usc.es\/~igfae-old\/\",\"name\":\"IGFAE\",\"description\":\"Instituto Galego de F\u00edsica de Altas Enerx\u00edas\",\"potentialAction\":[{\"@type\":\"SearchAction\",\"target\":{\"@type\":\"EntryPoint\",\"urlTemplate\":\"https:\/\/igfae.usc.es\/~igfae-old\/?s={search_term_string}\"},\"query-input\":\"required name=search_term_string\"}],\"inLanguage\":\"gl-ES\"},{\"@type\":\"ImageObject\",\"@id\":\"https:\/\/igfae.usc.es\/~igfae-old\/gl\/primeiro-minitrasgo-raios-cosmicos\/#primaryimage\",\"inLanguage\":\"gl-ES\",\"url\":\"https:\/\/igfae.usc.es\/~igfae-old\/wp-content\/uploads\/2023\/06\/3rd-trasgo-workshop-3_web.jpg\",\"contentUrl\":\"https:\/\/igfae.usc.es\/~igfae-old\/wp-content\/uploads\/2023\/06\/3rd-trasgo-workshop-3_web.jpg\",\"width\":1000,\"height\":666},{\"@type\":\"WebPage\",\"@id\":\"https:\/\/igfae.usc.es\/~igfae-old\/gl\/primeiro-minitrasgo-raios-cosmicos\/#webpage\",\"url\":\"https:\/\/igfae.usc.es\/~igfae-old\/gl\/primeiro-minitrasgo-raios-cosmicos\/\",\"name\":\"Presentaci\u00f3n do primeiro miniTrasgo, unha nova xeraci\u00f3n de detectores de raios c\u00f3smicos\",\"isPartOf\":{\"@id\":\"https:\/\/igfae.usc.es\/~igfae-old\/#website\"},\"primaryImageOfPage\":{\"@id\":\"https:\/\/igfae.usc.es\/~igfae-old\/gl\/primeiro-minitrasgo-raios-cosmicos\/#primaryimage\"},\"datePublished\":\"2023-06-29T08:35:43+00:00\",\"dateModified\":\"2023-06-29T08:55:30+00:00\",\"author\":{\"@id\":\"https:\/\/igfae.usc.es\/~igfae-old\/#\/schema\/person\/95ba3b99e9df13cbdcc7bc968b26079f\"},\"description\":\"A Facultade de F\u00edsica acolleu un taller de traballo do proxecto Trasgo, coordinado polo investigador do IGFAE Juan A. Garz\u00f3n\",\"breadcrumb\":{\"@id\":\"https:\/\/igfae.usc.es\/~igfae-old\/gl\/primeiro-minitrasgo-raios-cosmicos\/#breadcrumb\"},\"inLanguage\":\"gl-ES\",\"potentialAction\":[{\"@type\":\"ReadAction\",\"target\":[\"https:\/\/igfae.usc.es\/~igfae-old\/gl\/primeiro-minitrasgo-raios-cosmicos\/\"]}]},{\"@type\":\"BreadcrumbList\",\"@id\":\"https:\/\/igfae.usc.es\/~igfae-old\/gl\/primeiro-minitrasgo-raios-cosmicos\/#breadcrumb\",\"itemListElement\":[{\"@type\":\"ListItem\",\"position\":1,\"name\":\"Home\",\"item\":\"https:\/\/igfae.usc.es\/~igfae-old\/gl\/\"},{\"@type\":\"ListItem\",\"position\":2,\"name\":\"Presentaci\u00f3n do primeiro miniTrasgo, unha nova xeraci\u00f3n de detectores de raios c\u00f3smicos\"}]},{\"@type\":\"Person\",\"@id\":\"https:\/\/igfae.usc.es\/~igfae-old\/#\/schema\/person\/95ba3b99e9df13cbdcc7bc968b26079f\",\"name\":\"Manuel\",\"url\":\"https:\/\/igfae.usc.es\/~igfae-old\/gl\/author\/manuelrey-pan\/\"}]}<\/script>\n<!-- \/ Yoast SEO plugin. -->","yoast_head_json":{"title":"Presentaci\u00f3n do primeiro miniTrasgo, unha nova xeraci\u00f3n de detectores de raios c\u00f3smicos","description":"A Facultade de F\u00edsica acolleu un taller de traballo do proxecto Trasgo, coordinado polo investigador do IGFAE Juan A. Garz\u00f3n","robots":{"index":"index","follow":"follow","max-snippet":"max-snippet:-1","max-image-preview":"max-image-preview:large","max-video-preview":"max-video-preview:-1"},"canonical":"https:\/\/igfae.usc.es\/~igfae-old\/gl\/primeiro-minitrasgo-raios-cosmicos\/","og_locale":"gl_ES","og_type":"article","og_title":"Presentaci\u00f3n do primeiro miniTrasgo, unha nova xeraci\u00f3n de detectores de raios c\u00f3smicos","og_description":"A Facultade de F\u00edsica acolleu un taller de traballo do proxecto Trasgo, coordinado polo investigador do IGFAE Juan A. Garz\u00f3n","og_url":"https:\/\/igfae.usc.es\/~igfae-old\/gl\/primeiro-minitrasgo-raios-cosmicos\/","og_site_name":"IGFAE","article_published_time":"2023-06-29T08:35:43+00:00","article_modified_time":"2023-06-29T08:55:30+00:00","og_image":[{"width":1000,"height":666,"url":"https:\/\/igfae.usc.es\/~igfae-old\/wp-content\/uploads\/2023\/06\/3rd-trasgo-workshop-3_web.jpg","type":"image\/jpeg"}],"twitter_card":"summary_large_image","twitter_creator":"@igfae_hep","twitter_site":"@igfae_hep","twitter_misc":{"Escrito por":"Manuel","Tempo de lectura":"2 minutos"},"schema":{"@context":"https:\/\/schema.org","@graph":[{"@type":"WebSite","@id":"https:\/\/igfae.usc.es\/~igfae-old\/#website","url":"https:\/\/igfae.usc.es\/~igfae-old\/","name":"IGFAE","description":"Instituto Galego de F\u00edsica de Altas Enerx\u00edas","potentialAction":[{"@type":"SearchAction","target":{"@type":"EntryPoint","urlTemplate":"https:\/\/igfae.usc.es\/~igfae-old\/?s={search_term_string}"},"query-input":"required name=search_term_string"}],"inLanguage":"gl-ES"},{"@type":"ImageObject","@id":"https:\/\/igfae.usc.es\/~igfae-old\/gl\/primeiro-minitrasgo-raios-cosmicos\/#primaryimage","inLanguage":"gl-ES","url":"https:\/\/igfae.usc.es\/~igfae-old\/wp-content\/uploads\/2023\/06\/3rd-trasgo-workshop-3_web.jpg","contentUrl":"https:\/\/igfae.usc.es\/~igfae-old\/wp-content\/uploads\/2023\/06\/3rd-trasgo-workshop-3_web.jpg","width":1000,"height":666},{"@type":"WebPage","@id":"https:\/\/igfae.usc.es\/~igfae-old\/gl\/primeiro-minitrasgo-raios-cosmicos\/#webpage","url":"https:\/\/igfae.usc.es\/~igfae-old\/gl\/primeiro-minitrasgo-raios-cosmicos\/","name":"Presentaci\u00f3n do primeiro miniTrasgo, unha nova xeraci\u00f3n de detectores de raios c\u00f3smicos","isPartOf":{"@id":"https:\/\/igfae.usc.es\/~igfae-old\/#website"},"primaryImageOfPage":{"@id":"https:\/\/igfae.usc.es\/~igfae-old\/gl\/primeiro-minitrasgo-raios-cosmicos\/#primaryimage"},"datePublished":"2023-06-29T08:35:43+00:00","dateModified":"2023-06-29T08:55:30+00:00","author":{"@id":"https:\/\/igfae.usc.es\/~igfae-old\/#\/schema\/person\/95ba3b99e9df13cbdcc7bc968b26079f"},"description":"A Facultade de F\u00edsica acolleu un taller de traballo do proxecto Trasgo, coordinado polo investigador do IGFAE Juan A. Garz\u00f3n","breadcrumb":{"@id":"https:\/\/igfae.usc.es\/~igfae-old\/gl\/primeiro-minitrasgo-raios-cosmicos\/#breadcrumb"},"inLanguage":"gl-ES","potentialAction":[{"@type":"ReadAction","target":["https:\/\/igfae.usc.es\/~igfae-old\/gl\/primeiro-minitrasgo-raios-cosmicos\/"]}]},{"@type":"BreadcrumbList","@id":"https:\/\/igfae.usc.es\/~igfae-old\/gl\/primeiro-minitrasgo-raios-cosmicos\/#breadcrumb","itemListElement":[{"@type":"ListItem","position":1,"name":"Home","item":"https:\/\/igfae.usc.es\/~igfae-old\/gl\/"},{"@type":"ListItem","position":2,"name":"Presentaci\u00f3n do primeiro miniTrasgo, unha nova xeraci\u00f3n de detectores de raios c\u00f3smicos"}]},{"@type":"Person","@id":"https:\/\/igfae.usc.es\/~igfae-old\/#\/schema\/person\/95ba3b99e9df13cbdcc7bc968b26079f","name":"Manuel","url":"https:\/\/igfae.usc.es\/~igfae-old\/gl\/author\/manuelrey-pan\/"}]}},"_links":{"self":[{"href":"https:\/\/igfae.usc.es\/~igfae-old\/gl\/wp-json\/wp\/v2\/posts\/13794"}],"collection":[{"href":"https:\/\/igfae.usc.es\/~igfae-old\/gl\/wp-json\/wp\/v2\/posts"}],"about":[{"href":"https:\/\/igfae.usc.es\/~igfae-old\/gl\/wp-json\/wp\/v2\/types\/post"}],"author":[{"embeddable":true,"href":"https:\/\/igfae.usc.es\/~igfae-old\/gl\/wp-json\/wp\/v2\/users\/123489"}],"replies":[{"embeddable":true,"href":"https:\/\/igfae.usc.es\/~igfae-old\/gl\/wp-json\/wp\/v2\/comments?post=13794"}],"version-history":[{"count":4,"href":"https:\/\/igfae.usc.es\/~igfae-old\/gl\/wp-json\/wp\/v2\/posts\/13794\/revisions"}],"predecessor-version":[{"id":13796,"href":"https:\/\/igfae.usc.es\/~igfae-old\/gl\/wp-json\/wp\/v2\/posts\/13794\/revisions\/13796"}],"wp:featuredmedia":[{"embeddable":true,"href":"https:\/\/igfae.usc.es\/~igfae-old\/gl\/wp-json\/wp\/v2\/media\/13780"}],"wp:attachment":[{"href":"https:\/\/igfae.usc.es\/~igfae-old\/gl\/wp-json\/wp\/v2\/media?parent=13794"}],"wp:term":[{"taxonomy":"category","embeddable":true,"href":"https:\/\/igfae.usc.es\/~igfae-old\/gl\/wp-json\/wp\/v2\/categories?post=13794"},{"taxonomy":"post_tag","embeddable":true,"href":"https:\/\/igfae.usc.es\/~igfae-old\/gl\/wp-json\/wp\/v2\/tags?post=13794"}],"curies":[{"name":"wp","href":"https:\/\/api.w.org\/{rel}","templated":true}]}}