



{"id":12138,"date":"2022-10-06T17:52:47","date_gmt":"2022-10-06T15:52:47","guid":{"rendered":"https:\/\/igfae.usc.es\/~igfae-old\/?p=12138"},"modified":"2022-12-22T12:01:29","modified_gmt":"2022-12-22T10:01:29","slug":"teatro-cientifico-recordando-a-lise-meitner","status":"publish","type":"post","link":"https:\/\/igfae.usc.es\/~igfae-old\/gl\/teatro-cientifico-recordando-a-lise-meitner\/","title":{"rendered":"O IGFAE trae a Santiago a obra de teatro cient\u00edfico &#8220;Recordando a Lise Meitner&#8221;"},"content":{"rendered":"<ul>\n<li><strong>Esta iniciativa visibiliza a vida da codescubridora da fisi\u00f3n nuclear, cuxo Nobel foi concedido en solitario a Otto Hahn, o seu compa\u00f1eiro de laboratorio en 1944<\/strong><\/li>\n<li><strong>Haber\u00e1 d\u00faas representaci\u00f3ns: unha para p\u00fablico xeral o 24 de outubro e outra para centros de secundaria o 25 de outubro.<\/strong><\/li>\n<li><strong>A entrada \u00e9 de balde con inscrici\u00f3n previa ata esgotar prazas<\/strong><\/li>\n<\/ul>\n<p>Lise Meitner foi unha de tantas pioneiras cient\u00edficas esquecidas na historia: a principios do s\u00e9culo XX as s\u00faas contribuci\u00f3ns para descubrir a fisi\u00f3n nuclear foron cruciais, pero foi ignorada polo comit\u00e9 do Premio Nobel. <strong>&#8220;Proxecto Meitner: Recordando a Lise Meitner&#8221;<\/strong> \u00e9 unha obra de teatro para todo p\u00fablico promovida polo Instituto Galego de F\u00edsica de Altas Enerx\u00edas (IGFAE) que pretende recuperar a memoria desta investigadora e facer xustiza co lugar que ocupa na historia da ciencia. A primeira se celebrar\u00e1 o l\u00fans 24 de outubro \u00e1s 21:00 h para p\u00fablico xeral e o segundo pase o martes 25 \u00e1s 10:00 h, destinado exclusivamente a centros de secundaria e que se complementar\u00e1 cun coloquio posterior con f\u00edsicas e artistas do espect\u00e1culo. Ambas as representaci\u00f3ns ser\u00e1n en castel\u00e1n no Auditorio Abanca de Santiago. A entrada \u00e9 de balde con inscrici\u00f3n previa no seguinte formulario ata completar capacidade: <a href=\"https:\/\/bit.ly\/meitnerIGFAE\">bit.ly\/meitnerIGFAE<\/a><\/p>\n<p>Esta obra de teatro cient\u00edfico chegar\u00e1 a Santiago de Compostela no marco do congreso <em>European Nuclear Physics Conference 2022<\/em> (EuNPC 2022) organizado polo IGFAE entre o 24 e o 28 de outubro. \u00a0\u00c9 una iniciativa impulsada \u00a0polo Instituto de F\u00edsica Corpuscular (IFIC) do CSIC e a Universitat de Val\u00e8ncia coa colaboraci\u00f3n da Fundaci\u00f3n Espa\u00f1ola para a Ciencia e a Tecnolox\u00eda do Ministerio de Ciencia e Innovaci\u00f3n e o Instituto Valenciano de Cultura, a Fundaci\u00f3n Xeral CSIC e a Unitat de Igualtat da Universitat de Val\u00e8ncia tam\u00e9n cuxa produci\u00f3n art\u00edstica corre a cargo da compa\u00f1\u00eda teatral CRIT.<\/p>\n<p><iframe loading=\"lazy\" title=\"YouTube video player\" src=\"https:\/\/www.youtube.com\/embed\/MfioYKUsB1c\" width=\"560\" height=\"315\" frameborder=\"0\" allowfullscreen=\"allowfullscreen\"><\/iframe><\/p>\n<p><strong>Nobel negado \u00e1 codescubridora da fisi\u00f3n nuclear<\/strong><\/p>\n<p>Lise Meitner naceu en Viena o 7 de novembro de 1878. A educaci\u00f3n que recibeu por parte da s\u00faa familia permit\u00edulle chegar \u00e1 \u00a0universidade, estudar f\u00edsica e converterse na segunda muller doutora da Universidade de Viena en 1906. \u00a0Ao terminar o seu doutoramento, Lise solicitou entrar como estudante no laboratorio Curie, pero \u00a0foi rexeitada por falta de prazas. Ent\u00f3n decidiu viaxar a Berl\u00edn para afondar os seus co\u00f1ecementos no campo da radiactividade. Al\u00ed co\u00f1eceu ao seu gran amigo e colega Otto Hahn con quen estableceu unha estreita colaboraci\u00f3n cient\u00edfica de case m\u00e1is de 30 anos. En 1938 Lise tivo que fuxir da Alema\u00f1a nazi e exiliarse a Suecia.\u00a0 Xunto a Fritz Strassmann produciron o primeiro exemplo de fisi\u00f3n nuclear, a\u00ednda que non se dan conta do achado ata que Lise interpreta os resultados. Un ano despois Otto mandou \u00e1 revista <em>Nature<\/em> o traballo omitindo a Lise: tem\u00eda que lle acusasen de colaborar cunha xud\u00eda. A\u00ednda que o papel de Lise foi crucial nos experimentos, s\u00f3 Otto recibiu en 1944 o Premio Nobel de Qu\u00edmica por este descubrimento. Lise foi nomeada en 48 ocasi\u00f3ns ao Nobel, pero nunca o recibiu. Si conseguiu moitos outros reco\u00f1ecementos, entre eles o Premio Enrico Fermi en 1966 polas s\u00faas contribuci\u00f3ns \u00e1 f\u00edsica. Dous anos despois, en 1968, Lise falece en Cambridge con case 90 anos. Tras a s\u00faa morte suced\u00e9ronse numerosos nomeamentos e na actualidade varios premios te\u00f1en o seu nome. Lise Meitner ten o privilexio de ser a \u00fanica cient\u00edfica que nomea en solitario un elemento da t\u00e1boa peri\u00f3dica, o meitnerio.<\/p>\n<div id=\"attachment_12134\" style=\"width: 970px\" class=\"wp-caption aligncenter\"><a href=\"https:\/\/igfae.usc.es\/~igfae-old\/wp-content\/uploads\/2022\/10\/meitner_hahn_lab4.jpg\"><img aria-describedby=\"caption-attachment-12134\" loading=\"lazy\" class=\"wp-image-12134 size-full\" src=\"https:\/\/igfae.usc.es\/~igfae-old\/wp-content\/uploads\/2022\/10\/meitner_hahn_lab4.jpg\" alt=\"\" width=\"960\" height=\"540\" srcset=\"https:\/\/igfae.usc.es\/~igfae-old\/wp-content\/uploads\/2022\/10\/meitner_hahn_lab4.jpg 960w, https:\/\/igfae.usc.es\/~igfae-old\/wp-content\/uploads\/2022\/10\/meitner_hahn_lab4-300x169.jpg 300w, https:\/\/igfae.usc.es\/~igfae-old\/wp-content\/uploads\/2022\/10\/meitner_hahn_lab4-768x432.jpg 768w\" sizes=\"(max-width: 960px) 100vw, 960px\" \/><\/a><p id=\"caption-attachment-12134\" class=\"wp-caption-text\">Lise e Otto no seu laboratorio de Berl\u00edn arredor de 1910. Cr\u00e9dito: Archives of the Max Planck Society.<\/p><\/div>\n<p><strong>Datas:<\/strong><\/p>\n<ul>\n<li>Luns, 24 de outubro \u00e1s 21:00 horas. Obra para p\u00fablico xeral.<\/li>\n<li>Martes, 25 de outubro \u00e1s 10:00 horas. Obra + coloquio para centros de secundaria<\/li>\n<\/ul>\n<p><strong>Lugar:<\/strong> Auditorio Abanca. R\u00faa Preguntoiro 23, Santiago de Compostela.<\/p>\n<p><strong>Duraci\u00f3n:<\/strong> 1 hora. Duraci\u00f3n coloquio: 30 minutos.<\/p>\n<p><strong>Inscrici\u00f3ns:<\/strong> entrada libre ata esgotar aforo. As prazas res\u00e9rvanse por estrito orde de inscrici\u00f3n: <a href=\"https:\/\/bit.ly\/meitnerIGFAE\">bit.ly\/meitnerIGFAE<\/a><\/p>\n<div class=\"image-slider slider-all-controls controls-inside\"><ul class=\"slides\"><li><img width=\"2500\" height=\"1667\" src=\"https:\/\/igfae.usc.es\/~igfae-old\/wp-content\/uploads\/2022\/10\/ObraLiseMeitner-1.jpeg\" class=\"attachment-full size-full\" alt=\"\" loading=\"lazy\" srcset=\"https:\/\/igfae.usc.es\/~igfae-old\/wp-content\/uploads\/2022\/10\/ObraLiseMeitner-1.jpeg 2500w, https:\/\/igfae.usc.es\/~igfae-old\/wp-content\/uploads\/2022\/10\/ObraLiseMeitner-1-300x200.jpeg 300w, https:\/\/igfae.usc.es\/~igfae-old\/wp-content\/uploads\/2022\/10\/ObraLiseMeitner-1-1024x683.jpeg 1024w, https:\/\/igfae.usc.es\/~igfae-old\/wp-content\/uploads\/2022\/10\/ObraLiseMeitner-1-768x512.jpeg 768w, https:\/\/igfae.usc.es\/~igfae-old\/wp-content\/uploads\/2022\/10\/ObraLiseMeitner-1-1536x1024.jpeg 1536w, https:\/\/igfae.usc.es\/~igfae-old\/wp-content\/uploads\/2022\/10\/ObraLiseMeitner-1-2048x1366.jpeg 2048w, https:\/\/igfae.usc.es\/~igfae-old\/wp-content\/uploads\/2022\/10\/ObraLiseMeitner-1-600x400.jpeg 600w\" sizes=\"(max-width: 2500px) 100vw, 2500px\" \/><\/li><li><img width=\"2560\" height=\"1707\" src=\"https:\/\/igfae.usc.es\/~igfae-old\/wp-content\/uploads\/2022\/10\/ObraLiseMeitner-9-scaled.jpg\" class=\"attachment-full size-full\" alt=\"\" loading=\"lazy\" srcset=\"https:\/\/igfae.usc.es\/~igfae-old\/wp-content\/uploads\/2022\/10\/ObraLiseMeitner-9-scaled.jpg 2560w, https:\/\/igfae.usc.es\/~igfae-old\/wp-content\/uploads\/2022\/10\/ObraLiseMeitner-9-300x200.jpg 300w, https:\/\/igfae.usc.es\/~igfae-old\/wp-content\/uploads\/2022\/10\/ObraLiseMeitner-9-1024x683.jpg 1024w, https:\/\/igfae.usc.es\/~igfae-old\/wp-content\/uploads\/2022\/10\/ObraLiseMeitner-9-768x512.jpg 768w, https:\/\/igfae.usc.es\/~igfae-old\/wp-content\/uploads\/2022\/10\/ObraLiseMeitner-9-1536x1024.jpg 1536w, https:\/\/igfae.usc.es\/~igfae-old\/wp-content\/uploads\/2022\/10\/ObraLiseMeitner-9-2048x1365.jpg 2048w, https:\/\/igfae.usc.es\/~igfae-old\/wp-content\/uploads\/2022\/10\/ObraLiseMeitner-9-600x400.jpg 600w\" sizes=\"(max-width: 2560px) 100vw, 2560px\" \/><\/li><li><img width=\"2500\" height=\"1667\" src=\"https:\/\/igfae.usc.es\/~igfae-old\/wp-content\/uploads\/2022\/10\/ObraLiseMeitner-4.jpeg\" class=\"attachment-full size-full\" alt=\"\" loading=\"lazy\" srcset=\"https:\/\/igfae.usc.es\/~igfae-old\/wp-content\/uploads\/2022\/10\/ObraLiseMeitner-4.jpeg 2500w, https:\/\/igfae.usc.es\/~igfae-old\/wp-content\/uploads\/2022\/10\/ObraLiseMeitner-4-300x200.jpeg 300w, https:\/\/igfae.usc.es\/~igfae-old\/wp-content\/uploads\/2022\/10\/ObraLiseMeitner-4-1024x683.jpeg 1024w, https:\/\/igfae.usc.es\/~igfae-old\/wp-content\/uploads\/2022\/10\/ObraLiseMeitner-4-768x512.jpeg 768w, https:\/\/igfae.usc.es\/~igfae-old\/wp-content\/uploads\/2022\/10\/ObraLiseMeitner-4-1536x1024.jpeg 1536w, https:\/\/igfae.usc.es\/~igfae-old\/wp-content\/uploads\/2022\/10\/ObraLiseMeitner-4-2048x1366.jpeg 2048w, https:\/\/igfae.usc.es\/~igfae-old\/wp-content\/uploads\/2022\/10\/ObraLiseMeitner-4-600x400.jpeg 600w\" sizes=\"(max-width: 2500px) 100vw, 2500px\" \/><\/li><li><img width=\"2500\" height=\"1667\" src=\"https:\/\/igfae.usc.es\/~igfae-old\/wp-content\/uploads\/2022\/10\/ObraLiseMeitner-8.jpeg\" class=\"attachment-full size-full\" alt=\"\" loading=\"lazy\" srcset=\"https:\/\/igfae.usc.es\/~igfae-old\/wp-content\/uploads\/2022\/10\/ObraLiseMeitner-8.jpeg 2500w, https:\/\/igfae.usc.es\/~igfae-old\/wp-content\/uploads\/2022\/10\/ObraLiseMeitner-8-300x200.jpeg 300w, https:\/\/igfae.usc.es\/~igfae-old\/wp-content\/uploads\/2022\/10\/ObraLiseMeitner-8-1024x683.jpeg 1024w, https:\/\/igfae.usc.es\/~igfae-old\/wp-content\/uploads\/2022\/10\/ObraLiseMeitner-8-768x512.jpeg 768w, https:\/\/igfae.usc.es\/~igfae-old\/wp-content\/uploads\/2022\/10\/ObraLiseMeitner-8-1536x1024.jpeg 1536w, https:\/\/igfae.usc.es\/~igfae-old\/wp-content\/uploads\/2022\/10\/ObraLiseMeitner-8-2048x1366.jpeg 2048w, https:\/\/igfae.usc.es\/~igfae-old\/wp-content\/uploads\/2022\/10\/ObraLiseMeitner-8-600x400.jpeg 600w\" sizes=\"(max-width: 2500px) 100vw, 2500px\" \/><\/li><li><img width=\"2500\" height=\"1667\" src=\"https:\/\/igfae.usc.es\/~igfae-old\/wp-content\/uploads\/2022\/10\/ObraLiseMeitner-6.jpeg\" class=\"attachment-full size-full\" alt=\"\" loading=\"lazy\" srcset=\"https:\/\/igfae.usc.es\/~igfae-old\/wp-content\/uploads\/2022\/10\/ObraLiseMeitner-6.jpeg 2500w, https:\/\/igfae.usc.es\/~igfae-old\/wp-content\/uploads\/2022\/10\/ObraLiseMeitner-6-300x200.jpeg 300w, https:\/\/igfae.usc.es\/~igfae-old\/wp-content\/uploads\/2022\/10\/ObraLiseMeitner-6-1024x683.jpeg 1024w, https:\/\/igfae.usc.es\/~igfae-old\/wp-content\/uploads\/2022\/10\/ObraLiseMeitner-6-768x512.jpeg 768w, https:\/\/igfae.usc.es\/~igfae-old\/wp-content\/uploads\/2022\/10\/ObraLiseMeitner-6-1536x1024.jpeg 1536w, https:\/\/igfae.usc.es\/~igfae-old\/wp-content\/uploads\/2022\/10\/ObraLiseMeitner-6-2048x1366.jpeg 2048w, https:\/\/igfae.usc.es\/~igfae-old\/wp-content\/uploads\/2022\/10\/ObraLiseMeitner-6-600x400.jpeg 600w\" sizes=\"(max-width: 2500px) 100vw, 2500px\" \/><\/li><li><img width=\"2500\" height=\"1667\" src=\"https:\/\/igfae.usc.es\/~igfae-old\/wp-content\/uploads\/2022\/10\/ObraLiseMeitner-3.jpeg\" class=\"attachment-full size-full\" alt=\"\" loading=\"lazy\" srcset=\"https:\/\/igfae.usc.es\/~igfae-old\/wp-content\/uploads\/2022\/10\/ObraLiseMeitner-3.jpeg 2500w, https:\/\/igfae.usc.es\/~igfae-old\/wp-content\/uploads\/2022\/10\/ObraLiseMeitner-3-300x200.jpeg 300w, https:\/\/igfae.usc.es\/~igfae-old\/wp-content\/uploads\/2022\/10\/ObraLiseMeitner-3-1024x683.jpeg 1024w, https:\/\/igfae.usc.es\/~igfae-old\/wp-content\/uploads\/2022\/10\/ObraLiseMeitner-3-768x512.jpeg 768w, https:\/\/igfae.usc.es\/~igfae-old\/wp-content\/uploads\/2022\/10\/ObraLiseMeitner-3-1536x1024.jpeg 1536w, https:\/\/igfae.usc.es\/~igfae-old\/wp-content\/uploads\/2022\/10\/ObraLiseMeitner-3-2048x1366.jpeg 2048w, https:\/\/igfae.usc.es\/~igfae-old\/wp-content\/uploads\/2022\/10\/ObraLiseMeitner-3-600x400.jpeg 600w\" sizes=\"(max-width: 2500px) 100vw, 2500px\" \/><\/li><li><img width=\"2500\" height=\"1667\" src=\"https:\/\/igfae.usc.es\/~igfae-old\/wp-content\/uploads\/2022\/10\/ObraLiseMeitner-5.jpeg\" class=\"attachment-full size-full\" alt=\"\" loading=\"lazy\" srcset=\"https:\/\/igfae.usc.es\/~igfae-old\/wp-content\/uploads\/2022\/10\/ObraLiseMeitner-5.jpeg 2500w, https:\/\/igfae.usc.es\/~igfae-old\/wp-content\/uploads\/2022\/10\/ObraLiseMeitner-5-300x200.jpeg 300w, https:\/\/igfae.usc.es\/~igfae-old\/wp-content\/uploads\/2022\/10\/ObraLiseMeitner-5-1024x683.jpeg 1024w, https:\/\/igfae.usc.es\/~igfae-old\/wp-content\/uploads\/2022\/10\/ObraLiseMeitner-5-768x512.jpeg 768w, https:\/\/igfae.usc.es\/~igfae-old\/wp-content\/uploads\/2022\/10\/ObraLiseMeitner-5-1536x1024.jpeg 1536w, https:\/\/igfae.usc.es\/~igfae-old\/wp-content\/uploads\/2022\/10\/ObraLiseMeitner-5-2048x1366.jpeg 2048w, https:\/\/igfae.usc.es\/~igfae-old\/wp-content\/uploads\/2022\/10\/ObraLiseMeitner-5-600x400.jpeg 600w\" sizes=\"(max-width: 2500px) 100vw, 2500px\" \/><\/li><li><img width=\"2500\" height=\"1667\" src=\"https:\/\/igfae.usc.es\/~igfae-old\/wp-content\/uploads\/2022\/10\/ObraLiseMeitner-2.jpeg\" class=\"attachment-full size-full\" alt=\"\" loading=\"lazy\" srcset=\"https:\/\/igfae.usc.es\/~igfae-old\/wp-content\/uploads\/2022\/10\/ObraLiseMeitner-2.jpeg 2500w, https:\/\/igfae.usc.es\/~igfae-old\/wp-content\/uploads\/2022\/10\/ObraLiseMeitner-2-300x200.jpeg 300w, https:\/\/igfae.usc.es\/~igfae-old\/wp-content\/uploads\/2022\/10\/ObraLiseMeitner-2-1024x683.jpeg 1024w, https:\/\/igfae.usc.es\/~igfae-old\/wp-content\/uploads\/2022\/10\/ObraLiseMeitner-2-768x512.jpeg 768w, https:\/\/igfae.usc.es\/~igfae-old\/wp-content\/uploads\/2022\/10\/ObraLiseMeitner-2-1536x1024.jpeg 1536w, https:\/\/igfae.usc.es\/~igfae-old\/wp-content\/uploads\/2022\/10\/ObraLiseMeitner-2-2048x1366.jpeg 2048w, https:\/\/igfae.usc.es\/~igfae-old\/wp-content\/uploads\/2022\/10\/ObraLiseMeitner-2-600x400.jpeg 600w\" sizes=\"(max-width: 2500px) 100vw, 2500px\" \/><\/li><\/ul><\/div>\n","protected":false},"excerpt":{"rendered":"<p>Esta iniciativa visibiliza a vida da codescubridora da fisi\u00f3n nuclear, cuxo Nobel foi concedido en solitario a Otto Hahn, o seu&#8230;<\/p>\n","protected":false},"author":21,"featured_media":12127,"comment_status":"closed","ping_status":"closed","sticky":false,"template":"","format":"standard","meta":{"om_disable_all_campaigns":false,"_monsterinsights_skip_tracking":false,"_monsterinsights_sitenote_active":false,"_monsterinsights_sitenote_note":"","_monsterinsights_sitenote_category":0},"categories":[118,116,120],"tags":[],"aioseo_notices":[],"yoast_head":"<!-- This site is optimized with the Yoast SEO plugin v18.4.1 - https:\/\/yoast.com\/wordpress\/plugins\/seo\/ -->\n<title>O IGFAE trae a Santiago a obra de teatro cient\u00edfico &quot;Recordando a Lise Meitner&quot; - IGFAE<\/title>\n<meta name=\"robots\" content=\"index, follow, max-snippet:-1, max-image-preview:large, max-video-preview:-1\" \/>\n<link rel=\"canonical\" href=\"https:\/\/igfae.usc.es\/~igfae-old\/gl\/teatro-cientifico-recordando-a-lise-meitner\/\" \/>\n<meta property=\"og:locale\" content=\"gl_ES\" \/>\n<meta property=\"og:type\" content=\"article\" \/>\n<meta property=\"og:title\" content=\"O IGFAE trae a Santiago a obra de teatro cient\u00edfico &quot;Recordando a Lise Meitner&quot; - IGFAE\" \/>\n<meta property=\"og:description\" content=\"Esta iniciativa visibiliza a vida da codescubridora da fisi\u00f3n nuclear, cuxo Nobel foi concedido en solitario a Otto Hahn, o seu...\" \/>\n<meta property=\"og:url\" content=\"https:\/\/igfae.usc.es\/~igfae-old\/gl\/teatro-cientifico-recordando-a-lise-meitner\/\" \/>\n<meta property=\"og:site_name\" content=\"IGFAE\" \/>\n<meta property=\"article:published_time\" content=\"2022-10-06T15:52:47+00:00\" \/>\n<meta property=\"article:modified_time\" content=\"2022-12-22T10:01:29+00:00\" \/>\n<meta property=\"og:image\" content=\"https:\/\/igfae.usc.es\/~igfae-old\/wp-content\/uploads\/2022\/10\/CartelProxectoMeitner.jpg\" \/>\n\t<meta property=\"og:image:width\" content=\"1358\" \/>\n\t<meta property=\"og:image:height\" content=\"1920\" \/>\n\t<meta property=\"og:image:type\" content=\"image\/jpeg\" \/>\n<meta name=\"twitter:card\" content=\"summary_large_image\" \/>\n<meta name=\"twitter:creator\" content=\"@igfae_hep\" \/>\n<meta name=\"twitter:site\" content=\"@igfae_hep\" \/>\n<meta name=\"twitter:label1\" content=\"Escrito por\" \/>\n\t<meta name=\"twitter:data1\" content=\"Elena Mora Cuesta\" \/>\n\t<meta name=\"twitter:label2\" content=\"Tempo de lectura\" \/>\n\t<meta name=\"twitter:data2\" content=\"4 minutos\" \/>\n<script type=\"application\/ld+json\" class=\"yoast-schema-graph\">{\"@context\":\"https:\/\/schema.org\",\"@graph\":[{\"@type\":\"WebSite\",\"@id\":\"https:\/\/igfae.usc.es\/~igfae-old\/#website\",\"url\":\"https:\/\/igfae.usc.es\/~igfae-old\/\",\"name\":\"IGFAE\",\"description\":\"Instituto Galego de F\u00edsica de Altas Enerx\u00edas\",\"potentialAction\":[{\"@type\":\"SearchAction\",\"target\":{\"@type\":\"EntryPoint\",\"urlTemplate\":\"https:\/\/igfae.usc.es\/~igfae-old\/?s={search_term_string}\"},\"query-input\":\"required name=search_term_string\"}],\"inLanguage\":\"gl-ES\"},{\"@type\":\"ImageObject\",\"@id\":\"https:\/\/igfae.usc.es\/~igfae-old\/gl\/teatro-cientifico-recordando-a-lise-meitner\/#primaryimage\",\"inLanguage\":\"gl-ES\",\"url\":\"https:\/\/igfae.usc.es\/~igfae-old\/wp-content\/uploads\/2022\/10\/CartelProxectoMeitner.jpg\",\"contentUrl\":\"https:\/\/igfae.usc.es\/~igfae-old\/wp-content\/uploads\/2022\/10\/CartelProxectoMeitner.jpg\",\"width\":1358,\"height\":1920},{\"@type\":\"WebPage\",\"@id\":\"https:\/\/igfae.usc.es\/~igfae-old\/gl\/teatro-cientifico-recordando-a-lise-meitner\/#webpage\",\"url\":\"https:\/\/igfae.usc.es\/~igfae-old\/gl\/teatro-cientifico-recordando-a-lise-meitner\/\",\"name\":\"O IGFAE trae a Santiago a obra de teatro cient\u00edfico \\\"Recordando a Lise Meitner\\\" - IGFAE\",\"isPartOf\":{\"@id\":\"https:\/\/igfae.usc.es\/~igfae-old\/#website\"},\"primaryImageOfPage\":{\"@id\":\"https:\/\/igfae.usc.es\/~igfae-old\/gl\/teatro-cientifico-recordando-a-lise-meitner\/#primaryimage\"},\"datePublished\":\"2022-10-06T15:52:47+00:00\",\"dateModified\":\"2022-12-22T10:01:29+00:00\",\"author\":{\"@id\":\"https:\/\/igfae.usc.es\/~igfae-old\/#\/schema\/person\/840f8ffb14ad0885a9e3d067fb261c00\"},\"breadcrumb\":{\"@id\":\"https:\/\/igfae.usc.es\/~igfae-old\/gl\/teatro-cientifico-recordando-a-lise-meitner\/#breadcrumb\"},\"inLanguage\":\"gl-ES\",\"potentialAction\":[{\"@type\":\"ReadAction\",\"target\":[\"https:\/\/igfae.usc.es\/~igfae-old\/gl\/teatro-cientifico-recordando-a-lise-meitner\/\"]}]},{\"@type\":\"BreadcrumbList\",\"@id\":\"https:\/\/igfae.usc.es\/~igfae-old\/gl\/teatro-cientifico-recordando-a-lise-meitner\/#breadcrumb\",\"itemListElement\":[{\"@type\":\"ListItem\",\"position\":1,\"name\":\"Home\",\"item\":\"https:\/\/igfae.usc.es\/~igfae-old\/gl\/\"},{\"@type\":\"ListItem\",\"position\":2,\"name\":\"O IGFAE trae a Santiago a obra de teatro cient\u00edfico &#8220;Recordando a Lise Meitner&#8221;\"}]},{\"@type\":\"Person\",\"@id\":\"https:\/\/igfae.usc.es\/~igfae-old\/#\/schema\/person\/840f8ffb14ad0885a9e3d067fb261c00\",\"name\":\"Elena Mora Cuesta\",\"url\":\"https:\/\/igfae.usc.es\/~igfae-old\/gl\/author\/elena-mora-cuesta\/\"}]}<\/script>\n<!-- \/ Yoast SEO plugin. -->","yoast_head_json":{"title":"O IGFAE trae a Santiago a obra de teatro cient\u00edfico \"Recordando a Lise Meitner\" - IGFAE","robots":{"index":"index","follow":"follow","max-snippet":"max-snippet:-1","max-image-preview":"max-image-preview:large","max-video-preview":"max-video-preview:-1"},"canonical":"https:\/\/igfae.usc.es\/~igfae-old\/gl\/teatro-cientifico-recordando-a-lise-meitner\/","og_locale":"gl_ES","og_type":"article","og_title":"O IGFAE trae a Santiago a obra de teatro cient\u00edfico \"Recordando a Lise Meitner\" - IGFAE","og_description":"Esta iniciativa visibiliza a vida da codescubridora da fisi\u00f3n nuclear, cuxo Nobel foi concedido en solitario a Otto Hahn, o seu...","og_url":"https:\/\/igfae.usc.es\/~igfae-old\/gl\/teatro-cientifico-recordando-a-lise-meitner\/","og_site_name":"IGFAE","article_published_time":"2022-10-06T15:52:47+00:00","article_modified_time":"2022-12-22T10:01:29+00:00","og_image":[{"width":1358,"height":1920,"url":"https:\/\/igfae.usc.es\/~igfae-old\/wp-content\/uploads\/2022\/10\/CartelProxectoMeitner.jpg","type":"image\/jpeg"}],"twitter_card":"summary_large_image","twitter_creator":"@igfae_hep","twitter_site":"@igfae_hep","twitter_misc":{"Escrito por":"Elena Mora Cuesta","Tempo de lectura":"4 minutos"},"schema":{"@context":"https:\/\/schema.org","@graph":[{"@type":"WebSite","@id":"https:\/\/igfae.usc.es\/~igfae-old\/#website","url":"https:\/\/igfae.usc.es\/~igfae-old\/","name":"IGFAE","description":"Instituto Galego de F\u00edsica de Altas Enerx\u00edas","potentialAction":[{"@type":"SearchAction","target":{"@type":"EntryPoint","urlTemplate":"https:\/\/igfae.usc.es\/~igfae-old\/?s={search_term_string}"},"query-input":"required name=search_term_string"}],"inLanguage":"gl-ES"},{"@type":"ImageObject","@id":"https:\/\/igfae.usc.es\/~igfae-old\/gl\/teatro-cientifico-recordando-a-lise-meitner\/#primaryimage","inLanguage":"gl-ES","url":"https:\/\/igfae.usc.es\/~igfae-old\/wp-content\/uploads\/2022\/10\/CartelProxectoMeitner.jpg","contentUrl":"https:\/\/igfae.usc.es\/~igfae-old\/wp-content\/uploads\/2022\/10\/CartelProxectoMeitner.jpg","width":1358,"height":1920},{"@type":"WebPage","@id":"https:\/\/igfae.usc.es\/~igfae-old\/gl\/teatro-cientifico-recordando-a-lise-meitner\/#webpage","url":"https:\/\/igfae.usc.es\/~igfae-old\/gl\/teatro-cientifico-recordando-a-lise-meitner\/","name":"O IGFAE trae a Santiago a obra de teatro cient\u00edfico \"Recordando a Lise Meitner\" - IGFAE","isPartOf":{"@id":"https:\/\/igfae.usc.es\/~igfae-old\/#website"},"primaryImageOfPage":{"@id":"https:\/\/igfae.usc.es\/~igfae-old\/gl\/teatro-cientifico-recordando-a-lise-meitner\/#primaryimage"},"datePublished":"2022-10-06T15:52:47+00:00","dateModified":"2022-12-22T10:01:29+00:00","author":{"@id":"https:\/\/igfae.usc.es\/~igfae-old\/#\/schema\/person\/840f8ffb14ad0885a9e3d067fb261c00"},"breadcrumb":{"@id":"https:\/\/igfae.usc.es\/~igfae-old\/gl\/teatro-cientifico-recordando-a-lise-meitner\/#breadcrumb"},"inLanguage":"gl-ES","potentialAction":[{"@type":"ReadAction","target":["https:\/\/igfae.usc.es\/~igfae-old\/gl\/teatro-cientifico-recordando-a-lise-meitner\/"]}]},{"@type":"BreadcrumbList","@id":"https:\/\/igfae.usc.es\/~igfae-old\/gl\/teatro-cientifico-recordando-a-lise-meitner\/#breadcrumb","itemListElement":[{"@type":"ListItem","position":1,"name":"Home","item":"https:\/\/igfae.usc.es\/~igfae-old\/gl\/"},{"@type":"ListItem","position":2,"name":"O IGFAE trae a Santiago a obra de teatro cient\u00edfico &#8220;Recordando a Lise Meitner&#8221;"}]},{"@type":"Person","@id":"https:\/\/igfae.usc.es\/~igfae-old\/#\/schema\/person\/840f8ffb14ad0885a9e3d067fb261c00","name":"Elena Mora Cuesta","url":"https:\/\/igfae.usc.es\/~igfae-old\/gl\/author\/elena-mora-cuesta\/"}]}},"_links":{"self":[{"href":"https:\/\/igfae.usc.es\/~igfae-old\/gl\/wp-json\/wp\/v2\/posts\/12138"}],"collection":[{"href":"https:\/\/igfae.usc.es\/~igfae-old\/gl\/wp-json\/wp\/v2\/posts"}],"about":[{"href":"https:\/\/igfae.usc.es\/~igfae-old\/gl\/wp-json\/wp\/v2\/types\/post"}],"author":[{"embeddable":true,"href":"https:\/\/igfae.usc.es\/~igfae-old\/gl\/wp-json\/wp\/v2\/users\/21"}],"replies":[{"embeddable":true,"href":"https:\/\/igfae.usc.es\/~igfae-old\/gl\/wp-json\/wp\/v2\/comments?post=12138"}],"version-history":[{"count":7,"href":"https:\/\/igfae.usc.es\/~igfae-old\/gl\/wp-json\/wp\/v2\/posts\/12138\/revisions"}],"predecessor-version":[{"id":12140,"href":"https:\/\/igfae.usc.es\/~igfae-old\/gl\/wp-json\/wp\/v2\/posts\/12138\/revisions\/12140"}],"wp:featuredmedia":[{"embeddable":true,"href":"https:\/\/igfae.usc.es\/~igfae-old\/gl\/wp-json\/wp\/v2\/media\/12127"}],"wp:attachment":[{"href":"https:\/\/igfae.usc.es\/~igfae-old\/gl\/wp-json\/wp\/v2\/media?parent=12138"}],"wp:term":[{"taxonomy":"category","embeddable":true,"href":"https:\/\/igfae.usc.es\/~igfae-old\/gl\/wp-json\/wp\/v2\/categories?post=12138"},{"taxonomy":"post_tag","embeddable":true,"href":"https:\/\/igfae.usc.es\/~igfae-old\/gl\/wp-json\/wp\/v2\/tags?post=12138"}],"curies":[{"name":"wp","href":"https:\/\/api.w.org\/{rel}","templated":true}]}}