



{"id":11421,"date":"2022-05-11T11:54:01","date_gmt":"2022-05-11T09:54:01","guid":{"rendered":"https:\/\/igfae.usc.es\/~igfae-old\/transfronteirizas-estibaliz-espinosa-gaston-giribet\/"},"modified":"2022-05-11T14:10:29","modified_gmt":"2022-05-11T12:10:29","slug":"transfronteirizas-estibaliz-espinosa-gaston-giribet","status":"publish","type":"post","link":"https:\/\/igfae.usc.es\/~igfae-old\/gl\/transfronteirizas-estibaliz-espinosa-gaston-giribet\/","title":{"rendered":"Astronom\u00eda, buracos negros e poes\u00eda no primeiro \u2018Transfronteirizas\u2019 presencial con Est\u00edbaliz Espinosa e  Gast\u00f3n  Giribet"},"content":{"rendered":"<p>\u2018Transfronteirizas, conversas de arte e ciencia\u2019, o ciclo de di\u00e1logos en li\u00f1a do Instituto Galego de F\u00edsica de Altas Enerx\u00edas (IGFAE), cumpre estes d\u00edas o seu segundo aniversario e cel\u00e9brao cunha nova edici\u00f3n o pr\u00f3ximo 19 de maio, por primeira vez en formato presencial. O encontro entre Est\u00edbaliz Espinosa e Gast\u00f3n Giribet, moderado polo investigador do IGFAE Jos\u00e9 Edelstein, ser\u00e1 no auditorio da Facultade de Ciencias da Comunicaci\u00f3n da USC \u00e1s 19:00 con entrada de balde ata completar capacidade. Quen non poida achegarse tam\u00e9n poder\u00e1 seguir o evento en directo a trav\u00e9s da <a href=\"https:\/\/bit.ly\/transfronteirizas10\">canle de Youtube do IGFAE<\/a>.<\/p>\n<p>Neste encontro de \u2018Transfronteirizas\u2019 falaremos de astronom\u00eda, buracos negros e poes\u00eda. Est\u00edbaliz Espinosa, cantante e escritora, converteu a s\u00faa curiosidade sobre o ceo e o universo en material sensible a trav\u00e9s da s\u00faa obra. Gast\u00f3n Giribet, f\u00edsico te\u00f3rico, leva toda unha vida pensando nos buracos negros e as abordaxes literarias e filos\u00f3ficas sobre as dimensi\u00f3ns do universo e estes astros que son fonte de tantos paradoxos.<\/p>\n<p>Est\u00edbaliz Espinosa (A Coru\u00f1a, 1973) \u00e9 escritora, comunicadora de ciencia e mezzosoprano. Licenciouse en Sociolox\u00eda e en Filolox\u00eda Hisp\u00e1nica na Universidade da Coru\u00f1a, estudou astronom\u00eda como amadora. Publicou varios libros de poes\u00eda en galego (<em>Curiosidade<\/em> ou <em>As neuronas irm\u00e1s,<\/em> entre outros), traduci\u00f3ns, relatos e ensaio. Artella actividades arredor da poes\u00eda, astronom\u00eda e m\u00fasica. Traballa para entidades como a Orquestra Sinf\u00f3nica de Galicia, Museos Cient\u00edficos Coru\u00f1eses e actualmente imparte escrita creativa na Universidade da Coru\u00f1a.<\/p>\n<p>Gaston Giribet (Buenos Aires, 1973) \u00e9 doutor en f\u00edsica. \u00c9 Profesor de F\u00edsica Te\u00f3rica da Universidade de Buenos Aires, e foi membro doutras instituci\u00f3ns, como o Institute for Advanced Study de Princeton, New York University, e a Universit\u00e9 Libre de Bruxelles. \u00c9 autor de m\u00e1is de cen artigos cient\u00edficos e, xunto a Jos\u00e9 Edelstein, publicou o libro <em>Cuerdas y supercuerdas: la naturaleza microsc\u00f3pica de las part\u00edculas y del espaciotiempo<\/em>.<\/p>\n<p><strong>Rosa Montero inaugurou dous anos de intercambio interdisciplinar<\/strong><\/p>\n<p>Organizado polo ArtaLab do IGFAE, centro mixto da Universidade de Santiago de Compostela (USC) e a Xunta de Galicia, \u2018<a href=\"https:\/\/igfae.usc.es\/~igfae-old\/gl\/transfronteirizas\/\">Transfronteirizas, conversas de arte e ciencia<\/a>&#8216; \u00e9 un ciclo de di\u00e1logos virtuais emitidos en Youtube no que se convidan a figuras do \u00e1mbito cultural a explorar as intersecci\u00f3ns entre a arte e a ciencia co noso persoal investigador, buscando un enfoque interdisciplinar. Nacido o 15 de maio de 2020 en plena pandemia con Rosa Montero, polo ciclo pasaron persoeiros como Javier Ruibal, Alejandro Dolina, Anna R. Figueiredo ou Agust\u00edn Fern\u00e1ndez Mallo co obxectivo de tender pontes e fomentar a participaci\u00f3n entre a sociedade e a comunidade investigadora a trav\u00e9s de distintas expresi\u00f3ns art\u00edsticas.<\/p>\n<ul>\n<li><strong>Canle de Youtube do IGFAE: <\/strong><a href=\"https:\/\/www.youtube.com\/c\/IGFAE\">https:\/\/www.youtube.com\/c\/IGFAE<\/a><\/li>\n<\/ul>\n<ul>\n<li><strong>Edici\u00f3ns anteriores de \u2018Transfronteirizas, conversas de arte e ciencia\u2019: <\/strong><a href=\"https:\/\/igfae.usc.es\/~igfae-old\/gl\/transfronteirizas\/\">https:\/\/igfae.usc.es\/~igfae-old\/gl\/transfronteirizas\/<\/a><\/li>\n<\/ul>\n<p><iframe loading=\"lazy\" title=\"YouTube video player\" src=\"https:\/\/www.youtube.com\/embed\/K-Aze6XDSqM\" width=\"560\" height=\"315\" frameborder=\"0\" allowfullscreen=\"allowfullscreen\"><\/iframe><\/p>\n","protected":false},"excerpt":{"rendered":"<p>\u2018Transfronteirizas, conversas de arte e ciencia\u2019, o ciclo de di\u00e1logos en li\u00f1a do Instituto Galego de F\u00edsica de Altas Enerx\u00edas (IGFAE),&#8230;<\/p>\n","protected":false},"author":21,"featured_media":11419,"comment_status":"closed","ping_status":"closed","sticky":false,"template":"","format":"standard","meta":{"om_disable_all_campaigns":false,"_monsterinsights_skip_tracking":false,"_monsterinsights_sitenote_active":false,"_monsterinsights_sitenote_note":"","_monsterinsights_sitenote_category":0},"categories":[125,116],"tags":[],"aioseo_notices":[],"yoast_head":"<!-- This site is optimized with the Yoast SEO plugin v18.4.1 - https:\/\/yoast.com\/wordpress\/plugins\/seo\/ -->\n<title>Astronom\u00eda, buracos negros e poes\u00eda no primeiro \u2018Transfronteirizas\u2019 presencial con Est\u00edbaliz Espinosa e Gast\u00f3n Giribet - IGFAE<\/title>\n<meta name=\"robots\" content=\"index, follow, max-snippet:-1, max-image-preview:large, max-video-preview:-1\" \/>\n<link rel=\"canonical\" href=\"https:\/\/igfae.usc.es\/~igfae-old\/gl\/transfronteirizas-estibaliz-espinosa-gaston-giribet\/\" \/>\n<meta property=\"og:locale\" content=\"gl_ES\" \/>\n<meta property=\"og:type\" content=\"article\" \/>\n<meta property=\"og:title\" content=\"Astronom\u00eda, buracos negros e poes\u00eda no primeiro \u2018Transfronteirizas\u2019 presencial\" \/>\n<meta property=\"og:description\" content=\"\u2018Transfronteirizas, conversas de arte e ciencia\u2019, o ciclo de di\u00e1logos en li\u00f1a do Instituto Galego de F\u00edsica de Altas Enerx\u00edas (IGFAE),...\" \/>\n<meta property=\"og:url\" content=\"https:\/\/igfae.usc.es\/~igfae-old\/gl\/transfronteirizas-estibaliz-espinosa-gaston-giribet\/\" \/>\n<meta property=\"og:site_name\" content=\"IGFAE\" \/>\n<meta property=\"article:published_time\" content=\"2022-05-11T09:54:01+00:00\" \/>\n<meta property=\"article:modified_time\" content=\"2022-05-11T12:10:29+00:00\" \/>\n<meta property=\"og:image\" content=\"https:\/\/igfae.usc.es\/~igfae-old\/wp-content\/uploads\/2022\/05\/transfronteirizas_mayo_2022.png\" \/>\n\t<meta property=\"og:image:width\" content=\"1920\" \/>\n\t<meta property=\"og:image:height\" content=\"1080\" \/>\n\t<meta property=\"og:image:type\" content=\"image\/png\" \/>\n<meta name=\"twitter:card\" content=\"summary_large_image\" \/>\n<meta name=\"twitter:title\" content=\"Astronom\u00eda, buracos negros e poes\u00eda no primeiro \u2018Transfronteirizas\u2019 presencial\" \/>\n<meta name=\"twitter:image\" content=\"https:\/\/igfae.usc.es\/~igfae-old\/wp-content\/uploads\/2022\/05\/transfronteirizas_mayo_2022.png\" \/>\n<meta name=\"twitter:creator\" content=\"@igfae_hep\" \/>\n<meta name=\"twitter:site\" content=\"@igfae_hep\" \/>\n<meta name=\"twitter:label1\" content=\"Escrito por\" \/>\n\t<meta name=\"twitter:data1\" content=\"Elena Mora Cuesta\" \/>\n\t<meta name=\"twitter:label2\" content=\"Tempo de lectura\" \/>\n\t<meta name=\"twitter:data2\" content=\"2 minutos\" \/>\n<script type=\"application\/ld+json\" class=\"yoast-schema-graph\">{\"@context\":\"https:\/\/schema.org\",\"@graph\":[{\"@type\":\"WebSite\",\"@id\":\"https:\/\/igfae.usc.es\/~igfae-old\/#website\",\"url\":\"https:\/\/igfae.usc.es\/~igfae-old\/\",\"name\":\"IGFAE\",\"description\":\"Instituto Galego de F\u00edsica de Altas Enerx\u00edas\",\"potentialAction\":[{\"@type\":\"SearchAction\",\"target\":{\"@type\":\"EntryPoint\",\"urlTemplate\":\"https:\/\/igfae.usc.es\/~igfae-old\/?s={search_term_string}\"},\"query-input\":\"required name=search_term_string\"}],\"inLanguage\":\"gl-ES\"},{\"@type\":\"ImageObject\",\"@id\":\"https:\/\/igfae.usc.es\/~igfae-old\/gl\/transfronteirizas-estibaliz-espinosa-gaston-giribet\/#primaryimage\",\"inLanguage\":\"gl-ES\",\"url\":\"https:\/\/igfae.usc.es\/~igfae-old\/wp-content\/uploads\/2022\/05\/transfronteirizas_mayo_2022.png\",\"contentUrl\":\"https:\/\/igfae.usc.es\/~igfae-old\/wp-content\/uploads\/2022\/05\/transfronteirizas_mayo_2022.png\",\"width\":1920,\"height\":1080},{\"@type\":\"WebPage\",\"@id\":\"https:\/\/igfae.usc.es\/~igfae-old\/gl\/transfronteirizas-estibaliz-espinosa-gaston-giribet\/#webpage\",\"url\":\"https:\/\/igfae.usc.es\/~igfae-old\/gl\/transfronteirizas-estibaliz-espinosa-gaston-giribet\/\",\"name\":\"Astronom\u00eda, buracos negros e poes\u00eda no primeiro \u2018Transfronteirizas\u2019 presencial con Est\u00edbaliz Espinosa e Gast\u00f3n Giribet - IGFAE\",\"isPartOf\":{\"@id\":\"https:\/\/igfae.usc.es\/~igfae-old\/#website\"},\"primaryImageOfPage\":{\"@id\":\"https:\/\/igfae.usc.es\/~igfae-old\/gl\/transfronteirizas-estibaliz-espinosa-gaston-giribet\/#primaryimage\"},\"datePublished\":\"2022-05-11T09:54:01+00:00\",\"dateModified\":\"2022-05-11T12:10:29+00:00\",\"author\":{\"@id\":\"https:\/\/igfae.usc.es\/~igfae-old\/#\/schema\/person\/840f8ffb14ad0885a9e3d067fb261c00\"},\"breadcrumb\":{\"@id\":\"https:\/\/igfae.usc.es\/~igfae-old\/gl\/transfronteirizas-estibaliz-espinosa-gaston-giribet\/#breadcrumb\"},\"inLanguage\":\"gl-ES\",\"potentialAction\":[{\"@type\":\"ReadAction\",\"target\":[\"https:\/\/igfae.usc.es\/~igfae-old\/gl\/transfronteirizas-estibaliz-espinosa-gaston-giribet\/\"]}]},{\"@type\":\"BreadcrumbList\",\"@id\":\"https:\/\/igfae.usc.es\/~igfae-old\/gl\/transfronteirizas-estibaliz-espinosa-gaston-giribet\/#breadcrumb\",\"itemListElement\":[{\"@type\":\"ListItem\",\"position\":1,\"name\":\"Home\",\"item\":\"https:\/\/igfae.usc.es\/~igfae-old\/gl\/\"},{\"@type\":\"ListItem\",\"position\":2,\"name\":\"Astronom\u00eda, buracos negros e poes\u00eda no primeiro \u2018Transfronteirizas\u2019 presencial con Est\u00edbaliz Espinosa e Gast\u00f3n Giribet\"}]},{\"@type\":\"Person\",\"@id\":\"https:\/\/igfae.usc.es\/~igfae-old\/#\/schema\/person\/840f8ffb14ad0885a9e3d067fb261c00\",\"name\":\"Elena Mora Cuesta\",\"url\":\"https:\/\/igfae.usc.es\/~igfae-old\/gl\/author\/elena-mora-cuesta\/\"}]}<\/script>\n<!-- \/ Yoast SEO plugin. -->","yoast_head_json":{"title":"Astronom\u00eda, buracos negros e poes\u00eda no primeiro \u2018Transfronteirizas\u2019 presencial con Est\u00edbaliz Espinosa e Gast\u00f3n Giribet - IGFAE","robots":{"index":"index","follow":"follow","max-snippet":"max-snippet:-1","max-image-preview":"max-image-preview:large","max-video-preview":"max-video-preview:-1"},"canonical":"https:\/\/igfae.usc.es\/~igfae-old\/gl\/transfronteirizas-estibaliz-espinosa-gaston-giribet\/","og_locale":"gl_ES","og_type":"article","og_title":"Astronom\u00eda, buracos negros e poes\u00eda no primeiro \u2018Transfronteirizas\u2019 presencial","og_description":"\u2018Transfronteirizas, conversas de arte e ciencia\u2019, o ciclo de di\u00e1logos en li\u00f1a do Instituto Galego de F\u00edsica de Altas Enerx\u00edas (IGFAE),...","og_url":"https:\/\/igfae.usc.es\/~igfae-old\/gl\/transfronteirizas-estibaliz-espinosa-gaston-giribet\/","og_site_name":"IGFAE","article_published_time":"2022-05-11T09:54:01+00:00","article_modified_time":"2022-05-11T12:10:29+00:00","og_image":[{"width":1920,"height":1080,"url":"https:\/\/igfae.usc.es\/~igfae-old\/wp-content\/uploads\/2022\/05\/transfronteirizas_mayo_2022.png","type":"image\/png"}],"twitter_card":"summary_large_image","twitter_title":"Astronom\u00eda, buracos negros e poes\u00eda no primeiro \u2018Transfronteirizas\u2019 presencial","twitter_image":"https:\/\/igfae.usc.es\/~igfae-old\/wp-content\/uploads\/2022\/05\/transfronteirizas_mayo_2022.png","twitter_creator":"@igfae_hep","twitter_site":"@igfae_hep","twitter_misc":{"Escrito por":"Elena Mora Cuesta","Tempo de lectura":"2 minutos"},"schema":{"@context":"https:\/\/schema.org","@graph":[{"@type":"WebSite","@id":"https:\/\/igfae.usc.es\/~igfae-old\/#website","url":"https:\/\/igfae.usc.es\/~igfae-old\/","name":"IGFAE","description":"Instituto Galego de F\u00edsica de Altas Enerx\u00edas","potentialAction":[{"@type":"SearchAction","target":{"@type":"EntryPoint","urlTemplate":"https:\/\/igfae.usc.es\/~igfae-old\/?s={search_term_string}"},"query-input":"required name=search_term_string"}],"inLanguage":"gl-ES"},{"@type":"ImageObject","@id":"https:\/\/igfae.usc.es\/~igfae-old\/gl\/transfronteirizas-estibaliz-espinosa-gaston-giribet\/#primaryimage","inLanguage":"gl-ES","url":"https:\/\/igfae.usc.es\/~igfae-old\/wp-content\/uploads\/2022\/05\/transfronteirizas_mayo_2022.png","contentUrl":"https:\/\/igfae.usc.es\/~igfae-old\/wp-content\/uploads\/2022\/05\/transfronteirizas_mayo_2022.png","width":1920,"height":1080},{"@type":"WebPage","@id":"https:\/\/igfae.usc.es\/~igfae-old\/gl\/transfronteirizas-estibaliz-espinosa-gaston-giribet\/#webpage","url":"https:\/\/igfae.usc.es\/~igfae-old\/gl\/transfronteirizas-estibaliz-espinosa-gaston-giribet\/","name":"Astronom\u00eda, buracos negros e poes\u00eda no primeiro \u2018Transfronteirizas\u2019 presencial con Est\u00edbaliz Espinosa e Gast\u00f3n Giribet - IGFAE","isPartOf":{"@id":"https:\/\/igfae.usc.es\/~igfae-old\/#website"},"primaryImageOfPage":{"@id":"https:\/\/igfae.usc.es\/~igfae-old\/gl\/transfronteirizas-estibaliz-espinosa-gaston-giribet\/#primaryimage"},"datePublished":"2022-05-11T09:54:01+00:00","dateModified":"2022-05-11T12:10:29+00:00","author":{"@id":"https:\/\/igfae.usc.es\/~igfae-old\/#\/schema\/person\/840f8ffb14ad0885a9e3d067fb261c00"},"breadcrumb":{"@id":"https:\/\/igfae.usc.es\/~igfae-old\/gl\/transfronteirizas-estibaliz-espinosa-gaston-giribet\/#breadcrumb"},"inLanguage":"gl-ES","potentialAction":[{"@type":"ReadAction","target":["https:\/\/igfae.usc.es\/~igfae-old\/gl\/transfronteirizas-estibaliz-espinosa-gaston-giribet\/"]}]},{"@type":"BreadcrumbList","@id":"https:\/\/igfae.usc.es\/~igfae-old\/gl\/transfronteirizas-estibaliz-espinosa-gaston-giribet\/#breadcrumb","itemListElement":[{"@type":"ListItem","position":1,"name":"Home","item":"https:\/\/igfae.usc.es\/~igfae-old\/gl\/"},{"@type":"ListItem","position":2,"name":"Astronom\u00eda, buracos negros e poes\u00eda no primeiro \u2018Transfronteirizas\u2019 presencial con Est\u00edbaliz Espinosa e Gast\u00f3n Giribet"}]},{"@type":"Person","@id":"https:\/\/igfae.usc.es\/~igfae-old\/#\/schema\/person\/840f8ffb14ad0885a9e3d067fb261c00","name":"Elena Mora Cuesta","url":"https:\/\/igfae.usc.es\/~igfae-old\/gl\/author\/elena-mora-cuesta\/"}]}},"_links":{"self":[{"href":"https:\/\/igfae.usc.es\/~igfae-old\/gl\/wp-json\/wp\/v2\/posts\/11421"}],"collection":[{"href":"https:\/\/igfae.usc.es\/~igfae-old\/gl\/wp-json\/wp\/v2\/posts"}],"about":[{"href":"https:\/\/igfae.usc.es\/~igfae-old\/gl\/wp-json\/wp\/v2\/types\/post"}],"author":[{"embeddable":true,"href":"https:\/\/igfae.usc.es\/~igfae-old\/gl\/wp-json\/wp\/v2\/users\/21"}],"replies":[{"embeddable":true,"href":"https:\/\/igfae.usc.es\/~igfae-old\/gl\/wp-json\/wp\/v2\/comments?post=11421"}],"version-history":[{"count":5,"href":"https:\/\/igfae.usc.es\/~igfae-old\/gl\/wp-json\/wp\/v2\/posts\/11421\/revisions"}],"predecessor-version":[{"id":11436,"href":"https:\/\/igfae.usc.es\/~igfae-old\/gl\/wp-json\/wp\/v2\/posts\/11421\/revisions\/11436"}],"wp:featuredmedia":[{"embeddable":true,"href":"https:\/\/igfae.usc.es\/~igfae-old\/gl\/wp-json\/wp\/v2\/media\/11419"}],"wp:attachment":[{"href":"https:\/\/igfae.usc.es\/~igfae-old\/gl\/wp-json\/wp\/v2\/media?parent=11421"}],"wp:term":[{"taxonomy":"category","embeddable":true,"href":"https:\/\/igfae.usc.es\/~igfae-old\/gl\/wp-json\/wp\/v2\/categories?post=11421"},{"taxonomy":"post_tag","embeddable":true,"href":"https:\/\/igfae.usc.es\/~igfae-old\/gl\/wp-json\/wp\/v2\/tags?post=11421"}],"curies":[{"name":"wp","href":"https:\/\/api.w.org\/{rel}","templated":true}]}}