



{"id":9066,"date":"2021-04-05T14:01:01","date_gmt":"2021-04-05T12:01:01","guid":{"rendered":"https:\/\/igfae.usc.es\/~igfae-old\/?p=9066"},"modified":"2021-04-07T10:21:23","modified_gmt":"2021-04-07T08:21:23","slug":"anna-figueiredo-transfronteirizas","status":"publish","type":"post","link":"https:\/\/igfae.usc.es\/~igfae-old\/es\/anna-figueiredo-transfronteirizas\/","title":{"rendered":"La f\u00edsica de las palabras: Anna R. Figueiredo participar\u00e1 este jueves en el ciclo \u201cTransfronteirizas, conversas de arte e ciencia\u201d del IGFAE"},"content":{"rendered":"<p>La vicepresidenta de la Asociaci\u00f3n de Escritoras e Escritores en Lingua Galega (AELG) y doctora en F\u00edsica, Anna R. Figueiredo participar\u00e1 el pr\u00f3ximo jueves, 8 de abril, en la octava conversaci\u00f3n virtual del ciclo del Instituto Galego de F\u00edsica de Altas Enerx\u00edas (IGFAE). Moderado por el investigador del IGFAE y profesor de la USC Jos\u00e9 Edelstein, el encuentro emitido en directo por el <a href=\"https:\/\/bit.ly\/annafigueiredoIGFAE\">canal de Youtube del IGFAE<\/a> tiene por objetivo tender puentes y fomentar la participaci\u00f3n entre la sociedad y la comunidad investigadora a trav\u00e9s de distintas expresiones art\u00edsticas: la literatura y la ciencia en esta ocasi\u00f3n.<\/p>\n<p>Anna R. Figueiredo (Ourense, 1979) es licenciada en F\u00edsica por la USC en la especialidad de f\u00edsica de part\u00edculas y ha realizado su doctorado en la Sheffield University, trabajando en el estudio de como la morfolog\u00eda en la interfaz de los materiales semiconductores polim\u00e9ricos influye en la transmisi\u00f3n electr\u00f3nica en los transistores de efecto campo. Actualmente imparte materias cient\u00edfico-tecnol\u00f3gicas para ESO y Bachillerato en el I.E.S As Barxas (Moa\u00f1a), labor que compagina con la docencia de cursos de escritura creativa. Desde 2020 es la vicepresidenta de la Asociaci\u00f3n de Escritoras e Escritores en Lingua Galega. Su primer curso con la Escola de Letras de la editorial Galaxia, en colaboraci\u00f3n con la Diputaci\u00f3n de Pontevedra, dar\u00e1 comienzo en septiembre de 2021 y tendr\u00e1 por t\u00edtulo \u00abEscribir la primera novela\u00bb.<\/p>\n<p><iframe loading=\"lazy\" title=\"YouTube video player\" src=\"https:\/\/www.youtube.com\/embed\/wMc3Ueoj7rY\" width=\"560\" height=\"315\" frameborder=\"0\" allowfullscreen=\"allowfullscreen\"><\/iframe><\/p>\n<p>Ha participado en programas de divulgaci\u00f3n de la investigaci\u00f3n en la escuela como <em>Researchers in Residence<\/em> y escrito art\u00edculos de opini\u00f3n para peri\u00f3dicos como <em>La Voz de Galicia<\/em> o <em>N\u00f3s diario<\/em> desde la defensa de la interdisciplinaridad de las artes y las ciencias y el punto de vista integrador por el que un estudiante no es \u00abni de ciencias, ni de letras\u00bb. Firme defensora del papel de la mujer en la ciencia y de la necesidad de la igualdad de oportunidades y discursos que lleguen a todo el estudiantado, ha participado en charlas divulgativas sobre ciencia y\/o feminismo en distintos centros culturales y educativos. En el \u00e1mbito literario, su novela debut, <em>Os bicos feridos<\/em> (editorial Galaxia), gan\u00f3 el galard\u00f3n de la primera edici\u00f3n del premio Viaductos de Novela del Concello de Redondela. En ella, su protagonista, Olivia, observa el mundo desde preceptos estudiados en la f\u00edsica y las matem\u00e1ticas con total naturalidad, estableciendo l\u00edmites que tienden a infinito, condiciones de continuidad, singularidades o condiciones suficientes y necesarias para sobrevivir. Desde su escritura intenta transcribir un mundo real en un entorno literario a trav\u00e9s del precepto de la belleza de la f\u00edsica y la matem\u00e1tica y su capacidad universal de explicar y contener tanto la realidad como la ficci\u00f3n.<\/p>\n<p><strong>Arte, ciencia y sociedad<\/strong><\/p>\n<p>Organizado por el Instituto Galego de F\u00edsica de Altas Enerx\u00edas (IGFAE) de la Universidade de Santiago de Compostela (USC) y la Xunta de Galicia, \u201cTransfronteirizas, conversas de arte e ciencia\u201d es un ciclo de di\u00e1logos virtuales emitidos en Youtube en el que invitamos a figuras del \u00e1mbito cultural a explorar las intersecciones entre el arte y la ciencia con nuestro personal investigador, buscando un enfoque interdisciplinar. El objetivo es tender puentes y fomentar la participaci\u00f3n entre la sociedad y la comunidad investigadora a trav\u00e9s de distintas expresiones art\u00edsticas.<\/p>\n<p>M\u00e1s informaci\u00f3n:<\/p>\n<ul>\n<li><a href=\"https:\/\/igfae.usc.es\/~igfae-old\/es\/marta-macho-stadler-transfronteirizas\/\">Matem\u00e1ticas, literatura y mujeres con Marta Macho Stadler en el pr\u00f3ximo \u2018Transfronteirizas, conversas de arte e ciencia\u2019<\/a> \/ <a href=\"https:\/\/youtu.be\/PyxCOp1fbz0\">(conversaci\u00f3n en Youtube)<\/a><\/li>\n<li><a href=\"https:\/\/igfae.usc.es\/~igfae-old\/es\/jose-ignacio-latorre-transfronteirizas\/\">Jos\u00e9 Ignacio Latorre, este jueves en \u2018Transfronteirizas, conversas de arte e ciencia\u2019<\/a>\/ <a href=\"https:\/\/www.youtube.com\/watch?v=NFLx2RMjreo\">(conversaci\u00f3n en Youtube)<\/a><\/li>\n<li><a href=\"https:\/\/igfae.usc.es\/~igfae-old\/es\/iii-semana-ciencia-igfae\/\">El escritor, m\u00fasico, actor, conductor de radio y de televisi\u00f3n argentino, Alejandro Dolina en el quinto di\u00e1logo del ciclo \u201cTransfronteirizas, conversas de arte e ciencia\u201d<\/a> \/ <a href=\"https:\/\/www.youtube.com\/watch?v=yy9X6DvvRAQ\">(conversaci\u00f3n en Youtube)<\/a><\/li>\n<li><a href=\"https:\/\/igfae.usc.es\/~igfae-old\/es\/ricardo-gurriaran-transfronteirizas\/\">Schr\u00f6dinger en Santiago y otras an\u00e9cdotas cient\u00edficas con el historiador Ricardo Gurriar\u00e1n, pr\u00f3ximo invitado del ciclo \u201cTransfronteirizas, conversas de arte e ciencia\u201d<\/a> \/ (conversaci\u00f3n en Youtube)<\/li>\n<li><a href=\"https:\/\/igfae.usc.es\/~igfae-old\/es\/jose-gordon-transfronteirizas\/\">El escritor y periodista mexicano Jos\u00e9 Gordon, pr\u00f3ximo invitado del ciclo &#8216;Transfronteirizas, conversas de arte e ciencia&#8217;<\/a>\/ <a href=\"https:\/\/www.youtube.com\/watch?v=6FICjLY29oU\">(conversaci\u00f3n en Youtube)<\/a><\/li>\n<li><a href=\"https:\/\/igfae.usc.es\/~igfae-old\/es\/rosa-montero-transfronteirizas\/\">Rosa Montero iniciar\u00e1 este viernes \u201cTransfronteirizas, conversas de arte e ciencia\u201d<\/a> \/ <a href=\"https:\/\/youtu.be\/V5jwOcNQgzA\">(conversaci\u00f3n en Youtube)<\/a><\/li>\n<\/ul>\n<p>M\u00e1s actividades del programa ArtLAB:<\/p>\n<ul>\n<li><a href=\"https:\/\/igfae.usc.es\/~igfae-old\/talk\/38\">Cosmolox\u00edas<\/a><\/li>\n<li><a href=\"https:\/\/igfae.usc.es\/~igfae-old\/es\/arte-ciencia-mocsy\/\">Arte y ciencia protagonizan la segunda jornada de la Semana de la Ciencia con \u00c1gnes M\u00f3csy<\/a><\/li>\n<\/ul>\n<p>Esta actividad ha sido cofinanciada con cargo al Programa Operativo FEDER Galicia 2014-2020.<\/p>\n<p>Cr\u00e9dito de la imagen del cartel: Diego Seixo.<\/p>\n","protected":false},"excerpt":{"rendered":"<p>La vicepresidenta de la Asociaci\u00f3n de Escritoras e Escritores en Lingua Galega (AELG) y doctora en F\u00edsica, Anna R. Figueiredo participar\u00e1&#8230;<\/p>\n","protected":false},"author":21,"featured_media":9059,"comment_status":"closed","ping_status":"closed","sticky":false,"template":"","format":"standard","meta":{"om_disable_all_campaigns":false,"_monsterinsights_skip_tracking":false,"_monsterinsights_sitenote_active":false,"_monsterinsights_sitenote_note":"","_monsterinsights_sitenote_category":0},"categories":[111,115],"tags":[82],"aioseo_notices":[],"yoast_head":"<!-- This site is optimized with the Yoast SEO plugin v18.4.1 - https:\/\/yoast.com\/wordpress\/plugins\/seo\/ -->\n<title>La f\u00edsica de las palabras: Anna R. Figueiredo participar\u00e1 este jueves en el ciclo \u201cTransfronteirizas, conversas de arte e ciencia\u201d del IGFAE - IGFAE<\/title>\n<meta name=\"robots\" content=\"index, follow, max-snippet:-1, max-image-preview:large, max-video-preview:-1\" \/>\n<link rel=\"canonical\" href=\"https:\/\/igfae.usc.es\/~igfae-old\/es\/anna-figueiredo-transfronteirizas\/\" \/>\n<meta property=\"og:locale\" content=\"es_ES\" \/>\n<meta property=\"og:type\" content=\"article\" \/>\n<meta property=\"og:title\" content=\"La f\u00edsica de las palabras: Anna R. Figueiredo, este jueves en &#039;Transfronteirizas, conversas de arte e ciencia&#039;\" \/>\n<meta property=\"og:description\" content=\"La vicepresidenta de la Asociaci\u00f3n de Escritoras e Escritores en Lingua Galega (AELG) y doctora en F\u00edsica, Anna R. Figueiredo participar\u00e1...\" \/>\n<meta property=\"og:url\" content=\"https:\/\/igfae.usc.es\/~igfae-old\/es\/anna-figueiredo-transfronteirizas\/\" \/>\n<meta property=\"og:site_name\" content=\"IGFAE\" \/>\n<meta property=\"article:published_time\" content=\"2021-04-05T12:01:01+00:00\" \/>\n<meta property=\"article:modified_time\" content=\"2021-04-07T08:21:23+00:00\" \/>\n<meta property=\"og:image\" content=\"https:\/\/igfae.usc.es\/~igfae-old\/wp-content\/uploads\/2021\/04\/Transfronteirizas_Anna-Figueiredo.jpg\" \/>\n\t<meta property=\"og:image:width\" content=\"1920\" \/>\n\t<meta property=\"og:image:height\" content=\"1080\" \/>\n\t<meta property=\"og:image:type\" content=\"image\/jpeg\" \/>\n<meta name=\"twitter:card\" content=\"summary_large_image\" \/>\n<meta name=\"twitter:title\" content=\"La f\u00edsica de las palabras: Anna R. Figueiredo, este jueves en &#039;Transfronteirizas, conversas de arte e ciencia&#039;\" \/>\n<meta name=\"twitter:image\" content=\"https:\/\/igfae.usc.es\/~igfae-old\/wp-content\/uploads\/2021\/04\/Transfronteirizas_Anna-Figueiredo.jpg\" \/>\n<meta name=\"twitter:creator\" content=\"@igfae_hep\" \/>\n<meta name=\"twitter:site\" content=\"@igfae_hep\" \/>\n<meta name=\"twitter:label1\" content=\"Escrito por\" \/>\n\t<meta name=\"twitter:data1\" content=\"Elena Mora Cuesta\" \/>\n\t<meta name=\"twitter:label2\" content=\"Tiempo de lectura\" \/>\n\t<meta name=\"twitter:data2\" content=\"4 minutos\" \/>\n<script type=\"application\/ld+json\" class=\"yoast-schema-graph\">{\"@context\":\"https:\/\/schema.org\",\"@graph\":[{\"@type\":\"WebSite\",\"@id\":\"https:\/\/igfae.usc.es\/~igfae-old\/#website\",\"url\":\"https:\/\/igfae.usc.es\/~igfae-old\/\",\"name\":\"IGFAE\",\"description\":\"Instituto Galego de F\u00edsica de Altas Enerx\u00edas\",\"potentialAction\":[{\"@type\":\"SearchAction\",\"target\":{\"@type\":\"EntryPoint\",\"urlTemplate\":\"https:\/\/igfae.usc.es\/~igfae-old\/?s={search_term_string}\"},\"query-input\":\"required name=search_term_string\"}],\"inLanguage\":\"es\"},{\"@type\":\"ImageObject\",\"@id\":\"https:\/\/igfae.usc.es\/~igfae-old\/es\/anna-figueiredo-transfronteirizas\/#primaryimage\",\"inLanguage\":\"es\",\"url\":\"https:\/\/igfae.usc.es\/~igfae-old\/wp-content\/uploads\/2021\/04\/Transfronteirizas_Anna-Figueiredo.jpg\",\"contentUrl\":\"https:\/\/igfae.usc.es\/~igfae-old\/wp-content\/uploads\/2021\/04\/Transfronteirizas_Anna-Figueiredo.jpg\",\"width\":1920,\"height\":1080},{\"@type\":\"WebPage\",\"@id\":\"https:\/\/igfae.usc.es\/~igfae-old\/es\/anna-figueiredo-transfronteirizas\/#webpage\",\"url\":\"https:\/\/igfae.usc.es\/~igfae-old\/es\/anna-figueiredo-transfronteirizas\/\",\"name\":\"La f\u00edsica de las palabras: Anna R. Figueiredo participar\u00e1 este jueves en el ciclo \u201cTransfronteirizas, conversas de arte e ciencia\u201d del IGFAE - IGFAE\",\"isPartOf\":{\"@id\":\"https:\/\/igfae.usc.es\/~igfae-old\/#website\"},\"primaryImageOfPage\":{\"@id\":\"https:\/\/igfae.usc.es\/~igfae-old\/es\/anna-figueiredo-transfronteirizas\/#primaryimage\"},\"datePublished\":\"2021-04-05T12:01:01+00:00\",\"dateModified\":\"2021-04-07T08:21:23+00:00\",\"author\":{\"@id\":\"https:\/\/igfae.usc.es\/~igfae-old\/#\/schema\/person\/840f8ffb14ad0885a9e3d067fb261c00\"},\"breadcrumb\":{\"@id\":\"https:\/\/igfae.usc.es\/~igfae-old\/es\/anna-figueiredo-transfronteirizas\/#breadcrumb\"},\"inLanguage\":\"es\",\"potentialAction\":[{\"@type\":\"ReadAction\",\"target\":[\"https:\/\/igfae.usc.es\/~igfae-old\/es\/anna-figueiredo-transfronteirizas\/\"]}]},{\"@type\":\"BreadcrumbList\",\"@id\":\"https:\/\/igfae.usc.es\/~igfae-old\/es\/anna-figueiredo-transfronteirizas\/#breadcrumb\",\"itemListElement\":[{\"@type\":\"ListItem\",\"position\":1,\"name\":\"Home\",\"item\":\"https:\/\/igfae.usc.es\/~igfae-old\/es\/\"},{\"@type\":\"ListItem\",\"position\":2,\"name\":\"La f\u00edsica de las palabras: Anna R. Figueiredo participar\u00e1 este jueves en el ciclo \u201cTransfronteirizas, conversas de arte e ciencia\u201d del IGFAE\"}]},{\"@type\":\"Person\",\"@id\":\"https:\/\/igfae.usc.es\/~igfae-old\/#\/schema\/person\/840f8ffb14ad0885a9e3d067fb261c00\",\"name\":\"Elena Mora Cuesta\",\"url\":\"https:\/\/igfae.usc.es\/~igfae-old\/es\/author\/elena-mora-cuesta\/\"}]}<\/script>\n<!-- \/ Yoast SEO plugin. -->","yoast_head_json":{"title":"La f\u00edsica de las palabras: Anna R. Figueiredo participar\u00e1 este jueves en el ciclo \u201cTransfronteirizas, conversas de arte e ciencia\u201d del IGFAE - IGFAE","robots":{"index":"index","follow":"follow","max-snippet":"max-snippet:-1","max-image-preview":"max-image-preview:large","max-video-preview":"max-video-preview:-1"},"canonical":"https:\/\/igfae.usc.es\/~igfae-old\/es\/anna-figueiredo-transfronteirizas\/","og_locale":"es_ES","og_type":"article","og_title":"La f\u00edsica de las palabras: Anna R. Figueiredo, este jueves en 'Transfronteirizas, conversas de arte e ciencia'","og_description":"La vicepresidenta de la Asociaci\u00f3n de Escritoras e Escritores en Lingua Galega (AELG) y doctora en F\u00edsica, Anna R. Figueiredo participar\u00e1...","og_url":"https:\/\/igfae.usc.es\/~igfae-old\/es\/anna-figueiredo-transfronteirizas\/","og_site_name":"IGFAE","article_published_time":"2021-04-05T12:01:01+00:00","article_modified_time":"2021-04-07T08:21:23+00:00","og_image":[{"width":1920,"height":1080,"url":"https:\/\/igfae.usc.es\/~igfae-old\/wp-content\/uploads\/2021\/04\/Transfronteirizas_Anna-Figueiredo.jpg","type":"image\/jpeg"}],"twitter_card":"summary_large_image","twitter_title":"La f\u00edsica de las palabras: Anna R. Figueiredo, este jueves en 'Transfronteirizas, conversas de arte e ciencia'","twitter_image":"https:\/\/igfae.usc.es\/~igfae-old\/wp-content\/uploads\/2021\/04\/Transfronteirizas_Anna-Figueiredo.jpg","twitter_creator":"@igfae_hep","twitter_site":"@igfae_hep","twitter_misc":{"Escrito por":"Elena Mora Cuesta","Tiempo de lectura":"4 minutos"},"schema":{"@context":"https:\/\/schema.org","@graph":[{"@type":"WebSite","@id":"https:\/\/igfae.usc.es\/~igfae-old\/#website","url":"https:\/\/igfae.usc.es\/~igfae-old\/","name":"IGFAE","description":"Instituto Galego de F\u00edsica de Altas Enerx\u00edas","potentialAction":[{"@type":"SearchAction","target":{"@type":"EntryPoint","urlTemplate":"https:\/\/igfae.usc.es\/~igfae-old\/?s={search_term_string}"},"query-input":"required name=search_term_string"}],"inLanguage":"es"},{"@type":"ImageObject","@id":"https:\/\/igfae.usc.es\/~igfae-old\/es\/anna-figueiredo-transfronteirizas\/#primaryimage","inLanguage":"es","url":"https:\/\/igfae.usc.es\/~igfae-old\/wp-content\/uploads\/2021\/04\/Transfronteirizas_Anna-Figueiredo.jpg","contentUrl":"https:\/\/igfae.usc.es\/~igfae-old\/wp-content\/uploads\/2021\/04\/Transfronteirizas_Anna-Figueiredo.jpg","width":1920,"height":1080},{"@type":"WebPage","@id":"https:\/\/igfae.usc.es\/~igfae-old\/es\/anna-figueiredo-transfronteirizas\/#webpage","url":"https:\/\/igfae.usc.es\/~igfae-old\/es\/anna-figueiredo-transfronteirizas\/","name":"La f\u00edsica de las palabras: Anna R. Figueiredo participar\u00e1 este jueves en el ciclo \u201cTransfronteirizas, conversas de arte e ciencia\u201d del IGFAE - IGFAE","isPartOf":{"@id":"https:\/\/igfae.usc.es\/~igfae-old\/#website"},"primaryImageOfPage":{"@id":"https:\/\/igfae.usc.es\/~igfae-old\/es\/anna-figueiredo-transfronteirizas\/#primaryimage"},"datePublished":"2021-04-05T12:01:01+00:00","dateModified":"2021-04-07T08:21:23+00:00","author":{"@id":"https:\/\/igfae.usc.es\/~igfae-old\/#\/schema\/person\/840f8ffb14ad0885a9e3d067fb261c00"},"breadcrumb":{"@id":"https:\/\/igfae.usc.es\/~igfae-old\/es\/anna-figueiredo-transfronteirizas\/#breadcrumb"},"inLanguage":"es","potentialAction":[{"@type":"ReadAction","target":["https:\/\/igfae.usc.es\/~igfae-old\/es\/anna-figueiredo-transfronteirizas\/"]}]},{"@type":"BreadcrumbList","@id":"https:\/\/igfae.usc.es\/~igfae-old\/es\/anna-figueiredo-transfronteirizas\/#breadcrumb","itemListElement":[{"@type":"ListItem","position":1,"name":"Home","item":"https:\/\/igfae.usc.es\/~igfae-old\/es\/"},{"@type":"ListItem","position":2,"name":"La f\u00edsica de las palabras: Anna R. Figueiredo participar\u00e1 este jueves en el ciclo \u201cTransfronteirizas, conversas de arte e ciencia\u201d del IGFAE"}]},{"@type":"Person","@id":"https:\/\/igfae.usc.es\/~igfae-old\/#\/schema\/person\/840f8ffb14ad0885a9e3d067fb261c00","name":"Elena Mora Cuesta","url":"https:\/\/igfae.usc.es\/~igfae-old\/es\/author\/elena-mora-cuesta\/"}]}},"_links":{"self":[{"href":"https:\/\/igfae.usc.es\/~igfae-old\/es\/wp-json\/wp\/v2\/posts\/9066"}],"collection":[{"href":"https:\/\/igfae.usc.es\/~igfae-old\/es\/wp-json\/wp\/v2\/posts"}],"about":[{"href":"https:\/\/igfae.usc.es\/~igfae-old\/es\/wp-json\/wp\/v2\/types\/post"}],"author":[{"embeddable":true,"href":"https:\/\/igfae.usc.es\/~igfae-old\/es\/wp-json\/wp\/v2\/users\/21"}],"replies":[{"embeddable":true,"href":"https:\/\/igfae.usc.es\/~igfae-old\/es\/wp-json\/wp\/v2\/comments?post=9066"}],"version-history":[{"count":5,"href":"https:\/\/igfae.usc.es\/~igfae-old\/es\/wp-json\/wp\/v2\/posts\/9066\/revisions"}],"predecessor-version":[{"id":9081,"href":"https:\/\/igfae.usc.es\/~igfae-old\/es\/wp-json\/wp\/v2\/posts\/9066\/revisions\/9081"}],"wp:featuredmedia":[{"embeddable":true,"href":"https:\/\/igfae.usc.es\/~igfae-old\/es\/wp-json\/wp\/v2\/media\/9059"}],"wp:attachment":[{"href":"https:\/\/igfae.usc.es\/~igfae-old\/es\/wp-json\/wp\/v2\/media?parent=9066"}],"wp:term":[{"taxonomy":"category","embeddable":true,"href":"https:\/\/igfae.usc.es\/~igfae-old\/es\/wp-json\/wp\/v2\/categories?post=9066"},{"taxonomy":"post_tag","embeddable":true,"href":"https:\/\/igfae.usc.es\/~igfae-old\/es\/wp-json\/wp\/v2\/tags?post=9066"}],"curies":[{"name":"wp","href":"https:\/\/api.w.org\/{rel}","templated":true}]}}