



{"id":6958,"date":"2020-10-20T11:40:14","date_gmt":"2020-10-20T09:40:14","guid":{"rendered":"https:\/\/igfae.usc.es\/~igfae-old\/?p=6958"},"modified":"2021-01-19T15:07:13","modified_gmt":"2021-01-19T13:07:13","slug":"record-de-asistentes-en-la-reunion-de-la-colaboracion-rd51","status":"publish","type":"post","link":"https:\/\/igfae.usc.es\/~igfae-old\/es\/record-de-asistentes-en-la-reunion-de-la-colaboracion-rd51\/","title":{"rendered":"R\u00e9cord de asistentes en la reuni\u00f3n de la colaboraci\u00f3n RD51"},"content":{"rendered":"<p>Durante la semana del 5 al 9 de octubre se celebr\u00f3 la <a href=\"https:\/\/indico.cern.ch\/event\/889369\/\">reuni\u00f3n anual de la colaboraci\u00f3n RD51<\/a> del CERN, un encuentro organizado por el IGFAE y que este a\u00f1o cuadruplic\u00f3 su asistencia, con 271 registrados. El programa incluy\u00f3 40 charlas t\u00e9cnicas y otras 34 (con formato de revisi\u00f3n) tuvieron lugar en el \u2018workshop\u2019 paralelo <em>New Horizons in TPCs<\/em>, organizado por Paul Colas (Saclay-IRFU) y Diego Gonz\u00e1lez-D\u00edaz (IGFAE). El comit\u00e9 organizador de la reuni\u00f3n de la colaboraci\u00f3n estuvo formado por otros investigadores del IGFAE: Jos\u00e9 Benlliure, Dolores Cortina, Abraham Gallas, Juan Antonio Garz\u00f3n Heydt, \u00c1ngela Saa-Hern\u00e1ndez, Pablo Amedo y Marcos Seco.<\/p>\n<p>Dedicado a la investigaci\u00f3n y desarrollo de detectores de gas de micropatr\u00f3n (MPGD) \u2012sensores gaseosos que detectan part\u00edculas ionizantes\u2012 la colaboraci\u00f3n RD51 est\u00e1 en funcionamiento desde 2009 y abarca cerca de 450 personas de 75 universidades e institutos de investigaci\u00f3n de Europa, Am\u00e9rica, Asia y \u00c1frica. Las charlas versaron sobre los \u00faltimos desarrollos en micro-fabricaci\u00f3n, protecci\u00f3n resistiva, electr\u00f3nica de amplificaci\u00f3n convencional y \u00f3ptica, y caracterizaci\u00f3n de nuevos sistemas de detecci\u00f3n en ciencia b\u00e1sica y aplicada, con un enfoque especial en las c\u00e1maras de proyecci\u00f3n temporal (TPC). Su inventor, David Nygren (en la actualidad en la Universidad de Texas, Arlington), abri\u00f3 el \u2018workshop\u2019 paralelo, y en \u00e9l se cubrieron desde los rudimentos de la tecnolog\u00eda hasta los desarrollos m\u00e1s excitantes, en muchos casos proporcionando la necesaria visi\u00f3n hist\u00f3rica.<\/p>\n<p>En general, el workshop reflej\u00f3 la buena salud de la comunidad en estos tiempos dif\u00edciles y el ingenio necesario para continuar prosperando, y establece a RD51 como una fuerza impulsora s\u00f3lida en la instrumentaci\u00f3n de pr\u00f3xima generaci\u00f3n de f\u00edsica de part\u00edculas. Las contribuciones al \u2018workshop\u2019 se grabaron y se pusieron a disposici\u00f3n de los participantes. Los art\u00edculos cient\u00edficos, una vez revisados, se incluir\u00e1n en un n\u00famero especial de la nueva revista <a href=\"https:\/\/www.mdpi.com\/journal\/particles\/special_issues\/selected_papers_NHTPC\"><em>Particles<\/em><\/a>, del editor de publicaciones de acceso abierto MDPI.<\/p>\n<p>Esta actividad se cofinancia con cargo al Programa Operativo FEDER Galicia 2014-2020.<\/p>\n","protected":false},"excerpt":{"rendered":"<p>Durante la semana del 5 al 9 de octubre se celebr\u00f3 la reuni\u00f3n anual de la colaboraci\u00f3n RD51 del CERN, un&#8230;<\/p>\n","protected":false},"author":21,"featured_media":7948,"comment_status":"closed","ping_status":"closed","sticky":false,"template":"","format":"standard","meta":{"om_disable_all_campaigns":false,"_monsterinsights_skip_tracking":false,"_monsterinsights_sitenote_active":false,"_monsterinsights_sitenote_note":"","_monsterinsights_sitenote_category":0},"categories":[111],"tags":[],"aioseo_notices":[],"yoast_head":"<!-- This site is optimized with the Yoast SEO plugin v18.4.1 - https:\/\/yoast.com\/wordpress\/plugins\/seo\/ -->\n<title>R\u00e9cord de asistentes en la reuni\u00f3n de la colaboraci\u00f3n RD51 - IGFAE<\/title>\n<meta name=\"robots\" content=\"index, follow, max-snippet:-1, max-image-preview:large, max-video-preview:-1\" \/>\n<link rel=\"canonical\" href=\"https:\/\/igfae.usc.es\/~igfae-old\/es\/record-de-asistentes-en-la-reunion-de-la-colaboracion-rd51\/\" \/>\n<meta property=\"og:locale\" content=\"es_ES\" \/>\n<meta property=\"og:type\" content=\"article\" \/>\n<meta property=\"og:title\" content=\"R\u00e9cord de asistentes en la reuni\u00f3n de la colaboraci\u00f3n RD51 - IGFAE\" \/>\n<meta property=\"og:description\" content=\"Durante la semana del 5 al 9 de octubre se celebr\u00f3 la reuni\u00f3n anual de la colaboraci\u00f3n RD51 del CERN, un...\" \/>\n<meta property=\"og:url\" content=\"https:\/\/igfae.usc.es\/~igfae-old\/es\/record-de-asistentes-en-la-reunion-de-la-colaboracion-rd51\/\" \/>\n<meta property=\"og:site_name\" content=\"IGFAE\" \/>\n<meta property=\"article:published_time\" content=\"2020-10-20T09:40:14+00:00\" \/>\n<meta property=\"article:modified_time\" content=\"2021-01-19T13:07:13+00:00\" \/>\n<meta property=\"og:image\" content=\"https:\/\/igfae.usc.es\/~igfae-old\/wp-content\/uploads\/2020\/10\/PortraitConf_LR6-1.png\" \/>\n\t<meta property=\"og:image:width\" content=\"1152\" \/>\n\t<meta property=\"og:image:height\" content=\"452\" \/>\n\t<meta property=\"og:image:type\" content=\"image\/png\" \/>\n<meta name=\"twitter:card\" content=\"summary_large_image\" \/>\n<meta name=\"twitter:creator\" content=\"@igfae_hep\" \/>\n<meta name=\"twitter:site\" content=\"@igfae_hep\" \/>\n<meta name=\"twitter:label1\" content=\"Escrito por\" \/>\n\t<meta name=\"twitter:data1\" content=\"Elena Mora Cuesta\" \/>\n\t<meta name=\"twitter:label2\" content=\"Tiempo de lectura\" \/>\n\t<meta name=\"twitter:data2\" content=\"2 minutos\" \/>\n<script type=\"application\/ld+json\" class=\"yoast-schema-graph\">{\"@context\":\"https:\/\/schema.org\",\"@graph\":[{\"@type\":\"WebSite\",\"@id\":\"https:\/\/igfae.usc.es\/~igfae-old\/#website\",\"url\":\"https:\/\/igfae.usc.es\/~igfae-old\/\",\"name\":\"IGFAE\",\"description\":\"Instituto Galego de F\u00edsica de Altas Enerx\u00edas\",\"potentialAction\":[{\"@type\":\"SearchAction\",\"target\":{\"@type\":\"EntryPoint\",\"urlTemplate\":\"https:\/\/igfae.usc.es\/~igfae-old\/?s={search_term_string}\"},\"query-input\":\"required name=search_term_string\"}],\"inLanguage\":\"es\"},{\"@type\":\"ImageObject\",\"@id\":\"https:\/\/igfae.usc.es\/~igfae-old\/es\/record-de-asistentes-en-la-reunion-de-la-colaboracion-rd51\/#primaryimage\",\"inLanguage\":\"es\",\"url\":\"https:\/\/igfae.usc.es\/~igfae-old\/wp-content\/uploads\/2020\/10\/PortraitConf_LR6-1.png\",\"contentUrl\":\"https:\/\/igfae.usc.es\/~igfae-old\/wp-content\/uploads\/2020\/10\/PortraitConf_LR6-1.png\",\"width\":1152,\"height\":452},{\"@type\":\"WebPage\",\"@id\":\"https:\/\/igfae.usc.es\/~igfae-old\/es\/record-de-asistentes-en-la-reunion-de-la-colaboracion-rd51\/#webpage\",\"url\":\"https:\/\/igfae.usc.es\/~igfae-old\/es\/record-de-asistentes-en-la-reunion-de-la-colaboracion-rd51\/\",\"name\":\"R\u00e9cord de asistentes en la reuni\u00f3n de la colaboraci\u00f3n RD51 - IGFAE\",\"isPartOf\":{\"@id\":\"https:\/\/igfae.usc.es\/~igfae-old\/#website\"},\"primaryImageOfPage\":{\"@id\":\"https:\/\/igfae.usc.es\/~igfae-old\/es\/record-de-asistentes-en-la-reunion-de-la-colaboracion-rd51\/#primaryimage\"},\"datePublished\":\"2020-10-20T09:40:14+00:00\",\"dateModified\":\"2021-01-19T13:07:13+00:00\",\"author\":{\"@id\":\"https:\/\/igfae.usc.es\/~igfae-old\/#\/schema\/person\/840f8ffb14ad0885a9e3d067fb261c00\"},\"breadcrumb\":{\"@id\":\"https:\/\/igfae.usc.es\/~igfae-old\/es\/record-de-asistentes-en-la-reunion-de-la-colaboracion-rd51\/#breadcrumb\"},\"inLanguage\":\"es\",\"potentialAction\":[{\"@type\":\"ReadAction\",\"target\":[\"https:\/\/igfae.usc.es\/~igfae-old\/es\/record-de-asistentes-en-la-reunion-de-la-colaboracion-rd51\/\"]}]},{\"@type\":\"BreadcrumbList\",\"@id\":\"https:\/\/igfae.usc.es\/~igfae-old\/es\/record-de-asistentes-en-la-reunion-de-la-colaboracion-rd51\/#breadcrumb\",\"itemListElement\":[{\"@type\":\"ListItem\",\"position\":1,\"name\":\"Home\",\"item\":\"https:\/\/igfae.usc.es\/~igfae-old\/es\/\"},{\"@type\":\"ListItem\",\"position\":2,\"name\":\"R\u00e9cord de asistentes en la reuni\u00f3n de la colaboraci\u00f3n RD51\"}]},{\"@type\":\"Person\",\"@id\":\"https:\/\/igfae.usc.es\/~igfae-old\/#\/schema\/person\/840f8ffb14ad0885a9e3d067fb261c00\",\"name\":\"Elena Mora Cuesta\",\"url\":\"https:\/\/igfae.usc.es\/~igfae-old\/es\/author\/elena-mora-cuesta\/\"}]}<\/script>\n<!-- \/ Yoast SEO plugin. -->","yoast_head_json":{"title":"R\u00e9cord de asistentes en la reuni\u00f3n de la colaboraci\u00f3n RD51 - IGFAE","robots":{"index":"index","follow":"follow","max-snippet":"max-snippet:-1","max-image-preview":"max-image-preview:large","max-video-preview":"max-video-preview:-1"},"canonical":"https:\/\/igfae.usc.es\/~igfae-old\/es\/record-de-asistentes-en-la-reunion-de-la-colaboracion-rd51\/","og_locale":"es_ES","og_type":"article","og_title":"R\u00e9cord de asistentes en la reuni\u00f3n de la colaboraci\u00f3n RD51 - IGFAE","og_description":"Durante la semana del 5 al 9 de octubre se celebr\u00f3 la reuni\u00f3n anual de la colaboraci\u00f3n RD51 del CERN, un...","og_url":"https:\/\/igfae.usc.es\/~igfae-old\/es\/record-de-asistentes-en-la-reunion-de-la-colaboracion-rd51\/","og_site_name":"IGFAE","article_published_time":"2020-10-20T09:40:14+00:00","article_modified_time":"2021-01-19T13:07:13+00:00","og_image":[{"width":1152,"height":452,"url":"https:\/\/igfae.usc.es\/~igfae-old\/wp-content\/uploads\/2020\/10\/PortraitConf_LR6-1.png","type":"image\/png"}],"twitter_card":"summary_large_image","twitter_creator":"@igfae_hep","twitter_site":"@igfae_hep","twitter_misc":{"Escrito por":"Elena Mora Cuesta","Tiempo de lectura":"2 minutos"},"schema":{"@context":"https:\/\/schema.org","@graph":[{"@type":"WebSite","@id":"https:\/\/igfae.usc.es\/~igfae-old\/#website","url":"https:\/\/igfae.usc.es\/~igfae-old\/","name":"IGFAE","description":"Instituto Galego de F\u00edsica de Altas Enerx\u00edas","potentialAction":[{"@type":"SearchAction","target":{"@type":"EntryPoint","urlTemplate":"https:\/\/igfae.usc.es\/~igfae-old\/?s={search_term_string}"},"query-input":"required name=search_term_string"}],"inLanguage":"es"},{"@type":"ImageObject","@id":"https:\/\/igfae.usc.es\/~igfae-old\/es\/record-de-asistentes-en-la-reunion-de-la-colaboracion-rd51\/#primaryimage","inLanguage":"es","url":"https:\/\/igfae.usc.es\/~igfae-old\/wp-content\/uploads\/2020\/10\/PortraitConf_LR6-1.png","contentUrl":"https:\/\/igfae.usc.es\/~igfae-old\/wp-content\/uploads\/2020\/10\/PortraitConf_LR6-1.png","width":1152,"height":452},{"@type":"WebPage","@id":"https:\/\/igfae.usc.es\/~igfae-old\/es\/record-de-asistentes-en-la-reunion-de-la-colaboracion-rd51\/#webpage","url":"https:\/\/igfae.usc.es\/~igfae-old\/es\/record-de-asistentes-en-la-reunion-de-la-colaboracion-rd51\/","name":"R\u00e9cord de asistentes en la reuni\u00f3n de la colaboraci\u00f3n RD51 - IGFAE","isPartOf":{"@id":"https:\/\/igfae.usc.es\/~igfae-old\/#website"},"primaryImageOfPage":{"@id":"https:\/\/igfae.usc.es\/~igfae-old\/es\/record-de-asistentes-en-la-reunion-de-la-colaboracion-rd51\/#primaryimage"},"datePublished":"2020-10-20T09:40:14+00:00","dateModified":"2021-01-19T13:07:13+00:00","author":{"@id":"https:\/\/igfae.usc.es\/~igfae-old\/#\/schema\/person\/840f8ffb14ad0885a9e3d067fb261c00"},"breadcrumb":{"@id":"https:\/\/igfae.usc.es\/~igfae-old\/es\/record-de-asistentes-en-la-reunion-de-la-colaboracion-rd51\/#breadcrumb"},"inLanguage":"es","potentialAction":[{"@type":"ReadAction","target":["https:\/\/igfae.usc.es\/~igfae-old\/es\/record-de-asistentes-en-la-reunion-de-la-colaboracion-rd51\/"]}]},{"@type":"BreadcrumbList","@id":"https:\/\/igfae.usc.es\/~igfae-old\/es\/record-de-asistentes-en-la-reunion-de-la-colaboracion-rd51\/#breadcrumb","itemListElement":[{"@type":"ListItem","position":1,"name":"Home","item":"https:\/\/igfae.usc.es\/~igfae-old\/es\/"},{"@type":"ListItem","position":2,"name":"R\u00e9cord de asistentes en la reuni\u00f3n de la colaboraci\u00f3n RD51"}]},{"@type":"Person","@id":"https:\/\/igfae.usc.es\/~igfae-old\/#\/schema\/person\/840f8ffb14ad0885a9e3d067fb261c00","name":"Elena Mora Cuesta","url":"https:\/\/igfae.usc.es\/~igfae-old\/es\/author\/elena-mora-cuesta\/"}]}},"_links":{"self":[{"href":"https:\/\/igfae.usc.es\/~igfae-old\/es\/wp-json\/wp\/v2\/posts\/6958"}],"collection":[{"href":"https:\/\/igfae.usc.es\/~igfae-old\/es\/wp-json\/wp\/v2\/posts"}],"about":[{"href":"https:\/\/igfae.usc.es\/~igfae-old\/es\/wp-json\/wp\/v2\/types\/post"}],"author":[{"embeddable":true,"href":"https:\/\/igfae.usc.es\/~igfae-old\/es\/wp-json\/wp\/v2\/users\/21"}],"replies":[{"embeddable":true,"href":"https:\/\/igfae.usc.es\/~igfae-old\/es\/wp-json\/wp\/v2\/comments?post=6958"}],"version-history":[{"count":3,"href":"https:\/\/igfae.usc.es\/~igfae-old\/es\/wp-json\/wp\/v2\/posts\/6958\/revisions"}],"predecessor-version":[{"id":8580,"href":"https:\/\/igfae.usc.es\/~igfae-old\/es\/wp-json\/wp\/v2\/posts\/6958\/revisions\/8580"}],"wp:featuredmedia":[{"embeddable":true,"href":"https:\/\/igfae.usc.es\/~igfae-old\/es\/wp-json\/wp\/v2\/media\/7948"}],"wp:attachment":[{"href":"https:\/\/igfae.usc.es\/~igfae-old\/es\/wp-json\/wp\/v2\/media?parent=6958"}],"wp:term":[{"taxonomy":"category","embeddable":true,"href":"https:\/\/igfae.usc.es\/~igfae-old\/es\/wp-json\/wp\/v2\/categories?post=6958"},{"taxonomy":"post_tag","embeddable":true,"href":"https:\/\/igfae.usc.es\/~igfae-old\/es\/wp-json\/wp\/v2\/tags?post=6958"}],"curies":[{"name":"wp","href":"https:\/\/api.w.org\/{rel}","templated":true}]}}