



{"id":6815,"date":"2020-09-17T10:45:52","date_gmt":"2020-09-17T08:45:52","guid":{"rendered":"https:\/\/igfae.usc.es\/~igfae-old\/?p=6815"},"modified":"2021-03-24T15:18:52","modified_gmt":"2021-03-24T13:18:52","slug":"ricardo-gurriaran-transfronteirizas","status":"publish","type":"post","link":"https:\/\/igfae.usc.es\/~igfae-old\/es\/ricardo-gurriaran-transfronteirizas\/","title":{"rendered":"Schr\u00f6dinger en Santiago y otras an\u00e9cdotas cient\u00edficas con el historiador Ricardo Gurriar\u00e1n, pr\u00f3ximo invitado del ciclo \u201cTransfronteirizas, conversas de arte e ciencia\u201d"},"content":{"rendered":"<p><strong>El historiador barquense Ricardo Gurriar\u00e1n participar\u00e1 en el tercer di\u00e1logo del ciclo organizado por el Instituto Galego de F\u00edsica de Altas Enerx\u00edas (IGFAE) cuyo objetivo es explorar el binomio arte-ciencia con personalidades del \u00e1mbito cultural y art\u00edstico. Moderado por el investigador del IGFAE Cibr\u00e1n Santamarina, podr\u00e1 seguirse en directo el pr\u00f3ximo jueves, 1 de octubre, a las 19:00 horas a trav\u00e9s del canal de YouTube del IGFAE.<\/strong><\/p>\n<p>\u201cTransfronteirizas, conversas de arte e ciencia\u201d vuelve tras el par\u00f3n estival con un especialista en reconstruir la memoria cient\u00edfica ligada a Galicia: Ricardo Gurriar\u00e1n. Este historiador se suma, tras el paso de Rosa Montero y Jos\u00e9 \u201cPepe\u201d Gordon, a este ciclo de entrevistas virtuales para reflexionar acerca de las conexiones entre la f\u00edsica, la ciencia y la cultura, y descubrirnos algunos detalles sobre la primera visita de un premio Nobel a Galicia, Erwin Schr\u00f6dinger, quien pronunci\u00f3 una conferencia en la Universidad de Santiago (USC) el 3 de agosto de 1934. El p\u00fablico podr\u00e1 seguir y participar en directo en este di\u00e1logo, dirigido por el investigador del IGFAE y profesor de la USC, Cibr\u00e1n Santamarina, en el <a href=\"https:\/\/bit.ly\/ricardogurriaranIGFAE\">canal de Youtube del IGFAE<\/a> el pr\u00f3ximo jueves, 1 de octubre a las 19:00 horas (Espa\u00f1a).<\/p>\n<p>Ricardo Gurriar\u00e1n Rodr\u00edguez (O Barco de Valdeorras, 1953), licenciado en Educaci\u00f3n F\u00edsica (INEF) por la Universidad Polit\u00e9cnica de Madrid, fue profesor en el IES A. Xelm\u00edrez I de\u00a0Santiago de Compostela\u00a0desde\u00a01977\u00a0hasta su jubilaci\u00f3n. En 2004, consigui\u00f3 el t\u00edtulo de Doctor en Historia Contempor\u00e1nea por la USC con la tesis <em>A investigaci\u00f3n cient\u00edfica en Galicia (1900-1940): instituci\u00f3ns, redes formativas e carreiras acad\u00e9micas: A ruptura de Guerra Civil<\/em>. Su compromiso con la reconstrucci\u00f3n de la memoria hist\u00f3rica de Galicia y su inter\u00e9s por los estudios de ciencias le han llevado a ser asesor cient\u00edfico de la pel\u00edcula <em>Os fillos do sol<\/em> y recibir el premio Lois Pe\u00f1a Novo 2015.<\/p>\n<div id=\"attachment_6818\" style=\"width: 1110px\" class=\"wp-caption alignnone\"><a href=\"https:\/\/igfae.usc.es\/~igfae-old\/wp-content\/uploads\/2020\/09\/Schrodinger-en-Santiago.jpg\"><img aria-describedby=\"caption-attachment-6818\" loading=\"lazy\" class=\"wp-image-6818 size-full\" src=\"https:\/\/igfae.usc.es\/~igfae-old\/wp-content\/uploads\/2020\/09\/Schrodinger-en-Santiago.jpg\" alt=\"\" width=\"1100\" height=\"619\" \/><\/a><p id=\"caption-attachment-6818\" class=\"wp-caption-text\">Schr\u00f6dinger en Santiago de Compostela, agosto de 1934. Fuente: <a href=\"http:\/\/lab.cccb.org\/es\/el-gato-de-schrodinger-visita-espana\/\">http:\/\/lab.cccb.org\/es\/el-gato-de-schrodinger-visita-espana\/<\/a><\/p><\/div>\n<p><strong>Arte, ciencia y sociedad<\/strong><\/p>\n<p>Organizado por el Instituto Galego de F\u00edsica de Altas Enerx\u00edas (IGFAE) de la Universidad de Santiago de Compostela (USC) y la Xunta de Galicia, \u201cTransfronteirizas, conversas de arte e ciencia\u201d es un ciclo de di\u00e1logos virtuales emitidos en Youtube en el que invitamos a figuras del \u00e1mbito cultural a explorar las intersecciones entre el arte y la ciencia con nuestro personal investigador, buscando un enfoque interdisciplinar. Esta iniciativa se inserta dentro del programa ArtLAB, que pretende tender puentes y fomentar la participaci\u00f3n entre la sociedad y la comunidad investigadora a trav\u00e9s de distintas expresiones art\u00edsticas.<\/p>\n<p>M\u00e1s informaci\u00f3n:<\/p>\n<ul>\n<li><a href=\"https:\/\/igfae.usc.es\/~igfae-old\/es\/jose-gordon-transfronteirizas\/\"><strong>El escritor y periodista mexicano Jos\u00e9 Gordon, pr\u00f3ximo invitado del ciclo \u201cTransfronteirizas, conversas de arte e ciencia\u201d<\/strong><\/a><\/li>\n<li><a href=\"https:\/\/www.youtube.com\/watch?v=6FICjLY29oU\"><strong>V\u00eddeo del dialogo con Jos\u00e9 \u201cPepe\u201d Gordon<\/strong><\/a><\/li>\n<li><a href=\"https:\/\/igfae.usc.es\/~igfae-old\/es\/rosa-montero-transfronteirizas\/\"><strong>Rosa Montero iniciar\u00e1 este viernes \u201cTransfronteirizas, conversas de arte e ciencia\u201d<\/strong><\/a><\/li>\n<li><a href=\"https:\/\/youtu.be\/V5jwOcNQgzA\"><strong>V\u00eddeo del di\u00e1logo con Rosa Montero en Youtube<\/strong><\/a><\/li>\n<li><a href=\"http:\/\/www.youtube.com\/igfae\"><strong>Canal de Youtube del IGFAE<\/strong><\/a><\/li>\n<\/ul>\n<p>M\u00e1s actividades del programa ArtLAB:<\/p>\n<ul>\n<li><a href=\"https:\/\/igfae.usc.es\/~igfae-old\/talk\/38\"><strong>Cosmolox\u00edas<\/strong><\/a><\/li>\n<li><a href=\"https:\/\/igfae.usc.es\/~igfae-old\/es\/arte-ciencia-mocsy\/\"><strong>Arte y ciencia protagonizan la segunda jornada de la Semana de la Ciencia con \u00c1gnes M\u00f3csy<\/strong><\/a><\/li>\n<\/ul>\n<p>Esta actividad se cofinancia con cargo al Programa Operativo FEDER Galicia 2014-2020.<\/p>\n","protected":false},"excerpt":{"rendered":"<p>El historiador barquense Ricardo Gurriar\u00e1n participar\u00e1 en el tercer di\u00e1logo del ciclo organizado por el Instituto Galego de F\u00edsica de Altas&#8230;<\/p>\n","protected":false},"author":21,"featured_media":7456,"comment_status":"closed","ping_status":"closed","sticky":false,"template":"","format":"standard","meta":{"om_disable_all_campaigns":false,"_monsterinsights_skip_tracking":false,"_monsterinsights_sitenote_active":false,"_monsterinsights_sitenote_note":"","_monsterinsights_sitenote_category":0},"categories":[113,111],"tags":[],"aioseo_notices":[],"yoast_head":"<!-- This site is optimized with the Yoast SEO plugin v18.4.1 - https:\/\/yoast.com\/wordpress\/plugins\/seo\/ -->\n<title>Schr\u00f6dinger en Santiago y otras an\u00e9cdotas cient\u00edficas con el historiador Ricardo Gurriar\u00e1n, pr\u00f3ximo invitado del ciclo \u201cTransfronteirizas, conversas de arte e ciencia\u201d - IGFAE<\/title>\n<meta name=\"robots\" content=\"index, follow, max-snippet:-1, max-image-preview:large, max-video-preview:-1\" \/>\n<link rel=\"canonical\" href=\"https:\/\/igfae.usc.es\/~igfae-old\/es\/ricardo-gurriaran-transfronteirizas\/\" \/>\n<meta property=\"og:locale\" content=\"es_ES\" \/>\n<meta property=\"og:type\" content=\"article\" \/>\n<meta property=\"og:title\" content=\"Schr\u00f6dinger en Santiago y otras an\u00e9cdotas cient\u00edficas con el historiador Ricardo Gurriar\u00e1n, pr\u00f3ximo invitado del ciclo \u201cTransfronteirizas, conversas de arte e ciencia\u201d - IGFAE\" \/>\n<meta property=\"og:description\" content=\"El historiador barquense Ricardo Gurriar\u00e1n participar\u00e1 en el tercer di\u00e1logo del ciclo organizado por el Instituto Galego de F\u00edsica de Altas...\" \/>\n<meta property=\"og:url\" content=\"https:\/\/igfae.usc.es\/~igfae-old\/es\/ricardo-gurriaran-transfronteirizas\/\" \/>\n<meta property=\"og:site_name\" content=\"IGFAE\" \/>\n<meta property=\"article:published_time\" content=\"2020-09-17T08:45:52+00:00\" \/>\n<meta property=\"article:modified_time\" content=\"2021-03-24T13:18:52+00:00\" \/>\n<meta property=\"og:image\" content=\"https:\/\/igfae.usc.es\/~igfae-old\/wp-content\/uploads\/2020\/09\/Transfronteirizas_RicardoGurriaranYouTubev2.png\" \/>\n\t<meta property=\"og:image:width\" content=\"1920\" \/>\n\t<meta property=\"og:image:height\" content=\"1080\" \/>\n\t<meta property=\"og:image:type\" content=\"image\/png\" \/>\n<meta name=\"twitter:card\" content=\"summary_large_image\" \/>\n<meta name=\"twitter:creator\" content=\"@igfae_hep\" \/>\n<meta name=\"twitter:site\" content=\"@igfae_hep\" \/>\n<meta name=\"twitter:label1\" content=\"Escrito por\" \/>\n\t<meta name=\"twitter:data1\" content=\"Elena Mora Cuesta\" \/>\n\t<meta name=\"twitter:label2\" content=\"Tiempo de lectura\" \/>\n\t<meta name=\"twitter:data2\" content=\"3 minutos\" \/>\n<script type=\"application\/ld+json\" class=\"yoast-schema-graph\">{\"@context\":\"https:\/\/schema.org\",\"@graph\":[{\"@type\":\"WebSite\",\"@id\":\"https:\/\/igfae.usc.es\/~igfae-old\/#website\",\"url\":\"https:\/\/igfae.usc.es\/~igfae-old\/\",\"name\":\"IGFAE\",\"description\":\"Instituto Galego de F\u00edsica de Altas Enerx\u00edas\",\"potentialAction\":[{\"@type\":\"SearchAction\",\"target\":{\"@type\":\"EntryPoint\",\"urlTemplate\":\"https:\/\/igfae.usc.es\/~igfae-old\/?s={search_term_string}\"},\"query-input\":\"required name=search_term_string\"}],\"inLanguage\":\"es\"},{\"@type\":\"ImageObject\",\"@id\":\"https:\/\/igfae.usc.es\/~igfae-old\/es\/ricardo-gurriaran-transfronteirizas\/#primaryimage\",\"inLanguage\":\"es\",\"url\":\"https:\/\/igfae.usc.es\/~igfae-old\/wp-content\/uploads\/2020\/09\/Transfronteirizas_RicardoGurriaranYouTubev2.png\",\"contentUrl\":\"https:\/\/igfae.usc.es\/~igfae-old\/wp-content\/uploads\/2020\/09\/Transfronteirizas_RicardoGurriaranYouTubev2.png\",\"width\":1920,\"height\":1080},{\"@type\":\"WebPage\",\"@id\":\"https:\/\/igfae.usc.es\/~igfae-old\/es\/ricardo-gurriaran-transfronteirizas\/#webpage\",\"url\":\"https:\/\/igfae.usc.es\/~igfae-old\/es\/ricardo-gurriaran-transfronteirizas\/\",\"name\":\"Schr\u00f6dinger en Santiago y otras an\u00e9cdotas cient\u00edficas con el historiador Ricardo Gurriar\u00e1n, pr\u00f3ximo invitado del ciclo \u201cTransfronteirizas, conversas de arte e ciencia\u201d - IGFAE\",\"isPartOf\":{\"@id\":\"https:\/\/igfae.usc.es\/~igfae-old\/#website\"},\"primaryImageOfPage\":{\"@id\":\"https:\/\/igfae.usc.es\/~igfae-old\/es\/ricardo-gurriaran-transfronteirizas\/#primaryimage\"},\"datePublished\":\"2020-09-17T08:45:52+00:00\",\"dateModified\":\"2021-03-24T13:18:52+00:00\",\"author\":{\"@id\":\"https:\/\/igfae.usc.es\/~igfae-old\/#\/schema\/person\/840f8ffb14ad0885a9e3d067fb261c00\"},\"breadcrumb\":{\"@id\":\"https:\/\/igfae.usc.es\/~igfae-old\/es\/ricardo-gurriaran-transfronteirizas\/#breadcrumb\"},\"inLanguage\":\"es\",\"potentialAction\":[{\"@type\":\"ReadAction\",\"target\":[\"https:\/\/igfae.usc.es\/~igfae-old\/es\/ricardo-gurriaran-transfronteirizas\/\"]}]},{\"@type\":\"BreadcrumbList\",\"@id\":\"https:\/\/igfae.usc.es\/~igfae-old\/es\/ricardo-gurriaran-transfronteirizas\/#breadcrumb\",\"itemListElement\":[{\"@type\":\"ListItem\",\"position\":1,\"name\":\"Home\",\"item\":\"https:\/\/igfae.usc.es\/~igfae-old\/es\/\"},{\"@type\":\"ListItem\",\"position\":2,\"name\":\"Schr\u00f6dinger en Santiago y otras an\u00e9cdotas cient\u00edficas con el historiador Ricardo Gurriar\u00e1n, pr\u00f3ximo invitado del ciclo \u201cTransfronteirizas, conversas de arte e ciencia\u201d\"}]},{\"@type\":\"Person\",\"@id\":\"https:\/\/igfae.usc.es\/~igfae-old\/#\/schema\/person\/840f8ffb14ad0885a9e3d067fb261c00\",\"name\":\"Elena Mora Cuesta\",\"url\":\"https:\/\/igfae.usc.es\/~igfae-old\/es\/author\/elena-mora-cuesta\/\"}]}<\/script>\n<!-- \/ Yoast SEO plugin. -->","yoast_head_json":{"title":"Schr\u00f6dinger en Santiago y otras an\u00e9cdotas cient\u00edficas con el historiador Ricardo Gurriar\u00e1n, pr\u00f3ximo invitado del ciclo \u201cTransfronteirizas, conversas de arte e ciencia\u201d - IGFAE","robots":{"index":"index","follow":"follow","max-snippet":"max-snippet:-1","max-image-preview":"max-image-preview:large","max-video-preview":"max-video-preview:-1"},"canonical":"https:\/\/igfae.usc.es\/~igfae-old\/es\/ricardo-gurriaran-transfronteirizas\/","og_locale":"es_ES","og_type":"article","og_title":"Schr\u00f6dinger en Santiago y otras an\u00e9cdotas cient\u00edficas con el historiador Ricardo Gurriar\u00e1n, pr\u00f3ximo invitado del ciclo \u201cTransfronteirizas, conversas de arte e ciencia\u201d - IGFAE","og_description":"El historiador barquense Ricardo Gurriar\u00e1n participar\u00e1 en el tercer di\u00e1logo del ciclo organizado por el Instituto Galego de F\u00edsica de Altas...","og_url":"https:\/\/igfae.usc.es\/~igfae-old\/es\/ricardo-gurriaran-transfronteirizas\/","og_site_name":"IGFAE","article_published_time":"2020-09-17T08:45:52+00:00","article_modified_time":"2021-03-24T13:18:52+00:00","og_image":[{"width":1920,"height":1080,"url":"https:\/\/igfae.usc.es\/~igfae-old\/wp-content\/uploads\/2020\/09\/Transfronteirizas_RicardoGurriaranYouTubev2.png","type":"image\/png"}],"twitter_card":"summary_large_image","twitter_creator":"@igfae_hep","twitter_site":"@igfae_hep","twitter_misc":{"Escrito por":"Elena Mora Cuesta","Tiempo de lectura":"3 minutos"},"schema":{"@context":"https:\/\/schema.org","@graph":[{"@type":"WebSite","@id":"https:\/\/igfae.usc.es\/~igfae-old\/#website","url":"https:\/\/igfae.usc.es\/~igfae-old\/","name":"IGFAE","description":"Instituto Galego de F\u00edsica de Altas Enerx\u00edas","potentialAction":[{"@type":"SearchAction","target":{"@type":"EntryPoint","urlTemplate":"https:\/\/igfae.usc.es\/~igfae-old\/?s={search_term_string}"},"query-input":"required name=search_term_string"}],"inLanguage":"es"},{"@type":"ImageObject","@id":"https:\/\/igfae.usc.es\/~igfae-old\/es\/ricardo-gurriaran-transfronteirizas\/#primaryimage","inLanguage":"es","url":"https:\/\/igfae.usc.es\/~igfae-old\/wp-content\/uploads\/2020\/09\/Transfronteirizas_RicardoGurriaranYouTubev2.png","contentUrl":"https:\/\/igfae.usc.es\/~igfae-old\/wp-content\/uploads\/2020\/09\/Transfronteirizas_RicardoGurriaranYouTubev2.png","width":1920,"height":1080},{"@type":"WebPage","@id":"https:\/\/igfae.usc.es\/~igfae-old\/es\/ricardo-gurriaran-transfronteirizas\/#webpage","url":"https:\/\/igfae.usc.es\/~igfae-old\/es\/ricardo-gurriaran-transfronteirizas\/","name":"Schr\u00f6dinger en Santiago y otras an\u00e9cdotas cient\u00edficas con el historiador Ricardo Gurriar\u00e1n, pr\u00f3ximo invitado del ciclo \u201cTransfronteirizas, conversas de arte e ciencia\u201d - IGFAE","isPartOf":{"@id":"https:\/\/igfae.usc.es\/~igfae-old\/#website"},"primaryImageOfPage":{"@id":"https:\/\/igfae.usc.es\/~igfae-old\/es\/ricardo-gurriaran-transfronteirizas\/#primaryimage"},"datePublished":"2020-09-17T08:45:52+00:00","dateModified":"2021-03-24T13:18:52+00:00","author":{"@id":"https:\/\/igfae.usc.es\/~igfae-old\/#\/schema\/person\/840f8ffb14ad0885a9e3d067fb261c00"},"breadcrumb":{"@id":"https:\/\/igfae.usc.es\/~igfae-old\/es\/ricardo-gurriaran-transfronteirizas\/#breadcrumb"},"inLanguage":"es","potentialAction":[{"@type":"ReadAction","target":["https:\/\/igfae.usc.es\/~igfae-old\/es\/ricardo-gurriaran-transfronteirizas\/"]}]},{"@type":"BreadcrumbList","@id":"https:\/\/igfae.usc.es\/~igfae-old\/es\/ricardo-gurriaran-transfronteirizas\/#breadcrumb","itemListElement":[{"@type":"ListItem","position":1,"name":"Home","item":"https:\/\/igfae.usc.es\/~igfae-old\/es\/"},{"@type":"ListItem","position":2,"name":"Schr\u00f6dinger en Santiago y otras an\u00e9cdotas cient\u00edficas con el historiador Ricardo Gurriar\u00e1n, pr\u00f3ximo invitado del ciclo \u201cTransfronteirizas, conversas de arte e ciencia\u201d"}]},{"@type":"Person","@id":"https:\/\/igfae.usc.es\/~igfae-old\/#\/schema\/person\/840f8ffb14ad0885a9e3d067fb261c00","name":"Elena Mora Cuesta","url":"https:\/\/igfae.usc.es\/~igfae-old\/es\/author\/elena-mora-cuesta\/"}]}},"_links":{"self":[{"href":"https:\/\/igfae.usc.es\/~igfae-old\/es\/wp-json\/wp\/v2\/posts\/6815"}],"collection":[{"href":"https:\/\/igfae.usc.es\/~igfae-old\/es\/wp-json\/wp\/v2\/posts"}],"about":[{"href":"https:\/\/igfae.usc.es\/~igfae-old\/es\/wp-json\/wp\/v2\/types\/post"}],"author":[{"embeddable":true,"href":"https:\/\/igfae.usc.es\/~igfae-old\/es\/wp-json\/wp\/v2\/users\/21"}],"replies":[{"embeddable":true,"href":"https:\/\/igfae.usc.es\/~igfae-old\/es\/wp-json\/wp\/v2\/comments?post=6815"}],"version-history":[{"count":2,"href":"https:\/\/igfae.usc.es\/~igfae-old\/es\/wp-json\/wp\/v2\/posts\/6815\/revisions"}],"predecessor-version":[{"id":7570,"href":"https:\/\/igfae.usc.es\/~igfae-old\/es\/wp-json\/wp\/v2\/posts\/6815\/revisions\/7570"}],"wp:featuredmedia":[{"embeddable":true,"href":"https:\/\/igfae.usc.es\/~igfae-old\/es\/wp-json\/wp\/v2\/media\/7456"}],"wp:attachment":[{"href":"https:\/\/igfae.usc.es\/~igfae-old\/es\/wp-json\/wp\/v2\/media?parent=6815"}],"wp:term":[{"taxonomy":"category","embeddable":true,"href":"https:\/\/igfae.usc.es\/~igfae-old\/es\/wp-json\/wp\/v2\/categories?post=6815"},{"taxonomy":"post_tag","embeddable":true,"href":"https:\/\/igfae.usc.es\/~igfae-old\/es\/wp-json\/wp\/v2\/tags?post=6815"}],"curies":[{"name":"wp","href":"https:\/\/api.w.org\/{rel}","templated":true}]}}