



{"id":5257,"date":"2020-02-03T09:55:27","date_gmt":"2020-02-03T07:55:27","guid":{"rendered":"https:\/\/igfae.usc.es\/~igfae-old\/?p=5257"},"modified":"2020-02-03T10:56:57","modified_gmt":"2020-02-03T08:56:57","slug":"un-detector-de-rayos-cosmicos-gallego-en-la-antartida","status":"publish","type":"post","link":"https:\/\/igfae.usc.es\/~igfae-old\/es\/un-detector-de-rayos-cosmicos-gallego-en-la-antartida\/","title":{"rendered":"Un detector de rayos c\u00f3smicos gallego en la Ant\u00e1rtida"},"content":{"rendered":"<p><strong>Investigadores del Instituto Galego de F\u00ed<\/strong><strong>sica de Altas Enerx<\/strong><strong>\u00edas (IGFAE) de la USC desarrollan e instalan un detector de rayos c\u00f3smicos en el observatorio ORCA de la base cient\u00ed<\/strong><strong>fica <\/strong><strong>\u201cJuan Carlos I\u201d, en la Isla Livingston de la Ant\u00e1rtida. Este dispositivo, ya en funcionamiento, medir\u00e1 <\/strong><strong>con precisi<\/strong><strong>\u00f3n electrones y muones para estudiar la actividad solar y las condiciones de la atm\u00f3<\/strong><strong>sfera terrestre.<\/strong><\/p>\n<p>Mucho se ha avanzado en la comprensi\u00f3n del origen y naturaleza de los rayos c\u00f3smicos desde que el f\u00edsico austriaco Victor Hess los descubriera en 1912 utilizando un globo aerost\u00e1tico a 5.300 m de altura. Si bien sabemos que casi todas estas part\u00edculas son n\u00facleos de hidr\u00f3geno y de todos los elementos de la tabla peri\u00f3dica, las causas por las que adquieren energ\u00edas muy superiores a las conseguidas por los aceleradores m\u00e1s potentes no son del todo conocidas. Lo mismo ocurre a la hora de determinar su origen; es pr\u00e1cticamente imposible, salvo para las part\u00edculas de energ\u00edas m\u00e1s altas. Tambi\u00e9n hay rayos c\u00f3smicos de baja energ\u00eda provenientes del Sol, que componen el conocido viento solar. Su intensidad crece con la actividad solar y sus efectos sobre los sistemas de comunicaciones y de posicionamiento global como el GPS y otros dispositivos electr\u00f3nicos en forma de tormenta magn\u00e9tica pueden ser desastrosos. Por ello es fundamental mejorar las t\u00e9cnicas de detecci\u00f3n temprana de dichos eventos para prevenir en lo posible su impacto.<\/p>\n<p>Con este prop\u00f3sito, un equipo del Instituto Galego de F\u00edsica de Altas Enerx\u00edas (IGFAE) de la Universidade de Santiago (USC) ha desarrollado un detector de rayos c\u00f3smicos que ha sido finalmente instalado en la base cient\u00edfica \u201cJuan Carlos I\u201d, ubicada en la Isla Livingston de la Ant\u00e1rtida. Despu\u00e9s de su traslado en el Buque de Investigaciones Oceanogr\u00e1ficas \u201cHesp\u00e9rides\u201d, el equipo finaliz\u00f3 la puesta en marcha de TRISTAN el pasado mes de diciembre como parte del Observatorio Ant\u00e1rtico de Rayos C\u00f3smicos (ORCA), donde recopilar\u00e1 datos hasta la llegada del verano austral en marzo. Con ellos, se analizar\u00e1 la actividad solar y se estudiar\u00e1 el efecto del campo magn\u00e9tico terrestre sobre la propagaci\u00f3n de los rayos c\u00f3smicos.<\/p>\n<p><strong>Mediciones desde el continente helado<\/strong><\/p>\n<p>La expedici\u00f3n a la Ant\u00e1rtida comenz\u00f3 a principios de noviembre de 2019 cuando el investigador del IGFAE y profesor de la USC, Juan A. Garz\u00f3n, y el estudiante de doctorado, Dami\u00e1n Garc\u00eda Castro, partieron a Cartagena para montar el detector TRISTAN a bordo del \u201cHesp\u00e9rides\u201d. El Prof. Garz\u00f3n acompa\u00f1\u00f3 al detector durante todo el trayecto con objeto de supervisar su funcionamiento. A lo largo del mismo, TRISTAN tom\u00f3 datos de una regi\u00f3n particularmente interesante donde el escudo magn\u00e9tico terrestre es ligeramente m\u00e1s d\u00e9bil y que todav\u00eda no ha sido estudiada con detalle a nivel de superficie terrestre: la denominada Anomal\u00eda Magn\u00e9tica del Atl\u00e1ntico Sur.<\/p>\n<p>Una vez en la Isla Livingston, y despu\u00e9s de que los t\u00e9cnicos acondicionaran la base \u201cJuan Carlos I\u201d para su uso por el personal investigador, el detector TRISTAN fue puesto en funcionamiento la \u00faltima semana de diciembre como parte del observatorio ORCA, junto con otros dos detectores desarrollados por la Universidad de Alcal\u00e1 (UAH), centro coordinador del proyecto.<\/p>\n<p>TRISTAN (TRasgo para InveSTigaciones ANt\u00e1rticas) es un detector tipo TRASGO que, como principal caracter\u00edstica, permite identificar muones y electrones, part\u00edculas secundarias originadas por la interacci\u00f3n de los rayos c\u00f3smicos con la atm\u00f3sfera terrestre, mediante un an\u00e1lisis software. Tambi\u00e9n es capaz de determinar el tiempo de llegada, con una precisi\u00f3n superior al nanosegundo \u2012una milmillon\u00e9sima de segundo y la direcci\u00f3n de incidencia de hasta unas 20 part\u00edculas producidas en una misma interacci\u00f3n; de esa forma se podr\u00eda acceder de forma indirecta a algunas de las propiedades, direcci\u00f3n y energ\u00eda del rayo c\u00f3smico primario.<\/p>\n<p><strong>Datos complementarios desde Santiago<\/strong><\/p>\n<p>Desde el 2014, en el laboratorio LabCAF de la Facultade de F\u00edsica de la USC hay instalado y tomando datos otro detector tipo TRASGO pero de mayores prestaciones: TRAGALDABAS (<em>TRAsGo for the AnaLysis of the nuclear matter Decay, the Atmosphere, the earth B-Field And the Solar activity<\/em>). \u201cEl an\u00e1lisis conjunto de los datos tomados de forma simult\u00e1nea por ambos detectores, dada su capacidad direccional y la gran distancia entre ellos \u2012alrededor de 13.000 km\u2012 ofrece una oportunidad \u00fanica para mejorar significativamente los resultados que cada uno de los detectores puede ofrecer por separado, en particular los relativos a la posible detecci\u00f3n temprana de tormentas magn\u00e9ticas\u201d, explica el investigador del IGFAE. Las mediciones con ambos dispositivos se estudiar\u00e1n junto con las observaciones de URAGAN \u2012detector de muones ubicado en el Instituto MEPhI, en Mosc\u00fa\u2012 para correlacionar todos los conjuntos de datos. En el desarrollo de TRISTAN tambi\u00e9n han colaborado de forma muy activa el Laboratorio de Instrumentaci\u00f3n y F\u00edsica Experimental de Part\u00edculas (LIP) de Coimbra, donde se ha construido el detector, y la empresa Hidronav Technologies, de Vigo, que ha redise\u00f1ado y mejorado parte de la electr\u00f3nica utilizada.<\/p>\n","protected":false},"excerpt":{"rendered":"<p>Investigadores del Instituto Galego de F\u00edsica de Altas Enerx\u00edas (IGFAE) de la USC desarrollan e instalan un detector de rayos c\u00f3smicos&#8230;<\/p>\n","protected":false},"author":21,"featured_media":5260,"comment_status":"closed","ping_status":"closed","sticky":false,"template":"","format":"standard","meta":{"om_disable_all_campaigns":false,"_monsterinsights_skip_tracking":false,"_monsterinsights_sitenote_active":false,"_monsterinsights_sitenote_note":"","_monsterinsights_sitenote_category":0},"categories":[111,112],"tags":[],"aioseo_notices":[],"yoast_head":"<!-- This site is optimized with the Yoast SEO plugin v18.4.1 - https:\/\/yoast.com\/wordpress\/plugins\/seo\/ -->\n<title>Un detector de rayos c\u00f3smicos gallego en la Ant\u00e1rtida - IGFAE<\/title>\n<meta name=\"robots\" content=\"index, follow, max-snippet:-1, max-image-preview:large, max-video-preview:-1\" \/>\n<link rel=\"canonical\" href=\"https:\/\/igfae.usc.es\/~igfae-old\/es\/un-detector-de-rayos-cosmicos-gallego-en-la-antartida\/\" \/>\n<meta property=\"og:locale\" content=\"es_ES\" \/>\n<meta property=\"og:type\" content=\"article\" \/>\n<meta property=\"og:title\" content=\"Un detector de rayos c\u00f3smicos gallego en la Ant\u00e1rtida - IGFAE\" \/>\n<meta property=\"og:description\" content=\"Investigadores del Instituto Galego de F\u00edsica de Altas Enerx\u00edas (IGFAE) de la USC desarrollan e instalan un detector de rayos c\u00f3smicos...\" \/>\n<meta property=\"og:url\" content=\"https:\/\/igfae.usc.es\/~igfae-old\/es\/un-detector-de-rayos-cosmicos-gallego-en-la-antartida\/\" \/>\n<meta property=\"og:site_name\" content=\"IGFAE\" \/>\n<meta property=\"article:published_time\" content=\"2020-02-03T07:55:27+00:00\" \/>\n<meta property=\"article:modified_time\" content=\"2020-02-03T08:56:57+00:00\" \/>\n<meta property=\"og:image\" content=\"https:\/\/igfae.usc.es\/~igfae-old\/wp-content\/uploads\/2020\/01\/1tristan_dagjag.jpg\" \/>\n\t<meta property=\"og:image:width\" content=\"960\" \/>\n\t<meta property=\"og:image:height\" content=\"768\" \/>\n\t<meta property=\"og:image:type\" content=\"image\/jpeg\" \/>\n<meta name=\"twitter:card\" content=\"summary_large_image\" \/>\n<meta name=\"twitter:creator\" content=\"@igfae_hep\" \/>\n<meta name=\"twitter:site\" content=\"@igfae_hep\" \/>\n<meta name=\"twitter:label1\" content=\"Escrito por\" \/>\n\t<meta name=\"twitter:data1\" content=\"Elena Mora Cuesta\" \/>\n\t<meta name=\"twitter:label2\" content=\"Tiempo de lectura\" \/>\n\t<meta name=\"twitter:data2\" content=\"4 minutos\" \/>\n<script type=\"application\/ld+json\" class=\"yoast-schema-graph\">{\"@context\":\"https:\/\/schema.org\",\"@graph\":[{\"@type\":\"WebSite\",\"@id\":\"https:\/\/igfae.usc.es\/~igfae-old\/#website\",\"url\":\"https:\/\/igfae.usc.es\/~igfae-old\/\",\"name\":\"IGFAE\",\"description\":\"Instituto Galego de F\u00edsica de Altas Enerx\u00edas\",\"potentialAction\":[{\"@type\":\"SearchAction\",\"target\":{\"@type\":\"EntryPoint\",\"urlTemplate\":\"https:\/\/igfae.usc.es\/~igfae-old\/?s={search_term_string}\"},\"query-input\":\"required name=search_term_string\"}],\"inLanguage\":\"es\"},{\"@type\":\"ImageObject\",\"@id\":\"https:\/\/igfae.usc.es\/~igfae-old\/es\/un-detector-de-rayos-cosmicos-gallego-en-la-antartida\/#primaryimage\",\"inLanguage\":\"es\",\"url\":\"https:\/\/igfae.usc.es\/~igfae-old\/wp-content\/uploads\/2020\/01\/1tristan_dagjag.jpg\",\"contentUrl\":\"https:\/\/igfae.usc.es\/~igfae-old\/wp-content\/uploads\/2020\/01\/1tristan_dagjag.jpg\",\"width\":960,\"height\":768},{\"@type\":\"WebPage\",\"@id\":\"https:\/\/igfae.usc.es\/~igfae-old\/es\/un-detector-de-rayos-cosmicos-gallego-en-la-antartida\/#webpage\",\"url\":\"https:\/\/igfae.usc.es\/~igfae-old\/es\/un-detector-de-rayos-cosmicos-gallego-en-la-antartida\/\",\"name\":\"Un detector de rayos c\u00f3smicos gallego en la Ant\u00e1rtida - IGFAE\",\"isPartOf\":{\"@id\":\"https:\/\/igfae.usc.es\/~igfae-old\/#website\"},\"primaryImageOfPage\":{\"@id\":\"https:\/\/igfae.usc.es\/~igfae-old\/es\/un-detector-de-rayos-cosmicos-gallego-en-la-antartida\/#primaryimage\"},\"datePublished\":\"2020-02-03T07:55:27+00:00\",\"dateModified\":\"2020-02-03T08:56:57+00:00\",\"author\":{\"@id\":\"https:\/\/igfae.usc.es\/~igfae-old\/#\/schema\/person\/840f8ffb14ad0885a9e3d067fb261c00\"},\"breadcrumb\":{\"@id\":\"https:\/\/igfae.usc.es\/~igfae-old\/es\/un-detector-de-rayos-cosmicos-gallego-en-la-antartida\/#breadcrumb\"},\"inLanguage\":\"es\",\"potentialAction\":[{\"@type\":\"ReadAction\",\"target\":[\"https:\/\/igfae.usc.es\/~igfae-old\/es\/un-detector-de-rayos-cosmicos-gallego-en-la-antartida\/\"]}]},{\"@type\":\"BreadcrumbList\",\"@id\":\"https:\/\/igfae.usc.es\/~igfae-old\/es\/un-detector-de-rayos-cosmicos-gallego-en-la-antartida\/#breadcrumb\",\"itemListElement\":[{\"@type\":\"ListItem\",\"position\":1,\"name\":\"Home\",\"item\":\"https:\/\/igfae.usc.es\/~igfae-old\/es\/\"},{\"@type\":\"ListItem\",\"position\":2,\"name\":\"Un detector de rayos c\u00f3smicos gallego en la Ant\u00e1rtida\"}]},{\"@type\":\"Person\",\"@id\":\"https:\/\/igfae.usc.es\/~igfae-old\/#\/schema\/person\/840f8ffb14ad0885a9e3d067fb261c00\",\"name\":\"Elena Mora Cuesta\",\"url\":\"https:\/\/igfae.usc.es\/~igfae-old\/es\/author\/elena-mora-cuesta\/\"}]}<\/script>\n<!-- \/ Yoast SEO plugin. -->","yoast_head_json":{"title":"Un detector de rayos c\u00f3smicos gallego en la Ant\u00e1rtida - IGFAE","robots":{"index":"index","follow":"follow","max-snippet":"max-snippet:-1","max-image-preview":"max-image-preview:large","max-video-preview":"max-video-preview:-1"},"canonical":"https:\/\/igfae.usc.es\/~igfae-old\/es\/un-detector-de-rayos-cosmicos-gallego-en-la-antartida\/","og_locale":"es_ES","og_type":"article","og_title":"Un detector de rayos c\u00f3smicos gallego en la Ant\u00e1rtida - IGFAE","og_description":"Investigadores del Instituto Galego de F\u00edsica de Altas Enerx\u00edas (IGFAE) de la USC desarrollan e instalan un detector de rayos c\u00f3smicos...","og_url":"https:\/\/igfae.usc.es\/~igfae-old\/es\/un-detector-de-rayos-cosmicos-gallego-en-la-antartida\/","og_site_name":"IGFAE","article_published_time":"2020-02-03T07:55:27+00:00","article_modified_time":"2020-02-03T08:56:57+00:00","og_image":[{"width":960,"height":768,"url":"https:\/\/igfae.usc.es\/~igfae-old\/wp-content\/uploads\/2020\/01\/1tristan_dagjag.jpg","type":"image\/jpeg"}],"twitter_card":"summary_large_image","twitter_creator":"@igfae_hep","twitter_site":"@igfae_hep","twitter_misc":{"Escrito por":"Elena Mora Cuesta","Tiempo de lectura":"4 minutos"},"schema":{"@context":"https:\/\/schema.org","@graph":[{"@type":"WebSite","@id":"https:\/\/igfae.usc.es\/~igfae-old\/#website","url":"https:\/\/igfae.usc.es\/~igfae-old\/","name":"IGFAE","description":"Instituto Galego de F\u00edsica de Altas Enerx\u00edas","potentialAction":[{"@type":"SearchAction","target":{"@type":"EntryPoint","urlTemplate":"https:\/\/igfae.usc.es\/~igfae-old\/?s={search_term_string}"},"query-input":"required name=search_term_string"}],"inLanguage":"es"},{"@type":"ImageObject","@id":"https:\/\/igfae.usc.es\/~igfae-old\/es\/un-detector-de-rayos-cosmicos-gallego-en-la-antartida\/#primaryimage","inLanguage":"es","url":"https:\/\/igfae.usc.es\/~igfae-old\/wp-content\/uploads\/2020\/01\/1tristan_dagjag.jpg","contentUrl":"https:\/\/igfae.usc.es\/~igfae-old\/wp-content\/uploads\/2020\/01\/1tristan_dagjag.jpg","width":960,"height":768},{"@type":"WebPage","@id":"https:\/\/igfae.usc.es\/~igfae-old\/es\/un-detector-de-rayos-cosmicos-gallego-en-la-antartida\/#webpage","url":"https:\/\/igfae.usc.es\/~igfae-old\/es\/un-detector-de-rayos-cosmicos-gallego-en-la-antartida\/","name":"Un detector de rayos c\u00f3smicos gallego en la Ant\u00e1rtida - IGFAE","isPartOf":{"@id":"https:\/\/igfae.usc.es\/~igfae-old\/#website"},"primaryImageOfPage":{"@id":"https:\/\/igfae.usc.es\/~igfae-old\/es\/un-detector-de-rayos-cosmicos-gallego-en-la-antartida\/#primaryimage"},"datePublished":"2020-02-03T07:55:27+00:00","dateModified":"2020-02-03T08:56:57+00:00","author":{"@id":"https:\/\/igfae.usc.es\/~igfae-old\/#\/schema\/person\/840f8ffb14ad0885a9e3d067fb261c00"},"breadcrumb":{"@id":"https:\/\/igfae.usc.es\/~igfae-old\/es\/un-detector-de-rayos-cosmicos-gallego-en-la-antartida\/#breadcrumb"},"inLanguage":"es","potentialAction":[{"@type":"ReadAction","target":["https:\/\/igfae.usc.es\/~igfae-old\/es\/un-detector-de-rayos-cosmicos-gallego-en-la-antartida\/"]}]},{"@type":"BreadcrumbList","@id":"https:\/\/igfae.usc.es\/~igfae-old\/es\/un-detector-de-rayos-cosmicos-gallego-en-la-antartida\/#breadcrumb","itemListElement":[{"@type":"ListItem","position":1,"name":"Home","item":"https:\/\/igfae.usc.es\/~igfae-old\/es\/"},{"@type":"ListItem","position":2,"name":"Un detector de rayos c\u00f3smicos gallego en la Ant\u00e1rtida"}]},{"@type":"Person","@id":"https:\/\/igfae.usc.es\/~igfae-old\/#\/schema\/person\/840f8ffb14ad0885a9e3d067fb261c00","name":"Elena Mora Cuesta","url":"https:\/\/igfae.usc.es\/~igfae-old\/es\/author\/elena-mora-cuesta\/"}]}},"_links":{"self":[{"href":"https:\/\/igfae.usc.es\/~igfae-old\/es\/wp-json\/wp\/v2\/posts\/5257"}],"collection":[{"href":"https:\/\/igfae.usc.es\/~igfae-old\/es\/wp-json\/wp\/v2\/posts"}],"about":[{"href":"https:\/\/igfae.usc.es\/~igfae-old\/es\/wp-json\/wp\/v2\/types\/post"}],"author":[{"embeddable":true,"href":"https:\/\/igfae.usc.es\/~igfae-old\/es\/wp-json\/wp\/v2\/users\/21"}],"replies":[{"embeddable":true,"href":"https:\/\/igfae.usc.es\/~igfae-old\/es\/wp-json\/wp\/v2\/comments?post=5257"}],"version-history":[{"count":2,"href":"https:\/\/igfae.usc.es\/~igfae-old\/es\/wp-json\/wp\/v2\/posts\/5257\/revisions"}],"predecessor-version":[{"id":5282,"href":"https:\/\/igfae.usc.es\/~igfae-old\/es\/wp-json\/wp\/v2\/posts\/5257\/revisions\/5282"}],"wp:featuredmedia":[{"embeddable":true,"href":"https:\/\/igfae.usc.es\/~igfae-old\/es\/wp-json\/wp\/v2\/media\/5260"}],"wp:attachment":[{"href":"https:\/\/igfae.usc.es\/~igfae-old\/es\/wp-json\/wp\/v2\/media?parent=5257"}],"wp:term":[{"taxonomy":"category","embeddable":true,"href":"https:\/\/igfae.usc.es\/~igfae-old\/es\/wp-json\/wp\/v2\/categories?post=5257"},{"taxonomy":"post_tag","embeddable":true,"href":"https:\/\/igfae.usc.es\/~igfae-old\/es\/wp-json\/wp\/v2\/tags?post=5257"}],"curies":[{"name":"wp","href":"https:\/\/api.w.org\/{rel}","templated":true}]}}