



{"id":4878,"date":"2019-11-12T11:08:23","date_gmt":"2019-11-12T09:08:23","guid":{"rendered":"https:\/\/igfae.usc.es\/~igfae-old\/arte-y-ciencia-protagonizan-la-segunda-jornada-de-la-semana-de-la-ciencia-con-agnes-mocsy\/"},"modified":"2019-11-12T11:12:42","modified_gmt":"2019-11-12T09:12:42","slug":"arte-ciencia-mocsy","status":"publish","type":"post","link":"https:\/\/igfae.usc.es\/~igfae-old\/es\/arte-ciencia-mocsy\/","title":{"rendered":"Arte y ciencia protagonizan la segunda jornada de la Semana de la Ciencia con \u00c1gnes\u00a0M\u00f3csy"},"content":{"rendered":"<p>\u00bfQu\u00e9 inesperada relaci\u00f3n comparten la f\u00edsica y las artes? Desc\u00fabrelo hoy (20 h) en el <a href=\"https:\/\/www.facebook.com\/CGACSantiago\/?__tn__=K-R&amp;eid=ARCMeemfMuOivgsdrergC3Tzl7lSMguLJ2zhAiL91oak7T_aGGRldH1gFP_NW5wXlPW7mKpVwCju8e7y&amp;fref=mentions&amp;__xts__%5B0%5D=68.ARAg96U4_BfpG2x0b5fwuZ2zdY9xIJW0zvapOJwtMLOdb_2TYYGI3mKl93a6lO_FhzXxdOiKKPOSiqRka_punoILb7YN7dYYF14UFZaqGia4xpU0eLB-CalF3cQjMr2-PZk19O4wQJccxl0sF5-MUlKHJQzORC4OtdfOZ876mNCXxfqHsQ3mEfdlRZ-SEW0TOULAY2NGBXsWQMGOzOP2LrC19lhs2aib2c58mLLeSrQ2BXoYVlxtRiUJKakTxWtvFgoTCLMpForswQ2IBjBNSBzbkUlP4cl4WjgkBiU13I_uLK9tWym-xvQIlUmZowlpUKccU1wCG6zG-c2gGpyk1ucwYA\">CGAC (Centro Galego de Arte Contempor\u00e1nea)<\/a> durante la conferencia \u00abF\u00edsica en concierto con las artes\u00bb a cargo de de \u00c1gnes\u00a0 M\u00f3csy, f\u00edsica te\u00f3rica h\u00fangara-estadounidense, miembro de la\u00a0 APS\u00a0 Physics, profesora visitante en el Departamento de F\u00edsica de la\u00a0 Yale\u00a0 University y catedr\u00e1tica en el Pratt\u00a0 Institute de\u00a0 Brooklyn,en Nueva York.<\/p>\n<p>Partiendo de la frecuente dicotom\u00eda arte-ciencia, en esta conferencia, que se enmarca dentro de la II Semana de la Ciencia del IGFAE,\u00a0 M\u00f3csy explorar\u00e1 la compleja y a veces inesperada relaci\u00f3n que comparten la f\u00edsica y las artes. Un abordaje elaborado de esta conexi\u00f3n brinda oportunidades para noticias y m\u00e1s ricas formas narrativas sobre la ciencia, as\u00ed como enfoques educativos poco convencionales.<\/p>\n<p>Carlos Salado, director del IGFE y profesor de la USC, y Santiago Olmo, director del CGAC, realizar\u00e1n la presentaci\u00f3n y moderar\u00e1n el debate.<\/p>\n<p>De 20.00 a 21.00 horas<br \/>\n<span style=\"font-size: 1rem;\">Entrada gratuita hasta completar las localidades.<br \/>\n<\/span>Traducci\u00f3n simult\u00e1nea del ingl\u00e9s.<\/p>\n","protected":false},"excerpt":{"rendered":"<p>\u00bfQu\u00e9 inesperada relaci\u00f3n comparten la f\u00edsica y las artes? Desc\u00fabrelo hoy (20 h) en el CGAC (Centro Galego de Arte Contempor\u00e1nea)&#8230;<\/p>\n","protected":false},"author":21,"featured_media":4875,"comment_status":"closed","ping_status":"closed","sticky":false,"template":"","format":"standard","meta":{"om_disable_all_campaigns":false,"_monsterinsights_skip_tracking":false,"_monsterinsights_sitenote_active":false,"_monsterinsights_sitenote_note":"","_monsterinsights_sitenote_category":0},"categories":[126,111,115],"tags":[55],"aioseo_notices":[],"yoast_head":"<!-- This site is optimized with the Yoast SEO plugin v18.4.1 - https:\/\/yoast.com\/wordpress\/plugins\/seo\/ -->\n<title>Arte y ciencia protagonizan la segunda jornada de la Semana de la Ciencia con \u00c1gnes\u00a0M\u00f3csy - IGFAE<\/title>\n<meta name=\"robots\" content=\"index, follow, max-snippet:-1, max-image-preview:large, max-video-preview:-1\" \/>\n<link rel=\"canonical\" href=\"https:\/\/igfae.usc.es\/~igfae-old\/es\/arte-ciencia-mocsy\/\" \/>\n<meta property=\"og:locale\" content=\"es_ES\" \/>\n<meta property=\"og:type\" content=\"article\" \/>\n<meta property=\"og:title\" content=\"Arte y ciencia protagonizan la segunda jornada de la Semana de la Ciencia con \u00c1gnes\u00a0M\u00f3csy - IGFAE\" \/>\n<meta property=\"og:description\" content=\"\u00bfQu\u00e9 inesperada relaci\u00f3n comparten la f\u00edsica y las artes? Desc\u00fabrelo hoy (20 h) en el CGAC (Centro Galego de Arte Contempor\u00e1nea)...\" \/>\n<meta property=\"og:url\" content=\"https:\/\/igfae.usc.es\/~igfae-old\/es\/arte-ciencia-mocsy\/\" \/>\n<meta property=\"og:site_name\" content=\"IGFAE\" \/>\n<meta property=\"article:published_time\" content=\"2019-11-12T09:08:23+00:00\" \/>\n<meta property=\"article:modified_time\" content=\"2019-11-12T09:12:42+00:00\" \/>\n<meta property=\"og:image\" content=\"https:\/\/igfae.usc.es\/~igfae-old\/wp-content\/uploads\/2019\/11\/dbde9e_d02431fb53b947ff856e750b3e4cc2d3.jpg\" \/>\n\t<meta property=\"og:image:width\" content=\"443\" \/>\n\t<meta property=\"og:image:height\" content=\"427\" \/>\n\t<meta property=\"og:image:type\" content=\"image\/jpeg\" \/>\n<meta name=\"twitter:card\" content=\"summary_large_image\" \/>\n<meta name=\"twitter:creator\" content=\"@igfae_hep\" \/>\n<meta name=\"twitter:site\" content=\"@igfae_hep\" \/>\n<meta name=\"twitter:label1\" content=\"Escrito por\" \/>\n\t<meta name=\"twitter:data1\" content=\"Elena Mora Cuesta\" \/>\n\t<meta name=\"twitter:label2\" content=\"Tiempo de lectura\" \/>\n\t<meta name=\"twitter:data2\" content=\"1 minuto\" \/>\n<script type=\"application\/ld+json\" class=\"yoast-schema-graph\">{\"@context\":\"https:\/\/schema.org\",\"@graph\":[{\"@type\":\"WebSite\",\"@id\":\"https:\/\/igfae.usc.es\/~igfae-old\/#website\",\"url\":\"https:\/\/igfae.usc.es\/~igfae-old\/\",\"name\":\"IGFAE\",\"description\":\"Instituto Galego de F\u00edsica de Altas Enerx\u00edas\",\"potentialAction\":[{\"@type\":\"SearchAction\",\"target\":{\"@type\":\"EntryPoint\",\"urlTemplate\":\"https:\/\/igfae.usc.es\/~igfae-old\/?s={search_term_string}\"},\"query-input\":\"required name=search_term_string\"}],\"inLanguage\":\"es\"},{\"@type\":\"ImageObject\",\"@id\":\"https:\/\/igfae.usc.es\/~igfae-old\/es\/arte-ciencia-mocsy\/#primaryimage\",\"inLanguage\":\"es\",\"url\":\"https:\/\/igfae.usc.es\/~igfae-old\/wp-content\/uploads\/2019\/11\/dbde9e_d02431fb53b947ff856e750b3e4cc2d3.jpg\",\"contentUrl\":\"https:\/\/igfae.usc.es\/~igfae-old\/wp-content\/uploads\/2019\/11\/dbde9e_d02431fb53b947ff856e750b3e4cc2d3.jpg\",\"width\":443,\"height\":427},{\"@type\":\"WebPage\",\"@id\":\"https:\/\/igfae.usc.es\/~igfae-old\/es\/arte-ciencia-mocsy\/#webpage\",\"url\":\"https:\/\/igfae.usc.es\/~igfae-old\/es\/arte-ciencia-mocsy\/\",\"name\":\"Arte y ciencia protagonizan la segunda jornada de la Semana de la Ciencia con \u00c1gnes\u00a0M\u00f3csy - IGFAE\",\"isPartOf\":{\"@id\":\"https:\/\/igfae.usc.es\/~igfae-old\/#website\"},\"primaryImageOfPage\":{\"@id\":\"https:\/\/igfae.usc.es\/~igfae-old\/es\/arte-ciencia-mocsy\/#primaryimage\"},\"datePublished\":\"2019-11-12T09:08:23+00:00\",\"dateModified\":\"2019-11-12T09:12:42+00:00\",\"author\":{\"@id\":\"https:\/\/igfae.usc.es\/~igfae-old\/#\/schema\/person\/840f8ffb14ad0885a9e3d067fb261c00\"},\"breadcrumb\":{\"@id\":\"https:\/\/igfae.usc.es\/~igfae-old\/es\/arte-ciencia-mocsy\/#breadcrumb\"},\"inLanguage\":\"es\",\"potentialAction\":[{\"@type\":\"ReadAction\",\"target\":[\"https:\/\/igfae.usc.es\/~igfae-old\/es\/arte-ciencia-mocsy\/\"]}]},{\"@type\":\"BreadcrumbList\",\"@id\":\"https:\/\/igfae.usc.es\/~igfae-old\/es\/arte-ciencia-mocsy\/#breadcrumb\",\"itemListElement\":[{\"@type\":\"ListItem\",\"position\":1,\"name\":\"Home\",\"item\":\"https:\/\/igfae.usc.es\/~igfae-old\/es\/\"},{\"@type\":\"ListItem\",\"position\":2,\"name\":\"Arte y ciencia protagonizan la segunda jornada de la Semana de la Ciencia con \u00c1gnes\u00a0M\u00f3csy\"}]},{\"@type\":\"Person\",\"@id\":\"https:\/\/igfae.usc.es\/~igfae-old\/#\/schema\/person\/840f8ffb14ad0885a9e3d067fb261c00\",\"name\":\"Elena Mora Cuesta\",\"url\":\"https:\/\/igfae.usc.es\/~igfae-old\/es\/author\/elena-mora-cuesta\/\"}]}<\/script>\n<!-- \/ Yoast SEO plugin. -->","yoast_head_json":{"title":"Arte y ciencia protagonizan la segunda jornada de la Semana de la Ciencia con \u00c1gnes\u00a0M\u00f3csy - IGFAE","robots":{"index":"index","follow":"follow","max-snippet":"max-snippet:-1","max-image-preview":"max-image-preview:large","max-video-preview":"max-video-preview:-1"},"canonical":"https:\/\/igfae.usc.es\/~igfae-old\/es\/arte-ciencia-mocsy\/","og_locale":"es_ES","og_type":"article","og_title":"Arte y ciencia protagonizan la segunda jornada de la Semana de la Ciencia con \u00c1gnes\u00a0M\u00f3csy - IGFAE","og_description":"\u00bfQu\u00e9 inesperada relaci\u00f3n comparten la f\u00edsica y las artes? Desc\u00fabrelo hoy (20 h) en el CGAC (Centro Galego de Arte Contempor\u00e1nea)...","og_url":"https:\/\/igfae.usc.es\/~igfae-old\/es\/arte-ciencia-mocsy\/","og_site_name":"IGFAE","article_published_time":"2019-11-12T09:08:23+00:00","article_modified_time":"2019-11-12T09:12:42+00:00","og_image":[{"width":443,"height":427,"url":"https:\/\/igfae.usc.es\/~igfae-old\/wp-content\/uploads\/2019\/11\/dbde9e_d02431fb53b947ff856e750b3e4cc2d3.jpg","type":"image\/jpeg"}],"twitter_card":"summary_large_image","twitter_creator":"@igfae_hep","twitter_site":"@igfae_hep","twitter_misc":{"Escrito por":"Elena Mora Cuesta","Tiempo de lectura":"1 minuto"},"schema":{"@context":"https:\/\/schema.org","@graph":[{"@type":"WebSite","@id":"https:\/\/igfae.usc.es\/~igfae-old\/#website","url":"https:\/\/igfae.usc.es\/~igfae-old\/","name":"IGFAE","description":"Instituto Galego de F\u00edsica de Altas Enerx\u00edas","potentialAction":[{"@type":"SearchAction","target":{"@type":"EntryPoint","urlTemplate":"https:\/\/igfae.usc.es\/~igfae-old\/?s={search_term_string}"},"query-input":"required name=search_term_string"}],"inLanguage":"es"},{"@type":"ImageObject","@id":"https:\/\/igfae.usc.es\/~igfae-old\/es\/arte-ciencia-mocsy\/#primaryimage","inLanguage":"es","url":"https:\/\/igfae.usc.es\/~igfae-old\/wp-content\/uploads\/2019\/11\/dbde9e_d02431fb53b947ff856e750b3e4cc2d3.jpg","contentUrl":"https:\/\/igfae.usc.es\/~igfae-old\/wp-content\/uploads\/2019\/11\/dbde9e_d02431fb53b947ff856e750b3e4cc2d3.jpg","width":443,"height":427},{"@type":"WebPage","@id":"https:\/\/igfae.usc.es\/~igfae-old\/es\/arte-ciencia-mocsy\/#webpage","url":"https:\/\/igfae.usc.es\/~igfae-old\/es\/arte-ciencia-mocsy\/","name":"Arte y ciencia protagonizan la segunda jornada de la Semana de la Ciencia con \u00c1gnes\u00a0M\u00f3csy - IGFAE","isPartOf":{"@id":"https:\/\/igfae.usc.es\/~igfae-old\/#website"},"primaryImageOfPage":{"@id":"https:\/\/igfae.usc.es\/~igfae-old\/es\/arte-ciencia-mocsy\/#primaryimage"},"datePublished":"2019-11-12T09:08:23+00:00","dateModified":"2019-11-12T09:12:42+00:00","author":{"@id":"https:\/\/igfae.usc.es\/~igfae-old\/#\/schema\/person\/840f8ffb14ad0885a9e3d067fb261c00"},"breadcrumb":{"@id":"https:\/\/igfae.usc.es\/~igfae-old\/es\/arte-ciencia-mocsy\/#breadcrumb"},"inLanguage":"es","potentialAction":[{"@type":"ReadAction","target":["https:\/\/igfae.usc.es\/~igfae-old\/es\/arte-ciencia-mocsy\/"]}]},{"@type":"BreadcrumbList","@id":"https:\/\/igfae.usc.es\/~igfae-old\/es\/arte-ciencia-mocsy\/#breadcrumb","itemListElement":[{"@type":"ListItem","position":1,"name":"Home","item":"https:\/\/igfae.usc.es\/~igfae-old\/es\/"},{"@type":"ListItem","position":2,"name":"Arte y ciencia protagonizan la segunda jornada de la Semana de la Ciencia con \u00c1gnes\u00a0M\u00f3csy"}]},{"@type":"Person","@id":"https:\/\/igfae.usc.es\/~igfae-old\/#\/schema\/person\/840f8ffb14ad0885a9e3d067fb261c00","name":"Elena Mora Cuesta","url":"https:\/\/igfae.usc.es\/~igfae-old\/es\/author\/elena-mora-cuesta\/"}]}},"_links":{"self":[{"href":"https:\/\/igfae.usc.es\/~igfae-old\/es\/wp-json\/wp\/v2\/posts\/4878"}],"collection":[{"href":"https:\/\/igfae.usc.es\/~igfae-old\/es\/wp-json\/wp\/v2\/posts"}],"about":[{"href":"https:\/\/igfae.usc.es\/~igfae-old\/es\/wp-json\/wp\/v2\/types\/post"}],"author":[{"embeddable":true,"href":"https:\/\/igfae.usc.es\/~igfae-old\/es\/wp-json\/wp\/v2\/users\/21"}],"replies":[{"embeddable":true,"href":"https:\/\/igfae.usc.es\/~igfae-old\/es\/wp-json\/wp\/v2\/comments?post=4878"}],"version-history":[{"count":1,"href":"https:\/\/igfae.usc.es\/~igfae-old\/es\/wp-json\/wp\/v2\/posts\/4878\/revisions"}],"predecessor-version":[{"id":4880,"href":"https:\/\/igfae.usc.es\/~igfae-old\/es\/wp-json\/wp\/v2\/posts\/4878\/revisions\/4880"}],"wp:featuredmedia":[{"embeddable":true,"href":"https:\/\/igfae.usc.es\/~igfae-old\/es\/wp-json\/wp\/v2\/media\/4875"}],"wp:attachment":[{"href":"https:\/\/igfae.usc.es\/~igfae-old\/es\/wp-json\/wp\/v2\/media?parent=4878"}],"wp:term":[{"taxonomy":"category","embeddable":true,"href":"https:\/\/igfae.usc.es\/~igfae-old\/es\/wp-json\/wp\/v2\/categories?post=4878"},{"taxonomy":"post_tag","embeddable":true,"href":"https:\/\/igfae.usc.es\/~igfae-old\/es\/wp-json\/wp\/v2\/tags?post=4878"}],"curies":[{"name":"wp","href":"https:\/\/api.w.org\/{rel}","templated":true}]}}