



{"id":3438,"date":"2019-07-23T21:22:19","date_gmt":"2019-07-23T19:22:19","guid":{"rendered":"https:\/\/igfae.usc.es\/centrosingular\/atrayendo-a-jovenes-talentos\/"},"modified":"2019-10-24T00:22:25","modified_gmt":"2019-10-23T22:22:25","slug":"atrayendo-a-jovenes-talentos","status":"publish","type":"post","link":"https:\/\/igfae.usc.es\/~igfae-old\/es\/atrayendo-a-jovenes-talentos\/","title":{"rendered":"Atrayendo a j\u00f3venes talentos"},"content":{"rendered":"<p><strong>Jo\u00e3o Barata, egresado del Instituto Superior T\u00e9cnico de Lisboa, recibi\u00f3 recientemente una de las competitivas becas de doctorado de la Fundaci\u00f3n \u201cLa Caixa\u201d, con la que se encuentra desarrollando su tesis en el IGFAE. Este programa, destinado a incluir a j\u00f3venes talentos de todo el mundo en universidades y centros de investigaci\u00f3n espa\u00f1oles, le permitir\u00e1 estudiar el comportamiento de la materia en los primeros instantes del universo.<\/strong><\/p>\n<p>Solo 57 j\u00f3venes de varios pa\u00edses fueron seleccionados por la Fundaci\u00f3n \u201cLa Caixa\u201d para recibir una de las prestigiosas becas de 120.000 euros del\u00a0<a href=\"https:\/\/obrasociallacaixa.org\/es\/investigacion-y-becas\/programa-de-becas-de-posgrado\/inphinit\/programme-description\"><u>programa de doctorado INPhINIT<\/u><\/a>; uno de ellos, el ex alumno del Instituto Superior T\u00e9cnico Jo\u00e3o Barata, quien recal\u00f3 en el Instituto Galego de F\u00edsica de Altas Enerx\u00edas (IGFAE) en enero de 2019 para seguir persiguiendo su sue\u00f1o: comprender el estado de la materia en los primeros instantes del universo.<\/p>\n<p>\u201cHoy sabemos que en ese momento la materia se comporta como un l\u00edquido; es como una sopa primordial de la que surgi\u00f3 todo.\u00a0Para replicar las condiciones del universo en ese momento, en la Tierra usamos aceleradores que colisionan part\u00edculas a energ\u00edas extremas\u00bb, explica Jo\u00e3o.\u00a0\u00abEn mi tesis, estudiamos el comportamiento de part\u00edculas muy energ\u00e9ticas que se propagan dentro de este l\u00edquido y su interacci\u00f3n\u201d. Este m\u00e9todo ofrece una ventana muy interesante para tratar de extraer las propiedades fundamentales de la sopa primordial, adem\u00e1s de ser un tema fascinante porque no solo permite conocer el universo justo despu\u00e9s del Big Bang, sino tambi\u00e9n porque abre la puerta a una f\u00edsica diferente a la que conocemos en la actualidad.<\/p>\n<p>Jo\u00e3o Barata lleg\u00f3 al Instituto Superior T\u00e9cnico de Lisboa (Portugal) en 2014, y durante el segundo curso del\u00a0M\u00e1ster en Ingenier\u00eda F\u00edsica y Tecnol\u00f3gica (MEFT)\u00a0surgi\u00f3 su inter\u00e9s por el \u00e1rea en la que trabaja, gracias a una estancia en el CERN con la que entr\u00f3 en contacto con el experimento CMS.\u00a0Despu\u00e9s emprendi\u00f3 un proyecto de verano en la Universidad de Oxford dentro de su campo de estudio, y complet\u00f3 su formaci\u00f3n en F\u00edsica Te\u00f3rica en el\u00a0<em>Imperial College de Londres<\/em>. El pr\u00f3ximo a\u00f1o, este joven investigador pasar\u00e1 nueve meses en el\u00a0<em>Laboratorio Nacional Brookhaven<\/em>, en Long Island (EE. UU), financiado por\u00a0la Comisi\u00f3n Fulbright.\u00a0\u00abEs una gran oportunidad poder visitar este centro de investigaci\u00f3n, no solo porque tiene uno de los grupos m\u00e1s importantes de F\u00edsica Nuclear y de Part\u00edculas en el mundo, sino tambi\u00e9n porque est\u00e1 estrechamente relacionado con los principales proyectos experimentales futuros en el \u00e1rea\u00bb, concluye.<\/p>\n<p><a href=\"https:\/\/igfae.usc.es\/~igfae-old\/es\/atrayendo-a-jovenes-talentos\/whatsapp-image-2019-07-12-at-12-48-43-2-2\/\" rel=\"attachment wp-att-3443\"><img loading=\"lazy\" class=\"alignnone size-full wp-image-3443\" src=\"https:\/\/igfae.usc.es\/~igfae-old\/wp-content\/uploads\/2019\/07\/WhatsApp-Image-2019-07-12-at-12.48.43-2.jpeg\" alt=\"\" width=\"1599\" height=\"1200\" srcset=\"https:\/\/igfae.usc.es\/~igfae-old\/wp-content\/uploads\/2019\/07\/WhatsApp-Image-2019-07-12-at-12.48.43-2.jpeg 1599w, https:\/\/igfae.usc.es\/~igfae-old\/wp-content\/uploads\/2019\/07\/WhatsApp-Image-2019-07-12-at-12.48.43-2-300x225.jpeg 300w, https:\/\/igfae.usc.es\/~igfae-old\/wp-content\/uploads\/2019\/07\/WhatsApp-Image-2019-07-12-at-12.48.43-2-768x576.jpeg 768w, https:\/\/igfae.usc.es\/~igfae-old\/wp-content\/uploads\/2019\/07\/WhatsApp-Image-2019-07-12-at-12.48.43-2-1024x768.jpeg 1024w\" sizes=\"(max-width: 1599px) 100vw, 1599px\" \/><\/a><\/p>\n<p>Noticia del Instituto Superior T\u00e9cnico: <a href=\"https:\/\/tecnico.ulisboa.pt\/pt\/noticias\/campus-e-comunidade\/jovem-talento-do-tecnico-conquista-bolsa-de-doutoramento-da-fundacao-la-caixa\/\">https:\/\/tecnico.ulisboa.pt\/pt\/noticias\/campus-e-comunidade\/jovem-talento-do-tecnico-conquista-bolsa-de-doutoramento-da-fundacao-la-caixa\/<\/a><\/p>\n","protected":false},"excerpt":{"rendered":"<p>Jo\u00e3o Barata, egresado del Instituto Superior T\u00e9cnico de Lisboa, recibi\u00f3 recientemente una de las competitivas becas de doctorado de la Fundaci\u00f3n&#8230;<\/p>\n","protected":false},"author":21,"featured_media":3436,"comment_status":"closed","ping_status":"closed","sticky":false,"template":"","format":"standard","meta":{"om_disable_all_campaigns":false,"_monsterinsights_skip_tracking":false,"_monsterinsights_sitenote_active":false,"_monsterinsights_sitenote_note":"","_monsterinsights_sitenote_category":0},"categories":[111],"tags":[],"aioseo_notices":[],"yoast_head":"<!-- This site is optimized with the Yoast SEO plugin v18.4.1 - https:\/\/yoast.com\/wordpress\/plugins\/seo\/ -->\n<title>Atrayendo a j\u00f3venes talentos - IGFAE<\/title>\n<meta name=\"robots\" content=\"index, follow, max-snippet:-1, max-image-preview:large, max-video-preview:-1\" \/>\n<link rel=\"canonical\" href=\"https:\/\/igfae.usc.es\/~igfae-old\/es\/atrayendo-a-jovenes-talentos\/\" \/>\n<meta property=\"og:locale\" content=\"es_ES\" \/>\n<meta property=\"og:type\" content=\"article\" \/>\n<meta property=\"og:title\" content=\"Atrayendo a j\u00f3venes talentos - IGFAE\" \/>\n<meta property=\"og:description\" content=\"Jo\u00e3o Barata, egresado del Instituto Superior T\u00e9cnico de Lisboa, recibi\u00f3 recientemente una de las competitivas becas de doctorado de la Fundaci\u00f3n...\" \/>\n<meta property=\"og:url\" content=\"https:\/\/igfae.usc.es\/~igfae-old\/es\/atrayendo-a-jovenes-talentos\/\" \/>\n<meta property=\"og:site_name\" content=\"IGFAE\" \/>\n<meta property=\"article:published_time\" content=\"2019-07-23T19:22:19+00:00\" \/>\n<meta property=\"article:modified_time\" content=\"2019-10-23T22:22:25+00:00\" \/>\n<meta property=\"og:image\" content=\"https:\/\/igfae.usc.es\/~igfae-old\/wp-content\/uploads\/2019\/07\/P1000633-01-1024x1024.jpeg\" \/>\n\t<meta property=\"og:image:width\" content=\"1024\" \/>\n\t<meta property=\"og:image:height\" content=\"1024\" \/>\n\t<meta property=\"og:image:type\" content=\"image\/jpeg\" \/>\n<meta name=\"twitter:card\" content=\"summary_large_image\" \/>\n<meta name=\"twitter:creator\" content=\"@igfae_hep\" \/>\n<meta name=\"twitter:site\" content=\"@igfae_hep\" \/>\n<meta name=\"twitter:label1\" content=\"Escrito por\" \/>\n\t<meta name=\"twitter:data1\" content=\"Elena Mora Cuesta\" \/>\n\t<meta name=\"twitter:label2\" content=\"Tiempo de lectura\" \/>\n\t<meta name=\"twitter:data2\" content=\"2 minutos\" \/>\n<script type=\"application\/ld+json\" class=\"yoast-schema-graph\">{\"@context\":\"https:\/\/schema.org\",\"@graph\":[{\"@type\":\"WebSite\",\"@id\":\"https:\/\/igfae.usc.es\/~igfae-old\/#website\",\"url\":\"https:\/\/igfae.usc.es\/~igfae-old\/\",\"name\":\"IGFAE\",\"description\":\"Instituto Galego de F\u00edsica de Altas Enerx\u00edas\",\"potentialAction\":[{\"@type\":\"SearchAction\",\"target\":{\"@type\":\"EntryPoint\",\"urlTemplate\":\"https:\/\/igfae.usc.es\/~igfae-old\/?s={search_term_string}\"},\"query-input\":\"required name=search_term_string\"}],\"inLanguage\":\"es\"},{\"@type\":\"ImageObject\",\"@id\":\"https:\/\/igfae.usc.es\/~igfae-old\/es\/atrayendo-a-jovenes-talentos\/#primaryimage\",\"inLanguage\":\"es\",\"url\":\"https:\/\/igfae.usc.es\/~igfae-old\/wp-content\/uploads\/2019\/07\/P1000633-01.jpeg\",\"contentUrl\":\"https:\/\/igfae.usc.es\/~igfae-old\/wp-content\/uploads\/2019\/07\/P1000633-01.jpeg\",\"width\":2671,\"height\":2671},{\"@type\":\"WebPage\",\"@id\":\"https:\/\/igfae.usc.es\/~igfae-old\/es\/atrayendo-a-jovenes-talentos\/#webpage\",\"url\":\"https:\/\/igfae.usc.es\/~igfae-old\/es\/atrayendo-a-jovenes-talentos\/\",\"name\":\"Atrayendo a j\u00f3venes talentos - IGFAE\",\"isPartOf\":{\"@id\":\"https:\/\/igfae.usc.es\/~igfae-old\/#website\"},\"primaryImageOfPage\":{\"@id\":\"https:\/\/igfae.usc.es\/~igfae-old\/es\/atrayendo-a-jovenes-talentos\/#primaryimage\"},\"datePublished\":\"2019-07-23T19:22:19+00:00\",\"dateModified\":\"2019-10-23T22:22:25+00:00\",\"author\":{\"@id\":\"https:\/\/igfae.usc.es\/~igfae-old\/#\/schema\/person\/840f8ffb14ad0885a9e3d067fb261c00\"},\"breadcrumb\":{\"@id\":\"https:\/\/igfae.usc.es\/~igfae-old\/es\/atrayendo-a-jovenes-talentos\/#breadcrumb\"},\"inLanguage\":\"es\",\"potentialAction\":[{\"@type\":\"ReadAction\",\"target\":[\"https:\/\/igfae.usc.es\/~igfae-old\/es\/atrayendo-a-jovenes-talentos\/\"]}]},{\"@type\":\"BreadcrumbList\",\"@id\":\"https:\/\/igfae.usc.es\/~igfae-old\/es\/atrayendo-a-jovenes-talentos\/#breadcrumb\",\"itemListElement\":[{\"@type\":\"ListItem\",\"position\":1,\"name\":\"Home\",\"item\":\"https:\/\/igfae.usc.es\/~igfae-old\/es\/\"},{\"@type\":\"ListItem\",\"position\":2,\"name\":\"Atrayendo a j\u00f3venes talentos\"}]},{\"@type\":\"Person\",\"@id\":\"https:\/\/igfae.usc.es\/~igfae-old\/#\/schema\/person\/840f8ffb14ad0885a9e3d067fb261c00\",\"name\":\"Elena Mora Cuesta\",\"url\":\"https:\/\/igfae.usc.es\/~igfae-old\/es\/author\/elena-mora-cuesta\/\"}]}<\/script>\n<!-- \/ Yoast SEO plugin. -->","yoast_head_json":{"title":"Atrayendo a j\u00f3venes talentos - IGFAE","robots":{"index":"index","follow":"follow","max-snippet":"max-snippet:-1","max-image-preview":"max-image-preview:large","max-video-preview":"max-video-preview:-1"},"canonical":"https:\/\/igfae.usc.es\/~igfae-old\/es\/atrayendo-a-jovenes-talentos\/","og_locale":"es_ES","og_type":"article","og_title":"Atrayendo a j\u00f3venes talentos - IGFAE","og_description":"Jo\u00e3o Barata, egresado del Instituto Superior T\u00e9cnico de Lisboa, recibi\u00f3 recientemente una de las competitivas becas de doctorado de la Fundaci\u00f3n...","og_url":"https:\/\/igfae.usc.es\/~igfae-old\/es\/atrayendo-a-jovenes-talentos\/","og_site_name":"IGFAE","article_published_time":"2019-07-23T19:22:19+00:00","article_modified_time":"2019-10-23T22:22:25+00:00","og_image":[{"width":1024,"height":1024,"url":"https:\/\/igfae.usc.es\/~igfae-old\/wp-content\/uploads\/2019\/07\/P1000633-01-1024x1024.jpeg","type":"image\/jpeg"}],"twitter_card":"summary_large_image","twitter_creator":"@igfae_hep","twitter_site":"@igfae_hep","twitter_misc":{"Escrito por":"Elena Mora Cuesta","Tiempo de lectura":"2 minutos"},"schema":{"@context":"https:\/\/schema.org","@graph":[{"@type":"WebSite","@id":"https:\/\/igfae.usc.es\/~igfae-old\/#website","url":"https:\/\/igfae.usc.es\/~igfae-old\/","name":"IGFAE","description":"Instituto Galego de F\u00edsica de Altas Enerx\u00edas","potentialAction":[{"@type":"SearchAction","target":{"@type":"EntryPoint","urlTemplate":"https:\/\/igfae.usc.es\/~igfae-old\/?s={search_term_string}"},"query-input":"required name=search_term_string"}],"inLanguage":"es"},{"@type":"ImageObject","@id":"https:\/\/igfae.usc.es\/~igfae-old\/es\/atrayendo-a-jovenes-talentos\/#primaryimage","inLanguage":"es","url":"https:\/\/igfae.usc.es\/~igfae-old\/wp-content\/uploads\/2019\/07\/P1000633-01.jpeg","contentUrl":"https:\/\/igfae.usc.es\/~igfae-old\/wp-content\/uploads\/2019\/07\/P1000633-01.jpeg","width":2671,"height":2671},{"@type":"WebPage","@id":"https:\/\/igfae.usc.es\/~igfae-old\/es\/atrayendo-a-jovenes-talentos\/#webpage","url":"https:\/\/igfae.usc.es\/~igfae-old\/es\/atrayendo-a-jovenes-talentos\/","name":"Atrayendo a j\u00f3venes talentos - IGFAE","isPartOf":{"@id":"https:\/\/igfae.usc.es\/~igfae-old\/#website"},"primaryImageOfPage":{"@id":"https:\/\/igfae.usc.es\/~igfae-old\/es\/atrayendo-a-jovenes-talentos\/#primaryimage"},"datePublished":"2019-07-23T19:22:19+00:00","dateModified":"2019-10-23T22:22:25+00:00","author":{"@id":"https:\/\/igfae.usc.es\/~igfae-old\/#\/schema\/person\/840f8ffb14ad0885a9e3d067fb261c00"},"breadcrumb":{"@id":"https:\/\/igfae.usc.es\/~igfae-old\/es\/atrayendo-a-jovenes-talentos\/#breadcrumb"},"inLanguage":"es","potentialAction":[{"@type":"ReadAction","target":["https:\/\/igfae.usc.es\/~igfae-old\/es\/atrayendo-a-jovenes-talentos\/"]}]},{"@type":"BreadcrumbList","@id":"https:\/\/igfae.usc.es\/~igfae-old\/es\/atrayendo-a-jovenes-talentos\/#breadcrumb","itemListElement":[{"@type":"ListItem","position":1,"name":"Home","item":"https:\/\/igfae.usc.es\/~igfae-old\/es\/"},{"@type":"ListItem","position":2,"name":"Atrayendo a j\u00f3venes talentos"}]},{"@type":"Person","@id":"https:\/\/igfae.usc.es\/~igfae-old\/#\/schema\/person\/840f8ffb14ad0885a9e3d067fb261c00","name":"Elena Mora Cuesta","url":"https:\/\/igfae.usc.es\/~igfae-old\/es\/author\/elena-mora-cuesta\/"}]}},"_links":{"self":[{"href":"https:\/\/igfae.usc.es\/~igfae-old\/es\/wp-json\/wp\/v2\/posts\/3438"}],"collection":[{"href":"https:\/\/igfae.usc.es\/~igfae-old\/es\/wp-json\/wp\/v2\/posts"}],"about":[{"href":"https:\/\/igfae.usc.es\/~igfae-old\/es\/wp-json\/wp\/v2\/types\/post"}],"author":[{"embeddable":true,"href":"https:\/\/igfae.usc.es\/~igfae-old\/es\/wp-json\/wp\/v2\/users\/21"}],"replies":[{"embeddable":true,"href":"https:\/\/igfae.usc.es\/~igfae-old\/es\/wp-json\/wp\/v2\/comments?post=3438"}],"version-history":[{"count":4,"href":"https:\/\/igfae.usc.es\/~igfae-old\/es\/wp-json\/wp\/v2\/posts\/3438\/revisions"}],"predecessor-version":[{"id":4743,"href":"https:\/\/igfae.usc.es\/~igfae-old\/es\/wp-json\/wp\/v2\/posts\/3438\/revisions\/4743"}],"wp:featuredmedia":[{"embeddable":true,"href":"https:\/\/igfae.usc.es\/~igfae-old\/es\/wp-json\/wp\/v2\/media\/3436"}],"wp:attachment":[{"href":"https:\/\/igfae.usc.es\/~igfae-old\/es\/wp-json\/wp\/v2\/media?parent=3438"}],"wp:term":[{"taxonomy":"category","embeddable":true,"href":"https:\/\/igfae.usc.es\/~igfae-old\/es\/wp-json\/wp\/v2\/categories?post=3438"},{"taxonomy":"post_tag","embeddable":true,"href":"https:\/\/igfae.usc.es\/~igfae-old\/es\/wp-json\/wp\/v2\/tags?post=3438"}],"curies":[{"name":"wp","href":"https:\/\/api.w.org\/{rel}","templated":true}]}}