



{"id":3352,"date":"2019-07-03T12:04:48","date_gmt":"2019-07-03T10:04:48","guid":{"rendered":"https:\/\/igfae.usc.es\/centrosingular\/carlos-salgado-premio-lois-pena-novo-2019\/"},"modified":"2019-07-03T12:07:46","modified_gmt":"2019-07-03T10:07:46","slug":"carlos-salgado-premio-lois-pena-novo-2019","status":"publish","type":"post","link":"https:\/\/igfae.usc.es\/~igfae-old\/es\/carlos-salgado-premio-lois-pena-novo-2019\/","title":{"rendered":"Carlos Salgado, Premio Lois Pe\u00f1a Novo 2019"},"content":{"rendered":"<p><strong>El director del Instituto Galego de F\u00edsica de Altas Enerx\u00edas (IGFAE) y profesor de la Universidad de Santiago (USC) recibi\u00f3 el 27 de junio este galard\u00f3n en reconocimiento a su compromiso permanente con la lengua gallega en su actividad investigadora y docente.<\/strong><\/p>\n<p>La <a href=\"http:\/\/www.galeguizargalicia.com\/?partner=2\">Fundaci\u00f3n Lois Pe\u00f1a Novo<\/a> entreg\u00f3 el pasado 27 de junio en Sotomayor los galardones que reconocen, desde hace 25 a\u00f1os, la trayectoria vital y profesional de personas que emplean el gallego en el entorno de las administraciones p\u00fablicas. En esta edici\u00f3n, el director del IGFAE y profesor de la USC Carlos Salgado recibi\u00f3 el Premio Lois Pe\u00f1a Novo 2019 por su coherencia, entrega y compromiso con esta lengua en su faceta docente, altamente especializada, que lo sit\u00faan entre los mejores cient\u00edficos en su campo nacional e internacionalmente. Tambi\u00e9n fueron premiados el Profesor Em\u00e9rito de la USC Manuel Bermejo Patino y la Magistrada Paz Filgueira Paz.<\/p>\n<p><a href=\"https:\/\/igfae.usc.es\/~igfae-old\/es\/carlos-salgado-premio-lois-pena-novo-2019\/pio5895-2\/\" rel=\"attachment wp-att-3343\"><img loading=\"lazy\" class=\"alignnone size-full wp-image-3343\" src=\"https:\/\/igfae.usc.es\/~igfae-old\/wp-content\/uploads\/2019\/07\/PIO5895.jpg\" alt=\"\" width=\"1300\" height=\"868\" srcset=\"https:\/\/igfae.usc.es\/~igfae-old\/wp-content\/uploads\/2019\/07\/PIO5895.jpg 1300w, https:\/\/igfae.usc.es\/~igfae-old\/wp-content\/uploads\/2019\/07\/PIO5895-300x200.jpg 300w, https:\/\/igfae.usc.es\/~igfae-old\/wp-content\/uploads\/2019\/07\/PIO5895-768x513.jpg 768w, https:\/\/igfae.usc.es\/~igfae-old\/wp-content\/uploads\/2019\/07\/PIO5895-1024x684.jpg 1024w, https:\/\/igfae.usc.es\/~igfae-old\/wp-content\/uploads\/2019\/07\/PIO5895-600x400.jpg 600w\" sizes=\"(max-width: 1300px) 100vw, 1300px\" \/><\/a><\/p>\n<p>El acto estuvo presidido por la presidenta de la Diputaci\u00f3n Provincial de Pontevedra, Carmela Silva Rego; el director general de Pol\u00edticas Culturales de la Xunta de Galicia, Anxo Lorenzo; la presidenta del Consello da Cultura Galega, Rosario \u00c1lvarez; el alcalde de Sotomayor, Agust\u00edn Reguera Ocampo; el presidente de la Fundaci\u00f3n Lois Pe\u00f1a Novo, Xos\u00e9 Gonz\u00e1lez Mart\u00ednez; y la catedr\u00e1tica de Derecho de la USC, Alba Nogueira.<\/p>\n<p>Tras los discursos de agradecimiento, el subdirector del IGFAE Abraham Gallas recogi\u00f3 el premio en nombre de\u00a0Carlos Salgado, ausente por encontrarse en el Comit\u00e9 Asesor Internacional del congreso <a href=\"https:\/\/www.bnl.gov\/is2019\/index.php\"><em>Initial Stages 2019<\/em><\/a>, en Nueva York (EE. UU). En su discurso,\u00a0explic\u00f3 que \u00e9ste era un premio a la normalidad y a la visibilizaci\u00f3n de que se puede ser cient\u00edfico sin renunciar a ser gallego fuera del \u00e1mbito personal y familiar. Asimismo, destac\u00f3 que para que el IGFAE se posicione como un referente internacional en F\u00edsica de Part\u00edculas haciendo ciencia puntera, objetivo principal del instituto, debe\u00a0 darse a conocer en su entorno m\u00e1s cercano. Por ello, finaliz\u00f3 recordando la importancia de estas distinciones para poner en valor el \u00e1mbito investigador y la necesidad de que los cient\u00edficos gallegos no renuncien a su uso tanto dentro como fuera de Galicia.<\/p>\n<p><strong>Nota de prensa:<\/strong> <a href=\"https:\/\/galeguizargalicia.gal\/premios_lpn\/premios-lois-pena-novo-2019\/\">Premios Lois Pe\u00f1a Novo 2019<\/a><\/p>\n<p>Imagen: los premiados Manuel Patino Bermejo, Paz Filgueira Paz y Abraham Gallas, en representaci\u00f3n de Carlos Saglado. Cr\u00e9dito. Fundaci\u00f3n Lois Pe\u00f1a Novo.<\/p>\n","protected":false},"excerpt":{"rendered":"<p>El director del Instituto Galego de F\u00edsica de Altas Enerx\u00edas (IGFAE) y profesor de la Universidad de Santiago (USC) recibi\u00f3 el&#8230;<\/p>\n","protected":false},"author":21,"featured_media":3346,"comment_status":"closed","ping_status":"closed","sticky":false,"template":"","format":"standard","meta":{"om_disable_all_campaigns":false,"_monsterinsights_skip_tracking":false,"_monsterinsights_sitenote_active":false,"_monsterinsights_sitenote_note":"","_monsterinsights_sitenote_category":0},"categories":[111],"tags":[],"aioseo_notices":[],"yoast_head":"<!-- This site is optimized with the Yoast SEO plugin v18.4.1 - https:\/\/yoast.com\/wordpress\/plugins\/seo\/ -->\n<title>Carlos Salgado, Premio Lois Pe\u00f1a Novo 2019 - IGFAE<\/title>\n<meta name=\"robots\" content=\"index, follow, max-snippet:-1, max-image-preview:large, max-video-preview:-1\" \/>\n<link rel=\"canonical\" href=\"https:\/\/igfae.usc.es\/~igfae-old\/es\/carlos-salgado-premio-lois-pena-novo-2019\/\" \/>\n<meta property=\"og:locale\" content=\"es_ES\" \/>\n<meta property=\"og:type\" content=\"article\" \/>\n<meta property=\"og:title\" content=\"Carlos Salgado, Premio Lois Pe\u00f1a Novo 2019 - IGFAE\" \/>\n<meta property=\"og:description\" content=\"El director del Instituto Galego de F\u00edsica de Altas Enerx\u00edas (IGFAE) y profesor de la Universidad de Santiago (USC) recibi\u00f3 el...\" \/>\n<meta property=\"og:url\" content=\"https:\/\/igfae.usc.es\/~igfae-old\/es\/carlos-salgado-premio-lois-pena-novo-2019\/\" \/>\n<meta property=\"og:site_name\" content=\"IGFAE\" \/>\n<meta property=\"article:published_time\" content=\"2019-07-03T10:04:48+00:00\" \/>\n<meta property=\"article:modified_time\" content=\"2019-07-03T10:07:46+00:00\" \/>\n<meta property=\"og:image\" content=\"https:\/\/igfae.usc.es\/~igfae-old\/wp-content\/uploads\/2019\/07\/Carlos_SalgadoIGFAEweb.jpg\" \/>\n\t<meta property=\"og:image:width\" content=\"2000\" \/>\n\t<meta property=\"og:image:height\" content=\"1333\" \/>\n\t<meta property=\"og:image:type\" content=\"image\/jpeg\" \/>\n<meta name=\"twitter:card\" content=\"summary_large_image\" \/>\n<meta name=\"twitter:creator\" content=\"@igfae_hep\" \/>\n<meta name=\"twitter:site\" content=\"@igfae_hep\" \/>\n<meta name=\"twitter:label1\" content=\"Escrito por\" \/>\n\t<meta name=\"twitter:data1\" content=\"Elena Mora Cuesta\" \/>\n\t<meta name=\"twitter:label2\" content=\"Tiempo de lectura\" \/>\n\t<meta name=\"twitter:data2\" content=\"2 minutos\" \/>\n<script type=\"application\/ld+json\" class=\"yoast-schema-graph\">{\"@context\":\"https:\/\/schema.org\",\"@graph\":[{\"@type\":\"WebSite\",\"@id\":\"https:\/\/igfae.usc.es\/~igfae-old\/#website\",\"url\":\"https:\/\/igfae.usc.es\/~igfae-old\/\",\"name\":\"IGFAE\",\"description\":\"Instituto Galego de F\u00edsica de Altas Enerx\u00edas\",\"potentialAction\":[{\"@type\":\"SearchAction\",\"target\":{\"@type\":\"EntryPoint\",\"urlTemplate\":\"https:\/\/igfae.usc.es\/~igfae-old\/?s={search_term_string}\"},\"query-input\":\"required name=search_term_string\"}],\"inLanguage\":\"es\"},{\"@type\":\"ImageObject\",\"@id\":\"https:\/\/igfae.usc.es\/~igfae-old\/es\/carlos-salgado-premio-lois-pena-novo-2019\/#primaryimage\",\"inLanguage\":\"es\",\"url\":\"https:\/\/igfae.usc.es\/~igfae-old\/wp-content\/uploads\/2019\/07\/Carlos_SalgadoIGFAEweb.jpg\",\"contentUrl\":\"https:\/\/igfae.usc.es\/~igfae-old\/wp-content\/uploads\/2019\/07\/Carlos_SalgadoIGFAEweb.jpg\",\"width\":2000,\"height\":1333},{\"@type\":\"WebPage\",\"@id\":\"https:\/\/igfae.usc.es\/~igfae-old\/es\/carlos-salgado-premio-lois-pena-novo-2019\/#webpage\",\"url\":\"https:\/\/igfae.usc.es\/~igfae-old\/es\/carlos-salgado-premio-lois-pena-novo-2019\/\",\"name\":\"Carlos Salgado, Premio Lois Pe\u00f1a Novo 2019 - IGFAE\",\"isPartOf\":{\"@id\":\"https:\/\/igfae.usc.es\/~igfae-old\/#website\"},\"primaryImageOfPage\":{\"@id\":\"https:\/\/igfae.usc.es\/~igfae-old\/es\/carlos-salgado-premio-lois-pena-novo-2019\/#primaryimage\"},\"datePublished\":\"2019-07-03T10:04:48+00:00\",\"dateModified\":\"2019-07-03T10:07:46+00:00\",\"author\":{\"@id\":\"https:\/\/igfae.usc.es\/~igfae-old\/#\/schema\/person\/840f8ffb14ad0885a9e3d067fb261c00\"},\"breadcrumb\":{\"@id\":\"https:\/\/igfae.usc.es\/~igfae-old\/es\/carlos-salgado-premio-lois-pena-novo-2019\/#breadcrumb\"},\"inLanguage\":\"es\",\"potentialAction\":[{\"@type\":\"ReadAction\",\"target\":[\"https:\/\/igfae.usc.es\/~igfae-old\/es\/carlos-salgado-premio-lois-pena-novo-2019\/\"]}]},{\"@type\":\"BreadcrumbList\",\"@id\":\"https:\/\/igfae.usc.es\/~igfae-old\/es\/carlos-salgado-premio-lois-pena-novo-2019\/#breadcrumb\",\"itemListElement\":[{\"@type\":\"ListItem\",\"position\":1,\"name\":\"Home\",\"item\":\"https:\/\/igfae.usc.es\/~igfae-old\/es\/\"},{\"@type\":\"ListItem\",\"position\":2,\"name\":\"Carlos Salgado, Premio Lois Pe\u00f1a Novo 2019\"}]},{\"@type\":\"Person\",\"@id\":\"https:\/\/igfae.usc.es\/~igfae-old\/#\/schema\/person\/840f8ffb14ad0885a9e3d067fb261c00\",\"name\":\"Elena Mora Cuesta\",\"url\":\"https:\/\/igfae.usc.es\/~igfae-old\/es\/author\/elena-mora-cuesta\/\"}]}<\/script>\n<!-- \/ Yoast SEO plugin. -->","yoast_head_json":{"title":"Carlos Salgado, Premio Lois Pe\u00f1a Novo 2019 - IGFAE","robots":{"index":"index","follow":"follow","max-snippet":"max-snippet:-1","max-image-preview":"max-image-preview:large","max-video-preview":"max-video-preview:-1"},"canonical":"https:\/\/igfae.usc.es\/~igfae-old\/es\/carlos-salgado-premio-lois-pena-novo-2019\/","og_locale":"es_ES","og_type":"article","og_title":"Carlos Salgado, Premio Lois Pe\u00f1a Novo 2019 - IGFAE","og_description":"El director del Instituto Galego de F\u00edsica de Altas Enerx\u00edas (IGFAE) y profesor de la Universidad de Santiago (USC) recibi\u00f3 el...","og_url":"https:\/\/igfae.usc.es\/~igfae-old\/es\/carlos-salgado-premio-lois-pena-novo-2019\/","og_site_name":"IGFAE","article_published_time":"2019-07-03T10:04:48+00:00","article_modified_time":"2019-07-03T10:07:46+00:00","og_image":[{"width":2000,"height":1333,"url":"https:\/\/igfae.usc.es\/~igfae-old\/wp-content\/uploads\/2019\/07\/Carlos_SalgadoIGFAEweb.jpg","type":"image\/jpeg"}],"twitter_card":"summary_large_image","twitter_creator":"@igfae_hep","twitter_site":"@igfae_hep","twitter_misc":{"Escrito por":"Elena Mora Cuesta","Tiempo de lectura":"2 minutos"},"schema":{"@context":"https:\/\/schema.org","@graph":[{"@type":"WebSite","@id":"https:\/\/igfae.usc.es\/~igfae-old\/#website","url":"https:\/\/igfae.usc.es\/~igfae-old\/","name":"IGFAE","description":"Instituto Galego de F\u00edsica de Altas Enerx\u00edas","potentialAction":[{"@type":"SearchAction","target":{"@type":"EntryPoint","urlTemplate":"https:\/\/igfae.usc.es\/~igfae-old\/?s={search_term_string}"},"query-input":"required name=search_term_string"}],"inLanguage":"es"},{"@type":"ImageObject","@id":"https:\/\/igfae.usc.es\/~igfae-old\/es\/carlos-salgado-premio-lois-pena-novo-2019\/#primaryimage","inLanguage":"es","url":"https:\/\/igfae.usc.es\/~igfae-old\/wp-content\/uploads\/2019\/07\/Carlos_SalgadoIGFAEweb.jpg","contentUrl":"https:\/\/igfae.usc.es\/~igfae-old\/wp-content\/uploads\/2019\/07\/Carlos_SalgadoIGFAEweb.jpg","width":2000,"height":1333},{"@type":"WebPage","@id":"https:\/\/igfae.usc.es\/~igfae-old\/es\/carlos-salgado-premio-lois-pena-novo-2019\/#webpage","url":"https:\/\/igfae.usc.es\/~igfae-old\/es\/carlos-salgado-premio-lois-pena-novo-2019\/","name":"Carlos Salgado, Premio Lois Pe\u00f1a Novo 2019 - IGFAE","isPartOf":{"@id":"https:\/\/igfae.usc.es\/~igfae-old\/#website"},"primaryImageOfPage":{"@id":"https:\/\/igfae.usc.es\/~igfae-old\/es\/carlos-salgado-premio-lois-pena-novo-2019\/#primaryimage"},"datePublished":"2019-07-03T10:04:48+00:00","dateModified":"2019-07-03T10:07:46+00:00","author":{"@id":"https:\/\/igfae.usc.es\/~igfae-old\/#\/schema\/person\/840f8ffb14ad0885a9e3d067fb261c00"},"breadcrumb":{"@id":"https:\/\/igfae.usc.es\/~igfae-old\/es\/carlos-salgado-premio-lois-pena-novo-2019\/#breadcrumb"},"inLanguage":"es","potentialAction":[{"@type":"ReadAction","target":["https:\/\/igfae.usc.es\/~igfae-old\/es\/carlos-salgado-premio-lois-pena-novo-2019\/"]}]},{"@type":"BreadcrumbList","@id":"https:\/\/igfae.usc.es\/~igfae-old\/es\/carlos-salgado-premio-lois-pena-novo-2019\/#breadcrumb","itemListElement":[{"@type":"ListItem","position":1,"name":"Home","item":"https:\/\/igfae.usc.es\/~igfae-old\/es\/"},{"@type":"ListItem","position":2,"name":"Carlos Salgado, Premio Lois Pe\u00f1a Novo 2019"}]},{"@type":"Person","@id":"https:\/\/igfae.usc.es\/~igfae-old\/#\/schema\/person\/840f8ffb14ad0885a9e3d067fb261c00","name":"Elena Mora Cuesta","url":"https:\/\/igfae.usc.es\/~igfae-old\/es\/author\/elena-mora-cuesta\/"}]}},"_links":{"self":[{"href":"https:\/\/igfae.usc.es\/~igfae-old\/es\/wp-json\/wp\/v2\/posts\/3352"}],"collection":[{"href":"https:\/\/igfae.usc.es\/~igfae-old\/es\/wp-json\/wp\/v2\/posts"}],"about":[{"href":"https:\/\/igfae.usc.es\/~igfae-old\/es\/wp-json\/wp\/v2\/types\/post"}],"author":[{"embeddable":true,"href":"https:\/\/igfae.usc.es\/~igfae-old\/es\/wp-json\/wp\/v2\/users\/21"}],"replies":[{"embeddable":true,"href":"https:\/\/igfae.usc.es\/~igfae-old\/es\/wp-json\/wp\/v2\/comments?post=3352"}],"version-history":[{"count":2,"href":"https:\/\/igfae.usc.es\/~igfae-old\/es\/wp-json\/wp\/v2\/posts\/3352\/revisions"}],"predecessor-version":[{"id":3356,"href":"https:\/\/igfae.usc.es\/~igfae-old\/es\/wp-json\/wp\/v2\/posts\/3352\/revisions\/3356"}],"wp:featuredmedia":[{"embeddable":true,"href":"https:\/\/igfae.usc.es\/~igfae-old\/es\/wp-json\/wp\/v2\/media\/3346"}],"wp:attachment":[{"href":"https:\/\/igfae.usc.es\/~igfae-old\/es\/wp-json\/wp\/v2\/media?parent=3352"}],"wp:term":[{"taxonomy":"category","embeddable":true,"href":"https:\/\/igfae.usc.es\/~igfae-old\/es\/wp-json\/wp\/v2\/categories?post=3352"},{"taxonomy":"post_tag","embeddable":true,"href":"https:\/\/igfae.usc.es\/~igfae-old\/es\/wp-json\/wp\/v2\/tags?post=3352"}],"curies":[{"name":"wp","href":"https:\/\/api.w.org\/{rel}","templated":true}]}}