



{"id":17339,"date":"2025-01-23T16:00:11","date_gmt":"2025-01-23T14:00:11","guid":{"rendered":"https:\/\/igfae.usc.es\/~igfae-old\/?p=17339"},"modified":"2025-01-23T18:38:30","modified_gmt":"2025-01-23T16:38:30","slug":"simetria-universo-equilibrio-agujeros-negros","status":"publish","type":"post","link":"https:\/\/igfae.usc.es\/~igfae-old\/es\/simetria-universo-equilibrio-agujeros-negros\/","title":{"rendered":"La simetr\u00eda del universo, a prueba: \u00bfhay equilibrio en el sentido de giro de los agujeros negros?"},"content":{"rendered":"<p>Un trabajo liderado por investigadores del Instituto Galego de F\u00edsica de Altas Enerx\u00edas (IGFAE), la Universidad Carlos III de Madrid (UC3M) y la Universidad de Valencia (UV), investiga la posible existencia de asimetr\u00edas en el universo a trav\u00e9s del an\u00e1lisis del sentido giratorio de las fusiones de agujeros negros. El art\u00edculo <a href=\"https:\/\/journals.aps.org\/prl\/abstract\/10.1103\/PhysRevLett.134.031402\" target=\"_blank\" rel=\"noopener\">acaba de publicarse en la revista cient\u00edfica <em>Physical Review Letters<\/em><\/a>, una de las m\u00e1s prestigiosas del mundo en el \u00e1mbito de la f\u00edsica, y abre una puerta para investigar a fondo la posibilidad de que exista alg\u00fan desequilibrio en la direcci\u00f3n de giro de estos eventos, uno de los fen\u00f3menos m\u00e1s violentos que se producen en el cosmos, causado por una asimetr\u00eda del Universo a gran escala.<\/p>\n<h5><strong>El Principio Cosmol\u00f3gico, a prueba<\/strong><\/h5>\n<p>La cosmolog\u00eda moderna postula que, observado a gran escala, el universo debe ser homog\u00e9neo e is\u00f3tropo. Es decir, sus propiedades no dependen ni del punto desde el que lo observemos ni de en qu\u00e9 direcci\u00f3n lo hagamos. Esto implica que tampoco deber\u00edan existir un balance entre objetos que giren \u201ca derechas\u201d y \u201ca izquierdas\u201d, lo que se conoce como simetr\u00eda \u201cespejo\u201d. En los \u00faltimos a\u00f1os, numerosas investigaciones en el campo de la cosmolog\u00eda han intentado encontrar grietas en este \u201cespejo\u201d buscando evidencias de posibles asimetr\u00edas y desequilibrios.<\/p>\n<p>En este caso, el trabajo del equipo liderado por Juan Calder\u00f3n Bustillo, investigador del programa Ram\u00f3n y Cajal en el IGFAE, centro mixto de la Universidade de Santiago de Compostela y la Xunta de Galicia ha utilizado datos de 47 fusiones de agujeros negros observadas por los detectores de ondas gravitacionales LIGO y Virgo. Con estos datos, se ha intentado verificar si las ondas gravitacionales producidas por estas fusiones preservan, o no, la simetr\u00eda espejo a gran escala.<\/p>\n<div id=\"attachment_17343\" style=\"width: 310px\" class=\"wp-caption alignright\"><img aria-describedby=\"caption-attachment-17343\" loading=\"lazy\" class=\"size-medium wp-image-17343\" src=\"https:\/\/igfae.usc.es\/~igfae-old\/wp-content\/uploads\/2025\/01\/4_2025_23_01-Juan-Calderon_Nicolas-Sanchis-300x198.jpg\" alt=\"Juan Calder\u00f3n Bustillo (IGFAE) y Nicol\u00e1s Sanchis Gual (Universitat de Val\u00e8ncia), dos de los autores del art\u00edculo. Foto: IGFAE.\" width=\"300\" height=\"198\" srcset=\"https:\/\/igfae.usc.es\/~igfae-old\/wp-content\/uploads\/2025\/01\/4_2025_23_01-Juan-Calderon_Nicolas-Sanchis-300x198.jpg 300w, https:\/\/igfae.usc.es\/~igfae-old\/wp-content\/uploads\/2025\/01\/4_2025_23_01-Juan-Calderon_Nicolas-Sanchis-1024x675.jpg 1024w, https:\/\/igfae.usc.es\/~igfae-old\/wp-content\/uploads\/2025\/01\/4_2025_23_01-Juan-Calderon_Nicolas-Sanchis-768x506.jpg 768w, https:\/\/igfae.usc.es\/~igfae-old\/wp-content\/uploads\/2025\/01\/4_2025_23_01-Juan-Calderon_Nicolas-Sanchis-1536x1013.jpg 1536w, https:\/\/igfae.usc.es\/~igfae-old\/wp-content\/uploads\/2025\/01\/4_2025_23_01-Juan-Calderon_Nicolas-Sanchis.jpg 2000w\" sizes=\"(max-width: 300px) 100vw, 300px\" \/><p id=\"caption-attachment-17343\" class=\"wp-caption-text\">Juan Calder\u00f3n Bustillo (IGFAE) y Nicol\u00e1s Sanchis Gual (Universitat de Val\u00e8ncia), dos de los autores del art\u00edculo. Foto: IGFAE.<\/p><\/div>\n<h5><strong>Golpear con efecto un bal\u00f3n de f\u00fatbol<\/strong><\/h5>\n<p>Para explicar el estudio, Juan Calder\u00f3n recurre a una analog\u00eda futbol\u00edstica: \u201cCuando golpeas el bal\u00f3n con la parte interior del pie derecho (con \u2018rosca\u2019), el bal\u00f3n rota en sentido contrario a las agujas del reloj mientras viaja por el aire\u201d. Sin embargo, en determinadas ocasiones, se utiliza como recurso el golpeo con la parte exterior del pie (la t\u00e9cnica conocida como \u2018trivela\u2019 que ejecutan con maestr\u00eda jugadores como Lamine Yamal o Luka Modric). En este caso, el bal\u00f3n comienza a rotar en sentido contrario.<\/p>\n<p>\u201cEl golpeo de interior es el m\u00e1s habitual en el f\u00fatbol, ya que facilita el control de la trayectoria del bal\u00f3n, lo que hace que haya muchos m\u00e1s balones girando en un sentido que en el otro, creando una asimetr\u00eda\u201d, destaca Calder\u00f3n.<\/p>\n<p>De modo similar, \u201csi pensamos en un partido de f\u00fatbol c\u00f3smico en el que los pases que se observan son las fusiones de agujeros negros, podremos ver eventos que giran en el sentido de las agujas del reloj, o en el sentido contrario\u201d, comenta Adri\u00e1n del R\u00edo, investigador del programa C\u00e9sar Nombela en la Universidad Carlos III y co-autor del art\u00edculo. \u201cPero si el Universo es realmente neutral, como sostienen los datos, no deber\u00eda haber desequilibrios; es decir, existir\u00eda la misma proporci\u00f3n de agujeros negros en el sentido de las agujas del reloj y en sentido contrario\u201d.<\/p>\n<p>El estudio que acaba de publicarse apunta que, por ahora, esta simetr\u00eda se mantiene. \u201cAunque los datos apoyan la idea de un Universo equilibrado, a\u00fan es pronto para afirmarlo, ya que nuestra estad\u00edstica es muy limitada\u201d, apunta Nicol\u00e1s Sanchis Gual, investigador Ram\u00f3n y Cajal en la Universidad de Valencia y co-autor del trabajo. En el futuro, a medida que observemos m\u00e1s y m\u00e1s fusiones de agujeros negros, podremos medir con precisi\u00f3n si realmente el Universo es un \u201c\u00e1rbitro neutral\u201d entre estos dos equipos.<\/p>\n<h5><strong>La b\u00fasqueda de la asimetr\u00eda contin\u00faa<\/strong><\/h5>\n<p>Sin embargo, la historia de la f\u00edsica ofrece motivos de sobra para dudar. Tal y como recuerda Juan Calder\u00f3n, el famoso experimento realizado en los a\u00f1os 50 del siglo XX por el equipo de la f\u00edsica Chien-Shiung Wu, a partir de las predicciones te\u00f3ricas de Tsung-Dao Lee y Chen-Ning Yang, \u201cdescubri\u00f3 que los electrones procedentes de desintegraciones at\u00f3micas mostraban preferencia por una direcci\u00f3n de esp\u00edn \u201ca derechas\u201d, lo que revel\u00f3 una asimetr\u00eda en la fuerza d\u00e9bil que rige dichas desintegraciones\u201d. Este hallazgo, que contradec\u00eda las leyes de conservaci\u00f3n de la paridad en la interacci\u00f3n d\u00e9bil, supuso uno de los hitos de la f\u00edsica de part\u00edculas y nuclear de la segunda mitad del siglo pasado.<\/p>\n<p>En esta misma l\u00ednea, seg\u00fan apunta Adri\u00e1n del R\u00edo, \u201cas ecuaciones de la gravedad de Einstein, que rigen el cosmos a gran escala, permiten en principio que por cada objeto rotando a derechas haya otro a izquierdas, pero no requieren que el Universo contenga exactamente las mismas proporciones. Este trabajo pretende explorar si la gravedad tiene \u2018preferencias ocultas\u2019\u201d. Es, por tanto, s\u00f3lo el comienzo de un apasionante viaje para poner a prueba una de las propiedades m\u00e1s profundas del Universo. \u201cEste partido de f\u00fatbol c\u00f3smico a\u00fan no ha terminado\u201d, concluye Calder\u00f3n.<\/p>\n<p>&nbsp;<\/p>\n","protected":false},"excerpt":{"rendered":"<p>Un trabajo liderado por investigadores del Instituto Galego de F\u00edsica de Altas Enerx\u00edas (IGFAE), la Universidad Carlos III de Madrid (UC3M)&#8230;<\/p>\n","protected":false},"author":123489,"featured_media":17335,"comment_status":"closed","ping_status":"closed","sticky":false,"template":"","format":"standard","meta":{"om_disable_all_campaigns":false,"_monsterinsights_skip_tracking":false,"_monsterinsights_sitenote_active":false,"_monsterinsights_sitenote_note":"","_monsterinsights_sitenote_category":0},"categories":[111,112],"tags":[],"aioseo_notices":[],"yoast_head":"<!-- This site is optimized with the Yoast SEO plugin v18.4.1 - https:\/\/yoast.com\/wordpress\/plugins\/seo\/ -->\n<title>La simetr\u00eda del universo, a prueba: \u00bfhay equilibrio en el sentido de giro de los agujeros negros?<\/title>\n<meta name=\"description\" content=\"La revista Physical Review Letters publica un trabajo de Juan Calder\u00f3n Bustillo (IGFAE), Adri\u00e1n del R\u00edo (UC3M-UV) y Nicol\u00e1s Sanchis Gual (UV), que analiza la posible asimetr\u00eda en estos eventos c\u00f3smicos\" \/>\n<meta name=\"robots\" content=\"index, follow, max-snippet:-1, max-image-preview:large, max-video-preview:-1\" \/>\n<link rel=\"canonical\" href=\"https:\/\/igfae.usc.es\/~igfae-old\/es\/simetria-universo-equilibrio-agujeros-negros\/\" \/>\n<meta property=\"og:locale\" content=\"es_ES\" \/>\n<meta property=\"og:type\" content=\"article\" \/>\n<meta property=\"og:title\" content=\"La simetr\u00eda del universo, a prueba: \u00bfhay equilibrio en el sentido de giro de los agujeros negros?\" \/>\n<meta property=\"og:description\" content=\"La revista Physical Review Letters publica un trabajo de Juan Calder\u00f3n Bustillo (IGFAE), Adri\u00e1n del R\u00edo (UC3M-UV) y Nicol\u00e1s Sanchis Gual (UV), que analiza la posible asimetr\u00eda en estos eventos c\u00f3smicos\" \/>\n<meta property=\"og:url\" content=\"https:\/\/igfae.usc.es\/~igfae-old\/es\/simetria-universo-equilibrio-agujeros-negros\/\" \/>\n<meta property=\"og:site_name\" content=\"IGFAE\" \/>\n<meta property=\"article:published_time\" content=\"2025-01-23T14:00:11+00:00\" \/>\n<meta property=\"article:modified_time\" content=\"2025-01-23T16:38:30+00:00\" \/>\n<meta property=\"og:image\" content=\"https:\/\/igfae.usc.es\/~igfae-old\/wp-content\/uploads\/2025\/01\/4_2025_23_01-Juan-Calderon-PRX.jpg\" \/>\n\t<meta property=\"og:image:width\" content=\"1732\" \/>\n\t<meta property=\"og:image:height\" content=\"980\" \/>\n\t<meta property=\"og:image:type\" content=\"image\/jpeg\" \/>\n<meta name=\"twitter:card\" content=\"summary_large_image\" \/>\n<meta name=\"twitter:creator\" content=\"@igfae_hep\" \/>\n<meta name=\"twitter:site\" content=\"@igfae_hep\" \/>\n<meta name=\"twitter:label1\" content=\"Escrito por\" \/>\n\t<meta name=\"twitter:data1\" content=\"Manuel\" \/>\n\t<meta name=\"twitter:label2\" content=\"Tiempo de lectura\" \/>\n\t<meta name=\"twitter:data2\" content=\"5 minutos\" \/>\n<script type=\"application\/ld+json\" class=\"yoast-schema-graph\">{\"@context\":\"https:\/\/schema.org\",\"@graph\":[{\"@type\":\"WebSite\",\"@id\":\"https:\/\/igfae.usc.es\/~igfae-old\/#website\",\"url\":\"https:\/\/igfae.usc.es\/~igfae-old\/\",\"name\":\"IGFAE\",\"description\":\"Instituto Galego de F\u00edsica de Altas Enerx\u00edas\",\"potentialAction\":[{\"@type\":\"SearchAction\",\"target\":{\"@type\":\"EntryPoint\",\"urlTemplate\":\"https:\/\/igfae.usc.es\/~igfae-old\/?s={search_term_string}\"},\"query-input\":\"required name=search_term_string\"}],\"inLanguage\":\"es\"},{\"@type\":\"ImageObject\",\"@id\":\"https:\/\/igfae.usc.es\/~igfae-old\/es\/simetria-universo-equilibrio-agujeros-negros\/#primaryimage\",\"inLanguage\":\"es\",\"url\":\"https:\/\/igfae.usc.es\/~igfae-old\/wp-content\/uploads\/2025\/01\/4_2025_23_01-Juan-Calderon-PRX.jpg\",\"contentUrl\":\"https:\/\/igfae.usc.es\/~igfae-old\/wp-content\/uploads\/2025\/01\/4_2025_23_01-Juan-Calderon-PRX.jpg\",\"width\":1732,\"height\":980},{\"@type\":\"WebPage\",\"@id\":\"https:\/\/igfae.usc.es\/~igfae-old\/es\/simetria-universo-equilibrio-agujeros-negros\/#webpage\",\"url\":\"https:\/\/igfae.usc.es\/~igfae-old\/es\/simetria-universo-equilibrio-agujeros-negros\/\",\"name\":\"La simetr\u00eda del universo, a prueba: \u00bfhay equilibrio en el sentido de giro de los agujeros negros?\",\"isPartOf\":{\"@id\":\"https:\/\/igfae.usc.es\/~igfae-old\/#website\"},\"primaryImageOfPage\":{\"@id\":\"https:\/\/igfae.usc.es\/~igfae-old\/es\/simetria-universo-equilibrio-agujeros-negros\/#primaryimage\"},\"datePublished\":\"2025-01-23T14:00:11+00:00\",\"dateModified\":\"2025-01-23T16:38:30+00:00\",\"author\":{\"@id\":\"https:\/\/igfae.usc.es\/~igfae-old\/#\/schema\/person\/95ba3b99e9df13cbdcc7bc968b26079f\"},\"description\":\"La revista Physical Review Letters publica un trabajo de Juan Calder\u00f3n Bustillo (IGFAE), Adri\u00e1n del R\u00edo (UC3M-UV) y Nicol\u00e1s Sanchis Gual (UV), que analiza la posible asimetr\u00eda en estos eventos c\u00f3smicos\",\"breadcrumb\":{\"@id\":\"https:\/\/igfae.usc.es\/~igfae-old\/es\/simetria-universo-equilibrio-agujeros-negros\/#breadcrumb\"},\"inLanguage\":\"es\",\"potentialAction\":[{\"@type\":\"ReadAction\",\"target\":[\"https:\/\/igfae.usc.es\/~igfae-old\/es\/simetria-universo-equilibrio-agujeros-negros\/\"]}]},{\"@type\":\"BreadcrumbList\",\"@id\":\"https:\/\/igfae.usc.es\/~igfae-old\/es\/simetria-universo-equilibrio-agujeros-negros\/#breadcrumb\",\"itemListElement\":[{\"@type\":\"ListItem\",\"position\":1,\"name\":\"Home\",\"item\":\"https:\/\/igfae.usc.es\/~igfae-old\/es\/\"},{\"@type\":\"ListItem\",\"position\":2,\"name\":\"La simetr\u00eda del universo, a prueba: \u00bfhay equilibrio en el sentido de giro de los agujeros negros?\"}]},{\"@type\":\"Person\",\"@id\":\"https:\/\/igfae.usc.es\/~igfae-old\/#\/schema\/person\/95ba3b99e9df13cbdcc7bc968b26079f\",\"name\":\"Manuel\",\"url\":\"https:\/\/igfae.usc.es\/~igfae-old\/es\/author\/manuelrey-pan\/\"}]}<\/script>\n<!-- \/ Yoast SEO plugin. -->","yoast_head_json":{"title":"La simetr\u00eda del universo, a prueba: \u00bfhay equilibrio en el sentido de giro de los agujeros negros?","description":"La revista Physical Review Letters publica un trabajo de Juan Calder\u00f3n Bustillo (IGFAE), Adri\u00e1n del R\u00edo (UC3M-UV) y Nicol\u00e1s Sanchis Gual (UV), que analiza la posible asimetr\u00eda en estos eventos c\u00f3smicos","robots":{"index":"index","follow":"follow","max-snippet":"max-snippet:-1","max-image-preview":"max-image-preview:large","max-video-preview":"max-video-preview:-1"},"canonical":"https:\/\/igfae.usc.es\/~igfae-old\/es\/simetria-universo-equilibrio-agujeros-negros\/","og_locale":"es_ES","og_type":"article","og_title":"La simetr\u00eda del universo, a prueba: \u00bfhay equilibrio en el sentido de giro de los agujeros negros?","og_description":"La revista Physical Review Letters publica un trabajo de Juan Calder\u00f3n Bustillo (IGFAE), Adri\u00e1n del R\u00edo (UC3M-UV) y Nicol\u00e1s Sanchis Gual (UV), que analiza la posible asimetr\u00eda en estos eventos c\u00f3smicos","og_url":"https:\/\/igfae.usc.es\/~igfae-old\/es\/simetria-universo-equilibrio-agujeros-negros\/","og_site_name":"IGFAE","article_published_time":"2025-01-23T14:00:11+00:00","article_modified_time":"2025-01-23T16:38:30+00:00","og_image":[{"width":1732,"height":980,"url":"https:\/\/igfae.usc.es\/~igfae-old\/wp-content\/uploads\/2025\/01\/4_2025_23_01-Juan-Calderon-PRX.jpg","type":"image\/jpeg"}],"twitter_card":"summary_large_image","twitter_creator":"@igfae_hep","twitter_site":"@igfae_hep","twitter_misc":{"Escrito por":"Manuel","Tiempo de lectura":"5 minutos"},"schema":{"@context":"https:\/\/schema.org","@graph":[{"@type":"WebSite","@id":"https:\/\/igfae.usc.es\/~igfae-old\/#website","url":"https:\/\/igfae.usc.es\/~igfae-old\/","name":"IGFAE","description":"Instituto Galego de F\u00edsica de Altas Enerx\u00edas","potentialAction":[{"@type":"SearchAction","target":{"@type":"EntryPoint","urlTemplate":"https:\/\/igfae.usc.es\/~igfae-old\/?s={search_term_string}"},"query-input":"required name=search_term_string"}],"inLanguage":"es"},{"@type":"ImageObject","@id":"https:\/\/igfae.usc.es\/~igfae-old\/es\/simetria-universo-equilibrio-agujeros-negros\/#primaryimage","inLanguage":"es","url":"https:\/\/igfae.usc.es\/~igfae-old\/wp-content\/uploads\/2025\/01\/4_2025_23_01-Juan-Calderon-PRX.jpg","contentUrl":"https:\/\/igfae.usc.es\/~igfae-old\/wp-content\/uploads\/2025\/01\/4_2025_23_01-Juan-Calderon-PRX.jpg","width":1732,"height":980},{"@type":"WebPage","@id":"https:\/\/igfae.usc.es\/~igfae-old\/es\/simetria-universo-equilibrio-agujeros-negros\/#webpage","url":"https:\/\/igfae.usc.es\/~igfae-old\/es\/simetria-universo-equilibrio-agujeros-negros\/","name":"La simetr\u00eda del universo, a prueba: \u00bfhay equilibrio en el sentido de giro de los agujeros negros?","isPartOf":{"@id":"https:\/\/igfae.usc.es\/~igfae-old\/#website"},"primaryImageOfPage":{"@id":"https:\/\/igfae.usc.es\/~igfae-old\/es\/simetria-universo-equilibrio-agujeros-negros\/#primaryimage"},"datePublished":"2025-01-23T14:00:11+00:00","dateModified":"2025-01-23T16:38:30+00:00","author":{"@id":"https:\/\/igfae.usc.es\/~igfae-old\/#\/schema\/person\/95ba3b99e9df13cbdcc7bc968b26079f"},"description":"La revista Physical Review Letters publica un trabajo de Juan Calder\u00f3n Bustillo (IGFAE), Adri\u00e1n del R\u00edo (UC3M-UV) y Nicol\u00e1s Sanchis Gual (UV), que analiza la posible asimetr\u00eda en estos eventos c\u00f3smicos","breadcrumb":{"@id":"https:\/\/igfae.usc.es\/~igfae-old\/es\/simetria-universo-equilibrio-agujeros-negros\/#breadcrumb"},"inLanguage":"es","potentialAction":[{"@type":"ReadAction","target":["https:\/\/igfae.usc.es\/~igfae-old\/es\/simetria-universo-equilibrio-agujeros-negros\/"]}]},{"@type":"BreadcrumbList","@id":"https:\/\/igfae.usc.es\/~igfae-old\/es\/simetria-universo-equilibrio-agujeros-negros\/#breadcrumb","itemListElement":[{"@type":"ListItem","position":1,"name":"Home","item":"https:\/\/igfae.usc.es\/~igfae-old\/es\/"},{"@type":"ListItem","position":2,"name":"La simetr\u00eda del universo, a prueba: \u00bfhay equilibrio en el sentido de giro de los agujeros negros?"}]},{"@type":"Person","@id":"https:\/\/igfae.usc.es\/~igfae-old\/#\/schema\/person\/95ba3b99e9df13cbdcc7bc968b26079f","name":"Manuel","url":"https:\/\/igfae.usc.es\/~igfae-old\/es\/author\/manuelrey-pan\/"}]}},"_links":{"self":[{"href":"https:\/\/igfae.usc.es\/~igfae-old\/es\/wp-json\/wp\/v2\/posts\/17339"}],"collection":[{"href":"https:\/\/igfae.usc.es\/~igfae-old\/es\/wp-json\/wp\/v2\/posts"}],"about":[{"href":"https:\/\/igfae.usc.es\/~igfae-old\/es\/wp-json\/wp\/v2\/types\/post"}],"author":[{"embeddable":true,"href":"https:\/\/igfae.usc.es\/~igfae-old\/es\/wp-json\/wp\/v2\/users\/123489"}],"replies":[{"embeddable":true,"href":"https:\/\/igfae.usc.es\/~igfae-old\/es\/wp-json\/wp\/v2\/comments?post=17339"}],"version-history":[{"count":2,"href":"https:\/\/igfae.usc.es\/~igfae-old\/es\/wp-json\/wp\/v2\/posts\/17339\/revisions"}],"predecessor-version":[{"id":17347,"href":"https:\/\/igfae.usc.es\/~igfae-old\/es\/wp-json\/wp\/v2\/posts\/17339\/revisions\/17347"}],"wp:featuredmedia":[{"embeddable":true,"href":"https:\/\/igfae.usc.es\/~igfae-old\/es\/wp-json\/wp\/v2\/media\/17335"}],"wp:attachment":[{"href":"https:\/\/igfae.usc.es\/~igfae-old\/es\/wp-json\/wp\/v2\/media?parent=17339"}],"wp:term":[{"taxonomy":"category","embeddable":true,"href":"https:\/\/igfae.usc.es\/~igfae-old\/es\/wp-json\/wp\/v2\/categories?post=17339"},{"taxonomy":"post_tag","embeddable":true,"href":"https:\/\/igfae.usc.es\/~igfae-old\/es\/wp-json\/wp\/v2\/tags?post=17339"}],"curies":[{"name":"wp","href":"https:\/\/api.w.org\/{rel}","templated":true}]}}