



{"id":16213,"date":"2024-09-09T12:20:49","date_gmt":"2024-09-09T10:20:49","guid":{"rendered":"https:\/\/igfae.usc.es\/~igfae-old\/?p=16213"},"modified":"2024-09-09T13:58:50","modified_gmt":"2024-09-09T11:58:50","slug":"santiago-natureza-espazo-tempo","status":"publish","type":"post","link":"https:\/\/igfae.usc.es\/~igfae-old\/es\/santiago-natureza-espazo-tempo\/","title":{"rendered":"Santiago acoge \u201cA natureza do espazo-tempo\u201d, una jornada divulgativa con referentes de la f\u00edsica fundamental"},"content":{"rendered":"<p>El Instituto Galego de F\u00edsica de Altas Enerx\u00edas (IGFAE) organiza este viernes 13 de septiembre la jornada \u201cA natureza do espazo-tempo\u201d. Este encuentro, abierto al p\u00fablico general, reunir\u00e1 a referentes cient\u00edficos y divulgativos que construir\u00e1n un relato conjunto sobre el nacimiento del\u00a0 universo, su din\u00e1mica, su naturaleza \u00edntima y sus fronteras. La actividad, que forma parte de los actos de conmemoraci\u00f3n del 25\u00ba aniversario del IGFAE, tendr\u00e1 lugar en el auditorio del Centro Galego de Arte Contempor\u00e1nea (CGAC) a partir de las 17.45 horas. La entrada ser\u00e1 libre y gratuita hasta completar aforo.<\/p>\n<p>\u201cDesde comienzos del siglo XX se han producido avances fascinantes en f\u00edsica fundamental, que han dado respuesta a algunos de los misterios sobre el origen del universo, a todo lo que somos y vemos. Sin embargo, a\u00fan tenemos por delante retos y misterios que siguen sin respuesta. En este encuentro queremos profundizar en algunos de estos grandes desaf\u00edos, de la mano de cient\u00edficas y cient\u00edficos de prestigio, y hacerlo de una manera accesible y amena para el p\u00fablico\u201d, explican Riccardo Borsato y Jose Edelstein, investigadores del IGFAE y organizadores del encuentro.<\/p>\n<blockquote class=\"instagram-media\" style=\"background: #FFF; border: 0; border-radius: 3px; box-shadow: 0 0 1px 0 rgba(0,0,0,0.5),0 1px 10px 0 rgba(0,0,0,0.15); margin: 1px; max-width: 540px; min-width: 326px; padding: 0; width: calc(100% - 2px);\" data-instgrm-captioned=\"\" data-instgrm-permalink=\"https:\/\/www.instagram.com\/p\/C_dJcK2sVHW\/?utm_source=ig_embed&amp;utm_campaign=loading\" data-instgrm-version=\"14\">\n<div style=\"padding: 16px;\">\n<p>&nbsp;<\/p>\n<div style=\"display: flex; flex-direction: row; align-items: center;\">\n<div style=\"background-color: #f4f4f4; border-radius: 50%; flex-grow: 0; height: 40px; margin-right: 14px; width: 40px;\"><\/div>\n<div style=\"display: flex; flex-direction: column; flex-grow: 1; justify-content: center;\">\n<div style=\"background-color: #f4f4f4; border-radius: 4px; flex-grow: 0; height: 14px; margin-bottom: 6px; width: 100px;\"><\/div>\n<div style=\"background-color: #f4f4f4; border-radius: 4px; flex-grow: 0; height: 14px; width: 60px;\"><\/div>\n<\/div>\n<\/div>\n<div style=\"padding: 19% 0;\"><\/div>\n<div style=\"display: block; height: 50px; margin: 0 auto 12px; width: 50px;\"><\/div>\n<div style=\"padding-top: 8px;\">\n<div style=\"color: #3897f0; font-family: Arial,sans-serif; font-size: 14px; font-style: normal; font-weight: 550; line-height: 18px;\">Ver esta publicaci\u00f3n en Instagram<\/div>\n<\/div>\n<div style=\"padding: 12.5% 0;\"><\/div>\n<div style=\"display: flex; flex-direction: row; margin-bottom: 14px; align-items: center;\">\n<div>\n<div style=\"background-color: #f4f4f4; border-radius: 50%; height: 12.5px; width: 12.5px; transform: translateX(0px) translateY(7px);\"><\/div>\n<div style=\"background-color: #f4f4f4; height: 12.5px; transform: rotate(-45deg) translateX(3px) translateY(1px); width: 12.5px; flex-grow: 0; margin-right: 14px; margin-left: 2px;\"><\/div>\n<div style=\"background-color: #f4f4f4; border-radius: 50%; height: 12.5px; width: 12.5px; transform: translateX(9px) translateY(-18px);\"><\/div>\n<\/div>\n<div style=\"margin-left: 8px;\">\n<div style=\"background-color: #f4f4f4; border-radius: 50%; flex-grow: 0; height: 20px; width: 20px;\"><\/div>\n<div style=\"width: 0; height: 0; border-top: 2px solid transparent; border-left: 6px solid #f4f4f4; border-bottom: 2px solid transparent; transform: translateX(16px) translateY(-4px) rotate(30deg);\"><\/div>\n<\/div>\n<div style=\"margin-left: auto;\">\n<div style=\"width: 0px; border-top: 8px solid #F4F4F4; border-right: 8px solid transparent; transform: translateY(16px);\"><\/div>\n<div style=\"background-color: #f4f4f4; flex-grow: 0; height: 12px; width: 16px; transform: translateY(-4px);\"><\/div>\n<div style=\"width: 0; height: 0; border-top: 8px solid #F4F4F4; border-left: 8px solid transparent; transform: translateY(-4px) translateX(8px);\"><\/div>\n<\/div>\n<\/div>\n<div style=\"display: flex; flex-direction: column; flex-grow: 1; justify-content: center; margin-bottom: 24px;\">\n<div style=\"background-color: #f4f4f4; border-radius: 4px; flex-grow: 0; height: 14px; margin-bottom: 6px; width: 224px;\"><\/div>\n<div style=\"background-color: #f4f4f4; border-radius: 4px; flex-grow: 0; height: 14px; width: 144px;\"><\/div>\n<\/div>\n<p>&nbsp;<\/p>\n<p style=\"color: #c9c8cd; font-family: Arial,sans-serif; font-size: 14px; line-height: 17px; margin-bottom: 0; margin-top: 8px; overflow: hidden; padding: 8px 0 7px; text-align: center; text-overflow: ellipsis; white-space: nowrap;\"><a style=\"color: #c9c8cd; font-family: Arial,sans-serif; font-size: 14px; font-style: normal; font-weight: normal; line-height: 17px; text-decoration: none;\" href=\"https:\/\/www.instagram.com\/p\/C_dJcK2sVHW\/?utm_source=ig_embed&amp;utm_campaign=loading\" target=\"_blank\" rel=\"noopener\">Una publicaci\u00f3n compartida de Instituto Galego de F\u00edsica de Altas Enerx\u00edas (IGFAE) (@igfae_hep)<\/a><\/p>\n<\/div>\n<\/blockquote>\n<p><script async src=\"\/\/www.instagram.com\/embed.js\"><\/script><\/p>\n<h5><strong>Referentes en el estudio del espacio-tiempo<\/strong><\/h5>\n<p>El evento reunir\u00e1 en Santiago de Compostela a cuatro referentes cient\u00edficos en diversas \u00e1reas de la f\u00edsica fundamental. Participar\u00e1n Jos\u00e9 Alberto Rubi\u00f1o: cient\u00edfico en el Instituto de Astrof\u00edsica de Canarias, especializado en cosmolog\u00eda y el fondo c\u00f3smico de microondas; Alicia Sintes, de la Universitat de les Illes Balears, experta en el estudio de las ondas gravitacionales y miembro de la colaboraci\u00f3n cient\u00edfica LIGO; Alejandra Castro: investigadora de la Universidad de Cambridge, donde estudia c\u00f3mo unificar las leyes y principios de la gravedad y la mec\u00e1nica cu\u00e1ntica; y Gast\u00f3n Giribet, investigador en la New York University, que investiga en teor\u00eda de cuerdas y agujeros negros.<\/p>\n<p>Cada uno de ellos ofrecer\u00e1 una charla de unos 30 minutos. Al final de las intervenciones, y como cierre al evento, tendr\u00e1 lugar una mesa redonda para poner en com\u00fan los temas expuestos, abriendo tambi\u00e9n el debate al p\u00fablico. El encuentro se cerrar\u00e1 con un aperitivo compartido entre asistentes y conferenciantes.<\/p>\n<h5><strong>La b\u00fasqueda para entender el universo<\/strong><\/h5>\n<p>La investigaci\u00f3n sobre la creaci\u00f3n y la evoluci\u00f3n del espacio-tiempo busca respuestas a las preguntas esenciales sobre el principio de todo lo que nos rodea, algo sobre lo que la humanidad lleva milenios reflexionando. En los \u00faltimos a\u00f1os, la f\u00edsica fundamental ha dado grandes pasos, revelando algunas de las leyes fundamentales del universo y combinando el espacio y el tiempo en una \u00fanica entidad gracias a la teor\u00eda de la relatividad de Einstein. Esta teor\u00eda tambi\u00e9n ha mostrado que en el cosmos existen actores que antes desconoc\u00edamos, como los agujeros negros, objetos tan compactos de los que ni la luz puede escapar. Adem\u00e1s, aprendemos que el universo puede comunicarse con nosotros a trav\u00e9s de nuevos medios, como las ondas gravitacionales, detectadas por primera vez hace menos de una d\u00e9cada.<\/p>\n<p>Junto a estos descubrimientos, la f\u00edsica formul\u00f3 nuevas preguntas que ser\u00edan impensables hace unas d\u00e9cadas: \u00bfC\u00f3mo es posible conciliar las leyes de la gravedad con la mec\u00e1nica cu\u00e1ntica? \u00bfQu\u00e9 ocurre dentro de un agujero negro? \u00bfQu\u00e9 es la energ\u00eda oscura, ese misterioso mecanismo que acelera la expansi\u00f3n del universo? \u00bfY qu\u00e9 podemos aprender de las se\u00f1ales de ondas gravitacionales que recibimos desde lo m\u00e1s profundizo del cosmos? Este encuentro ayudar\u00e1 a entender conceptos fundamentales, para ir al m\u00e1s all\u00e1 de las preguntas que nos hacemos en nuestra infancia, y a apreciar los desaf\u00edos m\u00e1s modernos que enfrentan los cient\u00edficos y cient\u00edficas de hoy.<\/p>\n<p>Esta actividad se enmarca en el ciclo \u201cSalto Cu\u00e1ntico\u201d, un programa del Centro de Supercomputaci\u00f3n del Galicia (CESGA) y el Centro Galego de Arte Contempor\u00e1nea (CGAC), en el que tambi\u00e9n colabora el IGFAE.<\/p>\n","protected":false},"excerpt":{"rendered":"<p>El Instituto Galego de F\u00edsica de Altas Enerx\u00edas (IGFAE) organiza este viernes 13 de septiembre la jornada \u201cA natureza do espazo-tempo\u201d&#8230;.<\/p>\n","protected":false},"author":123489,"featured_media":16209,"comment_status":"closed","ping_status":"closed","sticky":false,"template":"","format":"standard","meta":{"om_disable_all_campaigns":false,"_monsterinsights_skip_tracking":false,"_monsterinsights_sitenote_active":false,"_monsterinsights_sitenote_note":"","_monsterinsights_sitenote_category":0},"categories":[113,111],"tags":[],"aioseo_notices":[],"yoast_head":"<!-- This site is optimized with the Yoast SEO plugin v18.4.1 - https:\/\/yoast.com\/wordpress\/plugins\/seo\/ -->\n<title>Santiago acoge \u201cA natureza do espazo-tempo\u201d, una jornada divulgativa con referentes de la f\u00edsica fundamental<\/title>\n<meta name=\"description\" content=\"Jos\u00e9 Alberto Rubi\u00f1o, Alicia Sintes, Alejandra Castro y Gast\u00f3n Giribet abordar\u00e1n los principales retos en la investigaci\u00f3n del nacimiento, la textura, la naturaleza \u00edntima y la muerte del espacio-tiempo\" \/>\n<meta name=\"robots\" content=\"index, follow, max-snippet:-1, max-image-preview:large, max-video-preview:-1\" \/>\n<link rel=\"canonical\" href=\"https:\/\/igfae.usc.es\/~igfae-old\/es\/santiago-natureza-espazo-tempo\/\" \/>\n<meta property=\"og:locale\" content=\"es_ES\" \/>\n<meta property=\"og:type\" content=\"article\" \/>\n<meta property=\"og:title\" content=\"Santiago acoge \u201cA natureza do espazo-tempo\u201d, una jornada divulgativa con referentes de la f\u00edsica fundamental\" \/>\n<meta property=\"og:description\" content=\"Jos\u00e9 Alberto Rubi\u00f1o, Alicia Sintes, Alejandra Castro y Gast\u00f3n Giribet abordar\u00e1n los principales retos en la investigaci\u00f3n del nacimiento, la textura, la naturaleza \u00edntima y la muerte del espacio-tiempo\" \/>\n<meta property=\"og:url\" content=\"https:\/\/igfae.usc.es\/~igfae-old\/es\/santiago-natureza-espazo-tempo\/\" \/>\n<meta property=\"og:site_name\" content=\"IGFAE\" \/>\n<meta property=\"article:published_time\" content=\"2024-09-09T10:20:49+00:00\" \/>\n<meta property=\"article:modified_time\" content=\"2024-09-09T11:58:50+00:00\" \/>\n<meta property=\"og:image\" content=\"https:\/\/igfae.usc.es\/~igfae-old\/wp-content\/uploads\/2024\/09\/2024_09_09-A-natureza-do-espazo-tempo-scaled.jpg\" \/>\n\t<meta property=\"og:image:width\" content=\"2560\" \/>\n\t<meta property=\"og:image:height\" content=\"1440\" \/>\n\t<meta property=\"og:image:type\" content=\"image\/jpeg\" \/>\n<meta name=\"twitter:card\" content=\"summary_large_image\" \/>\n<meta name=\"twitter:creator\" content=\"@igfae_hep\" \/>\n<meta name=\"twitter:site\" content=\"@igfae_hep\" \/>\n<meta name=\"twitter:label1\" content=\"Escrito por\" \/>\n\t<meta name=\"twitter:data1\" content=\"Manuel\" \/>\n\t<meta name=\"twitter:label2\" content=\"Tiempo de lectura\" \/>\n\t<meta name=\"twitter:data2\" content=\"3 minutos\" \/>\n<script type=\"application\/ld+json\" class=\"yoast-schema-graph\">{\"@context\":\"https:\/\/schema.org\",\"@graph\":[{\"@type\":\"WebSite\",\"@id\":\"https:\/\/igfae.usc.es\/~igfae-old\/#website\",\"url\":\"https:\/\/igfae.usc.es\/~igfae-old\/\",\"name\":\"IGFAE\",\"description\":\"Instituto Galego de F\u00edsica de Altas Enerx\u00edas\",\"potentialAction\":[{\"@type\":\"SearchAction\",\"target\":{\"@type\":\"EntryPoint\",\"urlTemplate\":\"https:\/\/igfae.usc.es\/~igfae-old\/?s={search_term_string}\"},\"query-input\":\"required name=search_term_string\"}],\"inLanguage\":\"es\"},{\"@type\":\"ImageObject\",\"@id\":\"https:\/\/igfae.usc.es\/~igfae-old\/es\/santiago-natureza-espazo-tempo\/#primaryimage\",\"inLanguage\":\"es\",\"url\":\"https:\/\/igfae.usc.es\/~igfae-old\/wp-content\/uploads\/2024\/09\/2024_09_09-A-natureza-do-espazo-tempo-scaled.jpg\",\"contentUrl\":\"https:\/\/igfae.usc.es\/~igfae-old\/wp-content\/uploads\/2024\/09\/2024_09_09-A-natureza-do-espazo-tempo-scaled.jpg\",\"width\":2560,\"height\":1440,\"caption\":\"Jos\u00e9 Alberto Rubi\u00f1o (IAC), Alicia Sintes (UIB), Alejandra Castro (Universidade de Cambridge) e Gast\u00f3n Giribet (Universidade de New York), participantes no encontro \u201cA natureza do espazo-tempo\u201d.\"},{\"@type\":\"WebPage\",\"@id\":\"https:\/\/igfae.usc.es\/~igfae-old\/es\/santiago-natureza-espazo-tempo\/#webpage\",\"url\":\"https:\/\/igfae.usc.es\/~igfae-old\/es\/santiago-natureza-espazo-tempo\/\",\"name\":\"Santiago acoge \u201cA natureza do espazo-tempo\u201d, una jornada divulgativa con referentes de la f\u00edsica fundamental\",\"isPartOf\":{\"@id\":\"https:\/\/igfae.usc.es\/~igfae-old\/#website\"},\"primaryImageOfPage\":{\"@id\":\"https:\/\/igfae.usc.es\/~igfae-old\/es\/santiago-natureza-espazo-tempo\/#primaryimage\"},\"datePublished\":\"2024-09-09T10:20:49+00:00\",\"dateModified\":\"2024-09-09T11:58:50+00:00\",\"author\":{\"@id\":\"https:\/\/igfae.usc.es\/~igfae-old\/#\/schema\/person\/95ba3b99e9df13cbdcc7bc968b26079f\"},\"description\":\"Jos\u00e9 Alberto Rubi\u00f1o, Alicia Sintes, Alejandra Castro y Gast\u00f3n Giribet abordar\u00e1n los principales retos en la investigaci\u00f3n del nacimiento, la textura, la naturaleza \u00edntima y la muerte del espacio-tiempo\",\"breadcrumb\":{\"@id\":\"https:\/\/igfae.usc.es\/~igfae-old\/es\/santiago-natureza-espazo-tempo\/#breadcrumb\"},\"inLanguage\":\"es\",\"potentialAction\":[{\"@type\":\"ReadAction\",\"target\":[\"https:\/\/igfae.usc.es\/~igfae-old\/es\/santiago-natureza-espazo-tempo\/\"]}]},{\"@type\":\"BreadcrumbList\",\"@id\":\"https:\/\/igfae.usc.es\/~igfae-old\/es\/santiago-natureza-espazo-tempo\/#breadcrumb\",\"itemListElement\":[{\"@type\":\"ListItem\",\"position\":1,\"name\":\"Home\",\"item\":\"https:\/\/igfae.usc.es\/~igfae-old\/es\/\"},{\"@type\":\"ListItem\",\"position\":2,\"name\":\"Santiago acoge \u201cA natureza do espazo-tempo\u201d, una jornada divulgativa con referentes de la f\u00edsica fundamental\"}]},{\"@type\":\"Person\",\"@id\":\"https:\/\/igfae.usc.es\/~igfae-old\/#\/schema\/person\/95ba3b99e9df13cbdcc7bc968b26079f\",\"name\":\"Manuel\",\"url\":\"https:\/\/igfae.usc.es\/~igfae-old\/es\/author\/manuelrey-pan\/\"}]}<\/script>\n<!-- \/ Yoast SEO plugin. -->","yoast_head_json":{"title":"Santiago acoge \u201cA natureza do espazo-tempo\u201d, una jornada divulgativa con referentes de la f\u00edsica fundamental","description":"Jos\u00e9 Alberto Rubi\u00f1o, Alicia Sintes, Alejandra Castro y Gast\u00f3n Giribet abordar\u00e1n los principales retos en la investigaci\u00f3n del nacimiento, la textura, la naturaleza \u00edntima y la muerte del espacio-tiempo","robots":{"index":"index","follow":"follow","max-snippet":"max-snippet:-1","max-image-preview":"max-image-preview:large","max-video-preview":"max-video-preview:-1"},"canonical":"https:\/\/igfae.usc.es\/~igfae-old\/es\/santiago-natureza-espazo-tempo\/","og_locale":"es_ES","og_type":"article","og_title":"Santiago acoge \u201cA natureza do espazo-tempo\u201d, una jornada divulgativa con referentes de la f\u00edsica fundamental","og_description":"Jos\u00e9 Alberto Rubi\u00f1o, Alicia Sintes, Alejandra Castro y Gast\u00f3n Giribet abordar\u00e1n los principales retos en la investigaci\u00f3n del nacimiento, la textura, la naturaleza \u00edntima y la muerte del espacio-tiempo","og_url":"https:\/\/igfae.usc.es\/~igfae-old\/es\/santiago-natureza-espazo-tempo\/","og_site_name":"IGFAE","article_published_time":"2024-09-09T10:20:49+00:00","article_modified_time":"2024-09-09T11:58:50+00:00","og_image":[{"width":2560,"height":1440,"url":"https:\/\/igfae.usc.es\/~igfae-old\/wp-content\/uploads\/2024\/09\/2024_09_09-A-natureza-do-espazo-tempo-scaled.jpg","type":"image\/jpeg"}],"twitter_card":"summary_large_image","twitter_creator":"@igfae_hep","twitter_site":"@igfae_hep","twitter_misc":{"Escrito por":"Manuel","Tiempo de lectura":"3 minutos"},"schema":{"@context":"https:\/\/schema.org","@graph":[{"@type":"WebSite","@id":"https:\/\/igfae.usc.es\/~igfae-old\/#website","url":"https:\/\/igfae.usc.es\/~igfae-old\/","name":"IGFAE","description":"Instituto Galego de F\u00edsica de Altas Enerx\u00edas","potentialAction":[{"@type":"SearchAction","target":{"@type":"EntryPoint","urlTemplate":"https:\/\/igfae.usc.es\/~igfae-old\/?s={search_term_string}"},"query-input":"required name=search_term_string"}],"inLanguage":"es"},{"@type":"ImageObject","@id":"https:\/\/igfae.usc.es\/~igfae-old\/es\/santiago-natureza-espazo-tempo\/#primaryimage","inLanguage":"es","url":"https:\/\/igfae.usc.es\/~igfae-old\/wp-content\/uploads\/2024\/09\/2024_09_09-A-natureza-do-espazo-tempo-scaled.jpg","contentUrl":"https:\/\/igfae.usc.es\/~igfae-old\/wp-content\/uploads\/2024\/09\/2024_09_09-A-natureza-do-espazo-tempo-scaled.jpg","width":2560,"height":1440,"caption":"Jos\u00e9 Alberto Rubi\u00f1o (IAC), Alicia Sintes (UIB), Alejandra Castro (Universidade de Cambridge) e Gast\u00f3n Giribet (Universidade de New York), participantes no encontro \u201cA natureza do espazo-tempo\u201d."},{"@type":"WebPage","@id":"https:\/\/igfae.usc.es\/~igfae-old\/es\/santiago-natureza-espazo-tempo\/#webpage","url":"https:\/\/igfae.usc.es\/~igfae-old\/es\/santiago-natureza-espazo-tempo\/","name":"Santiago acoge \u201cA natureza do espazo-tempo\u201d, una jornada divulgativa con referentes de la f\u00edsica fundamental","isPartOf":{"@id":"https:\/\/igfae.usc.es\/~igfae-old\/#website"},"primaryImageOfPage":{"@id":"https:\/\/igfae.usc.es\/~igfae-old\/es\/santiago-natureza-espazo-tempo\/#primaryimage"},"datePublished":"2024-09-09T10:20:49+00:00","dateModified":"2024-09-09T11:58:50+00:00","author":{"@id":"https:\/\/igfae.usc.es\/~igfae-old\/#\/schema\/person\/95ba3b99e9df13cbdcc7bc968b26079f"},"description":"Jos\u00e9 Alberto Rubi\u00f1o, Alicia Sintes, Alejandra Castro y Gast\u00f3n Giribet abordar\u00e1n los principales retos en la investigaci\u00f3n del nacimiento, la textura, la naturaleza \u00edntima y la muerte del espacio-tiempo","breadcrumb":{"@id":"https:\/\/igfae.usc.es\/~igfae-old\/es\/santiago-natureza-espazo-tempo\/#breadcrumb"},"inLanguage":"es","potentialAction":[{"@type":"ReadAction","target":["https:\/\/igfae.usc.es\/~igfae-old\/es\/santiago-natureza-espazo-tempo\/"]}]},{"@type":"BreadcrumbList","@id":"https:\/\/igfae.usc.es\/~igfae-old\/es\/santiago-natureza-espazo-tempo\/#breadcrumb","itemListElement":[{"@type":"ListItem","position":1,"name":"Home","item":"https:\/\/igfae.usc.es\/~igfae-old\/es\/"},{"@type":"ListItem","position":2,"name":"Santiago acoge \u201cA natureza do espazo-tempo\u201d, una jornada divulgativa con referentes de la f\u00edsica fundamental"}]},{"@type":"Person","@id":"https:\/\/igfae.usc.es\/~igfae-old\/#\/schema\/person\/95ba3b99e9df13cbdcc7bc968b26079f","name":"Manuel","url":"https:\/\/igfae.usc.es\/~igfae-old\/es\/author\/manuelrey-pan\/"}]}},"_links":{"self":[{"href":"https:\/\/igfae.usc.es\/~igfae-old\/es\/wp-json\/wp\/v2\/posts\/16213"}],"collection":[{"href":"https:\/\/igfae.usc.es\/~igfae-old\/es\/wp-json\/wp\/v2\/posts"}],"about":[{"href":"https:\/\/igfae.usc.es\/~igfae-old\/es\/wp-json\/wp\/v2\/types\/post"}],"author":[{"embeddable":true,"href":"https:\/\/igfae.usc.es\/~igfae-old\/es\/wp-json\/wp\/v2\/users\/123489"}],"replies":[{"embeddable":true,"href":"https:\/\/igfae.usc.es\/~igfae-old\/es\/wp-json\/wp\/v2\/comments?post=16213"}],"version-history":[{"count":4,"href":"https:\/\/igfae.usc.es\/~igfae-old\/es\/wp-json\/wp\/v2\/posts\/16213\/revisions"}],"predecessor-version":[{"id":16232,"href":"https:\/\/igfae.usc.es\/~igfae-old\/es\/wp-json\/wp\/v2\/posts\/16213\/revisions\/16232"}],"wp:featuredmedia":[{"embeddable":true,"href":"https:\/\/igfae.usc.es\/~igfae-old\/es\/wp-json\/wp\/v2\/media\/16209"}],"wp:attachment":[{"href":"https:\/\/igfae.usc.es\/~igfae-old\/es\/wp-json\/wp\/v2\/media?parent=16213"}],"wp:term":[{"taxonomy":"category","embeddable":true,"href":"https:\/\/igfae.usc.es\/~igfae-old\/es\/wp-json\/wp\/v2\/categories?post=16213"},{"taxonomy":"post_tag","embeddable":true,"href":"https:\/\/igfae.usc.es\/~igfae-old\/es\/wp-json\/wp\/v2\/tags?post=16213"}],"curies":[{"name":"wp","href":"https:\/\/api.w.org\/{rel}","templated":true}]}}