



{"id":15654,"date":"2024-06-04T16:22:02","date_gmt":"2024-06-04T14:22:02","guid":{"rendered":"https:\/\/igfae.usc.es\/~igfae-old\/igfae-curso-estudo-cosmos-ragc\/"},"modified":"2024-06-06T22:39:21","modified_gmt":"2024-06-06T20:39:21","slug":"igfae-curso-estudo-cosmos-ragc","status":"publish","type":"post","link":"https:\/\/igfae.usc.es\/~igfae-old\/es\/igfae-curso-estudo-cosmos-ragc\/","title":{"rendered":"O IGFAE acolle a apertura dun curso sobre o estudo do cosmos organizado pola RAGC"},"content":{"rendered":"<p>A nova sede do Instituto Galego de F\u00edsica de Altas Enerx\u00edas (IGFAE) acoller\u00e1 o luns 10 de xu\u00f1o a <a href=\"https:\/\/www.ragc.gal\/gl\/ciclo-avances-centrado-na-orixe-o-universo-e-a-exploracion-espacial\/\" target=\"_blank\" rel=\"noopener\">apertura do curso \u00abFronteiras: da orixe do universo \u00e1 exploraci\u00f3n espacial\u00bb<\/a>, organizado pola Real Academia Galega de Ciencias (RAGC), en colaboraci\u00f3n coa Deputaci\u00f3n da Coru\u00f1a, que se desenvolver\u00e1 do 10 ao 13 de xu\u00f1o. O ciclo reunir\u00e1 a investigadoras e investigadores de referencia no estudo do cosmos, desde a orixe do universo ata a procura de vida extraterrestre ou a exploraci\u00f3n espacial.<\/p>\n<h5><strong>Facendo conexi\u00f3ns entre a F\u00edsica de Part\u00edculas e a Cosmolox\u00eda<\/strong><\/h5>\n<p>Na primeira xornada, que leva por t\u00edtulo \u00abFacendo conexi\u00f3ns entre a F\u00edsica de Part\u00edculas e a Cosmolox\u00eda\u00bb, abordaranse, desde enfoques diversos, estas disciplinas de investigaci\u00f3n. O encontro comezar\u00e1 \u00e1s 17.00 horas, co acto de presentaci\u00f3n no que participar\u00e1 o presidente da Deputaci\u00f3n da Coru\u00f1a, Valent\u00edn Gonz\u00e1lez Formoso, o presidente da RAGC, Juan Lema Rodicio, o director do IGFAE, Carlos Salgado L\u00f3pez, e as coordinadoras do curso, as astr\u00f3nomas e astrof\u00edsicas Minia Manteiga Outeiro e Ana Ulla Miguel. A continuaci\u00f3n desenvolverase o programa cient\u00edfico, coas seguintes ponencias:<\/p>\n<ul>\n<li>17:15 | <strong><em>Producindo o estado primixenio do universo en menos de tres ioctosegundos<\/em><\/strong>, a cargo de Carlos Salgado, director do IGFAE e investigador Oportunius.<\/li>\n<li>18:00 | <em><strong>A primeira luz: O fondo c\u00f3smico de microondas<\/strong>,<\/em> a cargo de Fernando Atrio Barandela, catedr\u00e1tico de F\u00edsica Te\u00f3rica da Universidad de Salamanca<\/li>\n<li>18:45| Pausa-caf\u00e9<\/li>\n<li>19:15 | <strong><em>Surveys de galaxias: rastrexando a distribuci\u00f3n da materia en diferentes \u00e9pocas c\u00f3smicas<\/em><\/strong>, a cargo de Fernando Buitrago Alonso, Investigador Distinguido S\u00e9nior da Universidad de Valladolid e colaborador Externo do Instituto de Astrof\u00edsica e Ci\u00eancias do Espa\u00e7o de Portugal.<\/li>\n<li>20:00-20:30 | <strong>debate e peche.<\/strong><\/li>\n<\/ul>\n<p><iframe loading=\"lazy\" title=\"Ciclo Avances 2024. Facendo conexi\u00f3ns entre a F\u00edsica de Part\u00edculas e a Cosmolox\u00eda\" width=\"1170\" height=\"878\" src=\"https:\/\/www.youtube.com\/embed\/tbfmJ6Ah5dA?feature=oembed\" frameborder=\"0\" allow=\"accelerometer; autoplay; clipboard-write; encrypted-media; gyroscope; picture-in-picture; web-share\" referrerpolicy=\"strict-origin-when-cross-origin\" allowfullscreen><\/iframe><\/p>\n<p>Segundo informa a RAGC, o\u00a0ciclo dir\u00edxese a todo o p\u00fablico interesado neste eido, en particular a estudantes de Grao, Mestrado e Doutoramento en \u00e1reas af\u00edns \u00e1 f\u00edsica, matem\u00e1ticas, inform\u00e1tica ou enxe\u00f1ar\u00eda. Buscarase a participaci\u00f3n activa dos asistentes durante as diferentes sesi\u00f3ns, sobre todo durante o debate que pechar\u00e1 cada xornada.<\/p>\n<p>Despois da sesi\u00f3n de apertura no IGFAE, a segunda xornada ter\u00e1 lugar o d\u00eda 11 no sal\u00f3n de actos do Campus de Ferrol. O 12 ser\u00e1 no Centro de Investigaci\u00f3n en Tecnolox\u00edas da Informaci\u00f3n e as Comunicaci\u00f3ns (CITIC) da Universidade da Coru\u00f1a. E o ciclo pecharase o 13 na Coru\u00f1a, na Casa das Ciencias.<\/p>\n<p>O prazo de inscrici\u00f3n para participar gratuitamente en todas as conferencias, de xeito presencial ou en li\u00f1a, est\u00e1 aberto nesta ligaz\u00f3n: <strong><a href=\"https:\/\/forms.gle\/FZ6hAQovKHtncLEx9\">https:\/\/forms.gle\/FZ6hAQovKHtncLEx9<\/a><\/strong><\/p>\n","protected":false},"excerpt":{"rendered":"<p>A nova sede do Instituto Galego de F\u00edsica de Altas Enerx\u00edas (IGFAE) acoller\u00e1 o luns 10 de xu\u00f1o a apertura do&#8230;<\/p>\n","protected":false},"author":123489,"featured_media":15625,"comment_status":"closed","ping_status":"closed","sticky":false,"template":"","format":"standard","meta":{"om_disable_all_campaigns":false,"_monsterinsights_skip_tracking":false,"_monsterinsights_sitenote_active":false,"_monsterinsights_sitenote_note":"","_monsterinsights_sitenote_category":0},"categories":[111],"tags":[],"aioseo_notices":[],"yoast_head":"<!-- This site is optimized with the Yoast SEO plugin v18.4.1 - https:\/\/yoast.com\/wordpress\/plugins\/seo\/ -->\n<title>O IGFAE acolle a apertura dun curso sobre o estudo do cosmos organizado pola RAGC<\/title>\n<meta name=\"description\" content=\"A nova sede do centro ser\u00e1 escenario o luns 10 de xu\u00f1o da xornada &quot;Facendo conexi\u00f3ns entre a F\u00edsica de Part\u00edculas e a Cosmolox\u00eda&quot;\" \/>\n<meta name=\"robots\" content=\"index, follow, max-snippet:-1, max-image-preview:large, max-video-preview:-1\" \/>\n<link rel=\"canonical\" href=\"https:\/\/igfae.usc.es\/~igfae-old\/es\/igfae-curso-estudo-cosmos-ragc\/\" \/>\n<meta property=\"og:locale\" content=\"es_ES\" \/>\n<meta property=\"og:type\" content=\"article\" \/>\n<meta property=\"og:title\" content=\"O IGFAE acolle a apertura dun curso sobre o estudo do cosmos organizado pola RAGC\" \/>\n<meta property=\"og:description\" content=\"A nova sede do centro ser\u00e1 escenario o luns 10 de xu\u00f1o da xornada &quot;Facendo conexi\u00f3ns entre a F\u00edsica de Part\u00edculas e a Cosmolox\u00eda&quot;\" \/>\n<meta property=\"og:url\" content=\"https:\/\/igfae.usc.es\/~igfae-old\/es\/igfae-curso-estudo-cosmos-ragc\/\" \/>\n<meta property=\"og:site_name\" content=\"IGFAE\" \/>\n<meta property=\"article:published_time\" content=\"2024-06-04T14:22:02+00:00\" \/>\n<meta property=\"article:modified_time\" content=\"2024-06-06T20:39:21+00:00\" \/>\n<meta property=\"og:image\" content=\"https:\/\/igfae.usc.es\/~igfae-old\/wp-content\/uploads\/2024\/06\/imagen_avances24-980x472-1.jpg\" \/>\n\t<meta property=\"og:image:width\" content=\"980\" \/>\n\t<meta property=\"og:image:height\" content=\"472\" \/>\n\t<meta property=\"og:image:type\" content=\"image\/jpeg\" \/>\n<meta name=\"twitter:card\" content=\"summary_large_image\" \/>\n<meta name=\"twitter:creator\" content=\"@igfae_hep\" \/>\n<meta name=\"twitter:site\" content=\"@igfae_hep\" \/>\n<meta name=\"twitter:label1\" content=\"Escrito por\" \/>\n\t<meta name=\"twitter:data1\" content=\"Manuel\" \/>\n\t<meta name=\"twitter:label2\" content=\"Tiempo de lectura\" \/>\n\t<meta name=\"twitter:data2\" content=\"2 minutos\" \/>\n<script type=\"application\/ld+json\" class=\"yoast-schema-graph\">{\"@context\":\"https:\/\/schema.org\",\"@graph\":[{\"@type\":\"WebSite\",\"@id\":\"https:\/\/igfae.usc.es\/~igfae-old\/#website\",\"url\":\"https:\/\/igfae.usc.es\/~igfae-old\/\",\"name\":\"IGFAE\",\"description\":\"Instituto Galego de F\u00edsica de Altas Enerx\u00edas\",\"potentialAction\":[{\"@type\":\"SearchAction\",\"target\":{\"@type\":\"EntryPoint\",\"urlTemplate\":\"https:\/\/igfae.usc.es\/~igfae-old\/?s={search_term_string}\"},\"query-input\":\"required name=search_term_string\"}],\"inLanguage\":\"es\"},{\"@type\":\"ImageObject\",\"@id\":\"https:\/\/igfae.usc.es\/~igfae-old\/es\/igfae-curso-estudo-cosmos-ragc\/#primaryimage\",\"inLanguage\":\"es\",\"url\":\"https:\/\/igfae.usc.es\/~igfae-old\/wp-content\/uploads\/2024\/06\/imagen_avances24-980x472-1.jpg\",\"contentUrl\":\"https:\/\/igfae.usc.es\/~igfae-old\/wp-content\/uploads\/2024\/06\/imagen_avances24-980x472-1.jpg\",\"width\":980,\"height\":472},{\"@type\":\"WebPage\",\"@id\":\"https:\/\/igfae.usc.es\/~igfae-old\/es\/igfae-curso-estudo-cosmos-ragc\/#webpage\",\"url\":\"https:\/\/igfae.usc.es\/~igfae-old\/es\/igfae-curso-estudo-cosmos-ragc\/\",\"name\":\"O IGFAE acolle a apertura dun curso sobre o estudo do cosmos organizado pola RAGC\",\"isPartOf\":{\"@id\":\"https:\/\/igfae.usc.es\/~igfae-old\/#website\"},\"primaryImageOfPage\":{\"@id\":\"https:\/\/igfae.usc.es\/~igfae-old\/es\/igfae-curso-estudo-cosmos-ragc\/#primaryimage\"},\"datePublished\":\"2024-06-04T14:22:02+00:00\",\"dateModified\":\"2024-06-06T20:39:21+00:00\",\"author\":{\"@id\":\"https:\/\/igfae.usc.es\/~igfae-old\/#\/schema\/person\/95ba3b99e9df13cbdcc7bc968b26079f\"},\"description\":\"A nova sede do centro ser\u00e1 escenario o luns 10 de xu\u00f1o da xornada \\\"Facendo conexi\u00f3ns entre a F\u00edsica de Part\u00edculas e a Cosmolox\u00eda\\\"\",\"breadcrumb\":{\"@id\":\"https:\/\/igfae.usc.es\/~igfae-old\/es\/igfae-curso-estudo-cosmos-ragc\/#breadcrumb\"},\"inLanguage\":\"es\",\"potentialAction\":[{\"@type\":\"ReadAction\",\"target\":[\"https:\/\/igfae.usc.es\/~igfae-old\/es\/igfae-curso-estudo-cosmos-ragc\/\"]}]},{\"@type\":\"BreadcrumbList\",\"@id\":\"https:\/\/igfae.usc.es\/~igfae-old\/es\/igfae-curso-estudo-cosmos-ragc\/#breadcrumb\",\"itemListElement\":[{\"@type\":\"ListItem\",\"position\":1,\"name\":\"Home\",\"item\":\"https:\/\/igfae.usc.es\/~igfae-old\/es\/\"},{\"@type\":\"ListItem\",\"position\":2,\"name\":\"O IGFAE acolle a apertura dun curso sobre o estudo do cosmos organizado pola RAGC\"}]},{\"@type\":\"Person\",\"@id\":\"https:\/\/igfae.usc.es\/~igfae-old\/#\/schema\/person\/95ba3b99e9df13cbdcc7bc968b26079f\",\"name\":\"Manuel\",\"url\":\"https:\/\/igfae.usc.es\/~igfae-old\/es\/author\/manuelrey-pan\/\"}]}<\/script>\n<!-- \/ Yoast SEO plugin. -->","yoast_head_json":{"title":"O IGFAE acolle a apertura dun curso sobre o estudo do cosmos organizado pola RAGC","description":"A nova sede do centro ser\u00e1 escenario o luns 10 de xu\u00f1o da xornada \"Facendo conexi\u00f3ns entre a F\u00edsica de Part\u00edculas e a Cosmolox\u00eda\"","robots":{"index":"index","follow":"follow","max-snippet":"max-snippet:-1","max-image-preview":"max-image-preview:large","max-video-preview":"max-video-preview:-1"},"canonical":"https:\/\/igfae.usc.es\/~igfae-old\/es\/igfae-curso-estudo-cosmos-ragc\/","og_locale":"es_ES","og_type":"article","og_title":"O IGFAE acolle a apertura dun curso sobre o estudo do cosmos organizado pola RAGC","og_description":"A nova sede do centro ser\u00e1 escenario o luns 10 de xu\u00f1o da xornada \"Facendo conexi\u00f3ns entre a F\u00edsica de Part\u00edculas e a Cosmolox\u00eda\"","og_url":"https:\/\/igfae.usc.es\/~igfae-old\/es\/igfae-curso-estudo-cosmos-ragc\/","og_site_name":"IGFAE","article_published_time":"2024-06-04T14:22:02+00:00","article_modified_time":"2024-06-06T20:39:21+00:00","og_image":[{"width":980,"height":472,"url":"https:\/\/igfae.usc.es\/~igfae-old\/wp-content\/uploads\/2024\/06\/imagen_avances24-980x472-1.jpg","type":"image\/jpeg"}],"twitter_card":"summary_large_image","twitter_creator":"@igfae_hep","twitter_site":"@igfae_hep","twitter_misc":{"Escrito por":"Manuel","Tiempo de lectura":"2 minutos"},"schema":{"@context":"https:\/\/schema.org","@graph":[{"@type":"WebSite","@id":"https:\/\/igfae.usc.es\/~igfae-old\/#website","url":"https:\/\/igfae.usc.es\/~igfae-old\/","name":"IGFAE","description":"Instituto Galego de F\u00edsica de Altas Enerx\u00edas","potentialAction":[{"@type":"SearchAction","target":{"@type":"EntryPoint","urlTemplate":"https:\/\/igfae.usc.es\/~igfae-old\/?s={search_term_string}"},"query-input":"required name=search_term_string"}],"inLanguage":"es"},{"@type":"ImageObject","@id":"https:\/\/igfae.usc.es\/~igfae-old\/es\/igfae-curso-estudo-cosmos-ragc\/#primaryimage","inLanguage":"es","url":"https:\/\/igfae.usc.es\/~igfae-old\/wp-content\/uploads\/2024\/06\/imagen_avances24-980x472-1.jpg","contentUrl":"https:\/\/igfae.usc.es\/~igfae-old\/wp-content\/uploads\/2024\/06\/imagen_avances24-980x472-1.jpg","width":980,"height":472},{"@type":"WebPage","@id":"https:\/\/igfae.usc.es\/~igfae-old\/es\/igfae-curso-estudo-cosmos-ragc\/#webpage","url":"https:\/\/igfae.usc.es\/~igfae-old\/es\/igfae-curso-estudo-cosmos-ragc\/","name":"O IGFAE acolle a apertura dun curso sobre o estudo do cosmos organizado pola RAGC","isPartOf":{"@id":"https:\/\/igfae.usc.es\/~igfae-old\/#website"},"primaryImageOfPage":{"@id":"https:\/\/igfae.usc.es\/~igfae-old\/es\/igfae-curso-estudo-cosmos-ragc\/#primaryimage"},"datePublished":"2024-06-04T14:22:02+00:00","dateModified":"2024-06-06T20:39:21+00:00","author":{"@id":"https:\/\/igfae.usc.es\/~igfae-old\/#\/schema\/person\/95ba3b99e9df13cbdcc7bc968b26079f"},"description":"A nova sede do centro ser\u00e1 escenario o luns 10 de xu\u00f1o da xornada \"Facendo conexi\u00f3ns entre a F\u00edsica de Part\u00edculas e a Cosmolox\u00eda\"","breadcrumb":{"@id":"https:\/\/igfae.usc.es\/~igfae-old\/es\/igfae-curso-estudo-cosmos-ragc\/#breadcrumb"},"inLanguage":"es","potentialAction":[{"@type":"ReadAction","target":["https:\/\/igfae.usc.es\/~igfae-old\/es\/igfae-curso-estudo-cosmos-ragc\/"]}]},{"@type":"BreadcrumbList","@id":"https:\/\/igfae.usc.es\/~igfae-old\/es\/igfae-curso-estudo-cosmos-ragc\/#breadcrumb","itemListElement":[{"@type":"ListItem","position":1,"name":"Home","item":"https:\/\/igfae.usc.es\/~igfae-old\/es\/"},{"@type":"ListItem","position":2,"name":"O IGFAE acolle a apertura dun curso sobre o estudo do cosmos organizado pola RAGC"}]},{"@type":"Person","@id":"https:\/\/igfae.usc.es\/~igfae-old\/#\/schema\/person\/95ba3b99e9df13cbdcc7bc968b26079f","name":"Manuel","url":"https:\/\/igfae.usc.es\/~igfae-old\/es\/author\/manuelrey-pan\/"}]}},"_links":{"self":[{"href":"https:\/\/igfae.usc.es\/~igfae-old\/es\/wp-json\/wp\/v2\/posts\/15654"}],"collection":[{"href":"https:\/\/igfae.usc.es\/~igfae-old\/es\/wp-json\/wp\/v2\/posts"}],"about":[{"href":"https:\/\/igfae.usc.es\/~igfae-old\/es\/wp-json\/wp\/v2\/types\/post"}],"author":[{"embeddable":true,"href":"https:\/\/igfae.usc.es\/~igfae-old\/es\/wp-json\/wp\/v2\/users\/123489"}],"replies":[{"embeddable":true,"href":"https:\/\/igfae.usc.es\/~igfae-old\/es\/wp-json\/wp\/v2\/comments?post=15654"}],"version-history":[{"count":1,"href":"https:\/\/igfae.usc.es\/~igfae-old\/es\/wp-json\/wp\/v2\/posts\/15654\/revisions"}],"predecessor-version":[{"id":15657,"href":"https:\/\/igfae.usc.es\/~igfae-old\/es\/wp-json\/wp\/v2\/posts\/15654\/revisions\/15657"}],"wp:featuredmedia":[{"embeddable":true,"href":"https:\/\/igfae.usc.es\/~igfae-old\/es\/wp-json\/wp\/v2\/media\/15625"}],"wp:attachment":[{"href":"https:\/\/igfae.usc.es\/~igfae-old\/es\/wp-json\/wp\/v2\/media?parent=15654"}],"wp:term":[{"taxonomy":"category","embeddable":true,"href":"https:\/\/igfae.usc.es\/~igfae-old\/es\/wp-json\/wp\/v2\/categories?post=15654"},{"taxonomy":"post_tag","embeddable":true,"href":"https:\/\/igfae.usc.es\/~igfae-old\/es\/wp-json\/wp\/v2\/tags?post=15654"}],"curies":[{"name":"wp","href":"https:\/\/api.w.org\/{rel}","templated":true}]}}