



{"id":15410,"date":"2024-04-08T18:40:52","date_gmt":"2024-04-08T16:40:52","guid":{"rendered":"https:\/\/igfae.usc.es\/~igfae-old\/?p=15410"},"modified":"2024-04-08T18:40:52","modified_gmt":"2024-04-08T16:40:52","slug":"gw-230529-igfae","status":"publish","type":"post","link":"https:\/\/igfae.usc.es\/~igfae-old\/es\/gw-230529-igfae\/","title":{"rendered":"Una misteriosa onda gravitacional: el IGFAE participa en la detecci\u00f3n de una inusual colisi\u00f3n de dos objetos c\u00f3smicos"},"content":{"rendered":"<p>El 29 mayo de 2023, uno de los detectores de la red LIGO para la observaci\u00f3n de ondas gravitacionales, ubicado en Livingston (Luisiana), al sur de los Estados Unidos, observ\u00f3 una se\u00f1al (GW230529) que llegaba desde 650 millones de a\u00f1os luz. Despu\u00e9s de casi un a\u00f1o de an\u00e1lisis, los resultados, presentados el pasado viernes en la reuni\u00f3n mensual de la American Physical Society, suponen una especie de misterio c\u00f3smico: la masa de uno de los objetos cuya colisi\u00f3n gener\u00f3 esta onda gravitacional se encuentra en un intervalo muy poco explorado hasta el momento: es demasiado pesado para ser una estrella de neutrones y mucho m\u00e1s ligero que cualquier otro agujero negro observado anteriormente.<\/p>\n<p>Por ahora, la colaboraci\u00f3n LIGO-Virgo-Kagra (LVK), formada por casi 3.000 cient\u00edficos de las tres redes de observatorios que participan en la detecci\u00f3n de ondas gravitacionales, no ha podido revelar la naturaleza de este objeto. S\u00f3lo las futuras detecciones de eventos similares, especialmente los acompa\u00f1ados por r\u00e1fagas de radiaci\u00f3n electromagn\u00e9tica podr\u00edan ayudar a resolver el misterio.<\/p>\n<p>En este an\u00e1lisis ha participado un equipo de investigadores del Instituto Galego de F\u00edsica de Altas Enerx\u00edas (IGFAE), centro mixto de la Universidade de Santiago de Compostela y la Xunta de Galicia. \u00abNuestro trabajo en el IGFAE ha mejorado los m\u00e9todos de b\u00fasqueda utilizados por LVK para se\u00f1ales de fusiones binarias como GW230529, y nos entusiasma ver ya un resultado tan interesante. Siempre que se mejoran los detectores o los m\u00e9todos de an\u00e1lisis, hay m\u00e1s posibilidades de que veamos algo nuevo y sorprendente\u00bb, afirma el Dr. Thomas Dent, l\u00edder del programa de investigaci\u00f3n de ondas gravitacionales en el IGFAE.<\/p>\n<h5><strong>El intervalo de masas entre estrellas de neutrones y agujeros negros<\/strong><\/h5>\n<p>Tanto las estrellas de neutrones como los agujeros negros son objetos extremadamente densos y compactos, procedentes del colapso y explosi\u00f3n de estrellas enormes. Ya desde antes de la primera observaci\u00f3n directa de las ondas gravitacionales, que tuvo lugar en 2015, cada uno de estos objetos se detectaba de forma distinta: mientras que las masas de las estrellas de neutrones se determinaban mediante observaciones de radio, las masas de los agujeros negros se calculaban a trav\u00e9s de datos de rayos X.<\/p>\n<p>Hasta ahora, la mayor parte de estas mediciones se repart\u00edan en dos rangos distintos y, entre ellos, hab\u00eda una especie de brecha, de 2 a 5 veces la masa del Sol, de entre las estrellas de neutrones m\u00e1s pesadas y los agujeros negros m\u00e1s ligeros. Sin embargo, desde 2015, un peque\u00f1o n\u00famero de mediciones ha \u2018invadido\u2019 este intervalo de masas, lo que ha generado un importante debate entre la comunidad astrof\u00edsica.<\/p>\n<p><img loading=\"lazy\" class=\"aligncenter size-large wp-image-15413\" src=\"https:\/\/igfae.usc.es\/~igfae-old\/wp-content\/uploads\/2024\/04\/GW230529_infografia-ES-1024x576.jpg\" alt=\"\" width=\"1024\" height=\"576\" srcset=\"https:\/\/igfae.usc.es\/~igfae-old\/wp-content\/uploads\/2024\/04\/GW230529_infografia-ES-1024x576.jpg 1024w, https:\/\/igfae.usc.es\/~igfae-old\/wp-content\/uploads\/2024\/04\/GW230529_infografia-ES-300x169.jpg 300w, https:\/\/igfae.usc.es\/~igfae-old\/wp-content\/uploads\/2024\/04\/GW230529_infografia-ES-768x432.jpg 768w, https:\/\/igfae.usc.es\/~igfae-old\/wp-content\/uploads\/2024\/04\/GW230529_infografia-ES-1536x864.jpg 1536w, https:\/\/igfae.usc.es\/~igfae-old\/wp-content\/uploads\/2024\/04\/GW230529_infografia-ES-2048x1152.jpg 2048w\" sizes=\"(max-width: 1024px) 100vw, 1024px\" \/><\/p>\n<p>Ahora, el an\u00e1lisis de la se\u00f1al GW230529 muestra que procede de la fusi\u00f3n de dos objetos compactos. Uno de ellos tiene una masa entre 1,2 y 2 veces la del Sol; y el otro, algo m\u00e1s del doble de masa. Aunque la se\u00f1al de ondas gravitacionales no proporciona suficiente informaci\u00f3n para determinar con certeza si estos objetos compactos son estrellas de neutrones o agujeros negros, parece probable que el objeto m\u00e1s ligero sea una estrella de neutrones y el m\u00e1s pesado un agujero negro. Los cient\u00edficos de la colaboraci\u00f3n LVK conf\u00edan en que el objeto m\u00e1s pesado se encuentre dentro de la brecha de masa.<\/p>\n<p>Las observaciones de ondas gravitacionales han proporcionado hasta el momento casi 200 mediciones. Y alguna de ellas, como la se\u00f1al GW190814, parece que tambi\u00e9n se encuentra en este territorio inexplorado: procede de la fusi\u00f3n de un agujero negro con un objeto compacto de masa superior a la de las estrellas de neutrones m\u00e1s pesadas conocidas y posiblemente dentro de la brecha de masa.<\/p>\n<p>\u201cAunque ya se han encontrado indicios de la existencia de objetos con brecha de masa tanto en ondas gravitacionales como electromagn\u00e9ticas, este sistema es especialmente interesante porque se trata de la primera detecci\u00f3n en ondas gravitacionales producidas por la colisi\u00f3n de una estrella de neutrones con un objeto situado en ese intervalo de masas\u00bb, explica la Dra. Sylvia Biscoveanu, de la Universidad Northwestern de los Estados Unidos. \u00abLa observaci\u00f3n de este sistema tambi\u00e9n conlleva una mayor posibilidad de observar en el futuro la radiaci\u00f3n electromagn\u00e9tica emitida por fusiones de estrellas de neutrones con agujeros negros\u00bb, a\u00f1ade.<\/p>\n<p><iframe loading=\"lazy\" title=\"Numerical simulation of the compact binary system GW230529: Matter and waves\" width=\"1170\" height=\"658\" src=\"https:\/\/www.youtube.com\/embed\/3PKsBwH_bJE?feature=oembed\" frameborder=\"0\" allow=\"accelerometer; autoplay; clipboard-write; encrypted-media; gyroscope; picture-in-picture; web-share\" referrerpolicy=\"strict-origin-when-cross-origin\" allowfullscreen><\/iframe><\/p>\n<h5><strong>Cuarto ciclo de observaci\u00f3n, con detectores m\u00e1s sensibles<\/strong><\/h5>\n<p>Esta intrigante se\u00f1al fue detectada en el cuarto ciclo de observaci\u00f3n de la colaboraci\u00f3n LVK, que arranc\u00f3 el 24 de mayo de 2023. Esta nueva fase cuenta con mejoras en los detectores, la ciberinfraestructura y el software de an\u00e1lisis que les permiten observar se\u00f1ales m\u00e1s lejanas y extraer m\u00e1s informaci\u00f3n sobre los eventos extremos en los que se generan las ondas.<\/p>\n<p>Los resultados iniciales llegaron tras s\u00f3lo cinco d\u00edas de observaciones. La detecci\u00f3n de la se\u00f1al para alertar a los astr\u00f3nomos en tiempo real se consigui\u00f3 gracias a la contribuci\u00f3n de la estudiante predoctoral del IGFAE Ver\u00f3nica Villa-Ortega y de Gareth Cabourn Davies, anteriormente investigador posdoctoral en el IGFAE que ahora trabaja en la Universidad de Portsmouth (Reino Unido). La contribuci\u00f3n del estudiante predoctoral del IGFAE Praveen Kumar tambi\u00e9n ayud\u00f3 a confirmar la importancia de la se\u00f1al en an\u00e1lisis posteriores fuera de l\u00ednea.<\/p>\n<p>Est\u00e1 previsto que el cuarto periodo de observaci\u00f3n dure 20 meses, incluyendo una pausa de un par de meses para llevar a cabo el mantenimiento de los detectores y realizar una serie de mejoras. Hasta el 16 de enero de 2024, cuando comenz\u00f3 esta la pausa, ya se hab\u00edan identificado un total de 81 se\u00f1ales candidatas significativas. GW230529 es la primera de ellas que se publica tras una investigaci\u00f3n detallada.<\/p>\n<p>La cuarta ronda de observaci\u00f3n se reanudar\u00e1 el 10 de abril de 2024 con los detectores LIGO Hanford (Washington) y LIGO Livingston (Luisiana), en Estados Unidos, y Virgo (en Pisa, Italia), operando juntos. Esta fase continuar\u00e1 hasta febrero de 2025.<\/p>\n<p>Mientras contin\u00faa el periodo de observaci\u00f3n, el equipo de LVK est\u00e1n analizando los datos de la primera mitad del periodo y comprobando las 80 se\u00f1ales candidatas significativas que ya han sido identificadas. Al final de la cuarta ronda de observaci\u00f3n, en febrero de 2025, el n\u00famero total de se\u00f1ales de ondas gravitacionales observadas desde el primer hallazgo, en 2015, superar\u00e1 ya las 200.<\/p>\n<h5><strong>El IGFAE en LIGO<\/strong><\/h5>\n<p>Despu\u00e9s de la acreditaci\u00f3n como Unidad de Excelencia Mar\u00eda de Maeztu, en 2017, se identific\u00f3 el elevado impacto potencial de la l\u00ednea de investigaci\u00f3n de ondas gravitacionales. La apuesta por esta disciplina hizo posible que el IGFAE se incorporase en octubre de 2018 a la colaboraci\u00f3n LIGO (Laser Interferometer Gravitational-Wave Observatory). Actualmente, el equipo de IGFAE en LIGO, liderado por Thomas Dent, est\u00e1 tambi\u00e9n compuesto por Juan Calder\u00f3n (investigador Ram\u00f3n y Cajal), y los estudiantes de doctorado Praveen Kumar, Ana Lorenzo y Ver\u00f3nica Villa.<\/p>\n<p>La reciente renovaci\u00f3n del sello Mar\u00eda de Maeztu reforzar\u00e1 la apuesta por esta prometedora l\u00ednea de investigaci\u00f3n, que abri\u00f3 una nueva era en 2015 con la primera detecci\u00f3n directa de estas se\u00f1ales, 100 a\u00f1os despu\u00e9s de que Albert Einstein predijera te\u00f3ricamente su existencia.<\/p>\n<p><strong>Referencia<\/strong>: <a href=\"https:\/\/dcc.ligo.org\/P2300352\/public\/\"><em>Observation of Gravitational Waves from the Coalescence of a 2.5\u20134.5 M<\/em><em>\u2299<\/em><em> Compact Object and a Neutron Star<\/em><\/a><\/p>\n","protected":false},"excerpt":{"rendered":"<p>El 29 mayo de 2023, uno de los detectores de la red LIGO para la observaci\u00f3n de ondas gravitacionales, ubicado en&#8230;<\/p>\n","protected":false},"author":123489,"featured_media":15399,"comment_status":"closed","ping_status":"closed","sticky":false,"template":"","format":"standard","meta":{"om_disable_all_campaigns":false,"_monsterinsights_skip_tracking":false,"_monsterinsights_sitenote_active":false,"_monsterinsights_sitenote_note":"","_monsterinsights_sitenote_category":0},"categories":[111,112],"tags":[],"aioseo_notices":[],"yoast_head":"<!-- This site is optimized with the Yoast SEO plugin v18.4.1 - https:\/\/yoast.com\/wordpress\/plugins\/seo\/ -->\n<title>Una misteriosa onda gravitacional: el IGFAE participa en la detecci\u00f3n de una inusual colisi\u00f3n de dos objetos c\u00f3smicos<\/title>\n<meta name=\"robots\" content=\"index, follow, max-snippet:-1, max-image-preview:large, max-video-preview:-1\" \/>\n<link rel=\"canonical\" href=\"https:\/\/igfae.usc.es\/~igfae-old\/es\/gw-230529-igfae\/\" \/>\n<meta property=\"og:locale\" content=\"es_ES\" \/>\n<meta property=\"og:type\" content=\"article\" \/>\n<meta property=\"og:title\" content=\"Una misteriosa onda gravitacional: el IGFAE participa en la detecci\u00f3n de una inusual colisi\u00f3n de dos objetos c\u00f3smicos\" \/>\n<meta property=\"og:description\" content=\"El 29 mayo de 2023, uno de los detectores de la red LIGO para la observaci\u00f3n de ondas gravitacionales, ubicado en...\" \/>\n<meta property=\"og:url\" content=\"https:\/\/igfae.usc.es\/~igfae-old\/es\/gw-230529-igfae\/\" \/>\n<meta property=\"og:site_name\" content=\"IGFAE\" \/>\n<meta property=\"article:published_time\" content=\"2024-04-08T16:40:52+00:00\" \/>\n<meta property=\"og:image\" content=\"https:\/\/igfae.usc.es\/~igfae-old\/wp-content\/uploads\/2024\/04\/GW230529_imaxe.png\" \/>\n\t<meta property=\"og:image:width\" content=\"1000\" \/>\n\t<meta property=\"og:image:height\" content=\"635\" \/>\n\t<meta property=\"og:image:type\" content=\"image\/png\" \/>\n<meta name=\"twitter:card\" content=\"summary_large_image\" \/>\n<meta name=\"twitter:creator\" content=\"@igfae_hep\" \/>\n<meta name=\"twitter:site\" content=\"@igfae_hep\" \/>\n<meta name=\"twitter:label1\" content=\"Escrito por\" \/>\n\t<meta name=\"twitter:data1\" content=\"Manuel\" \/>\n\t<meta name=\"twitter:label2\" content=\"Tiempo de lectura\" \/>\n\t<meta name=\"twitter:data2\" content=\"6 minutos\" \/>\n<script type=\"application\/ld+json\" class=\"yoast-schema-graph\">{\"@context\":\"https:\/\/schema.org\",\"@graph\":[{\"@type\":\"WebSite\",\"@id\":\"https:\/\/igfae.usc.es\/~igfae-old\/#website\",\"url\":\"https:\/\/igfae.usc.es\/~igfae-old\/\",\"name\":\"IGFAE\",\"description\":\"Instituto Galego de F\u00edsica de Altas Enerx\u00edas\",\"potentialAction\":[{\"@type\":\"SearchAction\",\"target\":{\"@type\":\"EntryPoint\",\"urlTemplate\":\"https:\/\/igfae.usc.es\/~igfae-old\/?s={search_term_string}\"},\"query-input\":\"required name=search_term_string\"}],\"inLanguage\":\"es\"},{\"@type\":\"ImageObject\",\"@id\":\"https:\/\/igfae.usc.es\/~igfae-old\/es\/gw-230529-igfae\/#primaryimage\",\"inLanguage\":\"es\",\"url\":\"https:\/\/igfae.usc.es\/~igfae-old\/wp-content\/uploads\/2024\/04\/GW230529_imaxe.png\",\"contentUrl\":\"https:\/\/igfae.usc.es\/~igfae-old\/wp-content\/uploads\/2024\/04\/GW230529_imaxe.png\",\"width\":1000,\"height\":635,\"caption\":\"A imaxe amosa a fusi\u00f3n dun buraco negro de baixa masa (en gris escuro) cunha estrela de neutr\u00f3ns. O sinal de ondas gravitacionais aparece representado cun rango de cores que van desde o azul escuro ao m\u00e1is claro. \/ Cr\u00e9dito: Cr\u00e9ditos: I. Markin (Universidade de Potsdam), T. Dietrich (Universidade de Potsdam e Instituto Max Planck de F\u00edsica Gravitacional), H. Pfeiffer, A. Buonanno (Instituto Max Planck de F\u00edsica Gravitacional).\"},{\"@type\":\"WebPage\",\"@id\":\"https:\/\/igfae.usc.es\/~igfae-old\/es\/gw-230529-igfae\/#webpage\",\"url\":\"https:\/\/igfae.usc.es\/~igfae-old\/es\/gw-230529-igfae\/\",\"name\":\"Una misteriosa onda gravitacional: el IGFAE participa en la detecci\u00f3n de una inusual colisi\u00f3n de dos objetos c\u00f3smicos\",\"isPartOf\":{\"@id\":\"https:\/\/igfae.usc.es\/~igfae-old\/#website\"},\"primaryImageOfPage\":{\"@id\":\"https:\/\/igfae.usc.es\/~igfae-old\/es\/gw-230529-igfae\/#primaryimage\"},\"datePublished\":\"2024-04-08T16:40:52+00:00\",\"dateModified\":\"2024-04-08T16:40:52+00:00\",\"author\":{\"@id\":\"https:\/\/igfae.usc.es\/~igfae-old\/#\/schema\/person\/95ba3b99e9df13cbdcc7bc968b26079f\"},\"breadcrumb\":{\"@id\":\"https:\/\/igfae.usc.es\/~igfae-old\/es\/gw-230529-igfae\/#breadcrumb\"},\"inLanguage\":\"es\",\"potentialAction\":[{\"@type\":\"ReadAction\",\"target\":[\"https:\/\/igfae.usc.es\/~igfae-old\/es\/gw-230529-igfae\/\"]}]},{\"@type\":\"BreadcrumbList\",\"@id\":\"https:\/\/igfae.usc.es\/~igfae-old\/es\/gw-230529-igfae\/#breadcrumb\",\"itemListElement\":[{\"@type\":\"ListItem\",\"position\":1,\"name\":\"Home\",\"item\":\"https:\/\/igfae.usc.es\/~igfae-old\/es\/\"},{\"@type\":\"ListItem\",\"position\":2,\"name\":\"Una misteriosa onda gravitacional: el IGFAE participa en la detecci\u00f3n de una inusual colisi\u00f3n de dos objetos c\u00f3smicos\"}]},{\"@type\":\"Person\",\"@id\":\"https:\/\/igfae.usc.es\/~igfae-old\/#\/schema\/person\/95ba3b99e9df13cbdcc7bc968b26079f\",\"name\":\"Manuel\",\"url\":\"https:\/\/igfae.usc.es\/~igfae-old\/es\/author\/manuelrey-pan\/\"}]}<\/script>\n<!-- \/ Yoast SEO plugin. -->","yoast_head_json":{"title":"Una misteriosa onda gravitacional: el IGFAE participa en la detecci\u00f3n de una inusual colisi\u00f3n de dos objetos c\u00f3smicos","robots":{"index":"index","follow":"follow","max-snippet":"max-snippet:-1","max-image-preview":"max-image-preview:large","max-video-preview":"max-video-preview:-1"},"canonical":"https:\/\/igfae.usc.es\/~igfae-old\/es\/gw-230529-igfae\/","og_locale":"es_ES","og_type":"article","og_title":"Una misteriosa onda gravitacional: el IGFAE participa en la detecci\u00f3n de una inusual colisi\u00f3n de dos objetos c\u00f3smicos","og_description":"El 29 mayo de 2023, uno de los detectores de la red LIGO para la observaci\u00f3n de ondas gravitacionales, ubicado en...","og_url":"https:\/\/igfae.usc.es\/~igfae-old\/es\/gw-230529-igfae\/","og_site_name":"IGFAE","article_published_time":"2024-04-08T16:40:52+00:00","og_image":[{"width":1000,"height":635,"url":"https:\/\/igfae.usc.es\/~igfae-old\/wp-content\/uploads\/2024\/04\/GW230529_imaxe.png","type":"image\/png"}],"twitter_card":"summary_large_image","twitter_creator":"@igfae_hep","twitter_site":"@igfae_hep","twitter_misc":{"Escrito por":"Manuel","Tiempo de lectura":"6 minutos"},"schema":{"@context":"https:\/\/schema.org","@graph":[{"@type":"WebSite","@id":"https:\/\/igfae.usc.es\/~igfae-old\/#website","url":"https:\/\/igfae.usc.es\/~igfae-old\/","name":"IGFAE","description":"Instituto Galego de F\u00edsica de Altas Enerx\u00edas","potentialAction":[{"@type":"SearchAction","target":{"@type":"EntryPoint","urlTemplate":"https:\/\/igfae.usc.es\/~igfae-old\/?s={search_term_string}"},"query-input":"required name=search_term_string"}],"inLanguage":"es"},{"@type":"ImageObject","@id":"https:\/\/igfae.usc.es\/~igfae-old\/es\/gw-230529-igfae\/#primaryimage","inLanguage":"es","url":"https:\/\/igfae.usc.es\/~igfae-old\/wp-content\/uploads\/2024\/04\/GW230529_imaxe.png","contentUrl":"https:\/\/igfae.usc.es\/~igfae-old\/wp-content\/uploads\/2024\/04\/GW230529_imaxe.png","width":1000,"height":635,"caption":"A imaxe amosa a fusi\u00f3n dun buraco negro de baixa masa (en gris escuro) cunha estrela de neutr\u00f3ns. O sinal de ondas gravitacionais aparece representado cun rango de cores que van desde o azul escuro ao m\u00e1is claro. \/ Cr\u00e9dito: Cr\u00e9ditos: I. Markin (Universidade de Potsdam), T. Dietrich (Universidade de Potsdam e Instituto Max Planck de F\u00edsica Gravitacional), H. Pfeiffer, A. Buonanno (Instituto Max Planck de F\u00edsica Gravitacional)."},{"@type":"WebPage","@id":"https:\/\/igfae.usc.es\/~igfae-old\/es\/gw-230529-igfae\/#webpage","url":"https:\/\/igfae.usc.es\/~igfae-old\/es\/gw-230529-igfae\/","name":"Una misteriosa onda gravitacional: el IGFAE participa en la detecci\u00f3n de una inusual colisi\u00f3n de dos objetos c\u00f3smicos","isPartOf":{"@id":"https:\/\/igfae.usc.es\/~igfae-old\/#website"},"primaryImageOfPage":{"@id":"https:\/\/igfae.usc.es\/~igfae-old\/es\/gw-230529-igfae\/#primaryimage"},"datePublished":"2024-04-08T16:40:52+00:00","dateModified":"2024-04-08T16:40:52+00:00","author":{"@id":"https:\/\/igfae.usc.es\/~igfae-old\/#\/schema\/person\/95ba3b99e9df13cbdcc7bc968b26079f"},"breadcrumb":{"@id":"https:\/\/igfae.usc.es\/~igfae-old\/es\/gw-230529-igfae\/#breadcrumb"},"inLanguage":"es","potentialAction":[{"@type":"ReadAction","target":["https:\/\/igfae.usc.es\/~igfae-old\/es\/gw-230529-igfae\/"]}]},{"@type":"BreadcrumbList","@id":"https:\/\/igfae.usc.es\/~igfae-old\/es\/gw-230529-igfae\/#breadcrumb","itemListElement":[{"@type":"ListItem","position":1,"name":"Home","item":"https:\/\/igfae.usc.es\/~igfae-old\/es\/"},{"@type":"ListItem","position":2,"name":"Una misteriosa onda gravitacional: el IGFAE participa en la detecci\u00f3n de una inusual colisi\u00f3n de dos objetos c\u00f3smicos"}]},{"@type":"Person","@id":"https:\/\/igfae.usc.es\/~igfae-old\/#\/schema\/person\/95ba3b99e9df13cbdcc7bc968b26079f","name":"Manuel","url":"https:\/\/igfae.usc.es\/~igfae-old\/es\/author\/manuelrey-pan\/"}]}},"_links":{"self":[{"href":"https:\/\/igfae.usc.es\/~igfae-old\/es\/wp-json\/wp\/v2\/posts\/15410"}],"collection":[{"href":"https:\/\/igfae.usc.es\/~igfae-old\/es\/wp-json\/wp\/v2\/posts"}],"about":[{"href":"https:\/\/igfae.usc.es\/~igfae-old\/es\/wp-json\/wp\/v2\/types\/post"}],"author":[{"embeddable":true,"href":"https:\/\/igfae.usc.es\/~igfae-old\/es\/wp-json\/wp\/v2\/users\/123489"}],"replies":[{"embeddable":true,"href":"https:\/\/igfae.usc.es\/~igfae-old\/es\/wp-json\/wp\/v2\/comments?post=15410"}],"version-history":[{"count":2,"href":"https:\/\/igfae.usc.es\/~igfae-old\/es\/wp-json\/wp\/v2\/posts\/15410\/revisions"}],"predecessor-version":[{"id":15424,"href":"https:\/\/igfae.usc.es\/~igfae-old\/es\/wp-json\/wp\/v2\/posts\/15410\/revisions\/15424"}],"wp:featuredmedia":[{"embeddable":true,"href":"https:\/\/igfae.usc.es\/~igfae-old\/es\/wp-json\/wp\/v2\/media\/15399"}],"wp:attachment":[{"href":"https:\/\/igfae.usc.es\/~igfae-old\/es\/wp-json\/wp\/v2\/media?parent=15410"}],"wp:term":[{"taxonomy":"category","embeddable":true,"href":"https:\/\/igfae.usc.es\/~igfae-old\/es\/wp-json\/wp\/v2\/categories?post=15410"},{"taxonomy":"post_tag","embeddable":true,"href":"https:\/\/igfae.usc.es\/~igfae-old\/es\/wp-json\/wp\/v2\/tags?post=15410"}],"curies":[{"name":"wp","href":"https:\/\/api.w.org\/{rel}","templated":true}]}}