



{"id":15237,"date":"2024-02-14T12:03:47","date_gmt":"2024-02-14T10:03:47","guid":{"rendered":"https:\/\/igfae.usc.es\/~igfae-old\/o-techlab-do-igfae-brainport-eindhoven\/"},"modified":"2024-02-14T12:38:21","modified_gmt":"2024-02-14T10:38:21","slug":"el-techlab-del-igfae-brainport-eindhoven","status":"publish","type":"post","link":"https:\/\/igfae.usc.es\/~igfae-old\/es\/el-techlab-del-igfae-brainport-eindhoven\/","title":{"rendered":"El TechLab del IGFAE organiza un encuentro sobre oportunidades profesionales en Brainport Eindhoven"},"content":{"rendered":"<p>El Instituto Galego de F\u00edsica de Altas Enerx\u00edas (IGFAE), centro mixto de la Universidad de Santiago de Compostela y la Xunta de Galicia, acoger\u00e1 el jueves 15 de febrero, de 10:00 a 14:00 horas, el encuentro \u00ab<a href=\"https:\/\/igfae.usc.es\/labs\/achegandose-a-rexion-tecnoloxica-mais-innovadora-de-europa\/\" target=\"_blank\" rel=\"noopener\">Tech &amp; IT career opportunities at the Europe&#8217;s most innovative tech region\u00bb<\/a>. La actividad est\u00e1 organizada por el TechLab del IGFAE, uno de los tres espacios que contribuyen a acercar la investigaci\u00f3n del instituto a la sociedad y a su entorno m\u00e1s inmediato. La inscripci\u00f3n puede realizarse a trav\u00e9s de este enlace.<\/p>\n<p>En el marco de esta iniciativa, la Unidad de Innovaci\u00f3n, Transferencia de Conocimiento y Tecnolog\u00eda del IGFAE organiza un encuentro con <a href=\"https:\/\/www.linkedin.com\/in\/tinusvandepas\/\" target=\"_blank\" rel=\"noopener\"><strong>Tinus van de Pas<\/strong><\/a>, fundador y CEO de <a href=\"https:\/\/www.ttalent.nl\/\" target=\"_blank\" rel=\"noopener\">TTalent<\/a>, una agencia que ofrece oportunidades profesionales a j\u00f3venes especializados en tecnolog\u00edas de la informaci\u00f3n. TTalent tiene su sede en el \u00e1rea <a href=\"https:\/\/brainporteindhoven.com\/int\/\" target=\"_blank\" rel=\"noopener\">Brainport Eindhoven<\/a>, situada en esta ciudad holandesa, considerada la principal red tecnol\u00f3gica de Europa.<\/p>\n<p>El objetivo del encuentro es acercar al personal del IGFAE (principalmente estudiantes de preescolar y junior, aunque tambi\u00e9n est\u00e1 abierto a estudiantes de f\u00edsica) las oportunidades de desarrollo profesional que puede ofrecer esta \u00e1rea.<\/p>\n<p>La conferencia se dividir\u00e1 en dos partes. En primer lugar, habr\u00e1 una presentaci\u00f3n sobre la zona de Brainport Eindhoven, las oportunidades profesionales que ofrece, la posibilidad de realizar pr\u00e1cticas e informaci\u00f3n sobre las empresas que operan en esta zona, as\u00ed como gu\u00edas y consejos sobre c\u00f3mo mejorar los CV y las cartas de motivaci\u00f3n.\u00a0A continuaci\u00f3n, las personas asistentes podr\u00e1n mantener entrevistas personales con el responsable de TTalent.<\/p>\n<h4>SobreTechLab e IGFAE Labs<\/h4>\n<p>Los TechLab son una serie de talleres e intercambios con la industria para estimular la innovacio\u0301n colaborativa y la explotacio\u0301n de los conocimientos y resultados del IGFAE, asi\u0301 como una herramienta para que el personal investigador del IGFAE explore salidas profesionales en el sector.<\/p>\n<p>TechLab es tambi\u00e9n un espacio para transferir los resultados de la investigaci\u00f3n realizada en el IGFAE a la econom\u00eda y la sociedad. Para garantizar que nuestras ideas tambi\u00e9n puedan materializarse y aplicarse, cooperaremos activamente con diferentes socios de la ciencia y la investigaci\u00f3n, as\u00ed como con agentes de la econom\u00eda y la industria, asociaciones y redes. Adem\u00e1s, ponemos a disposici\u00f3n nuestros conocimientos cient\u00edficos y t\u00e9cnicos y nuestra infraestructura a trav\u00e9s de nuestra oferta de investigaci\u00f3n y trabajo por contrato.<\/p>\n<p>Los Labs del IGFAE nacieron como espacios para dirigir y estructurar nuestro trabajo cient\u00edfico hacia una investigaci\u00f3n e innovaci\u00f3n (RRI, Responsible Research &amp; Innovation) m\u00e1s responsable con la sociedad y su entorno inmediato. Esta estrategia de compromiso industrial y social divide sus actividades en laboratorios que sirven como espacios para discutir nuevas iniciativas con actores externos y colaboradores del IGFAE seg\u00fan \u00e1reas tem\u00e1ticas (ArtLab, EduLab y TechLab).<\/p>\n","protected":false},"excerpt":{"rendered":"<p>El Instituto Galego de F\u00edsica de Altas Enerx\u00edas (IGFAE), centro mixto de la Universidad de Santiago de Compostela y la Xunta&#8230;<\/p>\n","protected":false},"author":123489,"featured_media":15233,"comment_status":"closed","ping_status":"closed","sticky":false,"template":"","format":"standard","meta":{"om_disable_all_campaigns":false,"_monsterinsights_skip_tracking":false,"_monsterinsights_sitenote_active":false,"_monsterinsights_sitenote_note":"","_monsterinsights_sitenote_category":0},"categories":[111,198],"tags":[231,228,230,229],"aioseo_notices":[],"yoast_head":"<!-- This site is optimized with the Yoast SEO plugin v18.4.1 - https:\/\/yoast.com\/wordpress\/plugins\/seo\/ -->\n<title>El TechLab del IGFAE organiza un encuentro sobre oportunidades profesionales en Brainport Eindhoven<\/title>\n<meta name=\"robots\" content=\"index, follow, max-snippet:-1, max-image-preview:large, max-video-preview:-1\" \/>\n<link rel=\"canonical\" href=\"https:\/\/igfae.usc.es\/~igfae-old\/es\/el-techlab-del-igfae-brainport-eindhoven\/\" \/>\n<meta property=\"og:locale\" content=\"es_ES\" \/>\n<meta property=\"og:type\" content=\"article\" \/>\n<meta property=\"og:title\" content=\"El TechLab del IGFAE organiza un encuentro sobre oportunidades profesionales en Brainport Eindhoven\" \/>\n<meta property=\"og:description\" content=\"El Instituto Galego de F\u00edsica de Altas Enerx\u00edas (IGFAE), centro mixto de la Universidad de Santiago de Compostela y la Xunta...\" \/>\n<meta property=\"og:url\" content=\"https:\/\/igfae.usc.es\/~igfae-old\/es\/el-techlab-del-igfae-brainport-eindhoven\/\" \/>\n<meta property=\"og:site_name\" content=\"IGFAE\" \/>\n<meta property=\"article:published_time\" content=\"2024-02-14T10:03:47+00:00\" \/>\n<meta property=\"article:modified_time\" content=\"2024-02-14T10:38:21+00:00\" \/>\n<meta property=\"og:image\" content=\"https:\/\/igfae.usc.es\/~igfae-old\/wp-content\/uploads\/2024\/02\/cartel-tinus.jpg\" \/>\n\t<meta property=\"og:image:width\" content=\"1117\" \/>\n\t<meta property=\"og:image:height\" content=\"783\" \/>\n\t<meta property=\"og:image:type\" content=\"image\/jpeg\" \/>\n<meta name=\"twitter:card\" content=\"summary_large_image\" \/>\n<meta name=\"twitter:creator\" content=\"@igfae_hep\" \/>\n<meta name=\"twitter:site\" content=\"@igfae_hep\" \/>\n<meta name=\"twitter:label1\" content=\"Escrito por\" \/>\n\t<meta name=\"twitter:data1\" content=\"Manuel\" \/>\n\t<meta name=\"twitter:label2\" content=\"Tiempo de lectura\" \/>\n\t<meta name=\"twitter:data2\" content=\"2 minutos\" \/>\n<script type=\"application\/ld+json\" class=\"yoast-schema-graph\">{\"@context\":\"https:\/\/schema.org\",\"@graph\":[{\"@type\":\"WebSite\",\"@id\":\"https:\/\/igfae.usc.es\/~igfae-old\/#website\",\"url\":\"https:\/\/igfae.usc.es\/~igfae-old\/\",\"name\":\"IGFAE\",\"description\":\"Instituto Galego de F\u00edsica de Altas Enerx\u00edas\",\"potentialAction\":[{\"@type\":\"SearchAction\",\"target\":{\"@type\":\"EntryPoint\",\"urlTemplate\":\"https:\/\/igfae.usc.es\/~igfae-old\/?s={search_term_string}\"},\"query-input\":\"required name=search_term_string\"}],\"inLanguage\":\"es\"},{\"@type\":\"ImageObject\",\"@id\":\"https:\/\/igfae.usc.es\/~igfae-old\/es\/el-techlab-del-igfae-brainport-eindhoven\/#primaryimage\",\"inLanguage\":\"es\",\"url\":\"https:\/\/igfae.usc.es\/~igfae-old\/wp-content\/uploads\/2024\/02\/cartel-tinus.jpg\",\"contentUrl\":\"https:\/\/igfae.usc.es\/~igfae-old\/wp-content\/uploads\/2024\/02\/cartel-tinus.jpg\",\"width\":1117,\"height\":783},{\"@type\":\"WebPage\",\"@id\":\"https:\/\/igfae.usc.es\/~igfae-old\/es\/el-techlab-del-igfae-brainport-eindhoven\/#webpage\",\"url\":\"https:\/\/igfae.usc.es\/~igfae-old\/es\/el-techlab-del-igfae-brainport-eindhoven\/\",\"name\":\"El TechLab del IGFAE organiza un encuentro sobre oportunidades profesionales en Brainport Eindhoven\",\"isPartOf\":{\"@id\":\"https:\/\/igfae.usc.es\/~igfae-old\/#website\"},\"primaryImageOfPage\":{\"@id\":\"https:\/\/igfae.usc.es\/~igfae-old\/es\/el-techlab-del-igfae-brainport-eindhoven\/#primaryimage\"},\"datePublished\":\"2024-02-14T10:03:47+00:00\",\"dateModified\":\"2024-02-14T10:38:21+00:00\",\"author\":{\"@id\":\"https:\/\/igfae.usc.es\/~igfae-old\/#\/schema\/person\/95ba3b99e9df13cbdcc7bc968b26079f\"},\"breadcrumb\":{\"@id\":\"https:\/\/igfae.usc.es\/~igfae-old\/es\/el-techlab-del-igfae-brainport-eindhoven\/#breadcrumb\"},\"inLanguage\":\"es\",\"potentialAction\":[{\"@type\":\"ReadAction\",\"target\":[\"https:\/\/igfae.usc.es\/~igfae-old\/es\/el-techlab-del-igfae-brainport-eindhoven\/\"]}]},{\"@type\":\"BreadcrumbList\",\"@id\":\"https:\/\/igfae.usc.es\/~igfae-old\/es\/el-techlab-del-igfae-brainport-eindhoven\/#breadcrumb\",\"itemListElement\":[{\"@type\":\"ListItem\",\"position\":1,\"name\":\"Home\",\"item\":\"https:\/\/igfae.usc.es\/~igfae-old\/es\/\"},{\"@type\":\"ListItem\",\"position\":2,\"name\":\"El TechLab del IGFAE organiza un encuentro sobre oportunidades profesionales en Brainport Eindhoven\"}]},{\"@type\":\"Person\",\"@id\":\"https:\/\/igfae.usc.es\/~igfae-old\/#\/schema\/person\/95ba3b99e9df13cbdcc7bc968b26079f\",\"name\":\"Manuel\",\"url\":\"https:\/\/igfae.usc.es\/~igfae-old\/es\/author\/manuelrey-pan\/\"}]}<\/script>\n<!-- \/ Yoast SEO plugin. -->","yoast_head_json":{"title":"El TechLab del IGFAE organiza un encuentro sobre oportunidades profesionales en Brainport Eindhoven","robots":{"index":"index","follow":"follow","max-snippet":"max-snippet:-1","max-image-preview":"max-image-preview:large","max-video-preview":"max-video-preview:-1"},"canonical":"https:\/\/igfae.usc.es\/~igfae-old\/es\/el-techlab-del-igfae-brainport-eindhoven\/","og_locale":"es_ES","og_type":"article","og_title":"El TechLab del IGFAE organiza un encuentro sobre oportunidades profesionales en Brainport Eindhoven","og_description":"El Instituto Galego de F\u00edsica de Altas Enerx\u00edas (IGFAE), centro mixto de la Universidad de Santiago de Compostela y la Xunta...","og_url":"https:\/\/igfae.usc.es\/~igfae-old\/es\/el-techlab-del-igfae-brainport-eindhoven\/","og_site_name":"IGFAE","article_published_time":"2024-02-14T10:03:47+00:00","article_modified_time":"2024-02-14T10:38:21+00:00","og_image":[{"width":1117,"height":783,"url":"https:\/\/igfae.usc.es\/~igfae-old\/wp-content\/uploads\/2024\/02\/cartel-tinus.jpg","type":"image\/jpeg"}],"twitter_card":"summary_large_image","twitter_creator":"@igfae_hep","twitter_site":"@igfae_hep","twitter_misc":{"Escrito por":"Manuel","Tiempo de lectura":"2 minutos"},"schema":{"@context":"https:\/\/schema.org","@graph":[{"@type":"WebSite","@id":"https:\/\/igfae.usc.es\/~igfae-old\/#website","url":"https:\/\/igfae.usc.es\/~igfae-old\/","name":"IGFAE","description":"Instituto Galego de F\u00edsica de Altas Enerx\u00edas","potentialAction":[{"@type":"SearchAction","target":{"@type":"EntryPoint","urlTemplate":"https:\/\/igfae.usc.es\/~igfae-old\/?s={search_term_string}"},"query-input":"required name=search_term_string"}],"inLanguage":"es"},{"@type":"ImageObject","@id":"https:\/\/igfae.usc.es\/~igfae-old\/es\/el-techlab-del-igfae-brainport-eindhoven\/#primaryimage","inLanguage":"es","url":"https:\/\/igfae.usc.es\/~igfae-old\/wp-content\/uploads\/2024\/02\/cartel-tinus.jpg","contentUrl":"https:\/\/igfae.usc.es\/~igfae-old\/wp-content\/uploads\/2024\/02\/cartel-tinus.jpg","width":1117,"height":783},{"@type":"WebPage","@id":"https:\/\/igfae.usc.es\/~igfae-old\/es\/el-techlab-del-igfae-brainport-eindhoven\/#webpage","url":"https:\/\/igfae.usc.es\/~igfae-old\/es\/el-techlab-del-igfae-brainport-eindhoven\/","name":"El TechLab del IGFAE organiza un encuentro sobre oportunidades profesionales en Brainport Eindhoven","isPartOf":{"@id":"https:\/\/igfae.usc.es\/~igfae-old\/#website"},"primaryImageOfPage":{"@id":"https:\/\/igfae.usc.es\/~igfae-old\/es\/el-techlab-del-igfae-brainport-eindhoven\/#primaryimage"},"datePublished":"2024-02-14T10:03:47+00:00","dateModified":"2024-02-14T10:38:21+00:00","author":{"@id":"https:\/\/igfae.usc.es\/~igfae-old\/#\/schema\/person\/95ba3b99e9df13cbdcc7bc968b26079f"},"breadcrumb":{"@id":"https:\/\/igfae.usc.es\/~igfae-old\/es\/el-techlab-del-igfae-brainport-eindhoven\/#breadcrumb"},"inLanguage":"es","potentialAction":[{"@type":"ReadAction","target":["https:\/\/igfae.usc.es\/~igfae-old\/es\/el-techlab-del-igfae-brainport-eindhoven\/"]}]},{"@type":"BreadcrumbList","@id":"https:\/\/igfae.usc.es\/~igfae-old\/es\/el-techlab-del-igfae-brainport-eindhoven\/#breadcrumb","itemListElement":[{"@type":"ListItem","position":1,"name":"Home","item":"https:\/\/igfae.usc.es\/~igfae-old\/es\/"},{"@type":"ListItem","position":2,"name":"El TechLab del IGFAE organiza un encuentro sobre oportunidades profesionales en Brainport Eindhoven"}]},{"@type":"Person","@id":"https:\/\/igfae.usc.es\/~igfae-old\/#\/schema\/person\/95ba3b99e9df13cbdcc7bc968b26079f","name":"Manuel","url":"https:\/\/igfae.usc.es\/~igfae-old\/es\/author\/manuelrey-pan\/"}]}},"_links":{"self":[{"href":"https:\/\/igfae.usc.es\/~igfae-old\/es\/wp-json\/wp\/v2\/posts\/15237"}],"collection":[{"href":"https:\/\/igfae.usc.es\/~igfae-old\/es\/wp-json\/wp\/v2\/posts"}],"about":[{"href":"https:\/\/igfae.usc.es\/~igfae-old\/es\/wp-json\/wp\/v2\/types\/post"}],"author":[{"embeddable":true,"href":"https:\/\/igfae.usc.es\/~igfae-old\/es\/wp-json\/wp\/v2\/users\/123489"}],"replies":[{"embeddable":true,"href":"https:\/\/igfae.usc.es\/~igfae-old\/es\/wp-json\/wp\/v2\/comments?post=15237"}],"version-history":[{"count":6,"href":"https:\/\/igfae.usc.es\/~igfae-old\/es\/wp-json\/wp\/v2\/posts\/15237\/revisions"}],"predecessor-version":[{"id":15250,"href":"https:\/\/igfae.usc.es\/~igfae-old\/es\/wp-json\/wp\/v2\/posts\/15237\/revisions\/15250"}],"wp:featuredmedia":[{"embeddable":true,"href":"https:\/\/igfae.usc.es\/~igfae-old\/es\/wp-json\/wp\/v2\/media\/15233"}],"wp:attachment":[{"href":"https:\/\/igfae.usc.es\/~igfae-old\/es\/wp-json\/wp\/v2\/media?parent=15237"}],"wp:term":[{"taxonomy":"category","embeddable":true,"href":"https:\/\/igfae.usc.es\/~igfae-old\/es\/wp-json\/wp\/v2\/categories?post=15237"},{"taxonomy":"post_tag","embeddable":true,"href":"https:\/\/igfae.usc.es\/~igfae-old\/es\/wp-json\/wp\/v2\/tags?post=15237"}],"curies":[{"name":"wp","href":"https:\/\/api.w.org\/{rel}","templated":true}]}}