



{"id":14857,"date":"2023-11-17T09:28:27","date_gmt":"2023-11-17T07:28:27","guid":{"rendered":"https:\/\/igfae.usc.es\/~igfae-old\/centos-de-persoas-vi-semana-da-ciencia\/"},"modified":"2023-12-12T15:30:23","modified_gmt":"2023-12-12T13:30:23","slug":"centos-de-persoas-vi-semana-da-ciencia","status":"publish","type":"post","link":"https:\/\/igfae.usc.es\/~igfae-old\/es\/centos-de-persoas-vi-semana-da-ciencia\/","title":{"rendered":"Centos de persoas desfrutaron da VI Semana da Ciencia do IGFAE"},"content":{"rendered":"<p>A conferencia do profesor do MIT <a href=\"https:\/\/igfae.usc.es\/~igfae-old\/es\/conferencia-krishna-rajagopal\/\" target=\"_blank\" rel=\"noopener\"><strong>Krishna Rajagopal,<\/strong> <\/a>celebrada no Auditorio Abanca de Santiago de Compostela o pasado m\u00e9rcores 15 de novembro, pechou a VI Edici\u00f3n da Semana da Ciencia do IGFAE. Nesta ocasi\u00f3n, o evento conmemorou o <a href=\"https:\/\/igfae.usc.es\/~igfae-old\/es\/semana-da-ciencia-igfae-50-anos-fisica-de-particulas\/\" target=\"_blank\" rel=\"noopener\">50\u00ba aniversario dun dos \u00faltimos grandes fitos da f\u00edsica de part\u00edculas<\/a>: o descubrimento da <strong>liberdade asint\u00f3tica,<\/strong> postulada por David Gross, Frank Wilczek (mentor de Krishna Rajagopal) e David Politzer no ano 1973, e que lles valeu o Premio Nobel de F\u00edsica en 2004.<\/p>\n<p>Arredor de 300 persoas, moitas delas alumnado de F\u00edsica da USC, puideron desfrutar da charla &#8217;50 anos da liberdade dos quarks: da sopa do Big Bang aos prot\u00f3ns e viceversa&#8217;, na que Rajagopal fixo un percorrido polo estudo dos quarks e a s\u00faa interacci\u00f3n cos glu\u00f3ns, o &#8216;pegamento&#8217; une as part\u00edculas m\u00e1is elementais, desde os primeiros instantes do Big Bang ata a recreaci\u00f3n destas condici\u00f3ns nos aceleradores de part\u00edculas m\u00e1is potentes da actualidade.<\/p>\n<div class=\"image-slider slider-all-controls controls-inside\"><ul class=\"slides\"><li><img width=\"2560\" height=\"1707\" src=\"https:\/\/igfae.usc.es\/~igfae-old\/wp-content\/uploads\/2023\/11\/Conferencia-Krishna-Rajagopal_4-scaled.jpg\" class=\"attachment-full size-full\" alt=\"\" loading=\"lazy\" srcset=\"https:\/\/igfae.usc.es\/~igfae-old\/wp-content\/uploads\/2023\/11\/Conferencia-Krishna-Rajagopal_4-scaled.jpg 2560w, https:\/\/igfae.usc.es\/~igfae-old\/wp-content\/uploads\/2023\/11\/Conferencia-Krishna-Rajagopal_4-300x200.jpg 300w, https:\/\/igfae.usc.es\/~igfae-old\/wp-content\/uploads\/2023\/11\/Conferencia-Krishna-Rajagopal_4-1024x683.jpg 1024w, https:\/\/igfae.usc.es\/~igfae-old\/wp-content\/uploads\/2023\/11\/Conferencia-Krishna-Rajagopal_4-768x512.jpg 768w, https:\/\/igfae.usc.es\/~igfae-old\/wp-content\/uploads\/2023\/11\/Conferencia-Krishna-Rajagopal_4-1536x1024.jpg 1536w, https:\/\/igfae.usc.es\/~igfae-old\/wp-content\/uploads\/2023\/11\/Conferencia-Krishna-Rajagopal_4-2048x1365.jpg 2048w, https:\/\/igfae.usc.es\/~igfae-old\/wp-content\/uploads\/2023\/11\/Conferencia-Krishna-Rajagopal_4-600x400.jpg 600w\" sizes=\"(max-width: 2560px) 100vw, 2560px\" \/><\/li><li><img width=\"2560\" height=\"1707\" src=\"https:\/\/igfae.usc.es\/~igfae-old\/wp-content\/uploads\/2023\/11\/Conferencia-Krishna-Rajagopal_7-scaled.jpg\" class=\"attachment-full size-full\" alt=\"\" loading=\"lazy\" srcset=\"https:\/\/igfae.usc.es\/~igfae-old\/wp-content\/uploads\/2023\/11\/Conferencia-Krishna-Rajagopal_7-scaled.jpg 2560w, https:\/\/igfae.usc.es\/~igfae-old\/wp-content\/uploads\/2023\/11\/Conferencia-Krishna-Rajagopal_7-300x200.jpg 300w, https:\/\/igfae.usc.es\/~igfae-old\/wp-content\/uploads\/2023\/11\/Conferencia-Krishna-Rajagopal_7-1024x683.jpg 1024w, https:\/\/igfae.usc.es\/~igfae-old\/wp-content\/uploads\/2023\/11\/Conferencia-Krishna-Rajagopal_7-768x512.jpg 768w, https:\/\/igfae.usc.es\/~igfae-old\/wp-content\/uploads\/2023\/11\/Conferencia-Krishna-Rajagopal_7-1536x1024.jpg 1536w, https:\/\/igfae.usc.es\/~igfae-old\/wp-content\/uploads\/2023\/11\/Conferencia-Krishna-Rajagopal_7-2048x1365.jpg 2048w, https:\/\/igfae.usc.es\/~igfae-old\/wp-content\/uploads\/2023\/11\/Conferencia-Krishna-Rajagopal_7-600x400.jpg 600w\" sizes=\"(max-width: 2560px) 100vw, 2560px\" \/><\/li><li><img width=\"2560\" height=\"1707\" src=\"https:\/\/igfae.usc.es\/~igfae-old\/wp-content\/uploads\/2023\/11\/Conferencia-Krishna-Rajagopal_1-scaled.jpg\" class=\"attachment-full size-full\" alt=\"\" loading=\"lazy\" srcset=\"https:\/\/igfae.usc.es\/~igfae-old\/wp-content\/uploads\/2023\/11\/Conferencia-Krishna-Rajagopal_1-scaled.jpg 2560w, https:\/\/igfae.usc.es\/~igfae-old\/wp-content\/uploads\/2023\/11\/Conferencia-Krishna-Rajagopal_1-300x200.jpg 300w, https:\/\/igfae.usc.es\/~igfae-old\/wp-content\/uploads\/2023\/11\/Conferencia-Krishna-Rajagopal_1-1024x683.jpg 1024w, https:\/\/igfae.usc.es\/~igfae-old\/wp-content\/uploads\/2023\/11\/Conferencia-Krishna-Rajagopal_1-768x512.jpg 768w, https:\/\/igfae.usc.es\/~igfae-old\/wp-content\/uploads\/2023\/11\/Conferencia-Krishna-Rajagopal_1-1536x1024.jpg 1536w, https:\/\/igfae.usc.es\/~igfae-old\/wp-content\/uploads\/2023\/11\/Conferencia-Krishna-Rajagopal_1-2048x1365.jpg 2048w, https:\/\/igfae.usc.es\/~igfae-old\/wp-content\/uploads\/2023\/11\/Conferencia-Krishna-Rajagopal_1-600x400.jpg 600w\" sizes=\"(max-width: 2560px) 100vw, 2560px\" \/><\/li><li><img width=\"2560\" height=\"1707\" src=\"https:\/\/igfae.usc.es\/~igfae-old\/wp-content\/uploads\/2023\/11\/Conferencia-Krishna-Rajagopal_6-scaled.jpg\" class=\"attachment-full size-full\" alt=\"\" loading=\"lazy\" srcset=\"https:\/\/igfae.usc.es\/~igfae-old\/wp-content\/uploads\/2023\/11\/Conferencia-Krishna-Rajagopal_6-scaled.jpg 2560w, https:\/\/igfae.usc.es\/~igfae-old\/wp-content\/uploads\/2023\/11\/Conferencia-Krishna-Rajagopal_6-300x200.jpg 300w, https:\/\/igfae.usc.es\/~igfae-old\/wp-content\/uploads\/2023\/11\/Conferencia-Krishna-Rajagopal_6-1024x683.jpg 1024w, https:\/\/igfae.usc.es\/~igfae-old\/wp-content\/uploads\/2023\/11\/Conferencia-Krishna-Rajagopal_6-768x512.jpg 768w, https:\/\/igfae.usc.es\/~igfae-old\/wp-content\/uploads\/2023\/11\/Conferencia-Krishna-Rajagopal_6-1536x1024.jpg 1536w, https:\/\/igfae.usc.es\/~igfae-old\/wp-content\/uploads\/2023\/11\/Conferencia-Krishna-Rajagopal_6-2048x1365.jpg 2048w, https:\/\/igfae.usc.es\/~igfae-old\/wp-content\/uploads\/2023\/11\/Conferencia-Krishna-Rajagopal_6-600x400.jpg 600w\" sizes=\"(max-width: 2560px) 100vw, 2560px\" \/><\/li><\/ul><\/div>\n<p>Xusto o d\u00eda anterior, Krishna Rajagopal tam\u00e9n asistiu como p\u00fablico \u00e1<a href=\"https:\/\/igfae.usc.es\/~igfae-old\/es\/nerd-nite-vi-semana-da-ciencia\/\" target=\"_blank\" rel=\"noopener\"><strong> NerdNite<\/strong> <\/a>celebrada na Nave de Vid\u00e1n. Como en anteriores edici\u00f3ns, este evento de divulgaci\u00f3n organizado polo catedr\u00e1tico de Electromagnetismo Jorge Mira dedica unha das s\u00faas sesi\u00f3ns anuais aos temas que se abordan na Semana da Ciencia do IGFAE. As\u00ed, o martes 14 de novembro, Jose Edelstein, Clara Landesa e Carlos Salgado ofreceron cadans\u00faa charla sobre a liberdade asint\u00f3tica e sobre o achado dos bos\u00f3ns W e Z, que tam\u00e9n estaban de &#8216;aniversario&#8217; xa que en 2023 se cumpren 40 anos deste fito, acadado no CERN.<\/p>\n<div id=\"attachment_14826\" style=\"width: 1034px\" class=\"wp-caption aligncenter\"><img aria-describedby=\"caption-attachment-14826\" loading=\"lazy\" class=\"wp-image-14826 size-large\" src=\"https:\/\/igfae.usc.es\/~igfae-old\/wp-content\/uploads\/2023\/11\/NerdNite-IGFAE-2023_1-1024x683.jpg\" alt=\"Jorge Mira, Krishna Rajagopal, Carlos Salgado, Clara Landesa e Jose Edelstein, na NerdNite celebrada o 14 de novembro de 2023 na Nave de Vid\u00e1n. Foto: IGFAE.\" width=\"1024\" height=\"683\" srcset=\"https:\/\/igfae.usc.es\/~igfae-old\/wp-content\/uploads\/2023\/11\/NerdNite-IGFAE-2023_1-1024x683.jpg 1024w, https:\/\/igfae.usc.es\/~igfae-old\/wp-content\/uploads\/2023\/11\/NerdNite-IGFAE-2023_1-300x200.jpg 300w, https:\/\/igfae.usc.es\/~igfae-old\/wp-content\/uploads\/2023\/11\/NerdNite-IGFAE-2023_1-768x512.jpg 768w, https:\/\/igfae.usc.es\/~igfae-old\/wp-content\/uploads\/2023\/11\/NerdNite-IGFAE-2023_1-1536x1024.jpg 1536w, https:\/\/igfae.usc.es\/~igfae-old\/wp-content\/uploads\/2023\/11\/NerdNite-IGFAE-2023_1-2048x1365.jpg 2048w, https:\/\/igfae.usc.es\/~igfae-old\/wp-content\/uploads\/2023\/11\/NerdNite-IGFAE-2023_1-600x400.jpg 600w\" sizes=\"(max-width: 1024px) 100vw, 1024px\" \/><p id=\"caption-attachment-14826\" class=\"wp-caption-text\">Jorge Mira, Krishna Rajagopal, Carlos Salgado, Clara Landesa e Jose Edelstein, na NerdNite celebrada o 14 de novembro de 2023 na Nave de Vid\u00e1n. Foto: IGFAE.<\/p><\/div>\n<h5>Cinco actividades para achegar a ciencia \u00e1 sociedade<\/h5>\n<p>O m\u00e9rcores 9, a VI Edici\u00f3n da Semana da Ciencia comezou cunha nova entrega de<a href=\"https:\/\/igfae.usc.es\/~igfae-old\/es\/alan-sokal-en-transfronteirizas\/\" target=\"_blank\" rel=\"noopener\"> &#8216;Transfronteirizas, conversas de arte e ciencia&#8217;, que tivo como protagonista a Alan Sokal<\/a>. O f\u00edsico estadounidense \u00e9 co\u00f1ecido por desencadear en 1996 un profundo debate acad\u00e9mico; protagonizou o &#8216;Esc\u00e1ndalo Sokal\u2019, co que evidenciou a falta de rigor intelectual en alg\u00fans sectores da academia, ao redactar un artigo cheo de conceptos grandilocuentes, pero sen sentido, no que sosti\u00f1a que a gravidade cu\u00e1ntica non \u00e9 m\u00e1is ca un constructo social e ling\u00fc\u00edstico.<\/p>\n<p><iframe loading=\"lazy\" title=\"&#039;Transfronteirizas, conversas de arte e ciencia&#039; con Alan Sokal\" width=\"1170\" height=\"658\" src=\"https:\/\/www.youtube.com\/embed\/F7_mxQ7xs-Y?feature=oembed\" frameborder=\"0\" allow=\"accelerometer; autoplay; clipboard-write; encrypted-media; gyroscope; picture-in-picture; web-share\" allowfullscreen><\/iframe><\/p>\n<p>O <a href=\"https:\/\/igfae.usc.es\/~igfae-old\/es\/o-proxecto-medra-lanza-a-sua-2a-edicion-para-animar-ao-alumnado-de-bacharelato-a-investigar-en-fisica-de-particulas\/\" target=\"_blank\" rel=\"noopener\">venres 10, o IGFAE acolleu a I Reuni\u00f3n do Proxecto MEDRA,<\/a> unha iniciativa do EduLab do IGFAE, ofrece ao alumnado de bacharelato de centros educativos de Galicia a s\u00faa primeira experiencia investigadora en f\u00edsica nuclear de part\u00edculas.<\/p>\n<div id=\"attachment_14666\" style=\"width: 1034px\" class=\"wp-caption aligncenter\"><img aria-describedby=\"caption-attachment-14666\" loading=\"lazy\" class=\"size-large wp-image-14666\" src=\"https:\/\/igfae.usc.es\/~igfae-old\/wp-content\/uploads\/2023\/11\/I-Reunion-MEDRA-1024x741.jpg\" alt=\"Participantes da 1\u00aa edici\u00f3n do proxecto MEDRA, na reuni\u00f3n celebrada este venres no IGFAE.\" width=\"1024\" height=\"741\" srcset=\"https:\/\/igfae.usc.es\/~igfae-old\/wp-content\/uploads\/2023\/11\/I-Reunion-MEDRA-1024x741.jpg 1024w, https:\/\/igfae.usc.es\/~igfae-old\/wp-content\/uploads\/2023\/11\/I-Reunion-MEDRA-300x217.jpg 300w, https:\/\/igfae.usc.es\/~igfae-old\/wp-content\/uploads\/2023\/11\/I-Reunion-MEDRA-768x556.jpg 768w, https:\/\/igfae.usc.es\/~igfae-old\/wp-content\/uploads\/2023\/11\/I-Reunion-MEDRA-1536x1112.jpg 1536w, https:\/\/igfae.usc.es\/~igfae-old\/wp-content\/uploads\/2023\/11\/I-Reunion-MEDRA-2048x1483.jpg 2048w\" sizes=\"(max-width: 1024px) 100vw, 1024px\" \/><p id=\"caption-attachment-14666\" class=\"wp-caption-text\">Participantes da 1\u00aa edici\u00f3n do proxecto MEDRA, na reuni\u00f3n celebrada este venres no IGFAE.<\/p><\/div>\n<p>O alumnado e profesorado participantes na primeira edici\u00f3n desta iniciativa presentaron os seus traballos. O acto serviu tam\u00e9n para lanzar a convocatoria da segunda edici\u00f3n do proxecto, que ter\u00e1 lugar no presente curso acad\u00e9mico, e<a href=\"https:\/\/forms.office.com\/Pages\/DesignPageV2.aspx?subpage=design&amp;token=6cef7321227044b68d7ea294caea4fac&amp;id=LEUNj6S3ZEm4EIw5c3RHe7yBdrcjWUtFqv5ESCk5UFdUM0tWTjdOVFFEMVlYM05aR0tQVjNITkFNTi4u\" target=\"_blank\" rel=\"noopener\"><strong> cuxo prazo de inscrici\u00f3n est\u00e1 aberto ata o vindeiro 30 de novembro.<\/strong><\/a><\/p>\n<p>Un ano m\u00e1is, a Semana da Ciencia tam\u00e9n acolleu unha nova edici\u00f3n do IGFAE C3, o Concurso de Comunicaci\u00f3n Cient\u00edfica que o centro leva celebrando desde 2018. <a href=\"https:\/\/igfae.usc.es\/~igfae-old\/es\/o-concurso-igfae-c3-anuncia-o-ditame-da-sua-sexta-edicion\/\" target=\"_blank\" rel=\"noopener\">O luns 13 anunci\u00e1ronse os catro traballos ga\u00f1adores nas s\u00faas respectivas categor\u00edas.<\/a><\/p>\n","protected":false},"excerpt":{"rendered":"<p>A conferencia do profesor do MIT Krishna Rajagopal, celebrada no Auditorio Abanca de Santiago de Compostela o pasado m\u00e9rcores 15 de&#8230;<\/p>\n","protected":false},"author":123489,"featured_media":14811,"comment_status":"closed","ping_status":"closed","sticky":false,"template":"","format":"standard","meta":{"om_disable_all_campaigns":false,"_monsterinsights_skip_tracking":false,"_monsterinsights_sitenote_active":false,"_monsterinsights_sitenote_note":"","_monsterinsights_sitenote_category":0},"categories":[113,111],"tags":[187,191,186],"aioseo_notices":[],"yoast_head":"<!-- This site is optimized with the Yoast SEO plugin v18.4.1 - https:\/\/yoast.com\/wordpress\/plugins\/seo\/ -->\n<title>Centos de persoas desfrutaron da VI Semana da Ciencia do IGFAE - IGFAE<\/title>\n<meta name=\"robots\" content=\"index, follow, max-snippet:-1, max-image-preview:large, max-video-preview:-1\" \/>\n<link rel=\"canonical\" href=\"https:\/\/igfae.usc.es\/~igfae-old\/es\/centos-de-persoas-vi-semana-da-ciencia\/\" \/>\n<meta property=\"og:locale\" content=\"es_ES\" \/>\n<meta property=\"og:type\" content=\"article\" \/>\n<meta property=\"og:title\" content=\"Centos de persoas desfrutaron da VI Semana da Ciencia do IGFAE - IGFAE\" \/>\n<meta property=\"og:description\" content=\"A conferencia do profesor do MIT Krishna Rajagopal, celebrada no Auditorio Abanca de Santiago de Compostela o pasado m\u00e9rcores 15 de...\" \/>\n<meta property=\"og:url\" content=\"https:\/\/igfae.usc.es\/~igfae-old\/es\/centos-de-persoas-vi-semana-da-ciencia\/\" \/>\n<meta property=\"og:site_name\" content=\"IGFAE\" \/>\n<meta property=\"article:published_time\" content=\"2023-11-17T07:28:27+00:00\" \/>\n<meta property=\"article:modified_time\" content=\"2023-12-12T13:30:23+00:00\" \/>\n<meta property=\"og:image\" content=\"https:\/\/igfae.usc.es\/~igfae-old\/wp-content\/uploads\/2023\/11\/Conferencia-Krishna-Rajagopal_8.jpg\" \/>\n\t<meta property=\"og:image:width\" content=\"1000\" \/>\n\t<meta property=\"og:image:height\" content=\"698\" \/>\n\t<meta property=\"og:image:type\" content=\"image\/jpeg\" \/>\n<meta name=\"twitter:card\" content=\"summary_large_image\" \/>\n<meta name=\"twitter:creator\" content=\"@igfae_hep\" \/>\n<meta name=\"twitter:site\" content=\"@igfae_hep\" \/>\n<meta name=\"twitter:label1\" content=\"Escrito por\" \/>\n\t<meta name=\"twitter:data1\" content=\"Manuel\" \/>\n\t<meta name=\"twitter:label2\" content=\"Tiempo de lectura\" \/>\n\t<meta name=\"twitter:data2\" content=\"2 minutos\" \/>\n<script type=\"application\/ld+json\" class=\"yoast-schema-graph\">{\"@context\":\"https:\/\/schema.org\",\"@graph\":[{\"@type\":\"WebSite\",\"@id\":\"https:\/\/igfae.usc.es\/~igfae-old\/#website\",\"url\":\"https:\/\/igfae.usc.es\/~igfae-old\/\",\"name\":\"IGFAE\",\"description\":\"Instituto Galego de F\u00edsica de Altas Enerx\u00edas\",\"potentialAction\":[{\"@type\":\"SearchAction\",\"target\":{\"@type\":\"EntryPoint\",\"urlTemplate\":\"https:\/\/igfae.usc.es\/~igfae-old\/?s={search_term_string}\"},\"query-input\":\"required name=search_term_string\"}],\"inLanguage\":\"es\"},{\"@type\":\"ImageObject\",\"@id\":\"https:\/\/igfae.usc.es\/~igfae-old\/es\/centos-de-persoas-vi-semana-da-ciencia\/#primaryimage\",\"inLanguage\":\"es\",\"url\":\"https:\/\/igfae.usc.es\/~igfae-old\/wp-content\/uploads\/2023\/11\/Conferencia-Krishna-Rajagopal_8.jpg\",\"contentUrl\":\"https:\/\/igfae.usc.es\/~igfae-old\/wp-content\/uploads\/2023\/11\/Conferencia-Krishna-Rajagopal_8.jpg\",\"width\":1000,\"height\":698},{\"@type\":\"WebPage\",\"@id\":\"https:\/\/igfae.usc.es\/~igfae-old\/es\/centos-de-persoas-vi-semana-da-ciencia\/#webpage\",\"url\":\"https:\/\/igfae.usc.es\/~igfae-old\/es\/centos-de-persoas-vi-semana-da-ciencia\/\",\"name\":\"Centos de persoas desfrutaron da VI Semana da Ciencia do IGFAE - IGFAE\",\"isPartOf\":{\"@id\":\"https:\/\/igfae.usc.es\/~igfae-old\/#website\"},\"primaryImageOfPage\":{\"@id\":\"https:\/\/igfae.usc.es\/~igfae-old\/es\/centos-de-persoas-vi-semana-da-ciencia\/#primaryimage\"},\"datePublished\":\"2023-11-17T07:28:27+00:00\",\"dateModified\":\"2023-12-12T13:30:23+00:00\",\"author\":{\"@id\":\"https:\/\/igfae.usc.es\/~igfae-old\/#\/schema\/person\/95ba3b99e9df13cbdcc7bc968b26079f\"},\"breadcrumb\":{\"@id\":\"https:\/\/igfae.usc.es\/~igfae-old\/es\/centos-de-persoas-vi-semana-da-ciencia\/#breadcrumb\"},\"inLanguage\":\"es\",\"potentialAction\":[{\"@type\":\"ReadAction\",\"target\":[\"https:\/\/igfae.usc.es\/~igfae-old\/es\/centos-de-persoas-vi-semana-da-ciencia\/\"]}]},{\"@type\":\"BreadcrumbList\",\"@id\":\"https:\/\/igfae.usc.es\/~igfae-old\/es\/centos-de-persoas-vi-semana-da-ciencia\/#breadcrumb\",\"itemListElement\":[{\"@type\":\"ListItem\",\"position\":1,\"name\":\"Home\",\"item\":\"https:\/\/igfae.usc.es\/~igfae-old\/es\/\"},{\"@type\":\"ListItem\",\"position\":2,\"name\":\"Centos de persoas desfrutaron da VI Semana da Ciencia do IGFAE\"}]},{\"@type\":\"Person\",\"@id\":\"https:\/\/igfae.usc.es\/~igfae-old\/#\/schema\/person\/95ba3b99e9df13cbdcc7bc968b26079f\",\"name\":\"Manuel\",\"url\":\"https:\/\/igfae.usc.es\/~igfae-old\/es\/author\/manuelrey-pan\/\"}]}<\/script>\n<!-- \/ Yoast SEO plugin. -->","yoast_head_json":{"title":"Centos de persoas desfrutaron da VI Semana da Ciencia do IGFAE - IGFAE","robots":{"index":"index","follow":"follow","max-snippet":"max-snippet:-1","max-image-preview":"max-image-preview:large","max-video-preview":"max-video-preview:-1"},"canonical":"https:\/\/igfae.usc.es\/~igfae-old\/es\/centos-de-persoas-vi-semana-da-ciencia\/","og_locale":"es_ES","og_type":"article","og_title":"Centos de persoas desfrutaron da VI Semana da Ciencia do IGFAE - IGFAE","og_description":"A conferencia do profesor do MIT Krishna Rajagopal, celebrada no Auditorio Abanca de Santiago de Compostela o pasado m\u00e9rcores 15 de...","og_url":"https:\/\/igfae.usc.es\/~igfae-old\/es\/centos-de-persoas-vi-semana-da-ciencia\/","og_site_name":"IGFAE","article_published_time":"2023-11-17T07:28:27+00:00","article_modified_time":"2023-12-12T13:30:23+00:00","og_image":[{"width":1000,"height":698,"url":"https:\/\/igfae.usc.es\/~igfae-old\/wp-content\/uploads\/2023\/11\/Conferencia-Krishna-Rajagopal_8.jpg","type":"image\/jpeg"}],"twitter_card":"summary_large_image","twitter_creator":"@igfae_hep","twitter_site":"@igfae_hep","twitter_misc":{"Escrito por":"Manuel","Tiempo de lectura":"2 minutos"},"schema":{"@context":"https:\/\/schema.org","@graph":[{"@type":"WebSite","@id":"https:\/\/igfae.usc.es\/~igfae-old\/#website","url":"https:\/\/igfae.usc.es\/~igfae-old\/","name":"IGFAE","description":"Instituto Galego de F\u00edsica de Altas Enerx\u00edas","potentialAction":[{"@type":"SearchAction","target":{"@type":"EntryPoint","urlTemplate":"https:\/\/igfae.usc.es\/~igfae-old\/?s={search_term_string}"},"query-input":"required name=search_term_string"}],"inLanguage":"es"},{"@type":"ImageObject","@id":"https:\/\/igfae.usc.es\/~igfae-old\/es\/centos-de-persoas-vi-semana-da-ciencia\/#primaryimage","inLanguage":"es","url":"https:\/\/igfae.usc.es\/~igfae-old\/wp-content\/uploads\/2023\/11\/Conferencia-Krishna-Rajagopal_8.jpg","contentUrl":"https:\/\/igfae.usc.es\/~igfae-old\/wp-content\/uploads\/2023\/11\/Conferencia-Krishna-Rajagopal_8.jpg","width":1000,"height":698},{"@type":"WebPage","@id":"https:\/\/igfae.usc.es\/~igfae-old\/es\/centos-de-persoas-vi-semana-da-ciencia\/#webpage","url":"https:\/\/igfae.usc.es\/~igfae-old\/es\/centos-de-persoas-vi-semana-da-ciencia\/","name":"Centos de persoas desfrutaron da VI Semana da Ciencia do IGFAE - IGFAE","isPartOf":{"@id":"https:\/\/igfae.usc.es\/~igfae-old\/#website"},"primaryImageOfPage":{"@id":"https:\/\/igfae.usc.es\/~igfae-old\/es\/centos-de-persoas-vi-semana-da-ciencia\/#primaryimage"},"datePublished":"2023-11-17T07:28:27+00:00","dateModified":"2023-12-12T13:30:23+00:00","author":{"@id":"https:\/\/igfae.usc.es\/~igfae-old\/#\/schema\/person\/95ba3b99e9df13cbdcc7bc968b26079f"},"breadcrumb":{"@id":"https:\/\/igfae.usc.es\/~igfae-old\/es\/centos-de-persoas-vi-semana-da-ciencia\/#breadcrumb"},"inLanguage":"es","potentialAction":[{"@type":"ReadAction","target":["https:\/\/igfae.usc.es\/~igfae-old\/es\/centos-de-persoas-vi-semana-da-ciencia\/"]}]},{"@type":"BreadcrumbList","@id":"https:\/\/igfae.usc.es\/~igfae-old\/es\/centos-de-persoas-vi-semana-da-ciencia\/#breadcrumb","itemListElement":[{"@type":"ListItem","position":1,"name":"Home","item":"https:\/\/igfae.usc.es\/~igfae-old\/es\/"},{"@type":"ListItem","position":2,"name":"Centos de persoas desfrutaron da VI Semana da Ciencia do IGFAE"}]},{"@type":"Person","@id":"https:\/\/igfae.usc.es\/~igfae-old\/#\/schema\/person\/95ba3b99e9df13cbdcc7bc968b26079f","name":"Manuel","url":"https:\/\/igfae.usc.es\/~igfae-old\/es\/author\/manuelrey-pan\/"}]}},"_links":{"self":[{"href":"https:\/\/igfae.usc.es\/~igfae-old\/es\/wp-json\/wp\/v2\/posts\/14857"}],"collection":[{"href":"https:\/\/igfae.usc.es\/~igfae-old\/es\/wp-json\/wp\/v2\/posts"}],"about":[{"href":"https:\/\/igfae.usc.es\/~igfae-old\/es\/wp-json\/wp\/v2\/types\/post"}],"author":[{"embeddable":true,"href":"https:\/\/igfae.usc.es\/~igfae-old\/es\/wp-json\/wp\/v2\/users\/123489"}],"replies":[{"embeddable":true,"href":"https:\/\/igfae.usc.es\/~igfae-old\/es\/wp-json\/wp\/v2\/comments?post=14857"}],"version-history":[{"count":1,"href":"https:\/\/igfae.usc.es\/~igfae-old\/es\/wp-json\/wp\/v2\/posts\/14857\/revisions"}],"predecessor-version":[{"id":14969,"href":"https:\/\/igfae.usc.es\/~igfae-old\/es\/wp-json\/wp\/v2\/posts\/14857\/revisions\/14969"}],"wp:featuredmedia":[{"embeddable":true,"href":"https:\/\/igfae.usc.es\/~igfae-old\/es\/wp-json\/wp\/v2\/media\/14811"}],"wp:attachment":[{"href":"https:\/\/igfae.usc.es\/~igfae-old\/es\/wp-json\/wp\/v2\/media?parent=14857"}],"wp:term":[{"taxonomy":"category","embeddable":true,"href":"https:\/\/igfae.usc.es\/~igfae-old\/es\/wp-json\/wp\/v2\/categories?post=14857"},{"taxonomy":"post_tag","embeddable":true,"href":"https:\/\/igfae.usc.es\/~igfae-old\/es\/wp-json\/wp\/v2\/tags?post=14857"}],"curies":[{"name":"wp","href":"https:\/\/api.w.org\/{rel}","templated":true}]}}