



{"id":14758,"date":"2023-11-14T16:04:54","date_gmt":"2023-11-14T14:04:54","guid":{"rendered":"https:\/\/igfae.usc.es\/~igfae-old\/nerd-nite-vi-semana-da-ciencia\/"},"modified":"2023-11-14T16:04:54","modified_gmt":"2023-11-14T14:04:54","slug":"nerd-nite-vi-semana-da-ciencia","status":"publish","type":"post","link":"https:\/\/igfae.usc.es\/~igfae-old\/es\/nerd-nite-vi-semana-da-ciencia\/","title":{"rendered":"A NerdNite da Semana da Ciencia conmemora o aniversario de dous fitos da f\u00edsica de part\u00edculas"},"content":{"rendered":"<p>Os 50 anos da liberdade asint\u00f3tica e os 40 dos bos\u00f3ns W e Z centrar\u00e1n a NerdNite que se enmarca dentro da VI Semana da Ciencia do Instituto Galego de F\u00edsica de Altas Enerx\u00edas (IGFAE). Ser\u00e1 este martes 14 de novembro, a partir das 20.30 horas, na Nave de Vid\u00e1n (Av. Mestra Victoria M\u00edguez, 44. Santiago de Compostela).<\/p>\n<p>&#8216;Tres quarks para Muster Mark&#8217; \u00e9 o titulo da charla que pronunciar\u00e1 Jos\u00e9 Edelstein, profesor da Facultade de F\u00edsica da USC e investigador do Instituto Galego de F\u00edsica de Altas Enerx\u00edas (IGFAE), centro mixto da Universidade de Santiago de Compostela e da Xunta de Galicia. A continuaci\u00f3n, ser\u00e1 a quenda de Clara Landesa, tam\u00e9n investigadora do IGFAE, que abordar\u00e1 &#8216;Os bos\u00f3ns W e Z: cambi\u00e1ndolle o sabor \u00e1 vida&#8217;. Finalmente, Carlos Salgado, director do IGFAE, pronunciar\u00e1 o relatorio &#8216;Que ben senta un caldi\u00f1o&#8230; de quarks e glu\u00f3ns&#8217;.<\/p>\n<p>As <a href=\"https:\/\/santiagodecompostela.nerdnite.com\/\" target=\"_blank\" rel=\"noopener\">Nerd Nites,<\/a> organizadas polo catedr\u00e1tico da USC Jorge Mira, son conversas divulgativas nas que especialistas de diferentes \u00e1mbitos dialogan co p\u00fablico das disciplinas que os apaixonan f\u00f3ra do \u00e1mbito acad\u00e9mico nun ton distendido e en horario nocturno. Desta volta, a sesi\u00f3n enm\u00e1rcase dentro das actividades programadas co gallo da Semana da Ciencia do IGFAE. As Nerd Nites naceron hai anos en Estados Unidos, unha proposta orixinal \u00e1 que se sumou Santiago de Compostela en 2012, sendo a primeira cidade espa\u00f1ola en facelo.<\/p>\n<p><img loading=\"lazy\" class=\"aligncenter size-large wp-image-14749\" src=\"https:\/\/igfae.usc.es\/~igfae-old\/wp-content\/uploads\/2023\/11\/nerd-nite-2023-igfae-web-vert-712x1024.jpg\" alt=\"\" width=\"712\" height=\"1024\" srcset=\"https:\/\/igfae.usc.es\/~igfae-old\/wp-content\/uploads\/2023\/11\/nerd-nite-2023-igfae-web-vert-712x1024.jpg 712w, https:\/\/igfae.usc.es\/~igfae-old\/wp-content\/uploads\/2023\/11\/nerd-nite-2023-igfae-web-vert-209x300.jpg 209w, https:\/\/igfae.usc.es\/~igfae-old\/wp-content\/uploads\/2023\/11\/nerd-nite-2023-igfae-web-vert-768x1104.jpg 768w, https:\/\/igfae.usc.es\/~igfae-old\/wp-content\/uploads\/2023\/11\/nerd-nite-2023-igfae-web-vert.jpg 1000w\" sizes=\"(max-width: 712px) 100vw, 712px\" \/><\/p>\n","protected":false},"excerpt":{"rendered":"<p>Os 50 anos da liberdade asint\u00f3tica e os 40 dos bos\u00f3ns W e Z centrar\u00e1n a NerdNite que se enmarca dentro&#8230;<\/p>\n","protected":false},"author":123489,"featured_media":14754,"comment_status":"closed","ping_status":"closed","sticky":false,"template":"","format":"standard","meta":{"om_disable_all_campaigns":false,"_monsterinsights_skip_tracking":false,"_monsterinsights_sitenote_active":false,"_monsterinsights_sitenote_note":"","_monsterinsights_sitenote_category":0},"categories":[113,111],"tags":[187,191,186],"aioseo_notices":[],"yoast_head":"<!-- This site is optimized with the Yoast SEO plugin v18.4.1 - https:\/\/yoast.com\/wordpress\/plugins\/seo\/ -->\n<title>A NerdNite da Semana da Ciencia conmemora o aniversario de dous fitos da f\u00edsica de part\u00edculas<\/title>\n<meta name=\"robots\" content=\"index, follow, max-snippet:-1, max-image-preview:large, max-video-preview:-1\" \/>\n<link rel=\"canonical\" href=\"https:\/\/igfae.usc.es\/~igfae-old\/es\/nerd-nite-vi-semana-da-ciencia\/\" \/>\n<meta property=\"og:locale\" content=\"es_ES\" \/>\n<meta property=\"og:type\" content=\"article\" \/>\n<meta property=\"og:title\" content=\"A NerdNite da Semana da Ciencia conmemora o aniversario de dous fitos da f\u00edsica de part\u00edculas\" \/>\n<meta property=\"og:description\" content=\"Os 50 anos da liberdade asint\u00f3tica e os 40 dos bos\u00f3ns W e Z centrar\u00e1n a NerdNite que se enmarca dentro...\" \/>\n<meta property=\"og:url\" content=\"https:\/\/igfae.usc.es\/~igfae-old\/es\/nerd-nite-vi-semana-da-ciencia\/\" \/>\n<meta property=\"og:site_name\" content=\"IGFAE\" \/>\n<meta property=\"article:published_time\" content=\"2023-11-14T14:04:54+00:00\" \/>\n<meta property=\"og:image\" content=\"https:\/\/igfae.usc.es\/~igfae-old\/wp-content\/uploads\/2023\/11\/nerd-nite-2023-igfae-web.jpg\" \/>\n\t<meta property=\"og:image:width\" content=\"1000\" \/>\n\t<meta property=\"og:image:height\" content=\"649\" \/>\n\t<meta property=\"og:image:type\" content=\"image\/jpeg\" \/>\n<meta name=\"twitter:card\" content=\"summary_large_image\" \/>\n<meta name=\"twitter:creator\" content=\"@igfae_hep\" \/>\n<meta name=\"twitter:site\" content=\"@igfae_hep\" \/>\n<meta name=\"twitter:label1\" content=\"Escrito por\" \/>\n\t<meta name=\"twitter:data1\" content=\"Manuel\" \/>\n\t<meta name=\"twitter:label2\" content=\"Tiempo de lectura\" \/>\n\t<meta name=\"twitter:data2\" content=\"2 minutos\" \/>\n<script type=\"application\/ld+json\" class=\"yoast-schema-graph\">{\"@context\":\"https:\/\/schema.org\",\"@graph\":[{\"@type\":\"WebSite\",\"@id\":\"https:\/\/igfae.usc.es\/~igfae-old\/#website\",\"url\":\"https:\/\/igfae.usc.es\/~igfae-old\/\",\"name\":\"IGFAE\",\"description\":\"Instituto Galego de F\u00edsica de Altas Enerx\u00edas\",\"potentialAction\":[{\"@type\":\"SearchAction\",\"target\":{\"@type\":\"EntryPoint\",\"urlTemplate\":\"https:\/\/igfae.usc.es\/~igfae-old\/?s={search_term_string}\"},\"query-input\":\"required name=search_term_string\"}],\"inLanguage\":\"es\"},{\"@type\":\"ImageObject\",\"@id\":\"https:\/\/igfae.usc.es\/~igfae-old\/es\/nerd-nite-vi-semana-da-ciencia\/#primaryimage\",\"inLanguage\":\"es\",\"url\":\"https:\/\/igfae.usc.es\/~igfae-old\/wp-content\/uploads\/2023\/11\/nerd-nite-2023-igfae-web.jpg\",\"contentUrl\":\"https:\/\/igfae.usc.es\/~igfae-old\/wp-content\/uploads\/2023\/11\/nerd-nite-2023-igfae-web.jpg\",\"width\":1000,\"height\":649},{\"@type\":\"WebPage\",\"@id\":\"https:\/\/igfae.usc.es\/~igfae-old\/es\/nerd-nite-vi-semana-da-ciencia\/#webpage\",\"url\":\"https:\/\/igfae.usc.es\/~igfae-old\/es\/nerd-nite-vi-semana-da-ciencia\/\",\"name\":\"A NerdNite da Semana da Ciencia conmemora o aniversario de dous fitos da f\u00edsica de part\u00edculas\",\"isPartOf\":{\"@id\":\"https:\/\/igfae.usc.es\/~igfae-old\/#website\"},\"primaryImageOfPage\":{\"@id\":\"https:\/\/igfae.usc.es\/~igfae-old\/es\/nerd-nite-vi-semana-da-ciencia\/#primaryimage\"},\"datePublished\":\"2023-11-14T14:04:54+00:00\",\"dateModified\":\"2023-11-14T14:04:54+00:00\",\"author\":{\"@id\":\"https:\/\/igfae.usc.es\/~igfae-old\/#\/schema\/person\/95ba3b99e9df13cbdcc7bc968b26079f\"},\"breadcrumb\":{\"@id\":\"https:\/\/igfae.usc.es\/~igfae-old\/es\/nerd-nite-vi-semana-da-ciencia\/#breadcrumb\"},\"inLanguage\":\"es\",\"potentialAction\":[{\"@type\":\"ReadAction\",\"target\":[\"https:\/\/igfae.usc.es\/~igfae-old\/es\/nerd-nite-vi-semana-da-ciencia\/\"]}]},{\"@type\":\"BreadcrumbList\",\"@id\":\"https:\/\/igfae.usc.es\/~igfae-old\/es\/nerd-nite-vi-semana-da-ciencia\/#breadcrumb\",\"itemListElement\":[{\"@type\":\"ListItem\",\"position\":1,\"name\":\"Home\",\"item\":\"https:\/\/igfae.usc.es\/~igfae-old\/es\/\"},{\"@type\":\"ListItem\",\"position\":2,\"name\":\"A NerdNite da Semana da Ciencia conmemora o aniversario de dous fitos da f\u00edsica de part\u00edculas\"}]},{\"@type\":\"Person\",\"@id\":\"https:\/\/igfae.usc.es\/~igfae-old\/#\/schema\/person\/95ba3b99e9df13cbdcc7bc968b26079f\",\"name\":\"Manuel\",\"url\":\"https:\/\/igfae.usc.es\/~igfae-old\/es\/author\/manuelrey-pan\/\"}]}<\/script>\n<!-- \/ Yoast SEO plugin. -->","yoast_head_json":{"title":"A NerdNite da Semana da Ciencia conmemora o aniversario de dous fitos da f\u00edsica de part\u00edculas","robots":{"index":"index","follow":"follow","max-snippet":"max-snippet:-1","max-image-preview":"max-image-preview:large","max-video-preview":"max-video-preview:-1"},"canonical":"https:\/\/igfae.usc.es\/~igfae-old\/es\/nerd-nite-vi-semana-da-ciencia\/","og_locale":"es_ES","og_type":"article","og_title":"A NerdNite da Semana da Ciencia conmemora o aniversario de dous fitos da f\u00edsica de part\u00edculas","og_description":"Os 50 anos da liberdade asint\u00f3tica e os 40 dos bos\u00f3ns W e Z centrar\u00e1n a NerdNite que se enmarca dentro...","og_url":"https:\/\/igfae.usc.es\/~igfae-old\/es\/nerd-nite-vi-semana-da-ciencia\/","og_site_name":"IGFAE","article_published_time":"2023-11-14T14:04:54+00:00","og_image":[{"width":1000,"height":649,"url":"https:\/\/igfae.usc.es\/~igfae-old\/wp-content\/uploads\/2023\/11\/nerd-nite-2023-igfae-web.jpg","type":"image\/jpeg"}],"twitter_card":"summary_large_image","twitter_creator":"@igfae_hep","twitter_site":"@igfae_hep","twitter_misc":{"Escrito por":"Manuel","Tiempo de lectura":"2 minutos"},"schema":{"@context":"https:\/\/schema.org","@graph":[{"@type":"WebSite","@id":"https:\/\/igfae.usc.es\/~igfae-old\/#website","url":"https:\/\/igfae.usc.es\/~igfae-old\/","name":"IGFAE","description":"Instituto Galego de F\u00edsica de Altas Enerx\u00edas","potentialAction":[{"@type":"SearchAction","target":{"@type":"EntryPoint","urlTemplate":"https:\/\/igfae.usc.es\/~igfae-old\/?s={search_term_string}"},"query-input":"required name=search_term_string"}],"inLanguage":"es"},{"@type":"ImageObject","@id":"https:\/\/igfae.usc.es\/~igfae-old\/es\/nerd-nite-vi-semana-da-ciencia\/#primaryimage","inLanguage":"es","url":"https:\/\/igfae.usc.es\/~igfae-old\/wp-content\/uploads\/2023\/11\/nerd-nite-2023-igfae-web.jpg","contentUrl":"https:\/\/igfae.usc.es\/~igfae-old\/wp-content\/uploads\/2023\/11\/nerd-nite-2023-igfae-web.jpg","width":1000,"height":649},{"@type":"WebPage","@id":"https:\/\/igfae.usc.es\/~igfae-old\/es\/nerd-nite-vi-semana-da-ciencia\/#webpage","url":"https:\/\/igfae.usc.es\/~igfae-old\/es\/nerd-nite-vi-semana-da-ciencia\/","name":"A NerdNite da Semana da Ciencia conmemora o aniversario de dous fitos da f\u00edsica de part\u00edculas","isPartOf":{"@id":"https:\/\/igfae.usc.es\/~igfae-old\/#website"},"primaryImageOfPage":{"@id":"https:\/\/igfae.usc.es\/~igfae-old\/es\/nerd-nite-vi-semana-da-ciencia\/#primaryimage"},"datePublished":"2023-11-14T14:04:54+00:00","dateModified":"2023-11-14T14:04:54+00:00","author":{"@id":"https:\/\/igfae.usc.es\/~igfae-old\/#\/schema\/person\/95ba3b99e9df13cbdcc7bc968b26079f"},"breadcrumb":{"@id":"https:\/\/igfae.usc.es\/~igfae-old\/es\/nerd-nite-vi-semana-da-ciencia\/#breadcrumb"},"inLanguage":"es","potentialAction":[{"@type":"ReadAction","target":["https:\/\/igfae.usc.es\/~igfae-old\/es\/nerd-nite-vi-semana-da-ciencia\/"]}]},{"@type":"BreadcrumbList","@id":"https:\/\/igfae.usc.es\/~igfae-old\/es\/nerd-nite-vi-semana-da-ciencia\/#breadcrumb","itemListElement":[{"@type":"ListItem","position":1,"name":"Home","item":"https:\/\/igfae.usc.es\/~igfae-old\/es\/"},{"@type":"ListItem","position":2,"name":"A NerdNite da Semana da Ciencia conmemora o aniversario de dous fitos da f\u00edsica de part\u00edculas"}]},{"@type":"Person","@id":"https:\/\/igfae.usc.es\/~igfae-old\/#\/schema\/person\/95ba3b99e9df13cbdcc7bc968b26079f","name":"Manuel","url":"https:\/\/igfae.usc.es\/~igfae-old\/es\/author\/manuelrey-pan\/"}]}},"_links":{"self":[{"href":"https:\/\/igfae.usc.es\/~igfae-old\/es\/wp-json\/wp\/v2\/posts\/14758"}],"collection":[{"href":"https:\/\/igfae.usc.es\/~igfae-old\/es\/wp-json\/wp\/v2\/posts"}],"about":[{"href":"https:\/\/igfae.usc.es\/~igfae-old\/es\/wp-json\/wp\/v2\/types\/post"}],"author":[{"embeddable":true,"href":"https:\/\/igfae.usc.es\/~igfae-old\/es\/wp-json\/wp\/v2\/users\/123489"}],"replies":[{"embeddable":true,"href":"https:\/\/igfae.usc.es\/~igfae-old\/es\/wp-json\/wp\/v2\/comments?post=14758"}],"version-history":[{"count":0,"href":"https:\/\/igfae.usc.es\/~igfae-old\/es\/wp-json\/wp\/v2\/posts\/14758\/revisions"}],"wp:featuredmedia":[{"embeddable":true,"href":"https:\/\/igfae.usc.es\/~igfae-old\/es\/wp-json\/wp\/v2\/media\/14754"}],"wp:attachment":[{"href":"https:\/\/igfae.usc.es\/~igfae-old\/es\/wp-json\/wp\/v2\/media?parent=14758"}],"wp:term":[{"taxonomy":"category","embeddable":true,"href":"https:\/\/igfae.usc.es\/~igfae-old\/es\/wp-json\/wp\/v2\/categories?post=14758"},{"taxonomy":"post_tag","embeddable":true,"href":"https:\/\/igfae.usc.es\/~igfae-old\/es\/wp-json\/wp\/v2\/tags?post=14758"}],"curies":[{"name":"wp","href":"https:\/\/api.w.org\/{rel}","templated":true}]}}