



{"id":13315,"date":"2023-05-10T16:16:27","date_gmt":"2023-05-10T14:16:27","guid":{"rendered":"https:\/\/igfae.usc.es\/~igfae-old\/?p=13315"},"modified":"2023-06-07T16:16:48","modified_gmt":"2023-06-07T14:16:48","slug":"workshop-protonterapia-igfae","status":"publish","type":"post","link":"https:\/\/igfae.usc.es\/~igfae-old\/es\/workshop-protonterapia-igfae\/","title":{"rendered":"Los \u00faltimos avances sobre protonterapia protagonizan un taller cient\u00edfico organizado por el IGFAE"},"content":{"rendered":"<p>La protonterapia es una tecnolog\u00eda que en los \u00faltimos a\u00f1os est\u00e1 experimentando un importante desarrollo y ofrece grandes esperanzas en el tratamiento del c\u00e1ncer. Esta terapia radiol\u00f3gica emplea protones en vez de fotones, lo que disminuye el da\u00f1o que la radiaci\u00f3n puede causar en los tejidos sanos que circundan los tumores. En los pr\u00f3ximos a\u00f1os, el Complejo Hospitalario Universitario de Santiago de Compostela acoger\u00e1 el Centro Gallego de Protonterapia, una instalaci\u00f3n que sirve como eje del <a href=\"https:\/\/www.usc.gal\/gl\/xornal\/novas\/ultimos-avances-protonterapia-protagonizan-obradoiro-cientifico-organizado-igfae\" target=\"_blank\" rel=\"noopener\">taller cient\u00edfico internacional<\/a> que se desarrolla esta semana en el Centro de Estudios Avanzados del Parque de Vista Alegre. El encuentro est\u00e1 organizado por el Instituto Galego de F\u00edsica de Altas Enerx\u00edas (IGFAE), centro mixto de la Universidad de Santiago de Compostela y la Xunta de Galicia.<\/p>\n<p>En la ma\u00f1ana del martes 9 de mayo tuvo lugar a inauguraci\u00f3n de las jornadas de trabajo, con la bienvenida de Carlos Salgado, director del IGFAE. En el taller, que cont\u00f3 con la presencia de cerca de 80 participantes de varios pa\u00edses, se mostraron los \u00faltimos avances sobre esta tecnolog\u00eda, la investigaci\u00f3n aplicada que genera y la compleja instrumentaci\u00f3n que se requiere para su implantaci\u00f3n, as\u00ed como el impacto cl\u00ednico y econ\u00f3mico de estas infraestructuras.<\/p>\n<h3>Escenario de presente y futuro<\/h3>\n<p>La primera jornada cont\u00f3 con las intervenciones de Antonio G\u00f3mez Caama\u00f1o, jefe del Servicio de Oncolog\u00eda Radioter\u00e1pica del CHUS, que abord\u00f3 el escenario actual de la radioterapia de precisi\u00f3n. A continuaci\u00f3n, Mar\u00eda Loureiro, catedr\u00e1tica de Fundamentos de An\u00e1lisis Econ\u00f3mico de la USC, analiz\u00f3 el impacto econ\u00f3mico de grandes infraestructuras cient\u00edficas, como la que est\u00e1 previsto construir en la capital gallega. Tambi\u00e9n particip\u00f3 la cient\u00edfica gallega Yolanda Preciado, investigadora en el Institut Curie, principal centro de estudio y tratamiento del c\u00e1ncer en Francia, donde averigua nuevos enfoques para reducir los efectos secundarios de la radioterapia.<\/p>\n<p>A lo largo del d\u00eda, el taller organizado por el IGFAE da cuenta de las experiencias de personal de centros de investigaci\u00f3n de Dresde (Alemania), Bronowice (Polonia) y Cantabria, donde se trabaja actualmente en el desarrollo de instalaciones cient\u00edficas enfocadas a la protonterapia. En la sesi\u00f3n de la tarde se exponen cuestiones como el potencial uso de la terapia de hadr\u00f3ns en dolencias neurodexenerativas y avances sobre radiobiolox\u00eda aplicados la esta disciplina.<\/p>\n<p>Para la jornada del mi\u00e9rcoles est\u00e1 prevista la intervenci\u00f3n del conselleiro de Sanidad de la Xunta de Galicia, Julio Garc\u00eda Comesa\u00f1a, junto al vicerrector de Pol\u00edtica Cient\u00edfica de la USC, Vicente P\u00e9rez Mu\u00f1uzuri, y el director del IGFAE, Carlos Salado. Las presentaciones del personal investigador se centrar\u00e1n en este segundo d\u00eda en la investigaci\u00f3n aplicada alrededor de la protonterapia y los desarrollos en la instrumentaci\u00f3n precisa para los tratamientos cl\u00ednicos.<\/p>\n<p><img loading=\"lazy\" class=\"aligncenter wp-image-13322 size-large\" src=\"https:\/\/igfae.usc.es\/~igfae-old\/wp-content\/uploads\/2023\/06\/workshop-protontherapy-day-2_1-1024x655.jpg\" alt=\"\" width=\"1024\" height=\"655\" srcset=\"https:\/\/igfae.usc.es\/~igfae-old\/wp-content\/uploads\/2023\/06\/workshop-protontherapy-day-2_1-1024x655.jpg 1024w, https:\/\/igfae.usc.es\/~igfae-old\/wp-content\/uploads\/2023\/06\/workshop-protontherapy-day-2_1-300x192.jpg 300w, https:\/\/igfae.usc.es\/~igfae-old\/wp-content\/uploads\/2023\/06\/workshop-protontherapy-day-2_1-768x491.jpg 768w, https:\/\/igfae.usc.es\/~igfae-old\/wp-content\/uploads\/2023\/06\/workshop-protontherapy-day-2_1-1536x982.jpg 1536w, https:\/\/igfae.usc.es\/~igfae-old\/wp-content\/uploads\/2023\/06\/workshop-protontherapy-day-2_1-2048x1309.jpg 2048w\" sizes=\"(max-width: 1024px) 100vw, 1024px\" \/><\/p>\n","protected":false},"excerpt":{"rendered":"<p>La protonterapia es una tecnolog\u00eda que en los \u00faltimos a\u00f1os est\u00e1 experimentando un importante desarrollo y ofrece grandes esperanzas en el&#8230;<\/p>\n","protected":false},"author":123489,"featured_media":13319,"comment_status":"closed","ping_status":"closed","sticky":false,"template":"","format":"standard","meta":{"om_disable_all_campaigns":false,"_monsterinsights_skip_tracking":false,"_monsterinsights_sitenote_active":false,"_monsterinsights_sitenote_note":"","_monsterinsights_sitenote_category":0},"categories":[],"tags":[157],"aioseo_notices":[],"yoast_head":"<!-- This site is optimized with the Yoast SEO plugin v18.4.1 - https:\/\/yoast.com\/wordpress\/plugins\/seo\/ -->\n<title>Los \u00faltimos avances sobre protonterapia protagonizan un taller cient\u00edfico organizado por el IGFAE<\/title>\n<meta name=\"description\" content=\"La reuni\u00f3n aborda las claves de esta tecnolog\u00eda, que mejora la precisi\u00f3n de los tratamientos oncol\u00f3gicos, y que se instalar\u00e1 en los pr\u00f3ximos a\u00f1os en Santiago de Compostela\" \/>\n<meta name=\"robots\" content=\"index, follow, max-snippet:-1, max-image-preview:large, max-video-preview:-1\" \/>\n<link rel=\"canonical\" href=\"https:\/\/igfae.usc.es\/~igfae-old\/es\/workshop-protonterapia-igfae\/\" \/>\n<meta property=\"og:locale\" content=\"es_ES\" \/>\n<meta property=\"og:type\" content=\"article\" \/>\n<meta property=\"og:title\" content=\"Los \u00faltimos avances sobre protonterapia protagonizan un taller cient\u00edfico organizado por el IGFAE\" \/>\n<meta property=\"og:description\" content=\"La reuni\u00f3n aborda las claves de esta tecnolog\u00eda, que mejora la precisi\u00f3n de los tratamientos oncol\u00f3gicos, y que se instalar\u00e1 en los pr\u00f3ximos a\u00f1os en Santiago de Compostela\" \/>\n<meta property=\"og:url\" content=\"https:\/\/igfae.usc.es\/~igfae-old\/es\/workshop-protonterapia-igfae\/\" \/>\n<meta property=\"og:site_name\" content=\"IGFAE\" \/>\n<meta property=\"article:published_time\" content=\"2023-05-10T14:16:27+00:00\" \/>\n<meta property=\"article:modified_time\" content=\"2023-06-07T14:16:48+00:00\" \/>\n<meta property=\"og:image\" content=\"https:\/\/igfae.usc.es\/~igfae-old\/wp-content\/uploads\/2023\/06\/workshop-protonterapy-dia-1.jpg\" \/>\n\t<meta property=\"og:image:width\" content=\"900\" \/>\n\t<meta property=\"og:image:height\" content=\"507\" \/>\n\t<meta property=\"og:image:type\" content=\"image\/jpeg\" \/>\n<meta name=\"twitter:card\" content=\"summary_large_image\" \/>\n<meta name=\"twitter:creator\" content=\"@igfae_hep\" \/>\n<meta name=\"twitter:site\" content=\"@igfae_hep\" \/>\n<meta name=\"twitter:label1\" content=\"Escrito por\" \/>\n\t<meta name=\"twitter:data1\" content=\"Manuel\" \/>\n\t<meta name=\"twitter:label2\" content=\"Tiempo de lectura\" \/>\n\t<meta name=\"twitter:data2\" content=\"2 minutos\" \/>\n<script type=\"application\/ld+json\" class=\"yoast-schema-graph\">{\"@context\":\"https:\/\/schema.org\",\"@graph\":[{\"@type\":\"WebSite\",\"@id\":\"https:\/\/igfae.usc.es\/~igfae-old\/#website\",\"url\":\"https:\/\/igfae.usc.es\/~igfae-old\/\",\"name\":\"IGFAE\",\"description\":\"Instituto Galego de F\u00edsica de Altas Enerx\u00edas\",\"potentialAction\":[{\"@type\":\"SearchAction\",\"target\":{\"@type\":\"EntryPoint\",\"urlTemplate\":\"https:\/\/igfae.usc.es\/~igfae-old\/?s={search_term_string}\"},\"query-input\":\"required name=search_term_string\"}],\"inLanguage\":\"es\"},{\"@type\":\"ImageObject\",\"@id\":\"https:\/\/igfae.usc.es\/~igfae-old\/es\/workshop-protonterapia-igfae\/#primaryimage\",\"inLanguage\":\"es\",\"url\":\"https:\/\/igfae.usc.es\/~igfae-old\/wp-content\/uploads\/2023\/06\/workshop-protonterapy-dia-1.jpg\",\"contentUrl\":\"https:\/\/igfae.usc.es\/~igfae-old\/wp-content\/uploads\/2023\/06\/workshop-protonterapy-dia-1.jpg\",\"width\":900,\"height\":507,\"caption\":\"De esquerda a dereita, Carlos Salgado, Dolores Cortina, Jos\u00e9 Benlliure, Pablo V\u00e1zquez e Antonio Fern\u00e1ndez Prieto. FOTO: Santi Alvite.\"},{\"@type\":\"WebPage\",\"@id\":\"https:\/\/igfae.usc.es\/~igfae-old\/es\/workshop-protonterapia-igfae\/#webpage\",\"url\":\"https:\/\/igfae.usc.es\/~igfae-old\/es\/workshop-protonterapia-igfae\/\",\"name\":\"Los \u00faltimos avances sobre protonterapia protagonizan un taller cient\u00edfico organizado por el IGFAE\",\"isPartOf\":{\"@id\":\"https:\/\/igfae.usc.es\/~igfae-old\/#website\"},\"primaryImageOfPage\":{\"@id\":\"https:\/\/igfae.usc.es\/~igfae-old\/es\/workshop-protonterapia-igfae\/#primaryimage\"},\"datePublished\":\"2023-05-10T14:16:27+00:00\",\"dateModified\":\"2023-06-07T14:16:48+00:00\",\"author\":{\"@id\":\"https:\/\/igfae.usc.es\/~igfae-old\/#\/schema\/person\/95ba3b99e9df13cbdcc7bc968b26079f\"},\"description\":\"La reuni\u00f3n aborda las claves de esta tecnolog\u00eda, que mejora la precisi\u00f3n de los tratamientos oncol\u00f3gicos, y que se instalar\u00e1 en los pr\u00f3ximos a\u00f1os en Santiago de Compostela\",\"breadcrumb\":{\"@id\":\"https:\/\/igfae.usc.es\/~igfae-old\/es\/workshop-protonterapia-igfae\/#breadcrumb\"},\"inLanguage\":\"es\",\"potentialAction\":[{\"@type\":\"ReadAction\",\"target\":[\"https:\/\/igfae.usc.es\/~igfae-old\/es\/workshop-protonterapia-igfae\/\"]}]},{\"@type\":\"BreadcrumbList\",\"@id\":\"https:\/\/igfae.usc.es\/~igfae-old\/es\/workshop-protonterapia-igfae\/#breadcrumb\",\"itemListElement\":[{\"@type\":\"ListItem\",\"position\":1,\"name\":\"Home\",\"item\":\"https:\/\/igfae.usc.es\/~igfae-old\/es\/\"},{\"@type\":\"ListItem\",\"position\":2,\"name\":\"Los \u00faltimos avances sobre protonterapia protagonizan un taller cient\u00edfico organizado por el IGFAE\"}]},{\"@type\":\"Person\",\"@id\":\"https:\/\/igfae.usc.es\/~igfae-old\/#\/schema\/person\/95ba3b99e9df13cbdcc7bc968b26079f\",\"name\":\"Manuel\",\"url\":\"https:\/\/igfae.usc.es\/~igfae-old\/es\/author\/manuelrey-pan\/\"}]}<\/script>\n<!-- \/ Yoast SEO plugin. -->","yoast_head_json":{"title":"Los \u00faltimos avances sobre protonterapia protagonizan un taller cient\u00edfico organizado por el IGFAE","description":"La reuni\u00f3n aborda las claves de esta tecnolog\u00eda, que mejora la precisi\u00f3n de los tratamientos oncol\u00f3gicos, y que se instalar\u00e1 en los pr\u00f3ximos a\u00f1os en Santiago de Compostela","robots":{"index":"index","follow":"follow","max-snippet":"max-snippet:-1","max-image-preview":"max-image-preview:large","max-video-preview":"max-video-preview:-1"},"canonical":"https:\/\/igfae.usc.es\/~igfae-old\/es\/workshop-protonterapia-igfae\/","og_locale":"es_ES","og_type":"article","og_title":"Los \u00faltimos avances sobre protonterapia protagonizan un taller cient\u00edfico organizado por el IGFAE","og_description":"La reuni\u00f3n aborda las claves de esta tecnolog\u00eda, que mejora la precisi\u00f3n de los tratamientos oncol\u00f3gicos, y que se instalar\u00e1 en los pr\u00f3ximos a\u00f1os en Santiago de Compostela","og_url":"https:\/\/igfae.usc.es\/~igfae-old\/es\/workshop-protonterapia-igfae\/","og_site_name":"IGFAE","article_published_time":"2023-05-10T14:16:27+00:00","article_modified_time":"2023-06-07T14:16:48+00:00","og_image":[{"width":900,"height":507,"url":"https:\/\/igfae.usc.es\/~igfae-old\/wp-content\/uploads\/2023\/06\/workshop-protonterapy-dia-1.jpg","type":"image\/jpeg"}],"twitter_card":"summary_large_image","twitter_creator":"@igfae_hep","twitter_site":"@igfae_hep","twitter_misc":{"Escrito por":"Manuel","Tiempo de lectura":"2 minutos"},"schema":{"@context":"https:\/\/schema.org","@graph":[{"@type":"WebSite","@id":"https:\/\/igfae.usc.es\/~igfae-old\/#website","url":"https:\/\/igfae.usc.es\/~igfae-old\/","name":"IGFAE","description":"Instituto Galego de F\u00edsica de Altas Enerx\u00edas","potentialAction":[{"@type":"SearchAction","target":{"@type":"EntryPoint","urlTemplate":"https:\/\/igfae.usc.es\/~igfae-old\/?s={search_term_string}"},"query-input":"required name=search_term_string"}],"inLanguage":"es"},{"@type":"ImageObject","@id":"https:\/\/igfae.usc.es\/~igfae-old\/es\/workshop-protonterapia-igfae\/#primaryimage","inLanguage":"es","url":"https:\/\/igfae.usc.es\/~igfae-old\/wp-content\/uploads\/2023\/06\/workshop-protonterapy-dia-1.jpg","contentUrl":"https:\/\/igfae.usc.es\/~igfae-old\/wp-content\/uploads\/2023\/06\/workshop-protonterapy-dia-1.jpg","width":900,"height":507,"caption":"De esquerda a dereita, Carlos Salgado, Dolores Cortina, Jos\u00e9 Benlliure, Pablo V\u00e1zquez e Antonio Fern\u00e1ndez Prieto. FOTO: Santi Alvite."},{"@type":"WebPage","@id":"https:\/\/igfae.usc.es\/~igfae-old\/es\/workshop-protonterapia-igfae\/#webpage","url":"https:\/\/igfae.usc.es\/~igfae-old\/es\/workshop-protonterapia-igfae\/","name":"Los \u00faltimos avances sobre protonterapia protagonizan un taller cient\u00edfico organizado por el IGFAE","isPartOf":{"@id":"https:\/\/igfae.usc.es\/~igfae-old\/#website"},"primaryImageOfPage":{"@id":"https:\/\/igfae.usc.es\/~igfae-old\/es\/workshop-protonterapia-igfae\/#primaryimage"},"datePublished":"2023-05-10T14:16:27+00:00","dateModified":"2023-06-07T14:16:48+00:00","author":{"@id":"https:\/\/igfae.usc.es\/~igfae-old\/#\/schema\/person\/95ba3b99e9df13cbdcc7bc968b26079f"},"description":"La reuni\u00f3n aborda las claves de esta tecnolog\u00eda, que mejora la precisi\u00f3n de los tratamientos oncol\u00f3gicos, y que se instalar\u00e1 en los pr\u00f3ximos a\u00f1os en Santiago de Compostela","breadcrumb":{"@id":"https:\/\/igfae.usc.es\/~igfae-old\/es\/workshop-protonterapia-igfae\/#breadcrumb"},"inLanguage":"es","potentialAction":[{"@type":"ReadAction","target":["https:\/\/igfae.usc.es\/~igfae-old\/es\/workshop-protonterapia-igfae\/"]}]},{"@type":"BreadcrumbList","@id":"https:\/\/igfae.usc.es\/~igfae-old\/es\/workshop-protonterapia-igfae\/#breadcrumb","itemListElement":[{"@type":"ListItem","position":1,"name":"Home","item":"https:\/\/igfae.usc.es\/~igfae-old\/es\/"},{"@type":"ListItem","position":2,"name":"Los \u00faltimos avances sobre protonterapia protagonizan un taller cient\u00edfico organizado por el IGFAE"}]},{"@type":"Person","@id":"https:\/\/igfae.usc.es\/~igfae-old\/#\/schema\/person\/95ba3b99e9df13cbdcc7bc968b26079f","name":"Manuel","url":"https:\/\/igfae.usc.es\/~igfae-old\/es\/author\/manuelrey-pan\/"}]}},"_links":{"self":[{"href":"https:\/\/igfae.usc.es\/~igfae-old\/es\/wp-json\/wp\/v2\/posts\/13315"}],"collection":[{"href":"https:\/\/igfae.usc.es\/~igfae-old\/es\/wp-json\/wp\/v2\/posts"}],"about":[{"href":"https:\/\/igfae.usc.es\/~igfae-old\/es\/wp-json\/wp\/v2\/types\/post"}],"author":[{"embeddable":true,"href":"https:\/\/igfae.usc.es\/~igfae-old\/es\/wp-json\/wp\/v2\/users\/123489"}],"replies":[{"embeddable":true,"href":"https:\/\/igfae.usc.es\/~igfae-old\/es\/wp-json\/wp\/v2\/comments?post=13315"}],"version-history":[{"count":1,"href":"https:\/\/igfae.usc.es\/~igfae-old\/es\/wp-json\/wp\/v2\/posts\/13315\/revisions"}],"predecessor-version":[{"id":13327,"href":"https:\/\/igfae.usc.es\/~igfae-old\/es\/wp-json\/wp\/v2\/posts\/13315\/revisions\/13327"}],"wp:featuredmedia":[{"embeddable":true,"href":"https:\/\/igfae.usc.es\/~igfae-old\/es\/wp-json\/wp\/v2\/media\/13319"}],"wp:attachment":[{"href":"https:\/\/igfae.usc.es\/~igfae-old\/es\/wp-json\/wp\/v2\/media?parent=13315"}],"wp:term":[{"taxonomy":"category","embeddable":true,"href":"https:\/\/igfae.usc.es\/~igfae-old\/es\/wp-json\/wp\/v2\/categories?post=13315"},{"taxonomy":"post_tag","embeddable":true,"href":"https:\/\/igfae.usc.es\/~igfae-old\/es\/wp-json\/wp\/v2\/tags?post=13315"}],"curies":[{"name":"wp","href":"https:\/\/api.w.org\/{rel}","templated":true}]}}