



{"id":12292,"date":"2022-10-31T16:14:13","date_gmt":"2022-10-31T14:14:13","guid":{"rendered":"https:\/\/igfae.usc.es\/~igfae-old\/rolf-heuer-v-semana-da-ciencia-igfae\/"},"modified":"2022-10-31T19:35:50","modified_gmt":"2022-10-31T17:35:50","slug":"rolf-heuer-v-semana-da-ciencia-igfae","status":"publish","type":"post","link":"https:\/\/igfae.usc.es\/~igfae-old\/es\/rolf-heuer-v-semana-da-ciencia-igfae\/","title":{"rendered":"Rolf Heuer, convidado estrela da V Semana da Ciencia do IGFAE"},"content":{"rendered":"<p>O ex director xeral do CERN ser\u00e1 o protagonista do gran evento divulgativo anual do IGFAE, a Semana da Ciencia, impartindo unha charla de divulgaci\u00f3n sobre o bos\u00f3n de Higgs, a part\u00edcula que supuxo un fito cient\u00edfico e acaparou a atenci\u00f3n de todos os medios de comunicaci\u00f3n e a sociedade hai agora unha d\u00e9cada. Titulada \u201cCelebrando 10 anos do bos\u00f3n de Higgs: explorando o universo temper\u00e1n non CERN\u201d, a conferencia ter\u00e1 lugar o xoves 24 de novembro \u00e1s 20 horas no auditorio Abanca (R\u00faa Preguntoiro, 23) de Santiago de Compostela. A entrada \u00e9 gratu\u00edta, previo rexistro, ata completar capacidade. Haber\u00e1 traduci\u00f3n simult\u00e1nea do ingl\u00e9s ao castel\u00e1n. Reserva a t\u00faa invitaci\u00f3n na seguinte ligaz\u00f3n: <a href=\"https:\/\/bit.ly\/conferenciaheuerIGFAE\">bit.ly\/conferenciaheuerIGFAE<\/a><\/p>\n<p data-pm-slice=\"1 1 []\"><strong><span class=\"JsGRdQ\">Celebrando 10 anos do <\/span><span class=\"JsGRdQ\">bos\u00f3n de Higgs<\/span><span class=\"JsGRdQ\">: explorando o Universo temper\u00e1n no CERN<\/span><\/strong><\/p>\n<div id=\"attachment_12306\" style=\"width: 343px\" class=\"wp-caption alignright\"><a href=\"https:\/\/igfae.usc.es\/~igfae-old\/wp-content\/uploads\/2022\/10\/Rolf-Heuer-CERN.jpg\"><img aria-describedby=\"caption-attachment-12306\" loading=\"lazy\" class=\"wp-image-12306\" src=\"https:\/\/igfae.usc.es\/~igfae-old\/wp-content\/uploads\/2022\/10\/Rolf-Heuer-CERN.jpg\" alt=\"\" width=\"333\" height=\"500\" srcset=\"https:\/\/igfae.usc.es\/~igfae-old\/wp-content\/uploads\/2022\/10\/Rolf-Heuer-CERN.jpg 1075w, https:\/\/igfae.usc.es\/~igfae-old\/wp-content\/uploads\/2022\/10\/Rolf-Heuer-CERN-200x300.jpg 200w, https:\/\/igfae.usc.es\/~igfae-old\/wp-content\/uploads\/2022\/10\/Rolf-Heuer-CERN-682x1024.jpg 682w, https:\/\/igfae.usc.es\/~igfae-old\/wp-content\/uploads\/2022\/10\/Rolf-Heuer-CERN-768x1154.jpg 768w, https:\/\/igfae.usc.es\/~igfae-old\/wp-content\/uploads\/2022\/10\/Rolf-Heuer-CERN-1022x1536.jpg 1022w\" sizes=\"(max-width: 333px) 100vw, 333px\" \/><\/a><p id=\"caption-attachment-12306\" class=\"wp-caption-text\">Rolf-Dieter Heuer. Cr\u00e9dito: CERN.<\/p><\/div>\n<p data-pm-slice=\"1 1 []\">O descubrimento do bos\u00f3n de Higgs non foi o final dunha longa viaxe, sen\u00f3n que \u00e9 o comezo da exploraci\u00f3n dun novo terreo. \u00c9 realmente o bos\u00f3n de Higgs? Que ten de especial esta misteriosa part\u00edcula? Que temos que investigar despois do descubrimento e como nos axuda esta part\u00edcula na nosa comprensi\u00f3n do Universo primitivo? Por que o bos\u00f3n atrae tanto a atenci\u00f3n de cient\u00edficos e p\u00fablico no experto? A charla abordar\u00e1 estas cuesti\u00f3ns e tam\u00e9n analizar\u00e1 os apaixonantes anos de investigaci\u00f3n que nos esperan.<\/p>\n<p data-pm-slice=\"1 1 []\"><strong>Director do CERN dende 2009 ata 2015<\/strong><\/p>\n<p>Rolf-Dieter Heuer (G\u00f6ppingen, Alema\u00f1a, 1948) estudou f\u00edsica na Universidade de Stuttgart e doutorouse na Universidade de Heidelberg. De 1978 a 1983, foi f\u00edsico investigador na Universidade de Heidelberg, traballando no anel de almacenamento de electr\u00f3ns-positr\u00f3ns PETRA como membro da colaboraci\u00f3n JADE. De 1984 a 1998, foi membro do CERN, traballando para a colaboraci\u00f3n OPAL no Gran Colisionador de Electr\u00f3ns e Positr\u00f3ns (LEP). Desde 1994, foi o voceiro da colaboraci\u00f3n.<\/p>\n<p>Gran parte da s\u00faa carreira estivo relacionada coa construci\u00f3n e o funcionamento de grandes sistemas de detectores de part\u00edculas para estudar colisi\u00f3ns electr\u00f3n-positr\u00f3n. Ao deixar o CERN en 1998, asumiu unha c\u00e1tedra na Universidade de Hamburgo, onde estableceu un grupo que traballa na preparaci\u00f3n de experimentos nun posible futuro colisionador lineal de electr\u00f3ns e positrones. Ao asumir o seu nomeamento como director de investigaci\u00f3n de f\u00edsica de part\u00edculas e astropart\u00edculas no DESY en 2004, Heuer foi responsable da investigaci\u00f3n no acelerador HERA, a participaci\u00f3n do DESY no LHC e a I+D para un futuro colisionador de electr\u00f3ns e positr\u00f3ns.<\/p>\n<p>Substitu\u00edu a Robert Aymar como Director Xeral do CERN en xaneiro de 2009.<\/p>\n<div><strong>Data: 24 novembro, 20:00h<\/strong><\/div>\n<div><\/div>\n<div><strong>Lugar: Auditorio Abanca, R\u00faa Preguntoiro 23, Santiago de Compostela.<\/strong><\/div>\n<div><\/div>\n<div><strong>Idioma: ingl\u00e9s, con traduci\u00f3n simult\u00e1nea\u00a0 ao castel\u00e1n.<\/strong><\/div>\n<div><\/div>\n","protected":false},"excerpt":{"rendered":"<p>O ex director xeral do CERN ser\u00e1 o protagonista do gran evento divulgativo anual do IGFAE, a Semana da Ciencia, impartindo&#8230;<\/p>\n","protected":false},"author":21,"featured_media":12315,"comment_status":"closed","ping_status":"closed","sticky":false,"template":"","format":"standard","meta":{"om_disable_all_campaigns":false,"_monsterinsights_skip_tracking":false,"_monsterinsights_sitenote_active":false,"_monsterinsights_sitenote_note":"","_monsterinsights_sitenote_category":0},"categories":[113,111],"tags":[127],"aioseo_notices":[],"yoast_head":"<!-- This site is optimized with the Yoast SEO plugin v18.4.1 - https:\/\/yoast.com\/wordpress\/plugins\/seo\/ -->\n<title>Rolf Heuer, convidado estrela da V Semana da Ciencia do IGFAE - IGFAE<\/title>\n<meta name=\"robots\" content=\"index, follow, max-snippet:-1, max-image-preview:large, max-video-preview:-1\" \/>\n<link rel=\"canonical\" href=\"https:\/\/igfae.usc.es\/~igfae-old\/es\/rolf-heuer-v-semana-da-ciencia-igfae\/\" \/>\n<meta property=\"og:locale\" content=\"es_ES\" \/>\n<meta property=\"og:type\" content=\"article\" \/>\n<meta property=\"og:title\" content=\"Rolf Heuer, convidado estrela da V Semana da Ciencia do IGFAE - IGFAE\" \/>\n<meta property=\"og:description\" content=\"O ex director xeral do CERN ser\u00e1 o protagonista do gran evento divulgativo anual do IGFAE, a Semana da Ciencia, impartindo...\" \/>\n<meta property=\"og:url\" content=\"https:\/\/igfae.usc.es\/~igfae-old\/es\/rolf-heuer-v-semana-da-ciencia-igfae\/\" \/>\n<meta property=\"og:site_name\" content=\"IGFAE\" \/>\n<meta property=\"article:published_time\" content=\"2022-10-31T14:14:13+00:00\" \/>\n<meta property=\"article:modified_time\" content=\"2022-10-31T17:35:50+00:00\" \/>\n<meta property=\"og:image\" content=\"https:\/\/igfae.usc.es\/~igfae-old\/wp-content\/uploads\/2022\/10\/V-Semana-da-ciencia-IGFAE-Post-cuadrado-2.png\" \/>\n\t<meta property=\"og:image:width\" content=\"1080\" \/>\n\t<meta property=\"og:image:height\" content=\"1080\" \/>\n\t<meta property=\"og:image:type\" content=\"image\/png\" \/>\n<meta name=\"twitter:card\" content=\"summary_large_image\" \/>\n<meta name=\"twitter:creator\" content=\"@igfae_hep\" \/>\n<meta name=\"twitter:site\" content=\"@igfae_hep\" \/>\n<meta name=\"twitter:label1\" content=\"Escrito por\" \/>\n\t<meta name=\"twitter:data1\" content=\"Elena Mora Cuesta\" \/>\n\t<meta name=\"twitter:label2\" content=\"Tiempo de lectura\" \/>\n\t<meta name=\"twitter:data2\" content=\"3 minutos\" \/>\n<script type=\"application\/ld+json\" class=\"yoast-schema-graph\">{\"@context\":\"https:\/\/schema.org\",\"@graph\":[{\"@type\":\"WebSite\",\"@id\":\"https:\/\/igfae.usc.es\/~igfae-old\/#website\",\"url\":\"https:\/\/igfae.usc.es\/~igfae-old\/\",\"name\":\"IGFAE\",\"description\":\"Instituto Galego de F\u00edsica de Altas Enerx\u00edas\",\"potentialAction\":[{\"@type\":\"SearchAction\",\"target\":{\"@type\":\"EntryPoint\",\"urlTemplate\":\"https:\/\/igfae.usc.es\/~igfae-old\/?s={search_term_string}\"},\"query-input\":\"required name=search_term_string\"}],\"inLanguage\":\"es\"},{\"@type\":\"ImageObject\",\"@id\":\"https:\/\/igfae.usc.es\/~igfae-old\/es\/rolf-heuer-v-semana-da-ciencia-igfae\/#primaryimage\",\"inLanguage\":\"es\",\"url\":\"https:\/\/igfae.usc.es\/~igfae-old\/wp-content\/uploads\/2022\/10\/V-Semana-da-ciencia-IGFAE-Post-cuadrado-2.png\",\"contentUrl\":\"https:\/\/igfae.usc.es\/~igfae-old\/wp-content\/uploads\/2022\/10\/V-Semana-da-ciencia-IGFAE-Post-cuadrado-2.png\",\"width\":1080,\"height\":1080},{\"@type\":\"WebPage\",\"@id\":\"https:\/\/igfae.usc.es\/~igfae-old\/es\/rolf-heuer-v-semana-da-ciencia-igfae\/#webpage\",\"url\":\"https:\/\/igfae.usc.es\/~igfae-old\/es\/rolf-heuer-v-semana-da-ciencia-igfae\/\",\"name\":\"Rolf Heuer, convidado estrela da V Semana da Ciencia do IGFAE - IGFAE\",\"isPartOf\":{\"@id\":\"https:\/\/igfae.usc.es\/~igfae-old\/#website\"},\"primaryImageOfPage\":{\"@id\":\"https:\/\/igfae.usc.es\/~igfae-old\/es\/rolf-heuer-v-semana-da-ciencia-igfae\/#primaryimage\"},\"datePublished\":\"2022-10-31T14:14:13+00:00\",\"dateModified\":\"2022-10-31T17:35:50+00:00\",\"author\":{\"@id\":\"https:\/\/igfae.usc.es\/~igfae-old\/#\/schema\/person\/840f8ffb14ad0885a9e3d067fb261c00\"},\"breadcrumb\":{\"@id\":\"https:\/\/igfae.usc.es\/~igfae-old\/es\/rolf-heuer-v-semana-da-ciencia-igfae\/#breadcrumb\"},\"inLanguage\":\"es\",\"potentialAction\":[{\"@type\":\"ReadAction\",\"target\":[\"https:\/\/igfae.usc.es\/~igfae-old\/es\/rolf-heuer-v-semana-da-ciencia-igfae\/\"]}]},{\"@type\":\"BreadcrumbList\",\"@id\":\"https:\/\/igfae.usc.es\/~igfae-old\/es\/rolf-heuer-v-semana-da-ciencia-igfae\/#breadcrumb\",\"itemListElement\":[{\"@type\":\"ListItem\",\"position\":1,\"name\":\"Home\",\"item\":\"https:\/\/igfae.usc.es\/~igfae-old\/es\/\"},{\"@type\":\"ListItem\",\"position\":2,\"name\":\"Rolf Heuer, convidado estrela da V Semana da Ciencia do IGFAE\"}]},{\"@type\":\"Person\",\"@id\":\"https:\/\/igfae.usc.es\/~igfae-old\/#\/schema\/person\/840f8ffb14ad0885a9e3d067fb261c00\",\"name\":\"Elena Mora Cuesta\",\"url\":\"https:\/\/igfae.usc.es\/~igfae-old\/es\/author\/elena-mora-cuesta\/\"}]}<\/script>\n<!-- \/ Yoast SEO plugin. -->","yoast_head_json":{"title":"Rolf Heuer, convidado estrela da V Semana da Ciencia do IGFAE - IGFAE","robots":{"index":"index","follow":"follow","max-snippet":"max-snippet:-1","max-image-preview":"max-image-preview:large","max-video-preview":"max-video-preview:-1"},"canonical":"https:\/\/igfae.usc.es\/~igfae-old\/es\/rolf-heuer-v-semana-da-ciencia-igfae\/","og_locale":"es_ES","og_type":"article","og_title":"Rolf Heuer, convidado estrela da V Semana da Ciencia do IGFAE - IGFAE","og_description":"O ex director xeral do CERN ser\u00e1 o protagonista do gran evento divulgativo anual do IGFAE, a Semana da Ciencia, impartindo...","og_url":"https:\/\/igfae.usc.es\/~igfae-old\/es\/rolf-heuer-v-semana-da-ciencia-igfae\/","og_site_name":"IGFAE","article_published_time":"2022-10-31T14:14:13+00:00","article_modified_time":"2022-10-31T17:35:50+00:00","og_image":[{"width":1080,"height":1080,"url":"https:\/\/igfae.usc.es\/~igfae-old\/wp-content\/uploads\/2022\/10\/V-Semana-da-ciencia-IGFAE-Post-cuadrado-2.png","type":"image\/png"}],"twitter_card":"summary_large_image","twitter_creator":"@igfae_hep","twitter_site":"@igfae_hep","twitter_misc":{"Escrito por":"Elena Mora Cuesta","Tiempo de lectura":"3 minutos"},"schema":{"@context":"https:\/\/schema.org","@graph":[{"@type":"WebSite","@id":"https:\/\/igfae.usc.es\/~igfae-old\/#website","url":"https:\/\/igfae.usc.es\/~igfae-old\/","name":"IGFAE","description":"Instituto Galego de F\u00edsica de Altas Enerx\u00edas","potentialAction":[{"@type":"SearchAction","target":{"@type":"EntryPoint","urlTemplate":"https:\/\/igfae.usc.es\/~igfae-old\/?s={search_term_string}"},"query-input":"required name=search_term_string"}],"inLanguage":"es"},{"@type":"ImageObject","@id":"https:\/\/igfae.usc.es\/~igfae-old\/es\/rolf-heuer-v-semana-da-ciencia-igfae\/#primaryimage","inLanguage":"es","url":"https:\/\/igfae.usc.es\/~igfae-old\/wp-content\/uploads\/2022\/10\/V-Semana-da-ciencia-IGFAE-Post-cuadrado-2.png","contentUrl":"https:\/\/igfae.usc.es\/~igfae-old\/wp-content\/uploads\/2022\/10\/V-Semana-da-ciencia-IGFAE-Post-cuadrado-2.png","width":1080,"height":1080},{"@type":"WebPage","@id":"https:\/\/igfae.usc.es\/~igfae-old\/es\/rolf-heuer-v-semana-da-ciencia-igfae\/#webpage","url":"https:\/\/igfae.usc.es\/~igfae-old\/es\/rolf-heuer-v-semana-da-ciencia-igfae\/","name":"Rolf Heuer, convidado estrela da V Semana da Ciencia do IGFAE - IGFAE","isPartOf":{"@id":"https:\/\/igfae.usc.es\/~igfae-old\/#website"},"primaryImageOfPage":{"@id":"https:\/\/igfae.usc.es\/~igfae-old\/es\/rolf-heuer-v-semana-da-ciencia-igfae\/#primaryimage"},"datePublished":"2022-10-31T14:14:13+00:00","dateModified":"2022-10-31T17:35:50+00:00","author":{"@id":"https:\/\/igfae.usc.es\/~igfae-old\/#\/schema\/person\/840f8ffb14ad0885a9e3d067fb261c00"},"breadcrumb":{"@id":"https:\/\/igfae.usc.es\/~igfae-old\/es\/rolf-heuer-v-semana-da-ciencia-igfae\/#breadcrumb"},"inLanguage":"es","potentialAction":[{"@type":"ReadAction","target":["https:\/\/igfae.usc.es\/~igfae-old\/es\/rolf-heuer-v-semana-da-ciencia-igfae\/"]}]},{"@type":"BreadcrumbList","@id":"https:\/\/igfae.usc.es\/~igfae-old\/es\/rolf-heuer-v-semana-da-ciencia-igfae\/#breadcrumb","itemListElement":[{"@type":"ListItem","position":1,"name":"Home","item":"https:\/\/igfae.usc.es\/~igfae-old\/es\/"},{"@type":"ListItem","position":2,"name":"Rolf Heuer, convidado estrela da V Semana da Ciencia do IGFAE"}]},{"@type":"Person","@id":"https:\/\/igfae.usc.es\/~igfae-old\/#\/schema\/person\/840f8ffb14ad0885a9e3d067fb261c00","name":"Elena Mora Cuesta","url":"https:\/\/igfae.usc.es\/~igfae-old\/es\/author\/elena-mora-cuesta\/"}]}},"_links":{"self":[{"href":"https:\/\/igfae.usc.es\/~igfae-old\/es\/wp-json\/wp\/v2\/posts\/12292"}],"collection":[{"href":"https:\/\/igfae.usc.es\/~igfae-old\/es\/wp-json\/wp\/v2\/posts"}],"about":[{"href":"https:\/\/igfae.usc.es\/~igfae-old\/es\/wp-json\/wp\/v2\/types\/post"}],"author":[{"embeddable":true,"href":"https:\/\/igfae.usc.es\/~igfae-old\/es\/wp-json\/wp\/v2\/users\/21"}],"replies":[{"embeddable":true,"href":"https:\/\/igfae.usc.es\/~igfae-old\/es\/wp-json\/wp\/v2\/comments?post=12292"}],"version-history":[{"count":6,"href":"https:\/\/igfae.usc.es\/~igfae-old\/es\/wp-json\/wp\/v2\/posts\/12292\/revisions"}],"predecessor-version":[{"id":12319,"href":"https:\/\/igfae.usc.es\/~igfae-old\/es\/wp-json\/wp\/v2\/posts\/12292\/revisions\/12319"}],"wp:featuredmedia":[{"embeddable":true,"href":"https:\/\/igfae.usc.es\/~igfae-old\/es\/wp-json\/wp\/v2\/media\/12315"}],"wp:attachment":[{"href":"https:\/\/igfae.usc.es\/~igfae-old\/es\/wp-json\/wp\/v2\/media?parent=12292"}],"wp:term":[{"taxonomy":"category","embeddable":true,"href":"https:\/\/igfae.usc.es\/~igfae-old\/es\/wp-json\/wp\/v2\/categories?post=12292"},{"taxonomy":"post_tag","embeddable":true,"href":"https:\/\/igfae.usc.es\/~igfae-old\/es\/wp-json\/wp\/v2\/tags?post=12292"}],"curies":[{"name":"wp","href":"https:\/\/api.w.org\/{rel}","templated":true}]}}