



{"id":11422,"date":"2022-05-11T11:54:01","date_gmt":"2022-05-11T09:54:01","guid":{"rendered":"https:\/\/igfae.usc.es\/~igfae-old\/transfronteirizas-estibaliz-espinosa-gaston-giribet\/"},"modified":"2022-05-11T14:12:18","modified_gmt":"2022-05-11T12:12:18","slug":"transfronteirizas-estibaliz-espinosa-gaston-giribet","status":"publish","type":"post","link":"https:\/\/igfae.usc.es\/~igfae-old\/es\/transfronteirizas-estibaliz-espinosa-gaston-giribet\/","title":{"rendered":"Astronom\u00eda, agujeros negros y poes\u00eda en el primer \u2018Transfronteirizas\u2019 presencial con Est\u00edbaliz Espinosa y Gast\u00f3n Giribet"},"content":{"rendered":"<p>\u2018Transfronteirizas, conversas de arte e ciencia\u2019, el ciclo de di\u00e1logos online del Instituto Galego de F\u00edsica de Altas Enerx\u00edas (IGFAE), cumple estos d\u00edas su segundo aniversario y lo celebra con una nueva edici\u00f3n el pr\u00f3ximo 19 de mayo, por primera vez en formato presencial. El encuentro entre Est\u00edbaliz Espinosa y Gast\u00f3n Giribet, moderado por el investigador del IGFAE Jos\u00e9 Edelstein, ser\u00e1 en el auditorio de la Facultade de Ciencias da Comunicaci\u00f3n de la USC a las 19:00 con entrada gratuita hasta completar aforo. Quien no pueda acercarse tambi\u00e9n podr\u00e1 seguir el evento en directo a trav\u00e9s del <a href=\"https:\/\/bit.ly\/transfronteirizas10\">canal de Youtube del IGFAE<\/a>.<\/p>\n<p>En este encuentro de \u2018Transfronteirizas\u2019 hablaremos de astronom\u00eda, agujeros negros y poes\u00eda. Est\u00edbaliz Espinosa, cantante y escritora, ha convertido su curiosidad sobre el cielo y el universo en material sensible a trav\u00e9s de su obra. Gast\u00f3n Giribet, f\u00edsico te\u00f3rico, lleva toda una vida pensando en los agujeros negros y los abordajes literarios y filos\u00f3ficos sobre las dimensiones del universo y estos astros que son fuente de tantas paradojas.<\/p>\n<p>Est\u00edbaliz Espinosa (A Coru\u00f1a, 1974) es escritora y comunicadora de ciencia, as\u00ed como cantante. Ha estudiado Sociolog\u00eda y Filolog\u00eda Hisp\u00e1nica en la Universidad de A Coru\u00f1a, y astronom\u00eda como aficionada. Ha publicado varios libros de poes\u00eda en gallego (<em>Curiosidade<\/em> o <em>As neuronas irm\u00e1s,<\/em> entre otros), traducciones, relatos y ensayo sobre literatura y ciencia. Organiza actividades en torno a la poes\u00eda, la astronom\u00eda y la m\u00fasica. Ha trabajado para entidades como la Orquesta Sinf\u00f3nica de Galicia, Museos Cient\u00edficos Coru\u00f1eses y actualmente en la Universidad de A Coru\u00f1a, donde imparte escritura creativa.<\/p>\n<p>Gaston Giribet (Buenos Aires, 1973) es doctor en f\u00edsica. Es Profesor de F\u00edsica Te\u00f3rica de la Universidad de Buenos Aires, y ha sido miembro de otras instituciones, como el Institute for Advanced Study de Princeton, New York University, y la Universit\u00e9 Libre de Bruxelles. Es autor de m\u00e1s de cien art\u00edculos cient\u00edficos y, junto a Jos\u00e9 Edelstein, ha publicado el libro <em>Cuerdas y supercuerdas: la naturaleza microsc\u00f3pica de las part\u00edculas y del espaciotiempo<\/em>.<\/p>\n<p><strong>Rosa Montero inaugur\u00f3 dos a\u00f1os de intercambio interdisciplinar<\/strong><\/p>\n<p>Organizado por el ArtLab del IGFAE, centro mixto de la Universidade de Santiago de Compostela (USC) y la Xunta de Galicia, <a href=\"https:\/\/igfae.usc.es\/~igfae-old\/gl\/transfronteirizas\/\">\u2018Transfronteirizas, conversas de arte e ciencia&#8217;<\/a> es un ciclo de di\u00e1logos virtuales emitidos en Youtube en el que se invitan a figuras del \u00e1mbito cultural a explorar las intersecciones entre el arte y la ciencia con nuestro personal investigador, buscando un enfoque interdisciplinar. Nacido el 15 de mayo de\u00a02020 en plena pandemia con Rosa Montero, por el ciclo han pasado personajes como Javier Ruibal, Alejandro Dolina, Anna R. Figueiredo o Agust\u00edn Fern\u00e1ndez Mallo con el objetivo de tender puentes y fomentar la participaci\u00f3n entre la sociedad y la comunidad investigadora a trav\u00e9s de distintas expresiones art\u00edsticas.<\/p>\n<ul>\n<li><strong>Canal de Youtube del IGFAE: <\/strong><a href=\"https:\/\/www.youtube.com\/c\/IGFAE\">https:\/\/www.youtube.com\/c\/IGFAE<\/a><\/li>\n<li><strong>Edici\u00f3ns anteriores de \u2018Transfronteirizas, conversas de arte e ciencia\u2019: <\/strong><a href=\"https:\/\/igfae.usc.es\/~igfae-old\/gl\/transfronteirizas\/\">https:\/\/igfae.usc.es\/~igfae-old\/gl\/transfronteirizas\/<\/a><\/li>\n<\/ul>\n<p><iframe loading=\"lazy\" title=\"YouTube video player\" src=\"https:\/\/www.youtube.com\/embed\/K-Aze6XDSqM\" width=\"560\" height=\"315\" frameborder=\"0\" allowfullscreen=\"allowfullscreen\"><\/iframe><\/p>\n","protected":false},"excerpt":{"rendered":"<p>\u2018Transfronteirizas, conversas de arte e ciencia\u2019, el ciclo de di\u00e1logos online del Instituto Galego de F\u00edsica de Altas Enerx\u00edas (IGFAE), cumple&#8230;<\/p>\n","protected":false},"author":21,"featured_media":11420,"comment_status":"closed","ping_status":"closed","sticky":false,"template":"","format":"standard","meta":{"om_disable_all_campaigns":false,"_monsterinsights_skip_tracking":false,"_monsterinsights_sitenote_active":false,"_monsterinsights_sitenote_note":"","_monsterinsights_sitenote_category":0},"categories":[126,111],"tags":[],"aioseo_notices":[],"yoast_head":"<!-- This site is optimized with the Yoast SEO plugin v18.4.1 - https:\/\/yoast.com\/wordpress\/plugins\/seo\/ -->\n<title>Astronom\u00eda, agujeros negros y poes\u00eda en el primer \u2018Transfronteirizas\u2019 presencial con Est\u00edbaliz Espinosa y Gast\u00f3n Giribet - IGFAE<\/title>\n<meta name=\"robots\" content=\"index, follow, max-snippet:-1, max-image-preview:large, max-video-preview:-1\" \/>\n<link rel=\"canonical\" href=\"https:\/\/igfae.usc.es\/~igfae-old\/es\/transfronteirizas-estibaliz-espinosa-gaston-giribet\/\" \/>\n<meta property=\"og:locale\" content=\"es_ES\" \/>\n<meta property=\"og:type\" content=\"article\" \/>\n<meta property=\"og:title\" content=\"Astronom\u00eda, agujeros negros y poes\u00eda en el primer \u2018Transfronteirizas\u2019 presencial con Est\u00edbaliz Espinosa y Gast\u00f3n Giribet - IGFAE\" \/>\n<meta property=\"og:description\" content=\"\u2018Transfronteirizas, conversas de arte e ciencia\u2019, el ciclo de di\u00e1logos online del Instituto Galego de F\u00edsica de Altas Enerx\u00edas (IGFAE), cumple...\" \/>\n<meta property=\"og:url\" content=\"https:\/\/igfae.usc.es\/~igfae-old\/es\/transfronteirizas-estibaliz-espinosa-gaston-giribet\/\" \/>\n<meta property=\"og:site_name\" content=\"IGFAE\" \/>\n<meta property=\"article:published_time\" content=\"2022-05-11T09:54:01+00:00\" \/>\n<meta property=\"article:modified_time\" content=\"2022-05-11T12:12:18+00:00\" \/>\n<meta property=\"og:image\" content=\"https:\/\/igfae.usc.es\/~igfae-old\/wp-content\/uploads\/2022\/05\/transfronteirizas_mayo_2022.png\" \/>\n\t<meta property=\"og:image:width\" content=\"1920\" \/>\n\t<meta property=\"og:image:height\" content=\"1080\" \/>\n\t<meta property=\"og:image:type\" content=\"image\/png\" \/>\n<meta name=\"twitter:card\" content=\"summary_large_image\" \/>\n<meta name=\"twitter:creator\" content=\"@igfae_hep\" \/>\n<meta name=\"twitter:site\" content=\"@igfae_hep\" \/>\n<meta name=\"twitter:label1\" content=\"Escrito por\" \/>\n\t<meta name=\"twitter:data1\" content=\"Elena Mora Cuesta\" \/>\n\t<meta name=\"twitter:label2\" content=\"Tiempo de lectura\" \/>\n\t<meta name=\"twitter:data2\" content=\"3 minutos\" \/>\n<script type=\"application\/ld+json\" class=\"yoast-schema-graph\">{\"@context\":\"https:\/\/schema.org\",\"@graph\":[{\"@type\":\"WebSite\",\"@id\":\"https:\/\/igfae.usc.es\/~igfae-old\/#website\",\"url\":\"https:\/\/igfae.usc.es\/~igfae-old\/\",\"name\":\"IGFAE\",\"description\":\"Instituto Galego de F\u00edsica de Altas Enerx\u00edas\",\"potentialAction\":[{\"@type\":\"SearchAction\",\"target\":{\"@type\":\"EntryPoint\",\"urlTemplate\":\"https:\/\/igfae.usc.es\/~igfae-old\/?s={search_term_string}\"},\"query-input\":\"required name=search_term_string\"}],\"inLanguage\":\"es\"},{\"@type\":\"ImageObject\",\"@id\":\"https:\/\/igfae.usc.es\/~igfae-old\/es\/transfronteirizas-estibaliz-espinosa-gaston-giribet\/#primaryimage\",\"inLanguage\":\"es\",\"url\":\"https:\/\/igfae.usc.es\/~igfae-old\/wp-content\/uploads\/2022\/05\/transfronteirizas_mayo_2022.png\",\"contentUrl\":\"https:\/\/igfae.usc.es\/~igfae-old\/wp-content\/uploads\/2022\/05\/transfronteirizas_mayo_2022.png\",\"width\":1920,\"height\":1080},{\"@type\":\"WebPage\",\"@id\":\"https:\/\/igfae.usc.es\/~igfae-old\/es\/transfronteirizas-estibaliz-espinosa-gaston-giribet\/#webpage\",\"url\":\"https:\/\/igfae.usc.es\/~igfae-old\/es\/transfronteirizas-estibaliz-espinosa-gaston-giribet\/\",\"name\":\"Astronom\u00eda, agujeros negros y poes\u00eda en el primer \u2018Transfronteirizas\u2019 presencial con Est\u00edbaliz Espinosa y Gast\u00f3n Giribet - IGFAE\",\"isPartOf\":{\"@id\":\"https:\/\/igfae.usc.es\/~igfae-old\/#website\"},\"primaryImageOfPage\":{\"@id\":\"https:\/\/igfae.usc.es\/~igfae-old\/es\/transfronteirizas-estibaliz-espinosa-gaston-giribet\/#primaryimage\"},\"datePublished\":\"2022-05-11T09:54:01+00:00\",\"dateModified\":\"2022-05-11T12:12:18+00:00\",\"author\":{\"@id\":\"https:\/\/igfae.usc.es\/~igfae-old\/#\/schema\/person\/840f8ffb14ad0885a9e3d067fb261c00\"},\"breadcrumb\":{\"@id\":\"https:\/\/igfae.usc.es\/~igfae-old\/es\/transfronteirizas-estibaliz-espinosa-gaston-giribet\/#breadcrumb\"},\"inLanguage\":\"es\",\"potentialAction\":[{\"@type\":\"ReadAction\",\"target\":[\"https:\/\/igfae.usc.es\/~igfae-old\/es\/transfronteirizas-estibaliz-espinosa-gaston-giribet\/\"]}]},{\"@type\":\"BreadcrumbList\",\"@id\":\"https:\/\/igfae.usc.es\/~igfae-old\/es\/transfronteirizas-estibaliz-espinosa-gaston-giribet\/#breadcrumb\",\"itemListElement\":[{\"@type\":\"ListItem\",\"position\":1,\"name\":\"Home\",\"item\":\"https:\/\/igfae.usc.es\/~igfae-old\/es\/\"},{\"@type\":\"ListItem\",\"position\":2,\"name\":\"Astronom\u00eda, agujeros negros y poes\u00eda en el primer \u2018Transfronteirizas\u2019 presencial con Est\u00edbaliz Espinosa y Gast\u00f3n Giribet\"}]},{\"@type\":\"Person\",\"@id\":\"https:\/\/igfae.usc.es\/~igfae-old\/#\/schema\/person\/840f8ffb14ad0885a9e3d067fb261c00\",\"name\":\"Elena Mora Cuesta\",\"url\":\"https:\/\/igfae.usc.es\/~igfae-old\/es\/author\/elena-mora-cuesta\/\"}]}<\/script>\n<!-- \/ Yoast SEO plugin. -->","yoast_head_json":{"title":"Astronom\u00eda, agujeros negros y poes\u00eda en el primer \u2018Transfronteirizas\u2019 presencial con Est\u00edbaliz Espinosa y Gast\u00f3n Giribet - IGFAE","robots":{"index":"index","follow":"follow","max-snippet":"max-snippet:-1","max-image-preview":"max-image-preview:large","max-video-preview":"max-video-preview:-1"},"canonical":"https:\/\/igfae.usc.es\/~igfae-old\/es\/transfronteirizas-estibaliz-espinosa-gaston-giribet\/","og_locale":"es_ES","og_type":"article","og_title":"Astronom\u00eda, agujeros negros y poes\u00eda en el primer \u2018Transfronteirizas\u2019 presencial con Est\u00edbaliz Espinosa y Gast\u00f3n Giribet - IGFAE","og_description":"\u2018Transfronteirizas, conversas de arte e ciencia\u2019, el ciclo de di\u00e1logos online del Instituto Galego de F\u00edsica de Altas Enerx\u00edas (IGFAE), cumple...","og_url":"https:\/\/igfae.usc.es\/~igfae-old\/es\/transfronteirizas-estibaliz-espinosa-gaston-giribet\/","og_site_name":"IGFAE","article_published_time":"2022-05-11T09:54:01+00:00","article_modified_time":"2022-05-11T12:12:18+00:00","og_image":[{"width":1920,"height":1080,"url":"https:\/\/igfae.usc.es\/~igfae-old\/wp-content\/uploads\/2022\/05\/transfronteirizas_mayo_2022.png","type":"image\/png"}],"twitter_card":"summary_large_image","twitter_creator":"@igfae_hep","twitter_site":"@igfae_hep","twitter_misc":{"Escrito por":"Elena Mora Cuesta","Tiempo de lectura":"3 minutos"},"schema":{"@context":"https:\/\/schema.org","@graph":[{"@type":"WebSite","@id":"https:\/\/igfae.usc.es\/~igfae-old\/#website","url":"https:\/\/igfae.usc.es\/~igfae-old\/","name":"IGFAE","description":"Instituto Galego de F\u00edsica de Altas Enerx\u00edas","potentialAction":[{"@type":"SearchAction","target":{"@type":"EntryPoint","urlTemplate":"https:\/\/igfae.usc.es\/~igfae-old\/?s={search_term_string}"},"query-input":"required name=search_term_string"}],"inLanguage":"es"},{"@type":"ImageObject","@id":"https:\/\/igfae.usc.es\/~igfae-old\/es\/transfronteirizas-estibaliz-espinosa-gaston-giribet\/#primaryimage","inLanguage":"es","url":"https:\/\/igfae.usc.es\/~igfae-old\/wp-content\/uploads\/2022\/05\/transfronteirizas_mayo_2022.png","contentUrl":"https:\/\/igfae.usc.es\/~igfae-old\/wp-content\/uploads\/2022\/05\/transfronteirizas_mayo_2022.png","width":1920,"height":1080},{"@type":"WebPage","@id":"https:\/\/igfae.usc.es\/~igfae-old\/es\/transfronteirizas-estibaliz-espinosa-gaston-giribet\/#webpage","url":"https:\/\/igfae.usc.es\/~igfae-old\/es\/transfronteirizas-estibaliz-espinosa-gaston-giribet\/","name":"Astronom\u00eda, agujeros negros y poes\u00eda en el primer \u2018Transfronteirizas\u2019 presencial con Est\u00edbaliz Espinosa y Gast\u00f3n Giribet - IGFAE","isPartOf":{"@id":"https:\/\/igfae.usc.es\/~igfae-old\/#website"},"primaryImageOfPage":{"@id":"https:\/\/igfae.usc.es\/~igfae-old\/es\/transfronteirizas-estibaliz-espinosa-gaston-giribet\/#primaryimage"},"datePublished":"2022-05-11T09:54:01+00:00","dateModified":"2022-05-11T12:12:18+00:00","author":{"@id":"https:\/\/igfae.usc.es\/~igfae-old\/#\/schema\/person\/840f8ffb14ad0885a9e3d067fb261c00"},"breadcrumb":{"@id":"https:\/\/igfae.usc.es\/~igfae-old\/es\/transfronteirizas-estibaliz-espinosa-gaston-giribet\/#breadcrumb"},"inLanguage":"es","potentialAction":[{"@type":"ReadAction","target":["https:\/\/igfae.usc.es\/~igfae-old\/es\/transfronteirizas-estibaliz-espinosa-gaston-giribet\/"]}]},{"@type":"BreadcrumbList","@id":"https:\/\/igfae.usc.es\/~igfae-old\/es\/transfronteirizas-estibaliz-espinosa-gaston-giribet\/#breadcrumb","itemListElement":[{"@type":"ListItem","position":1,"name":"Home","item":"https:\/\/igfae.usc.es\/~igfae-old\/es\/"},{"@type":"ListItem","position":2,"name":"Astronom\u00eda, agujeros negros y poes\u00eda en el primer \u2018Transfronteirizas\u2019 presencial con Est\u00edbaliz Espinosa y Gast\u00f3n Giribet"}]},{"@type":"Person","@id":"https:\/\/igfae.usc.es\/~igfae-old\/#\/schema\/person\/840f8ffb14ad0885a9e3d067fb261c00","name":"Elena Mora Cuesta","url":"https:\/\/igfae.usc.es\/~igfae-old\/es\/author\/elena-mora-cuesta\/"}]}},"_links":{"self":[{"href":"https:\/\/igfae.usc.es\/~igfae-old\/es\/wp-json\/wp\/v2\/posts\/11422"}],"collection":[{"href":"https:\/\/igfae.usc.es\/~igfae-old\/es\/wp-json\/wp\/v2\/posts"}],"about":[{"href":"https:\/\/igfae.usc.es\/~igfae-old\/es\/wp-json\/wp\/v2\/types\/post"}],"author":[{"embeddable":true,"href":"https:\/\/igfae.usc.es\/~igfae-old\/es\/wp-json\/wp\/v2\/users\/21"}],"replies":[{"embeddable":true,"href":"https:\/\/igfae.usc.es\/~igfae-old\/es\/wp-json\/wp\/v2\/comments?post=11422"}],"version-history":[{"count":5,"href":"https:\/\/igfae.usc.es\/~igfae-old\/es\/wp-json\/wp\/v2\/posts\/11422\/revisions"}],"predecessor-version":[{"id":11440,"href":"https:\/\/igfae.usc.es\/~igfae-old\/es\/wp-json\/wp\/v2\/posts\/11422\/revisions\/11440"}],"wp:featuredmedia":[{"embeddable":true,"href":"https:\/\/igfae.usc.es\/~igfae-old\/es\/wp-json\/wp\/v2\/media\/11420"}],"wp:attachment":[{"href":"https:\/\/igfae.usc.es\/~igfae-old\/es\/wp-json\/wp\/v2\/media?parent=11422"}],"wp:term":[{"taxonomy":"category","embeddable":true,"href":"https:\/\/igfae.usc.es\/~igfae-old\/es\/wp-json\/wp\/v2\/categories?post=11422"},{"taxonomy":"post_tag","embeddable":true,"href":"https:\/\/igfae.usc.es\/~igfae-old\/es\/wp-json\/wp\/v2\/tags?post=11422"}],"curies":[{"name":"wp","href":"https:\/\/api.w.org\/{rel}","templated":true}]}}