



{"id":11218,"date":"2022-03-04T15:51:54","date_gmt":"2022-03-04T13:51:54","guid":{"rendered":"https:\/\/igfae.usc.es\/~igfae-old\/?p=11218"},"modified":"2022-03-04T19:57:47","modified_gmt":"2022-03-04T17:57:47","slug":"masterclass-fisica-particulas-2022-igfae","status":"publish","type":"post","link":"https:\/\/igfae.usc.es\/~igfae-old\/es\/masterclass-fisica-particulas-2022-igfae\/","title":{"rendered":"Estudiantes y docentes de Galicia participan en la Masterclass Internacional de F\u00edsica de Part\u00edculas del IGFAE"},"content":{"rendered":"<p>Un grupo de 69 estudiantes de 2\u00ba de bachillerato y docentes de 27 centros provenientes de toda la comunidad gallega participaron hoy en la <a href=\"http:\/\/igfae.usc.es\/masterclass\/\">Masterclass Internacional \u201cF\u00edsica de Part\u00edculas coas mans<\/a>\u201d que organiz\u00f3 el Instituto Galego de F\u00edsica de Altas Enerx\u00edas (IGFAE) en la Facultade de Matem\u00e1ticas y la Facultade de \u00d3ptica de la Universidade de Santiago de Compostela (USC). Despu\u00e9s de la exitosa edici\u00f3n virtual de 2021 con motivo de la pandemia, esta masterclass permiti\u00f3 al alumnado conocer <em>in situ<\/em> c\u00f3mo es un centro de investigaci\u00f3n, aprender sobre F\u00edsica de Part\u00edculas y hacer un ejercicio pr\u00e1ctico con datos experimentales que compartieron, como en una colaboraci\u00f3n cient\u00edfica real, con estudiantes de algunos de los otros 225 centros de todo el mundo que organizan <a href=\"https:\/\/physicsmasterclasses.org\/\">jornadas similares durante estos d\u00edas<\/a>. Como el a\u00f1o pasado, la participaci\u00f3n femenina fue r\u00e9cord, con un 46% de alumnas.<\/p>\n<p>La jornada comenz\u00f3 con la bienvenida del director del IGFAE Carlos Salgado, quien agradeci\u00f3 al profesorado y estudiantes su participaci\u00f3n en esta masterclass que lleva formando a j\u00f3venes de toda Galicia desde 2008 y que recibe desde su primer edici\u00f3n m\u00e1s solicitudes de las disponibles. Despu\u00e9s siguieron las conferencias magistrales de los investigadores Diego Mart\u00ednez Santos y Veronika Chobanova con una introducci\u00f3n a la f\u00edsica de part\u00edculas, los aceleradores y experimentos del CERN, as\u00ed como los distintos tipos de f\u00edsica y fen\u00f3menos que se pueden medir en el mayor laboratorio de este tipo en el mundo.<\/p>\n<p>Despu\u00e9s de aprender los fundamentos b\u00e1sicos, los estudiantes realizaron una pr\u00e1ctica por ordenador en la que identificaron eventos \u2012colisiones de part\u00edculas subat\u00f3micas\u2012 empleando datos reales del experimento CMS del Gran Colisionador de Hadrones (LHC) del CERN. Una vez terminado el ejercicio, se conectaron por videoconferencia con el CERN para compartir los resultados de la pr\u00e1ctica y discutirlos con estudiantes de 60 pa\u00edses distintos que participaban en una masterclass desde otros centros cient\u00edficos.<\/p>\n<p>Esta jornada est\u00e1 promovida por el Grupo Internacional de Divulgaci\u00f3n de F\u00edsica de Part\u00edculas (IPPOG) en colaboraci\u00f3n con la Sociedad Europea de F\u00edsica, el CERN (Organizaci\u00f3n Europea para la Investigaci\u00f3n Nuclear) y Fermilab (Laboratorio Nacional Fermi). La organizaci\u00f3n de esta edici\u00f3n estuvo a cargo de los siguientes investigadores e investigadoras del IGFAE:<\/p>\n<ul>\n<li>Alexandre Brea Rodr\u00edguez<\/li>\n<li>Adri\u00e1n Casais Vidal<\/li>\n<li>Caetano Eirea Orro<\/li>\n<li>Miguel Fern\u00e1ndez G\u00f3mez<\/li>\n<li>Alessandra Giuvent\u00f9<\/li>\n<li>Clara Landesa G\u00f3mez<\/li>\n<li>Juli\u00e1n Lomba Castro<\/li>\n<li>Sa\u00fal L\u00f3pez Soli\u00f1o<\/li>\n<li>Asier Pereiro Castro<\/li>\n<li>Emilio Xos\u00e9 Rodr\u00edguez Fern\u00e1ndez<\/li>\n<li>Marcos Romero Lamas<\/li>\n<li>Ram\u00f3n \u00c1ngel Ruiz Fern\u00e1ndez<\/li>\n<li>Ver\u00f3nica Villa Ortega<\/li>\n<\/ul>\n<p>M\u00e1s informaci\u00f3n de la Masterclass Internacional del IGFAE: <a style=\"font-size: 1rem;\" href=\"http:\/\/igfae.usc.es\/masterclass\/\">http:\/\/igfae.usc.es\/masterclass\/<\/a><\/p>\n<div class=\"image-slider slider-all-controls controls-inside\"><ul class=\"slides\"><li><img width=\"1920\" height=\"1280\" src=\"https:\/\/igfae.usc.es\/~igfae-old\/wp-content\/uploads\/2022\/03\/Benvida.jpeg\" class=\"attachment-full size-full\" alt=\"\" loading=\"lazy\" srcset=\"https:\/\/igfae.usc.es\/~igfae-old\/wp-content\/uploads\/2022\/03\/Benvida.jpeg 1920w, https:\/\/igfae.usc.es\/~igfae-old\/wp-content\/uploads\/2022\/03\/Benvida-300x200.jpeg 300w, https:\/\/igfae.usc.es\/~igfae-old\/wp-content\/uploads\/2022\/03\/Benvida-1024x683.jpeg 1024w, https:\/\/igfae.usc.es\/~igfae-old\/wp-content\/uploads\/2022\/03\/Benvida-768x512.jpeg 768w, https:\/\/igfae.usc.es\/~igfae-old\/wp-content\/uploads\/2022\/03\/Benvida-1536x1024.jpeg 1536w, https:\/\/igfae.usc.es\/~igfae-old\/wp-content\/uploads\/2022\/03\/Benvida-600x400.jpeg 600w\" sizes=\"(max-width: 1920px) 100vw, 1920px\" \/><\/li><li><img width=\"1920\" height=\"1280\" src=\"https:\/\/igfae.usc.es\/~igfae-old\/wp-content\/uploads\/2022\/03\/Veronika-Chobanova.jpeg\" class=\"attachment-full size-full\" alt=\"\" loading=\"lazy\" srcset=\"https:\/\/igfae.usc.es\/~igfae-old\/wp-content\/uploads\/2022\/03\/Veronika-Chobanova.jpeg 1920w, https:\/\/igfae.usc.es\/~igfae-old\/wp-content\/uploads\/2022\/03\/Veronika-Chobanova-300x200.jpeg 300w, https:\/\/igfae.usc.es\/~igfae-old\/wp-content\/uploads\/2022\/03\/Veronika-Chobanova-1024x683.jpeg 1024w, https:\/\/igfae.usc.es\/~igfae-old\/wp-content\/uploads\/2022\/03\/Veronika-Chobanova-768x512.jpeg 768w, https:\/\/igfae.usc.es\/~igfae-old\/wp-content\/uploads\/2022\/03\/Veronika-Chobanova-1536x1024.jpeg 1536w, https:\/\/igfae.usc.es\/~igfae-old\/wp-content\/uploads\/2022\/03\/Veronika-Chobanova-600x400.jpeg 600w\" sizes=\"(max-width: 1920px) 100vw, 1920px\" \/><\/li><li><img width=\"1920\" height=\"1280\" src=\"https:\/\/igfae.usc.es\/~igfae-old\/wp-content\/uploads\/2022\/03\/Estudantes.jpeg\" class=\"attachment-full size-full\" alt=\"\" loading=\"lazy\" srcset=\"https:\/\/igfae.usc.es\/~igfae-old\/wp-content\/uploads\/2022\/03\/Estudantes.jpeg 1920w, https:\/\/igfae.usc.es\/~igfae-old\/wp-content\/uploads\/2022\/03\/Estudantes-300x200.jpeg 300w, https:\/\/igfae.usc.es\/~igfae-old\/wp-content\/uploads\/2022\/03\/Estudantes-1024x683.jpeg 1024w, https:\/\/igfae.usc.es\/~igfae-old\/wp-content\/uploads\/2022\/03\/Estudantes-768x512.jpeg 768w, https:\/\/igfae.usc.es\/~igfae-old\/wp-content\/uploads\/2022\/03\/Estudantes-1536x1024.jpeg 1536w, https:\/\/igfae.usc.es\/~igfae-old\/wp-content\/uploads\/2022\/03\/Estudantes-600x400.jpeg 600w\" sizes=\"(max-width: 1920px) 100vw, 1920px\" \/><\/li><li><img width=\"2560\" height=\"1920\" src=\"https:\/\/igfae.usc.es\/~igfae-old\/wp-content\/uploads\/2022\/03\/Diego-Martinez-scaled.jpg\" class=\"attachment-full size-full\" alt=\"\" loading=\"lazy\" srcset=\"https:\/\/igfae.usc.es\/~igfae-old\/wp-content\/uploads\/2022\/03\/Diego-Martinez-scaled.jpg 2560w, https:\/\/igfae.usc.es\/~igfae-old\/wp-content\/uploads\/2022\/03\/Diego-Martinez-300x225.jpg 300w, https:\/\/igfae.usc.es\/~igfae-old\/wp-content\/uploads\/2022\/03\/Diego-Martinez-1024x768.jpg 1024w, https:\/\/igfae.usc.es\/~igfae-old\/wp-content\/uploads\/2022\/03\/Diego-Martinez-768x576.jpg 768w, https:\/\/igfae.usc.es\/~igfae-old\/wp-content\/uploads\/2022\/03\/Diego-Martinez-1536x1152.jpg 1536w, https:\/\/igfae.usc.es\/~igfae-old\/wp-content\/uploads\/2022\/03\/Diego-Martinez-2048x1536.jpg 2048w\" sizes=\"(max-width: 2560px) 100vw, 2560px\" \/><\/li><li><img width=\"2048\" height=\"1536\" src=\"https:\/\/igfae.usc.es\/~igfae-old\/wp-content\/uploads\/2022\/03\/Practica.jpeg\" class=\"attachment-full size-full\" alt=\"\" loading=\"lazy\" srcset=\"https:\/\/igfae.usc.es\/~igfae-old\/wp-content\/uploads\/2022\/03\/Practica.jpeg 2048w, https:\/\/igfae.usc.es\/~igfae-old\/wp-content\/uploads\/2022\/03\/Practica-300x225.jpeg 300w, https:\/\/igfae.usc.es\/~igfae-old\/wp-content\/uploads\/2022\/03\/Practica-1024x768.jpeg 1024w, https:\/\/igfae.usc.es\/~igfae-old\/wp-content\/uploads\/2022\/03\/Practica-768x576.jpeg 768w, https:\/\/igfae.usc.es\/~igfae-old\/wp-content\/uploads\/2022\/03\/Practica-1536x1152.jpeg 1536w\" sizes=\"(max-width: 2048px) 100vw, 2048px\" \/><\/li><li><img width=\"1920\" height=\"1280\" src=\"https:\/\/igfae.usc.es\/~igfae-old\/wp-content\/uploads\/2022\/03\/Alexandre.jpeg\" class=\"attachment-full size-full\" alt=\"\" loading=\"lazy\" srcset=\"https:\/\/igfae.usc.es\/~igfae-old\/wp-content\/uploads\/2022\/03\/Alexandre.jpeg 1920w, https:\/\/igfae.usc.es\/~igfae-old\/wp-content\/uploads\/2022\/03\/Alexandre-300x200.jpeg 300w, https:\/\/igfae.usc.es\/~igfae-old\/wp-content\/uploads\/2022\/03\/Alexandre-1024x683.jpeg 1024w, https:\/\/igfae.usc.es\/~igfae-old\/wp-content\/uploads\/2022\/03\/Alexandre-768x512.jpeg 768w, https:\/\/igfae.usc.es\/~igfae-old\/wp-content\/uploads\/2022\/03\/Alexandre-1536x1024.jpeg 1536w, https:\/\/igfae.usc.es\/~igfae-old\/wp-content\/uploads\/2022\/03\/Alexandre-600x400.jpeg 600w\" sizes=\"(max-width: 1920px) 100vw, 1920px\" \/><\/li><li><img width=\"1340\" height=\"893\" src=\"https:\/\/igfae.usc.es\/~igfae-old\/wp-content\/uploads\/2022\/03\/Videoconferencia-CERN.jpeg\" class=\"attachment-full size-full\" alt=\"\" loading=\"lazy\" srcset=\"https:\/\/igfae.usc.es\/~igfae-old\/wp-content\/uploads\/2022\/03\/Videoconferencia-CERN.jpeg 1340w, https:\/\/igfae.usc.es\/~igfae-old\/wp-content\/uploads\/2022\/03\/Videoconferencia-CERN-300x200.jpeg 300w, https:\/\/igfae.usc.es\/~igfae-old\/wp-content\/uploads\/2022\/03\/Videoconferencia-CERN-1024x682.jpeg 1024w, https:\/\/igfae.usc.es\/~igfae-old\/wp-content\/uploads\/2022\/03\/Videoconferencia-CERN-768x512.jpeg 768w, https:\/\/igfae.usc.es\/~igfae-old\/wp-content\/uploads\/2022\/03\/Videoconferencia-CERN-600x400.jpeg 600w\" sizes=\"(max-width: 1340px) 100vw, 1340px\" \/><\/li><\/ul><\/div>\n","protected":false},"excerpt":{"rendered":"<p>Un grupo de 69 estudiantes de 2\u00ba de bachillerato y docentes de 27 centros provenientes de toda la comunidad gallega participaron&#8230;<\/p>\n","protected":false},"author":21,"featured_media":11212,"comment_status":"closed","ping_status":"closed","sticky":false,"template":"","format":"standard","meta":{"om_disable_all_campaigns":false,"_monsterinsights_skip_tracking":false,"_monsterinsights_sitenote_active":false,"_monsterinsights_sitenote_note":"","_monsterinsights_sitenote_category":0},"categories":[113,111],"tags":[],"aioseo_notices":[],"yoast_head":"<!-- This site is optimized with the Yoast SEO plugin v18.4.1 - https:\/\/yoast.com\/wordpress\/plugins\/seo\/ -->\n<title>Estudiantes y docentes de Galicia participan en la Masterclass Internacional de F\u00edsica de Part\u00edculas del IGFAE - IGFAE<\/title>\n<meta name=\"robots\" content=\"index, follow, max-snippet:-1, max-image-preview:large, max-video-preview:-1\" \/>\n<link rel=\"canonical\" href=\"https:\/\/igfae.usc.es\/~igfae-old\/es\/masterclass-fisica-particulas-2022-igfae\/\" \/>\n<meta property=\"og:locale\" content=\"es_ES\" \/>\n<meta property=\"og:type\" content=\"article\" \/>\n<meta property=\"og:title\" content=\"Estudiantes y docentes de Galicia participan en la Masterclass Internacional de F\u00edsica de Part\u00edculas del IGFAE - IGFAE\" \/>\n<meta property=\"og:description\" content=\"Un grupo de 69 estudiantes de 2\u00ba de bachillerato y docentes de 27 centros provenientes de toda la comunidad gallega participaron...\" \/>\n<meta property=\"og:url\" content=\"https:\/\/igfae.usc.es\/~igfae-old\/es\/masterclass-fisica-particulas-2022-igfae\/\" \/>\n<meta property=\"og:site_name\" content=\"IGFAE\" \/>\n<meta property=\"article:published_time\" content=\"2022-03-04T13:51:54+00:00\" \/>\n<meta property=\"article:modified_time\" content=\"2022-03-04T17:57:47+00:00\" \/>\n<meta property=\"og:image\" content=\"https:\/\/igfae.usc.es\/~igfae-old\/wp-content\/uploads\/2022\/03\/Veronika-Chobanova2.jpeg\" \/>\n\t<meta property=\"og:image:width\" content=\"1920\" \/>\n\t<meta property=\"og:image:height\" content=\"1280\" \/>\n\t<meta property=\"og:image:type\" content=\"image\/jpeg\" \/>\n<meta name=\"twitter:card\" content=\"summary_large_image\" \/>\n<meta name=\"twitter:creator\" content=\"@igfae_hep\" \/>\n<meta name=\"twitter:site\" content=\"@igfae_hep\" \/>\n<meta name=\"twitter:label1\" content=\"Escrito por\" \/>\n\t<meta name=\"twitter:data1\" content=\"Elena Mora Cuesta\" \/>\n\t<meta name=\"twitter:label2\" content=\"Tiempo de lectura\" \/>\n\t<meta name=\"twitter:data2\" content=\"2 minutos\" \/>\n<script type=\"application\/ld+json\" class=\"yoast-schema-graph\">{\"@context\":\"https:\/\/schema.org\",\"@graph\":[{\"@type\":\"WebSite\",\"@id\":\"https:\/\/igfae.usc.es\/~igfae-old\/#website\",\"url\":\"https:\/\/igfae.usc.es\/~igfae-old\/\",\"name\":\"IGFAE\",\"description\":\"Instituto Galego de F\u00edsica de Altas Enerx\u00edas\",\"potentialAction\":[{\"@type\":\"SearchAction\",\"target\":{\"@type\":\"EntryPoint\",\"urlTemplate\":\"https:\/\/igfae.usc.es\/~igfae-old\/?s={search_term_string}\"},\"query-input\":\"required name=search_term_string\"}],\"inLanguage\":\"es\"},{\"@type\":\"ImageObject\",\"@id\":\"https:\/\/igfae.usc.es\/~igfae-old\/es\/masterclass-fisica-particulas-2022-igfae\/#primaryimage\",\"inLanguage\":\"es\",\"url\":\"https:\/\/igfae.usc.es\/~igfae-old\/wp-content\/uploads\/2022\/03\/Veronika-Chobanova2.jpeg\",\"contentUrl\":\"https:\/\/igfae.usc.es\/~igfae-old\/wp-content\/uploads\/2022\/03\/Veronika-Chobanova2.jpeg\",\"width\":1920,\"height\":1280},{\"@type\":\"WebPage\",\"@id\":\"https:\/\/igfae.usc.es\/~igfae-old\/es\/masterclass-fisica-particulas-2022-igfae\/#webpage\",\"url\":\"https:\/\/igfae.usc.es\/~igfae-old\/es\/masterclass-fisica-particulas-2022-igfae\/\",\"name\":\"Estudiantes y docentes de Galicia participan en la Masterclass Internacional de F\u00edsica de Part\u00edculas del IGFAE - IGFAE\",\"isPartOf\":{\"@id\":\"https:\/\/igfae.usc.es\/~igfae-old\/#website\"},\"primaryImageOfPage\":{\"@id\":\"https:\/\/igfae.usc.es\/~igfae-old\/es\/masterclass-fisica-particulas-2022-igfae\/#primaryimage\"},\"datePublished\":\"2022-03-04T13:51:54+00:00\",\"dateModified\":\"2022-03-04T17:57:47+00:00\",\"author\":{\"@id\":\"https:\/\/igfae.usc.es\/~igfae-old\/#\/schema\/person\/840f8ffb14ad0885a9e3d067fb261c00\"},\"breadcrumb\":{\"@id\":\"https:\/\/igfae.usc.es\/~igfae-old\/es\/masterclass-fisica-particulas-2022-igfae\/#breadcrumb\"},\"inLanguage\":\"es\",\"potentialAction\":[{\"@type\":\"ReadAction\",\"target\":[\"https:\/\/igfae.usc.es\/~igfae-old\/es\/masterclass-fisica-particulas-2022-igfae\/\"]}]},{\"@type\":\"BreadcrumbList\",\"@id\":\"https:\/\/igfae.usc.es\/~igfae-old\/es\/masterclass-fisica-particulas-2022-igfae\/#breadcrumb\",\"itemListElement\":[{\"@type\":\"ListItem\",\"position\":1,\"name\":\"Home\",\"item\":\"https:\/\/igfae.usc.es\/~igfae-old\/es\/\"},{\"@type\":\"ListItem\",\"position\":2,\"name\":\"Estudiantes y docentes de Galicia participan en la Masterclass Internacional de F\u00edsica de Part\u00edculas del IGFAE\"}]},{\"@type\":\"Person\",\"@id\":\"https:\/\/igfae.usc.es\/~igfae-old\/#\/schema\/person\/840f8ffb14ad0885a9e3d067fb261c00\",\"name\":\"Elena Mora Cuesta\",\"url\":\"https:\/\/igfae.usc.es\/~igfae-old\/es\/author\/elena-mora-cuesta\/\"}]}<\/script>\n<!-- \/ Yoast SEO plugin. -->","yoast_head_json":{"title":"Estudiantes y docentes de Galicia participan en la Masterclass Internacional de F\u00edsica de Part\u00edculas del IGFAE - IGFAE","robots":{"index":"index","follow":"follow","max-snippet":"max-snippet:-1","max-image-preview":"max-image-preview:large","max-video-preview":"max-video-preview:-1"},"canonical":"https:\/\/igfae.usc.es\/~igfae-old\/es\/masterclass-fisica-particulas-2022-igfae\/","og_locale":"es_ES","og_type":"article","og_title":"Estudiantes y docentes de Galicia participan en la Masterclass Internacional de F\u00edsica de Part\u00edculas del IGFAE - IGFAE","og_description":"Un grupo de 69 estudiantes de 2\u00ba de bachillerato y docentes de 27 centros provenientes de toda la comunidad gallega participaron...","og_url":"https:\/\/igfae.usc.es\/~igfae-old\/es\/masterclass-fisica-particulas-2022-igfae\/","og_site_name":"IGFAE","article_published_time":"2022-03-04T13:51:54+00:00","article_modified_time":"2022-03-04T17:57:47+00:00","og_image":[{"width":1920,"height":1280,"url":"https:\/\/igfae.usc.es\/~igfae-old\/wp-content\/uploads\/2022\/03\/Veronika-Chobanova2.jpeg","type":"image\/jpeg"}],"twitter_card":"summary_large_image","twitter_creator":"@igfae_hep","twitter_site":"@igfae_hep","twitter_misc":{"Escrito por":"Elena Mora Cuesta","Tiempo de lectura":"2 minutos"},"schema":{"@context":"https:\/\/schema.org","@graph":[{"@type":"WebSite","@id":"https:\/\/igfae.usc.es\/~igfae-old\/#website","url":"https:\/\/igfae.usc.es\/~igfae-old\/","name":"IGFAE","description":"Instituto Galego de F\u00edsica de Altas Enerx\u00edas","potentialAction":[{"@type":"SearchAction","target":{"@type":"EntryPoint","urlTemplate":"https:\/\/igfae.usc.es\/~igfae-old\/?s={search_term_string}"},"query-input":"required name=search_term_string"}],"inLanguage":"es"},{"@type":"ImageObject","@id":"https:\/\/igfae.usc.es\/~igfae-old\/es\/masterclass-fisica-particulas-2022-igfae\/#primaryimage","inLanguage":"es","url":"https:\/\/igfae.usc.es\/~igfae-old\/wp-content\/uploads\/2022\/03\/Veronika-Chobanova2.jpeg","contentUrl":"https:\/\/igfae.usc.es\/~igfae-old\/wp-content\/uploads\/2022\/03\/Veronika-Chobanova2.jpeg","width":1920,"height":1280},{"@type":"WebPage","@id":"https:\/\/igfae.usc.es\/~igfae-old\/es\/masterclass-fisica-particulas-2022-igfae\/#webpage","url":"https:\/\/igfae.usc.es\/~igfae-old\/es\/masterclass-fisica-particulas-2022-igfae\/","name":"Estudiantes y docentes de Galicia participan en la Masterclass Internacional de F\u00edsica de Part\u00edculas del IGFAE - IGFAE","isPartOf":{"@id":"https:\/\/igfae.usc.es\/~igfae-old\/#website"},"primaryImageOfPage":{"@id":"https:\/\/igfae.usc.es\/~igfae-old\/es\/masterclass-fisica-particulas-2022-igfae\/#primaryimage"},"datePublished":"2022-03-04T13:51:54+00:00","dateModified":"2022-03-04T17:57:47+00:00","author":{"@id":"https:\/\/igfae.usc.es\/~igfae-old\/#\/schema\/person\/840f8ffb14ad0885a9e3d067fb261c00"},"breadcrumb":{"@id":"https:\/\/igfae.usc.es\/~igfae-old\/es\/masterclass-fisica-particulas-2022-igfae\/#breadcrumb"},"inLanguage":"es","potentialAction":[{"@type":"ReadAction","target":["https:\/\/igfae.usc.es\/~igfae-old\/es\/masterclass-fisica-particulas-2022-igfae\/"]}]},{"@type":"BreadcrumbList","@id":"https:\/\/igfae.usc.es\/~igfae-old\/es\/masterclass-fisica-particulas-2022-igfae\/#breadcrumb","itemListElement":[{"@type":"ListItem","position":1,"name":"Home","item":"https:\/\/igfae.usc.es\/~igfae-old\/es\/"},{"@type":"ListItem","position":2,"name":"Estudiantes y docentes de Galicia participan en la Masterclass Internacional de F\u00edsica de Part\u00edculas del IGFAE"}]},{"@type":"Person","@id":"https:\/\/igfae.usc.es\/~igfae-old\/#\/schema\/person\/840f8ffb14ad0885a9e3d067fb261c00","name":"Elena Mora Cuesta","url":"https:\/\/igfae.usc.es\/~igfae-old\/es\/author\/elena-mora-cuesta\/"}]}},"_links":{"self":[{"href":"https:\/\/igfae.usc.es\/~igfae-old\/es\/wp-json\/wp\/v2\/posts\/11218"}],"collection":[{"href":"https:\/\/igfae.usc.es\/~igfae-old\/es\/wp-json\/wp\/v2\/posts"}],"about":[{"href":"https:\/\/igfae.usc.es\/~igfae-old\/es\/wp-json\/wp\/v2\/types\/post"}],"author":[{"embeddable":true,"href":"https:\/\/igfae.usc.es\/~igfae-old\/es\/wp-json\/wp\/v2\/users\/21"}],"replies":[{"embeddable":true,"href":"https:\/\/igfae.usc.es\/~igfae-old\/es\/wp-json\/wp\/v2\/comments?post=11218"}],"version-history":[{"count":4,"href":"https:\/\/igfae.usc.es\/~igfae-old\/es\/wp-json\/wp\/v2\/posts\/11218\/revisions"}],"predecessor-version":[{"id":11228,"href":"https:\/\/igfae.usc.es\/~igfae-old\/es\/wp-json\/wp\/v2\/posts\/11218\/revisions\/11228"}],"wp:featuredmedia":[{"embeddable":true,"href":"https:\/\/igfae.usc.es\/~igfae-old\/es\/wp-json\/wp\/v2\/media\/11212"}],"wp:attachment":[{"href":"https:\/\/igfae.usc.es\/~igfae-old\/es\/wp-json\/wp\/v2\/media?parent=11218"}],"wp:term":[{"taxonomy":"category","embeddable":true,"href":"https:\/\/igfae.usc.es\/~igfae-old\/es\/wp-json\/wp\/v2\/categories?post=11218"},{"taxonomy":"post_tag","embeddable":true,"href":"https:\/\/igfae.usc.es\/~igfae-old\/es\/wp-json\/wp\/v2\/tags?post=11218"}],"curies":[{"name":"wp","href":"https:\/\/api.w.org\/{rel}","templated":true}]}}