



{"id":10262,"date":"2021-09-28T11:46:48","date_gmt":"2021-09-28T09:46:48","guid":{"rendered":"https:\/\/igfae.usc.es\/~igfae-old\/por-que-a-noite-e-oscura\/"},"modified":"2021-09-28T11:59:07","modified_gmt":"2021-09-28T09:59:07","slug":"por-que-a-noite-e-oscura","status":"publish","type":"post","link":"https:\/\/igfae.usc.es\/~igfae-old\/es\/por-que-a-noite-e-oscura\/","title":{"rendered":"Por que a noite \u00e9 oscura?"},"content":{"rendered":"<p>Miramos al cielo y vemos una infinidad de estrellas, a veces alg\u00fan planeta o incluso cometas pero, sobre todo, vemos oscuridad. \u00bfD\u00f3nde fue la luz de esa infinidad de estrellas? \u00bfPor que no ilumina nuestras noches as\u00ed como la luz del sol ba\u00f1a nuestros d\u00edas?<\/p>\n<p>Con este v\u00eddeo \u00ab\u00bfPor qu\u00e9 la noche es oscura?\u00bb, el Instituto Galego de F\u00edsica de Altas Enerx\u00edas (IGFAE) inaugura una serie de v\u00eddeos con el f\u00edsico Dar\u00edo Lago, creador del canal de Youtube de divulgaci\u00f3n cient\u00edfica en gallego \u00ab<a href=\"https:\/\/www.youtube.com\/c\/OSondasIdeas\/\">O Son das Ideas\u00bb<\/a>, en los que nos vamos a sumergir de lleno en los or\u00edgenes de nuestro Universo.<\/p>\n<p><iframe loading=\"lazy\" title=\"YouTube video player\" src=\"https:\/\/www.youtube.com\/embed\/lacSRgj5YvQ\" width=\"560\" height=\"315\" frameborder=\"0\" allowfullscreen=\"allowfullscreen\"><\/iframe><\/p>\n<p>Gui\u00f3n: O Son das Ideas, y los investigadores del IGFAE Jos\u00e9 Edelstein, Javier Mart\u00edn e Imanol Corredoira.<br \/>\nAnimaci\u00f3n y locuci\u00f3n: O Son das Ideas.<\/p>\n<p>Este v\u00eddeo fue cofinanciado con cargo lo Programa Operativo FEDER Galicia 2014-2020.<\/p>\n","protected":false},"excerpt":{"rendered":"<p>Miramos al cielo y vemos una infinidad de estrellas, a veces alg\u00fan planeta o incluso cometas pero, sobre todo, vemos oscuridad&#8230;.<\/p>\n","protected":false},"author":21,"featured_media":10279,"comment_status":"closed","ping_status":"closed","sticky":false,"template":"","format":"standard","meta":{"om_disable_all_campaigns":false,"_monsterinsights_skip_tracking":false,"_monsterinsights_sitenote_active":false,"_monsterinsights_sitenote_note":"","_monsterinsights_sitenote_category":0},"categories":[113,111],"tags":[],"aioseo_notices":[],"yoast_head":"<!-- This site is optimized with the Yoast SEO plugin v18.4.1 - https:\/\/yoast.com\/wordpress\/plugins\/seo\/ -->\n<title>Por que a noite \u00e9 oscura? - IGFAE<\/title>\n<meta name=\"robots\" content=\"index, follow, max-snippet:-1, max-image-preview:large, max-video-preview:-1\" \/>\n<link rel=\"canonical\" href=\"https:\/\/igfae.usc.es\/~igfae-old\/es\/por-que-a-noite-e-oscura\/\" \/>\n<meta property=\"og:locale\" content=\"es_ES\" \/>\n<meta property=\"og:type\" content=\"article\" \/>\n<meta property=\"og:title\" content=\"Por que a noite \u00e9 oscura? - IGFAE\" \/>\n<meta property=\"og:description\" content=\"Miramos al cielo y vemos una infinidad de estrellas, a veces alg\u00fan planeta o incluso cometas pero, sobre todo, vemos oscuridad....\" \/>\n<meta property=\"og:url\" content=\"https:\/\/igfae.usc.es\/~igfae-old\/es\/por-que-a-noite-e-oscura\/\" \/>\n<meta property=\"og:site_name\" content=\"IGFAE\" \/>\n<meta property=\"article:published_time\" content=\"2021-09-28T09:46:48+00:00\" \/>\n<meta property=\"article:modified_time\" content=\"2021-09-28T09:59:07+00:00\" \/>\n<meta property=\"og:image\" content=\"https:\/\/igfae.usc.es\/~igfae-old\/wp-content\/uploads\/2021\/09\/porque-a-noite-e-oscura.jpg\" \/>\n\t<meta property=\"og:image:width\" content=\"1279\" \/>\n\t<meta property=\"og:image:height\" content=\"720\" \/>\n\t<meta property=\"og:image:type\" content=\"image\/jpeg\" \/>\n<meta name=\"twitter:card\" content=\"summary_large_image\" \/>\n<meta name=\"twitter:creator\" content=\"@igfae_hep\" \/>\n<meta name=\"twitter:site\" content=\"@igfae_hep\" \/>\n<meta name=\"twitter:label1\" content=\"Escrito por\" \/>\n\t<meta name=\"twitter:data1\" content=\"Elena Mora Cuesta\" \/>\n\t<meta name=\"twitter:label2\" content=\"Tiempo de lectura\" \/>\n\t<meta name=\"twitter:data2\" content=\"1 minuto\" \/>\n<script type=\"application\/ld+json\" class=\"yoast-schema-graph\">{\"@context\":\"https:\/\/schema.org\",\"@graph\":[{\"@type\":\"WebSite\",\"@id\":\"https:\/\/igfae.usc.es\/~igfae-old\/#website\",\"url\":\"https:\/\/igfae.usc.es\/~igfae-old\/\",\"name\":\"IGFAE\",\"description\":\"Instituto Galego de F\u00edsica de Altas Enerx\u00edas\",\"potentialAction\":[{\"@type\":\"SearchAction\",\"target\":{\"@type\":\"EntryPoint\",\"urlTemplate\":\"https:\/\/igfae.usc.es\/~igfae-old\/?s={search_term_string}\"},\"query-input\":\"required name=search_term_string\"}],\"inLanguage\":\"es\"},{\"@type\":\"ImageObject\",\"@id\":\"https:\/\/igfae.usc.es\/~igfae-old\/es\/por-que-a-noite-e-oscura\/#primaryimage\",\"inLanguage\":\"es\",\"url\":\"https:\/\/igfae.usc.es\/~igfae-old\/wp-content\/uploads\/2021\/09\/porque-a-noite-e-oscura.jpg\",\"contentUrl\":\"https:\/\/igfae.usc.es\/~igfae-old\/wp-content\/uploads\/2021\/09\/porque-a-noite-e-oscura.jpg\",\"width\":1279,\"height\":720},{\"@type\":\"WebPage\",\"@id\":\"https:\/\/igfae.usc.es\/~igfae-old\/es\/por-que-a-noite-e-oscura\/#webpage\",\"url\":\"https:\/\/igfae.usc.es\/~igfae-old\/es\/por-que-a-noite-e-oscura\/\",\"name\":\"Por que a noite \u00e9 oscura? - IGFAE\",\"isPartOf\":{\"@id\":\"https:\/\/igfae.usc.es\/~igfae-old\/#website\"},\"primaryImageOfPage\":{\"@id\":\"https:\/\/igfae.usc.es\/~igfae-old\/es\/por-que-a-noite-e-oscura\/#primaryimage\"},\"datePublished\":\"2021-09-28T09:46:48+00:00\",\"dateModified\":\"2021-09-28T09:59:07+00:00\",\"author\":{\"@id\":\"https:\/\/igfae.usc.es\/~igfae-old\/#\/schema\/person\/840f8ffb14ad0885a9e3d067fb261c00\"},\"breadcrumb\":{\"@id\":\"https:\/\/igfae.usc.es\/~igfae-old\/es\/por-que-a-noite-e-oscura\/#breadcrumb\"},\"inLanguage\":\"es\",\"potentialAction\":[{\"@type\":\"ReadAction\",\"target\":[\"https:\/\/igfae.usc.es\/~igfae-old\/es\/por-que-a-noite-e-oscura\/\"]}]},{\"@type\":\"BreadcrumbList\",\"@id\":\"https:\/\/igfae.usc.es\/~igfae-old\/es\/por-que-a-noite-e-oscura\/#breadcrumb\",\"itemListElement\":[{\"@type\":\"ListItem\",\"position\":1,\"name\":\"Home\",\"item\":\"https:\/\/igfae.usc.es\/~igfae-old\/es\/\"},{\"@type\":\"ListItem\",\"position\":2,\"name\":\"Por que a noite \u00e9 oscura?\"}]},{\"@type\":\"Person\",\"@id\":\"https:\/\/igfae.usc.es\/~igfae-old\/#\/schema\/person\/840f8ffb14ad0885a9e3d067fb261c00\",\"name\":\"Elena Mora Cuesta\",\"url\":\"https:\/\/igfae.usc.es\/~igfae-old\/es\/author\/elena-mora-cuesta\/\"}]}<\/script>\n<!-- \/ Yoast SEO plugin. -->","yoast_head_json":{"title":"Por que a noite \u00e9 oscura? - IGFAE","robots":{"index":"index","follow":"follow","max-snippet":"max-snippet:-1","max-image-preview":"max-image-preview:large","max-video-preview":"max-video-preview:-1"},"canonical":"https:\/\/igfae.usc.es\/~igfae-old\/es\/por-que-a-noite-e-oscura\/","og_locale":"es_ES","og_type":"article","og_title":"Por que a noite \u00e9 oscura? - IGFAE","og_description":"Miramos al cielo y vemos una infinidad de estrellas, a veces alg\u00fan planeta o incluso cometas pero, sobre todo, vemos oscuridad....","og_url":"https:\/\/igfae.usc.es\/~igfae-old\/es\/por-que-a-noite-e-oscura\/","og_site_name":"IGFAE","article_published_time":"2021-09-28T09:46:48+00:00","article_modified_time":"2021-09-28T09:59:07+00:00","og_image":[{"width":1279,"height":720,"url":"https:\/\/igfae.usc.es\/~igfae-old\/wp-content\/uploads\/2021\/09\/porque-a-noite-e-oscura.jpg","type":"image\/jpeg"}],"twitter_card":"summary_large_image","twitter_creator":"@igfae_hep","twitter_site":"@igfae_hep","twitter_misc":{"Escrito por":"Elena Mora Cuesta","Tiempo de lectura":"1 minuto"},"schema":{"@context":"https:\/\/schema.org","@graph":[{"@type":"WebSite","@id":"https:\/\/igfae.usc.es\/~igfae-old\/#website","url":"https:\/\/igfae.usc.es\/~igfae-old\/","name":"IGFAE","description":"Instituto Galego de F\u00edsica de Altas Enerx\u00edas","potentialAction":[{"@type":"SearchAction","target":{"@type":"EntryPoint","urlTemplate":"https:\/\/igfae.usc.es\/~igfae-old\/?s={search_term_string}"},"query-input":"required name=search_term_string"}],"inLanguage":"es"},{"@type":"ImageObject","@id":"https:\/\/igfae.usc.es\/~igfae-old\/es\/por-que-a-noite-e-oscura\/#primaryimage","inLanguage":"es","url":"https:\/\/igfae.usc.es\/~igfae-old\/wp-content\/uploads\/2021\/09\/porque-a-noite-e-oscura.jpg","contentUrl":"https:\/\/igfae.usc.es\/~igfae-old\/wp-content\/uploads\/2021\/09\/porque-a-noite-e-oscura.jpg","width":1279,"height":720},{"@type":"WebPage","@id":"https:\/\/igfae.usc.es\/~igfae-old\/es\/por-que-a-noite-e-oscura\/#webpage","url":"https:\/\/igfae.usc.es\/~igfae-old\/es\/por-que-a-noite-e-oscura\/","name":"Por que a noite \u00e9 oscura? - IGFAE","isPartOf":{"@id":"https:\/\/igfae.usc.es\/~igfae-old\/#website"},"primaryImageOfPage":{"@id":"https:\/\/igfae.usc.es\/~igfae-old\/es\/por-que-a-noite-e-oscura\/#primaryimage"},"datePublished":"2021-09-28T09:46:48+00:00","dateModified":"2021-09-28T09:59:07+00:00","author":{"@id":"https:\/\/igfae.usc.es\/~igfae-old\/#\/schema\/person\/840f8ffb14ad0885a9e3d067fb261c00"},"breadcrumb":{"@id":"https:\/\/igfae.usc.es\/~igfae-old\/es\/por-que-a-noite-e-oscura\/#breadcrumb"},"inLanguage":"es","potentialAction":[{"@type":"ReadAction","target":["https:\/\/igfae.usc.es\/~igfae-old\/es\/por-que-a-noite-e-oscura\/"]}]},{"@type":"BreadcrumbList","@id":"https:\/\/igfae.usc.es\/~igfae-old\/es\/por-que-a-noite-e-oscura\/#breadcrumb","itemListElement":[{"@type":"ListItem","position":1,"name":"Home","item":"https:\/\/igfae.usc.es\/~igfae-old\/es\/"},{"@type":"ListItem","position":2,"name":"Por que a noite \u00e9 oscura?"}]},{"@type":"Person","@id":"https:\/\/igfae.usc.es\/~igfae-old\/#\/schema\/person\/840f8ffb14ad0885a9e3d067fb261c00","name":"Elena Mora Cuesta","url":"https:\/\/igfae.usc.es\/~igfae-old\/es\/author\/elena-mora-cuesta\/"}]}},"_links":{"self":[{"href":"https:\/\/igfae.usc.es\/~igfae-old\/es\/wp-json\/wp\/v2\/posts\/10262"}],"collection":[{"href":"https:\/\/igfae.usc.es\/~igfae-old\/es\/wp-json\/wp\/v2\/posts"}],"about":[{"href":"https:\/\/igfae.usc.es\/~igfae-old\/es\/wp-json\/wp\/v2\/types\/post"}],"author":[{"embeddable":true,"href":"https:\/\/igfae.usc.es\/~igfae-old\/es\/wp-json\/wp\/v2\/users\/21"}],"replies":[{"embeddable":true,"href":"https:\/\/igfae.usc.es\/~igfae-old\/es\/wp-json\/wp\/v2\/comments?post=10262"}],"version-history":[{"count":5,"href":"https:\/\/igfae.usc.es\/~igfae-old\/es\/wp-json\/wp\/v2\/posts\/10262\/revisions"}],"predecessor-version":[{"id":10285,"href":"https:\/\/igfae.usc.es\/~igfae-old\/es\/wp-json\/wp\/v2\/posts\/10262\/revisions\/10285"}],"wp:featuredmedia":[{"embeddable":true,"href":"https:\/\/igfae.usc.es\/~igfae-old\/es\/wp-json\/wp\/v2\/media\/10279"}],"wp:attachment":[{"href":"https:\/\/igfae.usc.es\/~igfae-old\/es\/wp-json\/wp\/v2\/media?parent=10262"}],"wp:term":[{"taxonomy":"category","embeddable":true,"href":"https:\/\/igfae.usc.es\/~igfae-old\/es\/wp-json\/wp\/v2\/categories?post=10262"},{"taxonomy":"post_tag","embeddable":true,"href":"https:\/\/igfae.usc.es\/~igfae-old\/es\/wp-json\/wp\/v2\/tags?post=10262"}],"curies":[{"name":"wp","href":"https:\/\/api.w.org\/{rel}","templated":true}]}}