



{"id":9062,"date":"2021-04-05T13:58:55","date_gmt":"2021-04-05T11:58:55","guid":{"rendered":"https:\/\/igfae.usc.es\/igfaedb\/?p=9062"},"modified":"2021-04-05T14:46:25","modified_gmt":"2021-04-05T12:46:25","slug":"anna-figueiredo-transfronteirizas","status":"publish","type":"post","link":"https:\/\/igfae.usc.es\/igfaedb\/gl\/anna-figueiredo-transfronteirizas\/","title":{"rendered":"A f\u00edsica das palabras: Anna R. Figueiredo participar\u00e1 este xoves no ciclo \u201cTransfronteirizas, conversas de arte e ciencia\u201d do IGFAE"},"content":{"rendered":"<p>A vicepresidenta da Asociaci\u00f3n de Escritoras e Escritores en Lingua Galega (AELG) e doutora en F\u00edsica, Anna R. Figueiredo, participar\u00e1 o vindeiro xoves, 8 de abril, na oitava conversa virtual do ciclo do Instituto Galego de F\u00edsica de Altas Enerx\u00edas (IGFAE). Moderado polo investigador do IGFAE e profesor da USC Jos\u00e9 Edelstein, o encontro emitido en directo pola <a href=\"https:\/\/bit.ly\/annafigueiredoIGFAE\">canle de Youtube do IGFAE<\/a> ten por obxectivo tender pontes e fomentar a participaci\u00f3n entre a sociedade e a comunidade investigadora a trav\u00e9s de distintas expresi\u00f3ns art\u00edsticas: a literatura e a ciencia nesta ocasi\u00f3n.<\/p>\n<p>Anna R. Figueiredo (Ourense, 1979) \u00e9 licenciada en F\u00edsica pola USC na especialidade de f\u00edsica de part\u00edculas e realizou o seu doutoramento na Sheffield University, traballando no estudo de como a morfolox\u00eda na interface dos materiais semiconductores polim\u00e9ricos infl\u00fae na transmisi\u00f3n electr\u00f3nica nos transistores de efecto campo. Actualmente imparte materias cient\u00edfico-tecnol\u00f3xicas para ESO e Bacharelato no I.E.S As Barxas (Moa\u00f1a), labor que compaxina coa docencia de cursos de escritura creativa. O seu primeiro curso coa Escola de Letras da editorial Galaxia, en colaboraci\u00f3n coa Deputaci\u00f3n de Pontevedra, dar\u00e1 comezo en setembro de 2021 e ter\u00e1 por t\u00edtulo \u201cEscribir a primeira novela&#8221;.<iframe loading=\"lazy\" title=\"YouTube video player\" src=\"https:\/\/www.youtube.com\/embed\/wMc3Ueoj7rY\" width=\"560\" height=\"315\" frameborder=\"0\" allowfullscreen=\"allowfullscreen\"><\/iframe><\/p>\n<p>Participou en programas de divulgaci\u00f3n da investigaci\u00f3n na escola como <em>Researchers in Residence<\/em> e escribiu artigos de opini\u00f3n para xornais como <em>La Voz de Galicia<\/em> ou <em>N\u00f3s diario<\/em> desde a defensa da interdisciplinaridad das artes e as ciencias e o punto de vista integrador polo que un estudante non \u00e9 &#8220;nin de ciencias, nin de letras&#8221;. Firme defensora do papel da muller na ciencia e da necesidade da igualdade de oportunidades e discursos que cheguen a todo o estudantado, participou en charlas divulgativas sobre ciencia e\/ou feminismo en distintos centros culturais e educativos. No \u00e1mbito literario, a s\u00faa novela debut, <em>Os bicos feridos<\/em> (editorial Galaxia), ga\u00f1ou o galard\u00f3n da primeira edici\u00f3n do premio Viadutos de Novela do Concello de Redondela. Nela, o seu protagonista, Olivia, observa o mundo desde preceptos estudados na f\u00edsica e as matem\u00e1ticas con total naturalidade, establecendo l\u00edmites que tenden a infinito, condici\u00f3ns de continuidade, singularidades ou condici\u00f3ns suficientes e necesarias para sobrevivir. Desde a s\u00faa escritura tenta transcribir un mundo real nunha contorna literaria a trav\u00e9s do precepto da beleza da f\u00edsica e a matem\u00e1tica e a s\u00faa capacidade universal de explicar e conter tanto a realidade como a ficci\u00f3n.<\/p>\n<p><strong>Arte, ciencia e sociedade<\/strong><\/p>\n<p>Organizado polo Instituto Galego de F\u00edsica de Altas Enerx\u00edas (IGFAE) da Universidade de Santiago de Compostela (USC) e a Xunta de Galicia, \u201cTransfronteirizas, conversas de arte e ciencia\u201d \u00e9 un ciclo de di\u00e1logos virtuais emitidos en Youtube no que convidamos a figuras do \u00e1mbito cultural a explorar as intersecci\u00f3ns entre a arte e a ciencia co noso persoal investigador, buscando un enfoque interdisciplinar. O obxectivo \u00e9 tender pontes e fomentar a participaci\u00f3n entre a sociedade e a comunidade investigadora a trav\u00e9s de distintas expresi\u00f3ns art\u00edsticas.<\/p>\n<p>M\u00e1is informaci\u00f3n:<\/p>\n<ul>\n<li><a href=\"https:\/\/igfae.usc.es\/igfaedb\/gl\/marta-macho-transfronteirizas-conversas\/\">Matem\u00e1ticas, literatura e mulleres con Marta Macho Stadler no pr\u00f3ximo \u201cTransfronteirizas, conversas de arte e ciencia\u201d<\/a> \/ <a href=\"https:\/\/youtu.be\/PyxCOp1fbz0\">(conversa en Youtube)<\/a><\/li>\n<li><a href=\"https:\/\/igfae.usc.es\/igfaedb\/gl\/jose-ignacio-latorre-transfronteirizas\/\">Jos\u00e9 Ignacio Latorre, este xoves en \u2018Transfronteirizas, conversas de arte e ciencia\u2019<\/a> \/ <a href=\"https:\/\/www.youtube.com\/watch?v=NFLx2RMjreo\">(conversa en Youtube)<\/a><\/li>\n<li><a href=\"https:\/\/igfae.usc.es\/igfaedb\/gl\/iii-semana-ciencia-igfaedb\/\">O escritor, m\u00fasico, actor, condutor de radio de televisi\u00f3n arxentino, Alejandro Dolina no quinto di\u00e1logo do ciclo \u2018Transfronteirizas, conversas de arte e ciencia<\/a>\u2019 \/ <a href=\"https:\/\/www.youtube.com\/watch?v=yy9X6DvvRAQ\">(conversa en Youtube)<\/a><\/li>\n<li><a href=\"https:\/\/igfae.usc.es\/igfaedb\/gl\/ricardo-gurriaran-transfronteirizas\/\">Schr\u00f6dinger en Santiago e outras an\u00e9cdotas cient\u00edficas co historiador Ricardo Gurriar\u00e1n, pr\u00f3ximo invitado do ciclo \u2018Transfronteirizas, conversas de arte e ciencia<\/a>\u2019 \/ <a href=\"https:\/\/youtu.be\/fm7xjQWIGBQ\">(conversa en Youtube)<\/a><\/li>\n<li><a href=\"https:\/\/igfae.usc.es\/igfaedb\/gl\/jose-gordon-transfronteirizas\/\">O escritor e xornalista mexicano Jos\u00e9 Gordon, pr\u00f3ximo invitado do ciclo \u2018Transfronteirizas, conversas de arte e ciencia<\/a>\u2019 \/ <a href=\"https:\/\/www.youtube.com\/watch?v=6FICjLY29oU\">(conversa en Youtube)<\/a><\/li>\n<li><a href=\"https:\/\/igfae.usc.es\/igfaedb\/gl\/rosa-montero-transfronteirizas\/\">Rosa Montero iniciar\u00e1 este viernes &#8216;Transfronteirizas, conversas de arte e ciencia&#8217;<\/a> \/ <a href=\"https:\/\/youtu.be\/V5jwOcNQgzA\">(conversa en Youtube)<\/a><\/li>\n<\/ul>\n<p>M\u00e1is actividades do programa ArtLAB:<\/p>\n<ul>\n<li><a href=\"https:\/\/igfae.usc.es\/igfaedb\/talk\/38\">Cosmolox\u00edas<\/a><\/li>\n<li><a href=\"https:\/\/igfae.usc.es\/igfaedb\/gl\/arte-ciencia-mocsy\/\">Arte e ciencia protagonizan a segunda xornada da Semana da Ciencia con \u00c1gnes M\u00f3csy<\/a><\/li>\n<\/ul>\n<p>Esta actividad foi confinanciada con cargo ao Programa Operativo FEDER Galicia 2014-2020.<\/p>\n<p>Cr\u00e9dito da imaxen do cartel: Diego Seixo.<\/p>\n","protected":false},"excerpt":{"rendered":"<p>A vicepresidenta da Asociaci\u00f3n de Escritoras e Escritores en Lingua Galega (AELG) e doutora en F\u00edsica, Anna R. Figueiredo, participar\u00e1 o&#8230;<\/p>\n","protected":false},"author":21,"featured_media":9058,"comment_status":"closed","ping_status":"closed","sticky":false,"template":"","format":"standard","meta":{"om_disable_all_campaigns":false,"_monsterinsights_skip_tracking":false,"_monsterinsights_sitenote_active":false,"_monsterinsights_sitenote_note":"","_monsterinsights_sitenote_category":0},"categories":[125,116,120],"tags":[82],"aioseo_notices":[],"yoast_head":"<!-- This site is optimized with the Yoast SEO plugin v18.4.1 - https:\/\/yoast.com\/wordpress\/plugins\/seo\/ -->\n<title>A f\u00edsica das palabras: Anna R. Figueiredo participar\u00e1 este xoves no ciclo \u201cTransfronteirizas, conversas de arte e ciencia\u201d do IGFAE - IGFAE<\/title>\n<meta name=\"robots\" content=\"index, follow, max-snippet:-1, max-image-preview:large, max-video-preview:-1\" \/>\n<link rel=\"canonical\" href=\"https:\/\/igfae.usc.es\/igfaedb\/gl\/anna-figueiredo-transfronteirizas\/\" \/>\n<meta property=\"og:locale\" content=\"gl_ES\" \/>\n<meta property=\"og:type\" content=\"article\" \/>\n<meta property=\"og:title\" content=\"A f\u00edsica das palabras con Anna R. Figueiredo en &#039;Transfronteirizas, conversas de arte e ciencia&#039;\" \/>\n<meta property=\"og:description\" content=\"A vicepresidenta da Asociaci\u00f3n de Escritoras e Escritores en Lingua Galega (AELG) e doutora en F\u00edsica, Anna R. Figueiredo, participar\u00e1 o...\" \/>\n<meta property=\"og:url\" content=\"https:\/\/igfae.usc.es\/igfaedb\/gl\/anna-figueiredo-transfronteirizas\/\" \/>\n<meta property=\"og:site_name\" content=\"IGFAE\" \/>\n<meta property=\"article:published_time\" content=\"2021-04-05T11:58:55+00:00\" \/>\n<meta property=\"article:modified_time\" content=\"2021-04-05T12:46:25+00:00\" \/>\n<meta property=\"og:image\" content=\"https:\/\/igfae.usc.es\/igfaedb\/wp-content\/uploads\/2021\/04\/Transfronteirizas_Anna-Figueiredo.jpg\" \/>\n\t<meta property=\"og:image:width\" content=\"1920\" \/>\n\t<meta property=\"og:image:height\" content=\"1080\" \/>\n\t<meta property=\"og:image:type\" content=\"image\/jpeg\" \/>\n<meta name=\"twitter:card\" content=\"summary_large_image\" \/>\n<meta name=\"twitter:title\" content=\"A f\u00edsica das palabras con Anna R. Figueiredo en &#039;Transfronteirizas, conversas de arte e ciencia&#039;\" \/>\n<meta name=\"twitter:image\" content=\"https:\/\/igfae.usc.es\/igfaedb\/wp-content\/uploads\/2021\/04\/Transfronteirizas_Anna-Figueiredo.jpg\" \/>\n<meta name=\"twitter:creator\" content=\"@igfae_hep\" \/>\n<meta name=\"twitter:site\" content=\"@igfae_hep\" \/>\n<meta name=\"twitter:label1\" content=\"Escrito por\" \/>\n\t<meta name=\"twitter:data1\" content=\"Elena Mora Cuesta\" \/>\n\t<meta name=\"twitter:label2\" content=\"Tempo de lectura\" \/>\n\t<meta name=\"twitter:data2\" content=\"3 minutos\" \/>\n<script type=\"application\/ld+json\" class=\"yoast-schema-graph\">{\"@context\":\"https:\/\/schema.org\",\"@graph\":[{\"@type\":\"WebSite\",\"@id\":\"https:\/\/igfae.usc.es\/igfaedb\/#website\",\"url\":\"https:\/\/igfae.usc.es\/igfaedb\/\",\"name\":\"IGFAE\",\"description\":\"Instituto Galego de F\u00edsica de Altas Enerx\u00edas\",\"potentialAction\":[{\"@type\":\"SearchAction\",\"target\":{\"@type\":\"EntryPoint\",\"urlTemplate\":\"https:\/\/igfae.usc.es\/igfaedb\/?s={search_term_string}\"},\"query-input\":\"required name=search_term_string\"}],\"inLanguage\":\"gl-ES\"},{\"@type\":\"ImageObject\",\"@id\":\"https:\/\/igfae.usc.es\/igfaedb\/gl\/anna-figueiredo-transfronteirizas\/#primaryimage\",\"inLanguage\":\"gl-ES\",\"url\":\"https:\/\/igfae.usc.es\/igfaedb\/wp-content\/uploads\/2021\/04\/Transfronteirizas_Anna-Figueiredo.jpg\",\"contentUrl\":\"https:\/\/igfae.usc.es\/igfaedb\/wp-content\/uploads\/2021\/04\/Transfronteirizas_Anna-Figueiredo.jpg\",\"width\":1920,\"height\":1080},{\"@type\":\"WebPage\",\"@id\":\"https:\/\/igfae.usc.es\/igfaedb\/gl\/anna-figueiredo-transfronteirizas\/#webpage\",\"url\":\"https:\/\/igfae.usc.es\/igfaedb\/gl\/anna-figueiredo-transfronteirizas\/\",\"name\":\"A f\u00edsica das palabras: Anna R. Figueiredo participar\u00e1 este xoves no ciclo \u201cTransfronteirizas, conversas de arte e ciencia\u201d do IGFAE - IGFAE\",\"isPartOf\":{\"@id\":\"https:\/\/igfae.usc.es\/igfaedb\/#website\"},\"primaryImageOfPage\":{\"@id\":\"https:\/\/igfae.usc.es\/igfaedb\/gl\/anna-figueiredo-transfronteirizas\/#primaryimage\"},\"datePublished\":\"2021-04-05T11:58:55+00:00\",\"dateModified\":\"2021-04-05T12:46:25+00:00\",\"author\":{\"@id\":\"https:\/\/igfae.usc.es\/igfaedb\/#\/schema\/person\/1476c1356cc987670c850d736b77b57e\"},\"breadcrumb\":{\"@id\":\"https:\/\/igfae.usc.es\/igfaedb\/gl\/anna-figueiredo-transfronteirizas\/#breadcrumb\"},\"inLanguage\":\"gl-ES\",\"potentialAction\":[{\"@type\":\"ReadAction\",\"target\":[\"https:\/\/igfae.usc.es\/igfaedb\/gl\/anna-figueiredo-transfronteirizas\/\"]}]},{\"@type\":\"BreadcrumbList\",\"@id\":\"https:\/\/igfae.usc.es\/igfaedb\/gl\/anna-figueiredo-transfronteirizas\/#breadcrumb\",\"itemListElement\":[{\"@type\":\"ListItem\",\"position\":1,\"name\":\"A f\u00edsica das palabras: Anna R. Figueiredo participar\u00e1 este xoves no ciclo \u201cTransfronteirizas, conversas de arte e ciencia\u201d do IGFAE\"}]},{\"@type\":\"Person\",\"@id\":\"https:\/\/igfae.usc.es\/igfaedb\/#\/schema\/person\/1476c1356cc987670c850d736b77b57e\",\"name\":\"Elena Mora Cuesta\",\"url\":\"https:\/\/igfae.usc.es\/igfaedb\/gl\/author\/elena-mora-cuesta\/\"}]}<\/script>\n<!-- \/ Yoast SEO plugin. -->","yoast_head_json":{"title":"A f\u00edsica das palabras: Anna R. Figueiredo participar\u00e1 este xoves no ciclo \u201cTransfronteirizas, conversas de arte e ciencia\u201d do IGFAE - IGFAE","robots":{"index":"index","follow":"follow","max-snippet":"max-snippet:-1","max-image-preview":"max-image-preview:large","max-video-preview":"max-video-preview:-1"},"canonical":"https:\/\/igfae.usc.es\/igfaedb\/gl\/anna-figueiredo-transfronteirizas\/","og_locale":"gl_ES","og_type":"article","og_title":"A f\u00edsica das palabras con Anna R. Figueiredo en 'Transfronteirizas, conversas de arte e ciencia'","og_description":"A vicepresidenta da Asociaci\u00f3n de Escritoras e Escritores en Lingua Galega (AELG) e doutora en F\u00edsica, Anna R. Figueiredo, participar\u00e1 o...","og_url":"https:\/\/igfae.usc.es\/igfaedb\/gl\/anna-figueiredo-transfronteirizas\/","og_site_name":"IGFAE","article_published_time":"2021-04-05T11:58:55+00:00","article_modified_time":"2021-04-05T12:46:25+00:00","og_image":[{"width":1920,"height":1080,"url":"https:\/\/igfae.usc.es\/igfaedb\/wp-content\/uploads\/2021\/04\/Transfronteirizas_Anna-Figueiredo.jpg","type":"image\/jpeg"}],"twitter_card":"summary_large_image","twitter_title":"A f\u00edsica das palabras con Anna R. Figueiredo en 'Transfronteirizas, conversas de arte e ciencia'","twitter_image":"https:\/\/igfae.usc.es\/igfaedb\/wp-content\/uploads\/2021\/04\/Transfronteirizas_Anna-Figueiredo.jpg","twitter_creator":"@igfae_hep","twitter_site":"@igfae_hep","twitter_misc":{"Escrito por":"Elena Mora Cuesta","Tempo de lectura":"3 minutos"},"schema":{"@context":"https:\/\/schema.org","@graph":[{"@type":"WebSite","@id":"https:\/\/igfae.usc.es\/igfaedb\/#website","url":"https:\/\/igfae.usc.es\/igfaedb\/","name":"IGFAE","description":"Instituto Galego de F\u00edsica de Altas Enerx\u00edas","potentialAction":[{"@type":"SearchAction","target":{"@type":"EntryPoint","urlTemplate":"https:\/\/igfae.usc.es\/igfaedb\/?s={search_term_string}"},"query-input":"required name=search_term_string"}],"inLanguage":"gl-ES"},{"@type":"ImageObject","@id":"https:\/\/igfae.usc.es\/igfaedb\/gl\/anna-figueiredo-transfronteirizas\/#primaryimage","inLanguage":"gl-ES","url":"https:\/\/igfae.usc.es\/igfaedb\/wp-content\/uploads\/2021\/04\/Transfronteirizas_Anna-Figueiredo.jpg","contentUrl":"https:\/\/igfae.usc.es\/igfaedb\/wp-content\/uploads\/2021\/04\/Transfronteirizas_Anna-Figueiredo.jpg","width":1920,"height":1080},{"@type":"WebPage","@id":"https:\/\/igfae.usc.es\/igfaedb\/gl\/anna-figueiredo-transfronteirizas\/#webpage","url":"https:\/\/igfae.usc.es\/igfaedb\/gl\/anna-figueiredo-transfronteirizas\/","name":"A f\u00edsica das palabras: Anna R. Figueiredo participar\u00e1 este xoves no ciclo \u201cTransfronteirizas, conversas de arte e ciencia\u201d do IGFAE - IGFAE","isPartOf":{"@id":"https:\/\/igfae.usc.es\/igfaedb\/#website"},"primaryImageOfPage":{"@id":"https:\/\/igfae.usc.es\/igfaedb\/gl\/anna-figueiredo-transfronteirizas\/#primaryimage"},"datePublished":"2021-04-05T11:58:55+00:00","dateModified":"2021-04-05T12:46:25+00:00","author":{"@id":"https:\/\/igfae.usc.es\/igfaedb\/#\/schema\/person\/1476c1356cc987670c850d736b77b57e"},"breadcrumb":{"@id":"https:\/\/igfae.usc.es\/igfaedb\/gl\/anna-figueiredo-transfronteirizas\/#breadcrumb"},"inLanguage":"gl-ES","potentialAction":[{"@type":"ReadAction","target":["https:\/\/igfae.usc.es\/igfaedb\/gl\/anna-figueiredo-transfronteirizas\/"]}]},{"@type":"BreadcrumbList","@id":"https:\/\/igfae.usc.es\/igfaedb\/gl\/anna-figueiredo-transfronteirizas\/#breadcrumb","itemListElement":[{"@type":"ListItem","position":1,"name":"A f\u00edsica das palabras: Anna R. Figueiredo participar\u00e1 este xoves no ciclo \u201cTransfronteirizas, conversas de arte e ciencia\u201d do IGFAE"}]},{"@type":"Person","@id":"https:\/\/igfae.usc.es\/igfaedb\/#\/schema\/person\/1476c1356cc987670c850d736b77b57e","name":"Elena Mora Cuesta","url":"https:\/\/igfae.usc.es\/igfaedb\/gl\/author\/elena-mora-cuesta\/"}]}},"_links":{"self":[{"href":"https:\/\/igfae.usc.es\/igfaedb\/gl\/wp-json\/wp\/v2\/posts\/9062"}],"collection":[{"href":"https:\/\/igfae.usc.es\/igfaedb\/gl\/wp-json\/wp\/v2\/posts"}],"about":[{"href":"https:\/\/igfae.usc.es\/igfaedb\/gl\/wp-json\/wp\/v2\/types\/post"}],"author":[{"embeddable":true,"href":"https:\/\/igfae.usc.es\/igfaedb\/gl\/wp-json\/wp\/v2\/users\/21"}],"replies":[{"embeddable":true,"href":"https:\/\/igfae.usc.es\/igfaedb\/gl\/wp-json\/wp\/v2\/comments?post=9062"}],"version-history":[{"count":5,"href":"https:\/\/igfae.usc.es\/igfaedb\/gl\/wp-json\/wp\/v2\/posts\/9062\/revisions"}],"predecessor-version":[{"id":9080,"href":"https:\/\/igfae.usc.es\/igfaedb\/gl\/wp-json\/wp\/v2\/posts\/9062\/revisions\/9080"}],"wp:featuredmedia":[{"embeddable":true,"href":"https:\/\/igfae.usc.es\/igfaedb\/gl\/wp-json\/wp\/v2\/media\/9058"}],"wp:attachment":[{"href":"https:\/\/igfae.usc.es\/igfaedb\/gl\/wp-json\/wp\/v2\/media?parent=9062"}],"wp:term":[{"taxonomy":"category","embeddable":true,"href":"https:\/\/igfae.usc.es\/igfaedb\/gl\/wp-json\/wp\/v2\/categories?post=9062"},{"taxonomy":"post_tag","embeddable":true,"href":"https:\/\/igfae.usc.es\/igfaedb\/gl\/wp-json\/wp\/v2\/tags?post=9062"}],"curies":[{"name":"wp","href":"https:\/\/api.w.org\/{rel}","templated":true}]}}