



{"id":6814,"date":"2020-09-17T10:44:22","date_gmt":"2020-09-17T08:44:22","guid":{"rendered":"https:\/\/igfae.usc.es\/igfaedb\/?p=6814"},"modified":"2020-10-14T12:52:20","modified_gmt":"2020-10-14T10:52:20","slug":"ricardo-gurriaran-transfronteirizas","status":"publish","type":"post","link":"https:\/\/igfae.usc.es\/igfaedb\/gl\/ricardo-gurriaran-transfronteirizas\/","title":{"rendered":"Schr\u00f6dinger en Santiago e outras an\u00e9cdotas cient\u00edficas co historiador Ricardo Gurriar\u00e1n, pr\u00f3ximo invitado do ciclo \u201cTransfronteirizas, conversas de arte e ciencia\u201d"},"content":{"rendered":"<p><strong>O historiador barquense Ricardo Gurriar\u00e1n participar\u00e1 no terceiro di\u00e1logo do ciclo organizado polo Instituto Galego de F\u00edsica de Altas Enerx\u00edas (IGFAE) cuxo obxectivo \u00e9 explorar o binomio arte-ciencia con personalidades do \u00e1mbito cultural e art\u00edstico. Moderado polo investigador do IGFAE Cibr\u00e1n Santamarina, poder\u00e1 seguirse en directo o vindeiro martes, 22 de setembro, \u00e1s 19:00 horas a trav\u00e9s da canle de Youtube do IGFAE.<\/strong><\/p>\n<p>\u201cTransfronteirizas, conversas de arte e ciencia\u201d volve tras o par\u00f3n estival cun especialista en reconstru\u00edr a memoria cient\u00edfica ligada a Galicia: Ricardo Gurriar\u00e1n. Este historiador s\u00famase, tras o paso de Rosa Montero e Jos\u00e9 \u201cPepe\u201d Gordon, a este ciclo de entrevistas virtuais para reflexionar acerca das conexi\u00f3ns entre a f\u00edsica, a ciencia e a cultura, e descubrirnos alg\u00fans detalles sobre a primeira visita dun premio Nobel a Galicia, Erwin Schr\u00f6dinger, quen pronunciou unha conferencia na Universidade de Santiago (USC) o 3 de agosto de 1934. O p\u00fablico poder\u00e1 seguir e participar en directo neste di\u00e1logo, dirixido polo investigador do IGFAE e profesor da USC, Cibr\u00e1n Santamarina, na <a href=\"https:\/\/bit.ly\/ricardogurriaranIGFAE\">canle de Youtube do IGFAE<\/a> o vindeiro martes 22 \u00e1s 19:00 horas (Espa\u00f1a).<\/p>\n<p>Ricardo Gurriar\u00e1n Rodr\u00edguez (O Barco de Valdeorras, 1953), licenciado en Educaci\u00f3n F\u00edsica (INEF) pola Universidade Polit\u00e9cnica de Madrid, foi profesor no IES A. Xelm\u00edrez I de Santiago de Compostela desde 1977 ata a s\u00faa xubilaci\u00f3n. En 2004, conseguiu o t\u00edtulo de Doutor en Historia Contempor\u00e1nea pola USC coa tese <em>A investigaci\u00f3n cient\u00edfica en Galicia (1900-1940):\u00a0 instituci\u00f3ns, redes formativas e carreiras acad\u00e9micas: A ruptura de Guerra Civil<\/em>. O seu compromiso coa reconstruci\u00f3n da memoria hist\u00f3rica de Galicia e o seu interese polos estudos de ciencias lev\u00e1ronlle a ser asesor cient\u00edfico da pel\u00edcula <em>Os fillos do sol<\/em> e recibir o premio Lois Pe\u00f1a Novo 2015.<\/p>\n<div id=\"attachment_6816\" style=\"width: 1110px\" class=\"wp-caption alignnone\"><a href=\"https:\/\/igfae.usc.es\/igfaedb\/wp-content\/uploads\/2020\/09\/Schrodinger-en-Santiago.jpg\"><img aria-describedby=\"caption-attachment-6816\" loading=\"lazy\" class=\"wp-image-6816 size-full\" src=\"https:\/\/igfae.usc.es\/igfaedb\/wp-content\/uploads\/2020\/09\/Schrodinger-en-Santiago.jpg\" alt=\"\" width=\"1100\" height=\"619\" \/><\/a><p id=\"caption-attachment-6816\" class=\"wp-caption-text\">Schr\u00f6dinger en Santiago de Compostela, agosto de 1934. Fonte: <a href=\"http:\/\/lab.cccb.org\/es\/el-gato-de-schrodinger-visita-espana\/\">http:\/\/lab.cccb.org\/es\/el-gato-de-schrodinger-visita-espana\/ <\/a><\/p><\/div>\n<p><strong>Arte, ciencia e sociedade<\/strong><\/p>\n<p>Organizado polo Instituto Galego de F\u00edsica de Altas Enerx\u00edas (IGFAE) da Universidade de Santiago de Compostela (USC) e a Xunta de Galicia, \u201cTransfronteirizas, conversas de arte e ciencia\u201d \u00e9 un ciclo de di\u00e1logos virtuais emitidos en Youtube no que convidamos a figuras do \u00e1mbito cultural a explorar as intersecci\u00f3ns entre a arte e a ciencia co noso persoal investigador, buscando un enfoque interdisciplinar. Esta iniciativa ins\u00e9rese dentro do programa ArtLAB, que pretende tender pontes e fomentar a participaci\u00f3n entre a sociedade e a comunidade investigadora a trav\u00e9s de distintas expresi\u00f3ns art\u00edsticas.<\/p>\n<p>M\u00e1is informaci\u00f3n:<\/p>\n<ul>\n<li><a href=\"https:\/\/igfae.usc.es\/igfaedb\/gl\/jose-gordon-transfronteirizas\/\">O escritor e xornalista mexicano Jos\u00e9 Gordon, pr\u00f3ximo invitado do ciclo \u201cTransfronteirizas, conversas de arte e ciencia\u201d<\/a><\/li>\n<li><a href=\"https:\/\/www.youtube.com\/watch?v=6FICjLY29oU\">V\u00eddeo do dialogo co Jos\u00e9 \u201cPepe\u201d Gordon<\/a><\/li>\n<li><a href=\"https:\/\/igfae.usc.es\/igfaedb\/es\/rosa-montero-transfronteirizas\/\">Rosa Montero iniciar\u00e1 este viernes \u201cTransfronteirizas, conversas de arte e ciencia\u201d<\/a><\/li>\n<li><a href=\"https:\/\/youtu.be\/V5jwOcNQgzA\">V\u00eddeo do di\u00e1logo co Rosa Montero en Youtube<\/a><\/li>\n<li><a href=\"http:\/\/www.youtube.com\/igfae\">Canal de Youtube deo IGFAE<\/a><\/li>\n<\/ul>\n<p>M\u00e1is actividades do programa ArtLAB:<\/p>\n<ul>\n<li><a href=\"https:\/\/igfae.usc.es\/igfaedb\/talk\/38\">Cosmolox\u00edas<\/a><\/li>\n<li><a href=\"https:\/\/igfae.usc.es\/igfaedb\/gl\/arte-ciencia-mocsy\/\">Arte e ciencia protagonizan a segunda xornada da Semana da Ciencia con \u00c1gnes M\u00f3csy<\/a><\/li>\n<\/ul>\n<p>Esta actividad foi confinanciada con cargo ao Programa Operativo FEDER Galicia 2014-2020.<\/p>\n","protected":false},"excerpt":{"rendered":"<p>O historiador barquense Ricardo Gurriar\u00e1n participar\u00e1 no terceiro di\u00e1logo do ciclo organizado polo Instituto Galego de F\u00edsica de Altas Enerx\u00edas (IGFAE)&#8230;<\/p>\n","protected":false},"author":21,"featured_media":7455,"comment_status":"closed","ping_status":"closed","sticky":false,"template":"","format":"standard","meta":{"om_disable_all_campaigns":false,"_monsterinsights_skip_tracking":false,"_monsterinsights_sitenote_active":false,"_monsterinsights_sitenote_note":"","_monsterinsights_sitenote_category":0},"categories":[118,116],"tags":[],"aioseo_notices":[],"yoast_head":"<!-- This site is optimized with the Yoast SEO plugin v18.4.1 - https:\/\/yoast.com\/wordpress\/plugins\/seo\/ -->\n<title>Schr\u00f6dinger en Santiago e outras an\u00e9cdotas cient\u00edficas co historiador Ricardo Gurriar\u00e1n, pr\u00f3ximo invitado do ciclo \u201cTransfronteirizas, conversas de arte e ciencia\u201d - IGFAE<\/title>\n<meta name=\"robots\" content=\"index, follow, max-snippet:-1, max-image-preview:large, max-video-preview:-1\" \/>\n<link rel=\"canonical\" href=\"https:\/\/igfae.usc.es\/igfaedb\/gl\/ricardo-gurriaran-transfronteirizas\/\" \/>\n<meta property=\"og:locale\" content=\"gl_ES\" \/>\n<meta property=\"og:type\" content=\"article\" \/>\n<meta property=\"og:title\" content=\"Schr\u00f6dinger en Santiago e outras an\u00e9cdotas cient\u00edficas co historiador Ricardo Gurriar\u00e1n, pr\u00f3ximo invitado do ciclo \u201cTransfronteirizas, conversas de arte e ciencia\u201d - IGFAE\" \/>\n<meta property=\"og:description\" content=\"O historiador barquense Ricardo Gurriar\u00e1n participar\u00e1 no terceiro di\u00e1logo do ciclo organizado polo Instituto Galego de F\u00edsica de Altas Enerx\u00edas (IGFAE)...\" \/>\n<meta property=\"og:url\" content=\"https:\/\/igfae.usc.es\/igfaedb\/gl\/ricardo-gurriaran-transfronteirizas\/\" \/>\n<meta property=\"og:site_name\" content=\"IGFAE\" \/>\n<meta property=\"article:published_time\" content=\"2020-09-17T08:44:22+00:00\" \/>\n<meta property=\"article:modified_time\" content=\"2020-10-14T10:52:20+00:00\" \/>\n<meta property=\"og:image\" content=\"https:\/\/igfae.usc.es\/igfaedb\/wp-content\/uploads\/2020\/09\/Transfronteirizas_RicardoGurriaranYouTubev2.png\" \/>\n\t<meta property=\"og:image:width\" content=\"1920\" \/>\n\t<meta property=\"og:image:height\" content=\"1080\" \/>\n\t<meta property=\"og:image:type\" content=\"image\/png\" \/>\n<meta name=\"twitter:card\" content=\"summary_large_image\" \/>\n<meta name=\"twitter:creator\" content=\"@igfae_hep\" \/>\n<meta name=\"twitter:site\" content=\"@igfae_hep\" \/>\n<meta name=\"twitter:label1\" content=\"Escrito por\" \/>\n\t<meta name=\"twitter:data1\" content=\"Elena Mora Cuesta\" \/>\n\t<meta name=\"twitter:label2\" content=\"Tempo de lectura\" \/>\n\t<meta name=\"twitter:data2\" content=\"3 minutos\" \/>\n<script type=\"application\/ld+json\" class=\"yoast-schema-graph\">{\"@context\":\"https:\/\/schema.org\",\"@graph\":[{\"@type\":\"WebSite\",\"@id\":\"https:\/\/igfae.usc.es\/igfaedb\/#website\",\"url\":\"https:\/\/igfae.usc.es\/igfaedb\/\",\"name\":\"IGFAE\",\"description\":\"Instituto Galego de F\u00edsica de Altas Enerx\u00edas\",\"potentialAction\":[{\"@type\":\"SearchAction\",\"target\":{\"@type\":\"EntryPoint\",\"urlTemplate\":\"https:\/\/igfae.usc.es\/igfaedb\/?s={search_term_string}\"},\"query-input\":\"required name=search_term_string\"}],\"inLanguage\":\"gl-ES\"},{\"@type\":\"ImageObject\",\"@id\":\"https:\/\/igfae.usc.es\/igfaedb\/gl\/ricardo-gurriaran-transfronteirizas\/#primaryimage\",\"inLanguage\":\"gl-ES\",\"url\":\"https:\/\/igfae.usc.es\/igfaedb\/wp-content\/uploads\/2020\/09\/Transfronteirizas_RicardoGurriaranYouTubev2.png\",\"contentUrl\":\"https:\/\/igfae.usc.es\/igfaedb\/wp-content\/uploads\/2020\/09\/Transfronteirizas_RicardoGurriaranYouTubev2.png\",\"width\":1920,\"height\":1080},{\"@type\":\"WebPage\",\"@id\":\"https:\/\/igfae.usc.es\/igfaedb\/gl\/ricardo-gurriaran-transfronteirizas\/#webpage\",\"url\":\"https:\/\/igfae.usc.es\/igfaedb\/gl\/ricardo-gurriaran-transfronteirizas\/\",\"name\":\"Schr\u00f6dinger en Santiago e outras an\u00e9cdotas cient\u00edficas co historiador Ricardo Gurriar\u00e1n, pr\u00f3ximo invitado do ciclo \u201cTransfronteirizas, conversas de arte e ciencia\u201d - IGFAE\",\"isPartOf\":{\"@id\":\"https:\/\/igfae.usc.es\/igfaedb\/#website\"},\"primaryImageOfPage\":{\"@id\":\"https:\/\/igfae.usc.es\/igfaedb\/gl\/ricardo-gurriaran-transfronteirizas\/#primaryimage\"},\"datePublished\":\"2020-09-17T08:44:22+00:00\",\"dateModified\":\"2020-10-14T10:52:20+00:00\",\"author\":{\"@id\":\"https:\/\/igfae.usc.es\/igfaedb\/#\/schema\/person\/1476c1356cc987670c850d736b77b57e\"},\"breadcrumb\":{\"@id\":\"https:\/\/igfae.usc.es\/igfaedb\/gl\/ricardo-gurriaran-transfronteirizas\/#breadcrumb\"},\"inLanguage\":\"gl-ES\",\"potentialAction\":[{\"@type\":\"ReadAction\",\"target\":[\"https:\/\/igfae.usc.es\/igfaedb\/gl\/ricardo-gurriaran-transfronteirizas\/\"]}]},{\"@type\":\"BreadcrumbList\",\"@id\":\"https:\/\/igfae.usc.es\/igfaedb\/gl\/ricardo-gurriaran-transfronteirizas\/#breadcrumb\",\"itemListElement\":[{\"@type\":\"ListItem\",\"position\":1,\"name\":\"Schr\u00f6dinger en Santiago e outras an\u00e9cdotas cient\u00edficas co historiador Ricardo Gurriar\u00e1n, pr\u00f3ximo invitado do ciclo \u201cTransfronteirizas, conversas de arte e ciencia\u201d\"}]},{\"@type\":\"Person\",\"@id\":\"https:\/\/igfae.usc.es\/igfaedb\/#\/schema\/person\/1476c1356cc987670c850d736b77b57e\",\"name\":\"Elena Mora Cuesta\",\"url\":\"https:\/\/igfae.usc.es\/igfaedb\/gl\/author\/elena-mora-cuesta\/\"}]}<\/script>\n<!-- \/ Yoast SEO plugin. -->","yoast_head_json":{"title":"Schr\u00f6dinger en Santiago e outras an\u00e9cdotas cient\u00edficas co historiador Ricardo Gurriar\u00e1n, pr\u00f3ximo invitado do ciclo \u201cTransfronteirizas, conversas de arte e ciencia\u201d - IGFAE","robots":{"index":"index","follow":"follow","max-snippet":"max-snippet:-1","max-image-preview":"max-image-preview:large","max-video-preview":"max-video-preview:-1"},"canonical":"https:\/\/igfae.usc.es\/igfaedb\/gl\/ricardo-gurriaran-transfronteirizas\/","og_locale":"gl_ES","og_type":"article","og_title":"Schr\u00f6dinger en Santiago e outras an\u00e9cdotas cient\u00edficas co historiador Ricardo Gurriar\u00e1n, pr\u00f3ximo invitado do ciclo \u201cTransfronteirizas, conversas de arte e ciencia\u201d - IGFAE","og_description":"O historiador barquense Ricardo Gurriar\u00e1n participar\u00e1 no terceiro di\u00e1logo do ciclo organizado polo Instituto Galego de F\u00edsica de Altas Enerx\u00edas (IGFAE)...","og_url":"https:\/\/igfae.usc.es\/igfaedb\/gl\/ricardo-gurriaran-transfronteirizas\/","og_site_name":"IGFAE","article_published_time":"2020-09-17T08:44:22+00:00","article_modified_time":"2020-10-14T10:52:20+00:00","og_image":[{"width":1920,"height":1080,"url":"https:\/\/igfae.usc.es\/igfaedb\/wp-content\/uploads\/2020\/09\/Transfronteirizas_RicardoGurriaranYouTubev2.png","type":"image\/png"}],"twitter_card":"summary_large_image","twitter_creator":"@igfae_hep","twitter_site":"@igfae_hep","twitter_misc":{"Escrito por":"Elena Mora Cuesta","Tempo de lectura":"3 minutos"},"schema":{"@context":"https:\/\/schema.org","@graph":[{"@type":"WebSite","@id":"https:\/\/igfae.usc.es\/igfaedb\/#website","url":"https:\/\/igfae.usc.es\/igfaedb\/","name":"IGFAE","description":"Instituto Galego de F\u00edsica de Altas Enerx\u00edas","potentialAction":[{"@type":"SearchAction","target":{"@type":"EntryPoint","urlTemplate":"https:\/\/igfae.usc.es\/igfaedb\/?s={search_term_string}"},"query-input":"required name=search_term_string"}],"inLanguage":"gl-ES"},{"@type":"ImageObject","@id":"https:\/\/igfae.usc.es\/igfaedb\/gl\/ricardo-gurriaran-transfronteirizas\/#primaryimage","inLanguage":"gl-ES","url":"https:\/\/igfae.usc.es\/igfaedb\/wp-content\/uploads\/2020\/09\/Transfronteirizas_RicardoGurriaranYouTubev2.png","contentUrl":"https:\/\/igfae.usc.es\/igfaedb\/wp-content\/uploads\/2020\/09\/Transfronteirizas_RicardoGurriaranYouTubev2.png","width":1920,"height":1080},{"@type":"WebPage","@id":"https:\/\/igfae.usc.es\/igfaedb\/gl\/ricardo-gurriaran-transfronteirizas\/#webpage","url":"https:\/\/igfae.usc.es\/igfaedb\/gl\/ricardo-gurriaran-transfronteirizas\/","name":"Schr\u00f6dinger en Santiago e outras an\u00e9cdotas cient\u00edficas co historiador Ricardo Gurriar\u00e1n, pr\u00f3ximo invitado do ciclo \u201cTransfronteirizas, conversas de arte e ciencia\u201d - IGFAE","isPartOf":{"@id":"https:\/\/igfae.usc.es\/igfaedb\/#website"},"primaryImageOfPage":{"@id":"https:\/\/igfae.usc.es\/igfaedb\/gl\/ricardo-gurriaran-transfronteirizas\/#primaryimage"},"datePublished":"2020-09-17T08:44:22+00:00","dateModified":"2020-10-14T10:52:20+00:00","author":{"@id":"https:\/\/igfae.usc.es\/igfaedb\/#\/schema\/person\/1476c1356cc987670c850d736b77b57e"},"breadcrumb":{"@id":"https:\/\/igfae.usc.es\/igfaedb\/gl\/ricardo-gurriaran-transfronteirizas\/#breadcrumb"},"inLanguage":"gl-ES","potentialAction":[{"@type":"ReadAction","target":["https:\/\/igfae.usc.es\/igfaedb\/gl\/ricardo-gurriaran-transfronteirizas\/"]}]},{"@type":"BreadcrumbList","@id":"https:\/\/igfae.usc.es\/igfaedb\/gl\/ricardo-gurriaran-transfronteirizas\/#breadcrumb","itemListElement":[{"@type":"ListItem","position":1,"name":"Schr\u00f6dinger en Santiago e outras an\u00e9cdotas cient\u00edficas co historiador Ricardo Gurriar\u00e1n, pr\u00f3ximo invitado do ciclo \u201cTransfronteirizas, conversas de arte e ciencia\u201d"}]},{"@type":"Person","@id":"https:\/\/igfae.usc.es\/igfaedb\/#\/schema\/person\/1476c1356cc987670c850d736b77b57e","name":"Elena Mora Cuesta","url":"https:\/\/igfae.usc.es\/igfaedb\/gl\/author\/elena-mora-cuesta\/"}]}},"_links":{"self":[{"href":"https:\/\/igfae.usc.es\/igfaedb\/gl\/wp-json\/wp\/v2\/posts\/6814"}],"collection":[{"href":"https:\/\/igfae.usc.es\/igfaedb\/gl\/wp-json\/wp\/v2\/posts"}],"about":[{"href":"https:\/\/igfae.usc.es\/igfaedb\/gl\/wp-json\/wp\/v2\/types\/post"}],"author":[{"embeddable":true,"href":"https:\/\/igfae.usc.es\/igfaedb\/gl\/wp-json\/wp\/v2\/users\/21"}],"replies":[{"embeddable":true,"href":"https:\/\/igfae.usc.es\/igfaedb\/gl\/wp-json\/wp\/v2\/comments?post=6814"}],"version-history":[{"count":1,"href":"https:\/\/igfae.usc.es\/igfaedb\/gl\/wp-json\/wp\/v2\/posts\/6814\/revisions"}],"predecessor-version":[{"id":6939,"href":"https:\/\/igfae.usc.es\/igfaedb\/gl\/wp-json\/wp\/v2\/posts\/6814\/revisions\/6939"}],"wp:featuredmedia":[{"embeddable":true,"href":"https:\/\/igfae.usc.es\/igfaedb\/gl\/wp-json\/wp\/v2\/media\/7455"}],"wp:attachment":[{"href":"https:\/\/igfae.usc.es\/igfaedb\/gl\/wp-json\/wp\/v2\/media?parent=6814"}],"wp:term":[{"taxonomy":"category","embeddable":true,"href":"https:\/\/igfae.usc.es\/igfaedb\/gl\/wp-json\/wp\/v2\/categories?post=6814"},{"taxonomy":"post_tag","embeddable":true,"href":"https:\/\/igfae.usc.es\/igfaedb\/gl\/wp-json\/wp\/v2\/tags?post=6814"}],"curies":[{"name":"wp","href":"https:\/\/api.w.org\/{rel}","templated":true}]}}