



{"id":6109,"date":"2020-05-13T15:48:41","date_gmt":"2020-05-13T13:48:41","guid":{"rendered":"https:\/\/igfae.usc.es\/igfaedb\/rosa-montero-transfronteirizas\/"},"modified":"2021-03-24T15:25:31","modified_gmt":"2021-03-24T13:25:31","slug":"rosa-montero-transfronteirizas","status":"publish","type":"post","link":"https:\/\/igfae.usc.es\/igfaedb\/gl\/rosa-montero-transfronteirizas\/","title":{"rendered":"Rosa Montero iniciar\u00e1 este venres \u201cTransfronteirizas, conversas de arte e ciencia\u201d"},"content":{"rendered":"<p><strong>A escritora e xornalista protagonizar\u00e1 o vindeiro venres, 15 de maio \u00e1s 20:00 horas, o primeiro dunha serie de di\u00e1logos virtuais organizados polo Instituto Galego de F\u00edsica de Altas Enerx\u00edas (IGFAE) cuxo obxectivo \u00e9 explorar a transversalidade das ciencias e as humanidades, as\u00ed como os seus vasos comunicantes. O encontro, moderado polo investigador do IGFAE Jos\u00e9 Edelstein, poder\u00e1 seguirse en directo a trav\u00e9s de Youtube e forma parte do programa ArtLAB. <\/strong><\/p>\n<p>Co gallo do confinamento que limitou ou eliminou as posibilidades de celebrar encontros divulgativos e culturais presenciais, o Instituto Galego de F\u00edsica de Altas Enerx\u00edas (IGFAE) da Universidade de Santiago de Compostela (USC) e a Xunta de Galicia pon en marcha un ciclo de di\u00e1logos virtuais entre o seu persoal investigador e figuras do \u00e1mbito cultural.<\/p>\n<p>Baixo o t\u00edtulo \u201c<strong>Transfronteirizas, conversas de arte e ciencia<\/strong>\u201d, este proxecto traer\u00e1 nos pr\u00f3ximos meses a figuras coas que exploraremos as intersecci\u00f3ns entre a f\u00edsica, a ciencia e a cultura, as\u00ed como outras reflexi\u00f3ns cun enfoque interdisciplinar. A escritora e xornalista Rosa Montero ser\u00e1 este venres, <strong>15 de maio \u00e1s 20:00 horas<\/strong>, a primeira entrevistada que participar\u00e1 nesta iniciativa. A trav\u00e9s da <a href=\"https:\/\/bit.ly\/IGFAEyoutube\">canle de Youtube do IGFAE<\/a>, o p\u00fablico poder\u00e1 seguir e participar neste di\u00e1logo en directo dirixido polo investigador do IGFAE e profesor da USC Jos\u00e9 Edelstein.<\/p>\n<p>\u201cTransfronteirizas, conversas de arte e ciencia\u201d ins\u00e9rese dentro do programa <strong>ArtLAB<\/strong> do IGFAE, unha iniciativa que pretende tender pontes e fomentar a participaci\u00f3n entre a sociedade e a comunidade investigadora a trav\u00e9s de distintas expresi\u00f3ns art\u00edsticas. S\u00famase as\u00ed a \u201c<a href=\"https:\/\/igfae.usc.es\/igfaedb\/talk\/38\">Cosmolox\u00edas<\/a>\u201d, unha exposici\u00f3n de obras cartogr\u00e1ficas inspiradas no Universo da artista Irene Dubrovsky, celebrada en marzo de 2019; e \u00e1 conferencia \u201c<a href=\"https:\/\/igfae.usc.es\/igfaedb\/es\/arte-ciencia-mocsy\/\">F\u00edsica en concerto coas artes<\/a>\u201d da f\u00edsica te\u00f3rica \u00c1gnes M\u00f3csy, impartida durante a II Semana da Ciencia do IGFAE en colaboraci\u00f3n co Centro Galego de Arte Contempor\u00e1nea (CGAC).<\/p>\n<p><strong>Rosa Montero<\/strong> naceu en Madrid e estudou Xornalismo e Psicolox\u00eda. Colaborou con grupos de teatro independente, como Canon ou T\u00e1bano, \u00e1 vez que empezaba a publicar en diversos medios informativos como Fotogramas, Pueblo e Posible. Desde finais de 1976 traballa de maneira exclusiva para o diario El Pa\u00eds, no que foi redactora xefa do suplemento dominical. En 1978 ga\u00f1ou o Premio Mundo de Entrevistas, en 1980 o Premio Nacional de Xornalismo para reportaxes e artigos literarios e en 2005 o Premio da Asociaci\u00f3n da Prensa de Madrid a toda unha vida profesional. A s\u00faa obra abarca relatos, contos e textos xornal\u00edsticos, entre eles m\u00e1is de 2000 entrevistas a personalidades de talla mundial. Entre as s\u00faas novelas destacan Te tatrat\u00e9 como a una reina (1983), La hija del can\u00edbal (1997), La rid\u00edcula idea de no volver verte (2013), El peso del coraz\u00f3n (2015) e a \u00faltima, Los tiempos del odio (2018). Foi premiada en multitude de ocasi\u00f3ns e traducida a m\u00e1is de 20 idiomas. Ademais, \u00e9 Doutora Honoris Causa pola Universidade de Porto Rico, membro de Honra da Universidade de M\u00e1laga, e en febreiro de 2019 creouse a \u201cAula Rosa Montero\u201d na facultade de Xornalismo da Universidade Miguel Hern\u00e1ndez de Elxe (Alacante).<\/p>\n","protected":false},"excerpt":{"rendered":"<p>A escritora e xornalista protagonizar\u00e1 o vindeiro venres, 15 de maio \u00e1s 20:00 horas, o primeiro dunha serie de di\u00e1logos virtuais&#8230;<\/p>\n","protected":false},"author":21,"featured_media":6106,"comment_status":"closed","ping_status":"closed","sticky":false,"template":"","format":"standard","meta":{"om_disable_all_campaigns":false,"_monsterinsights_skip_tracking":false,"_monsterinsights_sitenote_active":false,"_monsterinsights_sitenote_note":"","_monsterinsights_sitenote_category":0},"categories":[125,116,120],"tags":[82],"aioseo_notices":[],"yoast_head":"<!-- This site is optimized with the Yoast SEO plugin v18.4.1 - https:\/\/yoast.com\/wordpress\/plugins\/seo\/ -->\n<title>Rosa Montero iniciar\u00e1 este venres \u201cTransfronteirizas, conversas de arte e ciencia\u201d - IGFAE<\/title>\n<meta name=\"robots\" content=\"index, follow, max-snippet:-1, max-image-preview:large, max-video-preview:-1\" \/>\n<link rel=\"canonical\" href=\"https:\/\/igfae.usc.es\/igfaedb\/gl\/rosa-montero-transfronteirizas\/\" \/>\n<meta property=\"og:locale\" content=\"gl_ES\" \/>\n<meta property=\"og:type\" content=\"article\" \/>\n<meta property=\"og:title\" content=\"Rosa Montero iniciar\u00e1 este venres \u201cTransfronteirizas, conversas de arte e ciencia\u201d - IGFAE\" \/>\n<meta property=\"og:description\" content=\"A escritora e xornalista protagonizar\u00e1 o vindeiro venres, 15 de maio \u00e1s 20:00 horas, o primeiro dunha serie de di\u00e1logos virtuais...\" \/>\n<meta property=\"og:url\" content=\"https:\/\/igfae.usc.es\/igfaedb\/gl\/rosa-montero-transfronteirizas\/\" \/>\n<meta property=\"og:site_name\" content=\"IGFAE\" \/>\n<meta property=\"article:published_time\" content=\"2020-05-13T13:48:41+00:00\" \/>\n<meta property=\"article:modified_time\" content=\"2021-03-24T13:25:31+00:00\" \/>\n<meta property=\"og:image\" content=\"https:\/\/igfae.usc.es\/igfaedb\/wp-content\/uploads\/2020\/05\/Transfronteirizas.png\" \/>\n\t<meta property=\"og:image:width\" content=\"1920\" \/>\n\t<meta property=\"og:image:height\" content=\"1080\" \/>\n\t<meta property=\"og:image:type\" content=\"image\/png\" \/>\n<meta name=\"twitter:card\" content=\"summary_large_image\" \/>\n<meta name=\"twitter:creator\" content=\"@igfae_hep\" \/>\n<meta name=\"twitter:site\" content=\"@igfae_hep\" \/>\n<meta name=\"twitter:label1\" content=\"Escrito por\" \/>\n\t<meta name=\"twitter:data1\" content=\"Elena Mora Cuesta\" \/>\n\t<meta name=\"twitter:label2\" content=\"Tempo de lectura\" \/>\n\t<meta name=\"twitter:data2\" content=\"3 minutos\" \/>\n<script type=\"application\/ld+json\" class=\"yoast-schema-graph\">{\"@context\":\"https:\/\/schema.org\",\"@graph\":[{\"@type\":\"WebSite\",\"@id\":\"https:\/\/igfae.usc.es\/igfaedb\/#website\",\"url\":\"https:\/\/igfae.usc.es\/igfaedb\/\",\"name\":\"IGFAE\",\"description\":\"Instituto Galego de F\u00edsica de Altas Enerx\u00edas\",\"potentialAction\":[{\"@type\":\"SearchAction\",\"target\":{\"@type\":\"EntryPoint\",\"urlTemplate\":\"https:\/\/igfae.usc.es\/igfaedb\/?s={search_term_string}\"},\"query-input\":\"required name=search_term_string\"}],\"inLanguage\":\"gl-ES\"},{\"@type\":\"ImageObject\",\"@id\":\"https:\/\/igfae.usc.es\/igfaedb\/gl\/rosa-montero-transfronteirizas\/#primaryimage\",\"inLanguage\":\"gl-ES\",\"url\":\"https:\/\/igfae.usc.es\/igfaedb\/wp-content\/uploads\/2020\/05\/Transfronteirizas.png\",\"contentUrl\":\"https:\/\/igfae.usc.es\/igfaedb\/wp-content\/uploads\/2020\/05\/Transfronteirizas.png\",\"width\":1920,\"height\":1080},{\"@type\":\"WebPage\",\"@id\":\"https:\/\/igfae.usc.es\/igfaedb\/gl\/rosa-montero-transfronteirizas\/#webpage\",\"url\":\"https:\/\/igfae.usc.es\/igfaedb\/gl\/rosa-montero-transfronteirizas\/\",\"name\":\"Rosa Montero iniciar\u00e1 este venres \u201cTransfronteirizas, conversas de arte e ciencia\u201d - IGFAE\",\"isPartOf\":{\"@id\":\"https:\/\/igfae.usc.es\/igfaedb\/#website\"},\"primaryImageOfPage\":{\"@id\":\"https:\/\/igfae.usc.es\/igfaedb\/gl\/rosa-montero-transfronteirizas\/#primaryimage\"},\"datePublished\":\"2020-05-13T13:48:41+00:00\",\"dateModified\":\"2021-03-24T13:25:31+00:00\",\"author\":{\"@id\":\"https:\/\/igfae.usc.es\/igfaedb\/#\/schema\/person\/1476c1356cc987670c850d736b77b57e\"},\"breadcrumb\":{\"@id\":\"https:\/\/igfae.usc.es\/igfaedb\/gl\/rosa-montero-transfronteirizas\/#breadcrumb\"},\"inLanguage\":\"gl-ES\",\"potentialAction\":[{\"@type\":\"ReadAction\",\"target\":[\"https:\/\/igfae.usc.es\/igfaedb\/gl\/rosa-montero-transfronteirizas\/\"]}]},{\"@type\":\"BreadcrumbList\",\"@id\":\"https:\/\/igfae.usc.es\/igfaedb\/gl\/rosa-montero-transfronteirizas\/#breadcrumb\",\"itemListElement\":[{\"@type\":\"ListItem\",\"position\":1,\"name\":\"Rosa Montero iniciar\u00e1 este venres \u201cTransfronteirizas, conversas de arte e ciencia\u201d\"}]},{\"@type\":\"Person\",\"@id\":\"https:\/\/igfae.usc.es\/igfaedb\/#\/schema\/person\/1476c1356cc987670c850d736b77b57e\",\"name\":\"Elena Mora Cuesta\",\"url\":\"https:\/\/igfae.usc.es\/igfaedb\/gl\/author\/elena-mora-cuesta\/\"}]}<\/script>\n<!-- \/ Yoast SEO plugin. -->","yoast_head_json":{"title":"Rosa Montero iniciar\u00e1 este venres \u201cTransfronteirizas, conversas de arte e ciencia\u201d - IGFAE","robots":{"index":"index","follow":"follow","max-snippet":"max-snippet:-1","max-image-preview":"max-image-preview:large","max-video-preview":"max-video-preview:-1"},"canonical":"https:\/\/igfae.usc.es\/igfaedb\/gl\/rosa-montero-transfronteirizas\/","og_locale":"gl_ES","og_type":"article","og_title":"Rosa Montero iniciar\u00e1 este venres \u201cTransfronteirizas, conversas de arte e ciencia\u201d - IGFAE","og_description":"A escritora e xornalista protagonizar\u00e1 o vindeiro venres, 15 de maio \u00e1s 20:00 horas, o primeiro dunha serie de di\u00e1logos virtuais...","og_url":"https:\/\/igfae.usc.es\/igfaedb\/gl\/rosa-montero-transfronteirizas\/","og_site_name":"IGFAE","article_published_time":"2020-05-13T13:48:41+00:00","article_modified_time":"2021-03-24T13:25:31+00:00","og_image":[{"width":1920,"height":1080,"url":"https:\/\/igfae.usc.es\/igfaedb\/wp-content\/uploads\/2020\/05\/Transfronteirizas.png","type":"image\/png"}],"twitter_card":"summary_large_image","twitter_creator":"@igfae_hep","twitter_site":"@igfae_hep","twitter_misc":{"Escrito por":"Elena Mora Cuesta","Tempo de lectura":"3 minutos"},"schema":{"@context":"https:\/\/schema.org","@graph":[{"@type":"WebSite","@id":"https:\/\/igfae.usc.es\/igfaedb\/#website","url":"https:\/\/igfae.usc.es\/igfaedb\/","name":"IGFAE","description":"Instituto Galego de F\u00edsica de Altas Enerx\u00edas","potentialAction":[{"@type":"SearchAction","target":{"@type":"EntryPoint","urlTemplate":"https:\/\/igfae.usc.es\/igfaedb\/?s={search_term_string}"},"query-input":"required name=search_term_string"}],"inLanguage":"gl-ES"},{"@type":"ImageObject","@id":"https:\/\/igfae.usc.es\/igfaedb\/gl\/rosa-montero-transfronteirizas\/#primaryimage","inLanguage":"gl-ES","url":"https:\/\/igfae.usc.es\/igfaedb\/wp-content\/uploads\/2020\/05\/Transfronteirizas.png","contentUrl":"https:\/\/igfae.usc.es\/igfaedb\/wp-content\/uploads\/2020\/05\/Transfronteirizas.png","width":1920,"height":1080},{"@type":"WebPage","@id":"https:\/\/igfae.usc.es\/igfaedb\/gl\/rosa-montero-transfronteirizas\/#webpage","url":"https:\/\/igfae.usc.es\/igfaedb\/gl\/rosa-montero-transfronteirizas\/","name":"Rosa Montero iniciar\u00e1 este venres \u201cTransfronteirizas, conversas de arte e ciencia\u201d - IGFAE","isPartOf":{"@id":"https:\/\/igfae.usc.es\/igfaedb\/#website"},"primaryImageOfPage":{"@id":"https:\/\/igfae.usc.es\/igfaedb\/gl\/rosa-montero-transfronteirizas\/#primaryimage"},"datePublished":"2020-05-13T13:48:41+00:00","dateModified":"2021-03-24T13:25:31+00:00","author":{"@id":"https:\/\/igfae.usc.es\/igfaedb\/#\/schema\/person\/1476c1356cc987670c850d736b77b57e"},"breadcrumb":{"@id":"https:\/\/igfae.usc.es\/igfaedb\/gl\/rosa-montero-transfronteirizas\/#breadcrumb"},"inLanguage":"gl-ES","potentialAction":[{"@type":"ReadAction","target":["https:\/\/igfae.usc.es\/igfaedb\/gl\/rosa-montero-transfronteirizas\/"]}]},{"@type":"BreadcrumbList","@id":"https:\/\/igfae.usc.es\/igfaedb\/gl\/rosa-montero-transfronteirizas\/#breadcrumb","itemListElement":[{"@type":"ListItem","position":1,"name":"Rosa Montero iniciar\u00e1 este venres \u201cTransfronteirizas, conversas de arte e ciencia\u201d"}]},{"@type":"Person","@id":"https:\/\/igfae.usc.es\/igfaedb\/#\/schema\/person\/1476c1356cc987670c850d736b77b57e","name":"Elena Mora Cuesta","url":"https:\/\/igfae.usc.es\/igfaedb\/gl\/author\/elena-mora-cuesta\/"}]}},"_links":{"self":[{"href":"https:\/\/igfae.usc.es\/igfaedb\/gl\/wp-json\/wp\/v2\/posts\/6109"}],"collection":[{"href":"https:\/\/igfae.usc.es\/igfaedb\/gl\/wp-json\/wp\/v2\/posts"}],"about":[{"href":"https:\/\/igfae.usc.es\/igfaedb\/gl\/wp-json\/wp\/v2\/types\/post"}],"author":[{"embeddable":true,"href":"https:\/\/igfae.usc.es\/igfaedb\/gl\/wp-json\/wp\/v2\/users\/21"}],"replies":[{"embeddable":true,"href":"https:\/\/igfae.usc.es\/igfaedb\/gl\/wp-json\/wp\/v2\/comments?post=6109"}],"version-history":[{"count":3,"href":"https:\/\/igfae.usc.es\/igfaedb\/gl\/wp-json\/wp\/v2\/posts\/6109\/revisions"}],"predecessor-version":[{"id":6114,"href":"https:\/\/igfae.usc.es\/igfaedb\/gl\/wp-json\/wp\/v2\/posts\/6109\/revisions\/6114"}],"wp:featuredmedia":[{"embeddable":true,"href":"https:\/\/igfae.usc.es\/igfaedb\/gl\/wp-json\/wp\/v2\/media\/6106"}],"wp:attachment":[{"href":"https:\/\/igfae.usc.es\/igfaedb\/gl\/wp-json\/wp\/v2\/media?parent=6109"}],"wp:term":[{"taxonomy":"category","embeddable":true,"href":"https:\/\/igfae.usc.es\/igfaedb\/gl\/wp-json\/wp\/v2\/categories?post=6109"},{"taxonomy":"post_tag","embeddable":true,"href":"https:\/\/igfae.usc.es\/igfaedb\/gl\/wp-json\/wp\/v2\/tags?post=6109"}],"curies":[{"name":"wp","href":"https:\/\/api.w.org\/{rel}","templated":true}]}}