



{"id":3363,"date":"2019-07-05T09:48:41","date_gmt":"2019-07-05T07:48:41","guid":{"rendered":"https:\/\/igfae.usc.es\/centrosingular\/?p=3363"},"modified":"2021-03-24T15:22:17","modified_gmt":"2021-03-24T13:22:17","slug":"anxo-farina-novo-doutor-polo-igfae","status":"publish","type":"post","link":"https:\/\/igfae.usc.es\/igfaedb\/gl\/anxo-farina-novo-doutor-polo-igfae\/","title":{"rendered":"Anxo Fari\u00f1a, novo doutor polo IGFAE"},"content":{"rendered":"<p>O investigador predoutoral do\u00a0 IGFAE\u00a0 Anxo Fari\u00f1a defendeu a s\u00faa tese o pasado venres na Aula Magna da Facultade de F\u00edsica da USC. Baixo o t\u00edtulo \u201c<em>Long Time Dynamics of Resonant Systems<\/em>\u201d e dirixido polo investigador do IGFAE e profesor da USC Javier Mas, neste traballo expl\u00f3rase a deformaci\u00f3n que experimentan certos sistemas f\u00edsicos ao longo do tempo.<\/p>\n<p>A primeira parte da tese ded\u00edcase \u00e1 construci\u00f3n de t\u00e9cnicas matem\u00e1ticas que permiten predicir este tipo de comportamento e extraer informaci\u00f3n relevante, comprobando que son ferramentas moi \u00fatiles para o estudo de gases cu\u00e1nticos, ondas en diferentes espazo-tempos,\u00a0 fluctuaciones puramente\u00a0 gravitacionais do mesmo e o colapso gravitatorio que dan lugar aos buratos negros.<\/p>\n<p>Na segunda parte do traballo, som\u00e9tense diferentes espazo-tempos a excitaci\u00f3ns peri\u00f3dicas. Utilizando simulaci\u00f3ns por computador, est\u00fadase como se deforma o espazo-tempo en presenza destas excitaci\u00f3ns, expondo preguntas tan interesantes como a posible supresi\u00f3n do colapso\u00a0 gravitacional ou a aceleraci\u00f3n deste proceso.<\/p>\n<p>Parab\u00e9ns!<\/p>\n","protected":false},"excerpt":{"rendered":"<p>O investigador predoutoral do\u00a0 IGFAE\u00a0 Anxo Fari\u00f1a defendeu a s\u00faa tese o pasado venres na Aula Magna da Facultade de F\u00edsica&#8230;<\/p>\n","protected":false},"author":21,"featured_media":3373,"comment_status":"closed","ping_status":"closed","sticky":false,"template":"","format":"standard","meta":{"om_disable_all_campaigns":false,"_monsterinsights_skip_tracking":false,"_monsterinsights_sitenote_active":false,"_monsterinsights_sitenote_note":"","_monsterinsights_sitenote_category":0},"categories":[116],"tags":[],"aioseo_notices":[],"yoast_head":"<!-- This site is optimized with the Yoast SEO plugin v18.4.1 - https:\/\/yoast.com\/wordpress\/plugins\/seo\/ -->\n<title>Anxo Fari\u00f1a, novo doutor polo IGFAE - IGFAE<\/title>\n<meta name=\"robots\" content=\"index, follow, max-snippet:-1, max-image-preview:large, max-video-preview:-1\" \/>\n<link rel=\"canonical\" href=\"https:\/\/igfae.usc.es\/igfaedb\/gl\/anxo-farina-novo-doutor-polo-igfaedb\/\" \/>\n<meta property=\"og:locale\" content=\"gl_ES\" \/>\n<meta property=\"og:type\" content=\"article\" \/>\n<meta property=\"og:title\" content=\"Anxo Fari\u00f1a, novo doutor polo IGFAE - IGFAE\" \/>\n<meta property=\"og:description\" content=\"O investigador predoutoral do\u00a0 IGFAE\u00a0 Anxo Fari\u00f1a defendeu a s\u00faa tese o pasado venres na Aula Magna da Facultade de F\u00edsica...\" \/>\n<meta property=\"og:url\" content=\"https:\/\/igfae.usc.es\/igfaedb\/gl\/anxo-farina-novo-doutor-polo-igfaedb\/\" \/>\n<meta property=\"og:site_name\" content=\"IGFAE\" \/>\n<meta property=\"article:published_time\" content=\"2019-07-05T07:48:41+00:00\" \/>\n<meta property=\"article:modified_time\" content=\"2021-03-24T13:22:17+00:00\" \/>\n<meta property=\"og:image\" content=\"https:\/\/igfae.usc.es\/igfaedb\/wp-content\/uploads\/2019\/07\/IMG_20190705_124344113_HDR-1024x768.jpg\" \/>\n\t<meta property=\"og:image:width\" content=\"1024\" \/>\n\t<meta property=\"og:image:height\" content=\"768\" \/>\n\t<meta property=\"og:image:type\" content=\"image\/jpeg\" \/>\n<meta name=\"twitter:card\" content=\"summary_large_image\" \/>\n<meta name=\"twitter:creator\" content=\"@igfae_hep\" \/>\n<meta name=\"twitter:site\" content=\"@igfae_hep\" \/>\n<meta name=\"twitter:label1\" content=\"Escrito por\" \/>\n\t<meta name=\"twitter:data1\" content=\"Elena Mora Cuesta\" \/>\n\t<meta name=\"twitter:label2\" content=\"Tempo de lectura\" \/>\n\t<meta name=\"twitter:data2\" content=\"1 minuto\" \/>\n<script type=\"application\/ld+json\" class=\"yoast-schema-graph\">{\"@context\":\"https:\/\/schema.org\",\"@graph\":[{\"@type\":\"WebSite\",\"@id\":\"https:\/\/igfae.usc.es\/igfaedb\/#website\",\"url\":\"https:\/\/igfae.usc.es\/igfaedb\/\",\"name\":\"IGFAE\",\"description\":\"Instituto Galego de F\u00edsica de Altas Enerx\u00edas\",\"potentialAction\":[{\"@type\":\"SearchAction\",\"target\":{\"@type\":\"EntryPoint\",\"urlTemplate\":\"https:\/\/igfae.usc.es\/igfaedb\/?s={search_term_string}\"},\"query-input\":\"required name=search_term_string\"}],\"inLanguage\":\"gl-ES\"},{\"@type\":\"ImageObject\",\"@id\":\"https:\/\/igfae.usc.es\/igfaedb\/gl\/anxo-farina-novo-doutor-polo-igfaedb\/#primaryimage\",\"inLanguage\":\"gl-ES\",\"url\":\"https:\/\/igfae.usc.es\/igfaedb\/wp-content\/uploads\/2019\/07\/IMG_20190705_124344113_HDR.jpg\",\"contentUrl\":\"https:\/\/igfae.usc.es\/igfaedb\/wp-content\/uploads\/2019\/07\/IMG_20190705_124344113_HDR.jpg\",\"width\":4032,\"height\":3024},{\"@type\":\"WebPage\",\"@id\":\"https:\/\/igfae.usc.es\/igfaedb\/gl\/anxo-farina-novo-doutor-polo-igfaedb\/#webpage\",\"url\":\"https:\/\/igfae.usc.es\/igfaedb\/gl\/anxo-farina-novo-doutor-polo-igfaedb\/\",\"name\":\"Anxo Fari\u00f1a, novo doutor polo IGFAE - IGFAE\",\"isPartOf\":{\"@id\":\"https:\/\/igfae.usc.es\/igfaedb\/#website\"},\"primaryImageOfPage\":{\"@id\":\"https:\/\/igfae.usc.es\/igfaedb\/gl\/anxo-farina-novo-doutor-polo-igfaedb\/#primaryimage\"},\"datePublished\":\"2019-07-05T07:48:41+00:00\",\"dateModified\":\"2021-03-24T13:22:17+00:00\",\"author\":{\"@id\":\"https:\/\/igfae.usc.es\/igfaedb\/#\/schema\/person\/1476c1356cc987670c850d736b77b57e\"},\"breadcrumb\":{\"@id\":\"https:\/\/igfae.usc.es\/igfaedb\/gl\/anxo-farina-novo-doutor-polo-igfaedb\/#breadcrumb\"},\"inLanguage\":\"gl-ES\",\"potentialAction\":[{\"@type\":\"ReadAction\",\"target\":[\"https:\/\/igfae.usc.es\/igfaedb\/gl\/anxo-farina-novo-doutor-polo-igfaedb\/\"]}]},{\"@type\":\"BreadcrumbList\",\"@id\":\"https:\/\/igfae.usc.es\/igfaedb\/gl\/anxo-farina-novo-doutor-polo-igfaedb\/#breadcrumb\",\"itemListElement\":[{\"@type\":\"ListItem\",\"position\":1,\"name\":\"Anxo Fari\u00f1a, novo doutor polo IGFAE\"}]},{\"@type\":\"Person\",\"@id\":\"https:\/\/igfae.usc.es\/igfaedb\/#\/schema\/person\/1476c1356cc987670c850d736b77b57e\",\"name\":\"Elena Mora Cuesta\",\"url\":\"https:\/\/igfae.usc.es\/igfaedb\/gl\/author\/elena-mora-cuesta\/\"}]}<\/script>\n<!-- \/ Yoast SEO plugin. -->","yoast_head_json":{"title":"Anxo Fari\u00f1a, novo doutor polo IGFAE - IGFAE","robots":{"index":"index","follow":"follow","max-snippet":"max-snippet:-1","max-image-preview":"max-image-preview:large","max-video-preview":"max-video-preview:-1"},"canonical":"https:\/\/igfae.usc.es\/igfaedb\/gl\/anxo-farina-novo-doutor-polo-igfaedb\/","og_locale":"gl_ES","og_type":"article","og_title":"Anxo Fari\u00f1a, novo doutor polo IGFAE - IGFAE","og_description":"O investigador predoutoral do\u00a0 IGFAE\u00a0 Anxo Fari\u00f1a defendeu a s\u00faa tese o pasado venres na Aula Magna da Facultade de F\u00edsica...","og_url":"https:\/\/igfae.usc.es\/igfaedb\/gl\/anxo-farina-novo-doutor-polo-igfaedb\/","og_site_name":"IGFAE","article_published_time":"2019-07-05T07:48:41+00:00","article_modified_time":"2021-03-24T13:22:17+00:00","og_image":[{"width":1024,"height":768,"url":"https:\/\/igfae.usc.es\/igfaedb\/wp-content\/uploads\/2019\/07\/IMG_20190705_124344113_HDR-1024x768.jpg","type":"image\/jpeg"}],"twitter_card":"summary_large_image","twitter_creator":"@igfae_hep","twitter_site":"@igfae_hep","twitter_misc":{"Escrito por":"Elena Mora Cuesta","Tempo de lectura":"1 minuto"},"schema":{"@context":"https:\/\/schema.org","@graph":[{"@type":"WebSite","@id":"https:\/\/igfae.usc.es\/igfaedb\/#website","url":"https:\/\/igfae.usc.es\/igfaedb\/","name":"IGFAE","description":"Instituto Galego de F\u00edsica de Altas Enerx\u00edas","potentialAction":[{"@type":"SearchAction","target":{"@type":"EntryPoint","urlTemplate":"https:\/\/igfae.usc.es\/igfaedb\/?s={search_term_string}"},"query-input":"required name=search_term_string"}],"inLanguage":"gl-ES"},{"@type":"ImageObject","@id":"https:\/\/igfae.usc.es\/igfaedb\/gl\/anxo-farina-novo-doutor-polo-igfaedb\/#primaryimage","inLanguage":"gl-ES","url":"https:\/\/igfae.usc.es\/igfaedb\/wp-content\/uploads\/2019\/07\/IMG_20190705_124344113_HDR.jpg","contentUrl":"https:\/\/igfae.usc.es\/igfaedb\/wp-content\/uploads\/2019\/07\/IMG_20190705_124344113_HDR.jpg","width":4032,"height":3024},{"@type":"WebPage","@id":"https:\/\/igfae.usc.es\/igfaedb\/gl\/anxo-farina-novo-doutor-polo-igfaedb\/#webpage","url":"https:\/\/igfae.usc.es\/igfaedb\/gl\/anxo-farina-novo-doutor-polo-igfaedb\/","name":"Anxo Fari\u00f1a, novo doutor polo IGFAE - IGFAE","isPartOf":{"@id":"https:\/\/igfae.usc.es\/igfaedb\/#website"},"primaryImageOfPage":{"@id":"https:\/\/igfae.usc.es\/igfaedb\/gl\/anxo-farina-novo-doutor-polo-igfaedb\/#primaryimage"},"datePublished":"2019-07-05T07:48:41+00:00","dateModified":"2021-03-24T13:22:17+00:00","author":{"@id":"https:\/\/igfae.usc.es\/igfaedb\/#\/schema\/person\/1476c1356cc987670c850d736b77b57e"},"breadcrumb":{"@id":"https:\/\/igfae.usc.es\/igfaedb\/gl\/anxo-farina-novo-doutor-polo-igfaedb\/#breadcrumb"},"inLanguage":"gl-ES","potentialAction":[{"@type":"ReadAction","target":["https:\/\/igfae.usc.es\/igfaedb\/gl\/anxo-farina-novo-doutor-polo-igfaedb\/"]}]},{"@type":"BreadcrumbList","@id":"https:\/\/igfae.usc.es\/igfaedb\/gl\/anxo-farina-novo-doutor-polo-igfaedb\/#breadcrumb","itemListElement":[{"@type":"ListItem","position":1,"name":"Anxo Fari\u00f1a, novo doutor polo IGFAE"}]},{"@type":"Person","@id":"https:\/\/igfae.usc.es\/igfaedb\/#\/schema\/person\/1476c1356cc987670c850d736b77b57e","name":"Elena Mora Cuesta","url":"https:\/\/igfae.usc.es\/igfaedb\/gl\/author\/elena-mora-cuesta\/"}]}},"_links":{"self":[{"href":"https:\/\/igfae.usc.es\/igfaedb\/gl\/wp-json\/wp\/v2\/posts\/3363"}],"collection":[{"href":"https:\/\/igfae.usc.es\/igfaedb\/gl\/wp-json\/wp\/v2\/posts"}],"about":[{"href":"https:\/\/igfae.usc.es\/igfaedb\/gl\/wp-json\/wp\/v2\/types\/post"}],"author":[{"embeddable":true,"href":"https:\/\/igfae.usc.es\/igfaedb\/gl\/wp-json\/wp\/v2\/users\/21"}],"replies":[{"embeddable":true,"href":"https:\/\/igfae.usc.es\/igfaedb\/gl\/wp-json\/wp\/v2\/comments?post=3363"}],"version-history":[{"count":2,"href":"https:\/\/igfae.usc.es\/igfaedb\/gl\/wp-json\/wp\/v2\/posts\/3363\/revisions"}],"predecessor-version":[{"id":3379,"href":"https:\/\/igfae.usc.es\/igfaedb\/gl\/wp-json\/wp\/v2\/posts\/3363\/revisions\/3379"}],"wp:featuredmedia":[{"embeddable":true,"href":"https:\/\/igfae.usc.es\/igfaedb\/gl\/wp-json\/wp\/v2\/media\/3373"}],"wp:attachment":[{"href":"https:\/\/igfae.usc.es\/igfaedb\/gl\/wp-json\/wp\/v2\/media?parent=3363"}],"wp:term":[{"taxonomy":"category","embeddable":true,"href":"https:\/\/igfae.usc.es\/igfaedb\/gl\/wp-json\/wp\/v2\/categories?post=3363"},{"taxonomy":"post_tag","embeddable":true,"href":"https:\/\/igfae.usc.es\/igfaedb\/gl\/wp-json\/wp\/v2\/tags?post=3363"}],"curies":[{"name":"wp","href":"https:\/\/api.w.org\/{rel}","templated":true}]}}