



{"id":3301,"date":"2019-05-27T16:14:24","date_gmt":"2019-05-27T14:14:24","guid":{"rendered":"https:\/\/igfae.usc.es\/centrosingular\/charla-publica-a-cen-anos-da-eclipse-na-que-einstein-ensombreceu-a-newton\/"},"modified":"2021-03-24T15:22:44","modified_gmt":"2021-03-24T13:22:44","slug":"charla-publica-a-cen-anos-da-eclipse-na-que-einstein-ensombreceu-a-newton","status":"publish","type":"post","link":"https:\/\/igfae.usc.es\/igfaedb\/gl\/charla-publica-a-cen-anos-da-eclipse-na-que-einstein-ensombreceu-a-newton\/","title":{"rendered":"Charla p\u00fablica: &#8220;A cen anos da eclipse na que Einstein ensombreceu a Newton&#8221;"},"content":{"rendered":"<p><strong>Con motivo do centenario da eclipse total de Sol no que se comprobou por primeira vez unha das predici\u00f3ns da Teor\u00eda da Relatividade Xeral de Albert Einstein, o investigador do Instituto Galego de F\u00edsica de Altas Enerx\u00edas (IGFAE) e profesor da USC Jos\u00e9 Edelstein ofrecer\u00e1 unha conferencia p\u00fablica o vindeiro m\u00e9rcores, 29 de maio, \u00e1s 19:30 h no Centro ABANCA Obra Social (praza de Cervantes) de Santiago de Compostela. <\/strong><\/p>\n<p>O 29 de maio de 1919 estaba previsto unha eclipse total de Sol que ser\u00eda visible desde Brasil e \u00c1frica, segundo predic\u00edan as ecuaci\u00f3ns de Isaac Newton. A s\u00faa lei da Gravitaci\u00f3n Universal dominaba a f\u00edsica do momento, pero entraba en conflito coa Teor\u00eda da Relatividade Xeral de Albert Einstein, que propo\u00f1\u00eda que a luz desviaba a s\u00faa traxectoria ata o dobre ante a presenza dun obxecto moi masivo debido \u00e1 curvatura do espazo. Ante a falta dunha evidencia experimental, o astr\u00f3nomo brit\u00e1nico Arthur Stanley Eddington liderou un experimento: utilizar a eclipse de 1919 para fotografar as estrelas que se atopaban ao redor do disco solar antes e durante o evento e as\u00ed comprobar se se produc\u00eda a deflexi\u00f3n ou desviaci\u00f3n da s\u00faa luz ao pasar preto do Sol.<\/p>\n<p>Grazas ao escurecimento do ceo durante a totalidade da eclipse, os dous equipos ingleses que formaron a expedici\u00f3n cient\u00edfica puideron comprobar meses despois ao revelar as placas fotogr\u00e1ficas que a posici\u00f3n dalgunhas desas estrelas alterouse. A s\u00faa luz, no canto de viaxar en li\u00f1a recta, desviouse lixeiramente ao pasar preto do campo gravitacional do Sol. Nesta conferencia, o investigador do IGFAE e profesor da USC Jos\u00e9 Edelstein relatar\u00e1 a historia de como Newton quedou eclipsado definitivamente por Einstein, quen se converteu na celebridade mundial que perdura xusto un s\u00e9culo despois.<\/p>\n<ul>\n<li>Lugar: Centro ABANCA Obra Social (praza de Cervantes) de Santiago de Compostela<\/li>\n<li>D\u00eda: 29 de maio de 2019<\/li>\n<li>Hora: 19:30 h<\/li>\n<li>Entrada gratu\u00edta ata completar aforo<\/li>\n<li>Idioma da charla: castel\u00e1n<\/li>\n<\/ul>\n","protected":false},"excerpt":{"rendered":"<p>Con motivo do centenario da eclipse total de Sol no que se comprobou por primeira vez unha das predici\u00f3ns da Teor\u00eda&#8230;<\/p>\n","protected":false},"author":21,"featured_media":3085,"comment_status":"closed","ping_status":"closed","sticky":false,"template":"","format":"standard","meta":{"om_disable_all_campaigns":false,"_monsterinsights_skip_tracking":false,"_monsterinsights_sitenote_active":false,"_monsterinsights_sitenote_note":"","_monsterinsights_sitenote_category":0},"categories":[118,116],"tags":[],"aioseo_notices":[],"yoast_head":"<!-- This site is optimized with the Yoast SEO plugin v18.4.1 - https:\/\/yoast.com\/wordpress\/plugins\/seo\/ -->\n<title>Charla p\u00fablica: &quot;A cen anos da eclipse na que Einstein ensombreceu a Newton&quot; - IGFAE<\/title>\n<meta name=\"robots\" content=\"index, follow, max-snippet:-1, max-image-preview:large, max-video-preview:-1\" \/>\n<link rel=\"canonical\" href=\"https:\/\/igfae.usc.es\/igfaedb\/gl\/charla-publica-a-cen-anos-da-eclipse-na-que-einstein-ensombreceu-a-newton\/\" \/>\n<meta property=\"og:locale\" content=\"gl_ES\" \/>\n<meta property=\"og:type\" content=\"article\" \/>\n<meta property=\"og:title\" content=\"Charla p\u00fablica: &quot;A cen anos da eclipse na que Einstein ensombreceu a Newton&quot; - IGFAE\" \/>\n<meta property=\"og:description\" content=\"Con motivo do centenario da eclipse total de Sol no que se comprobou por primeira vez unha das predici\u00f3ns da Teor\u00eda...\" \/>\n<meta property=\"og:url\" content=\"https:\/\/igfae.usc.es\/igfaedb\/gl\/charla-publica-a-cen-anos-da-eclipse-na-que-einstein-ensombreceu-a-newton\/\" \/>\n<meta property=\"og:site_name\" content=\"IGFAE\" \/>\n<meta property=\"article:published_time\" content=\"2019-05-27T14:14:24+00:00\" \/>\n<meta property=\"article:modified_time\" content=\"2021-03-24T13:22:44+00:00\" \/>\n<meta property=\"og:image\" content=\"https:\/\/igfae.usc.es\/igfaedb\/wp-content\/uploads\/2019\/05\/Charla-100-a\u00f1os-eclipse-banner-3_baja.jpg\" \/>\n\t<meta property=\"og:image:width\" content=\"2000\" \/>\n\t<meta property=\"og:image:height\" content=\"1078\" \/>\n\t<meta property=\"og:image:type\" content=\"image\/jpeg\" \/>\n<meta name=\"twitter:card\" content=\"summary_large_image\" \/>\n<meta name=\"twitter:creator\" content=\"@igfae_hep\" \/>\n<meta name=\"twitter:site\" content=\"@igfae_hep\" \/>\n<meta name=\"twitter:label1\" content=\"Escrito por\" \/>\n\t<meta name=\"twitter:data1\" content=\"Elena Mora Cuesta\" \/>\n\t<meta name=\"twitter:label2\" content=\"Tempo de lectura\" \/>\n\t<meta name=\"twitter:data2\" content=\"2 minutos\" \/>\n<script type=\"application\/ld+json\" class=\"yoast-schema-graph\">{\"@context\":\"https:\/\/schema.org\",\"@graph\":[{\"@type\":\"WebSite\",\"@id\":\"https:\/\/igfae.usc.es\/igfaedb\/#website\",\"url\":\"https:\/\/igfae.usc.es\/igfaedb\/\",\"name\":\"IGFAE\",\"description\":\"Instituto Galego de F\u00edsica de Altas Enerx\u00edas\",\"potentialAction\":[{\"@type\":\"SearchAction\",\"target\":{\"@type\":\"EntryPoint\",\"urlTemplate\":\"https:\/\/igfae.usc.es\/igfaedb\/?s={search_term_string}\"},\"query-input\":\"required name=search_term_string\"}],\"inLanguage\":\"gl-ES\"},{\"@type\":\"ImageObject\",\"@id\":\"https:\/\/igfae.usc.es\/igfaedb\/gl\/charla-publica-a-cen-anos-da-eclipse-na-que-einstein-ensombreceu-a-newton\/#primaryimage\",\"inLanguage\":\"gl-ES\",\"url\":\"https:\/\/igfae.usc.es\/igfaedb\/wp-content\/uploads\/2019\/05\/Charla-100-a\u00f1os-eclipse-banner-3_baja.jpg\",\"contentUrl\":\"https:\/\/igfae.usc.es\/igfaedb\/wp-content\/uploads\/2019\/05\/Charla-100-a\u00f1os-eclipse-banner-3_baja.jpg\",\"width\":2000,\"height\":1078},{\"@type\":\"WebPage\",\"@id\":\"https:\/\/igfae.usc.es\/igfaedb\/gl\/charla-publica-a-cen-anos-da-eclipse-na-que-einstein-ensombreceu-a-newton\/#webpage\",\"url\":\"https:\/\/igfae.usc.es\/igfaedb\/gl\/charla-publica-a-cen-anos-da-eclipse-na-que-einstein-ensombreceu-a-newton\/\",\"name\":\"Charla p\u00fablica: \\\"A cen anos da eclipse na que Einstein ensombreceu a Newton\\\" - IGFAE\",\"isPartOf\":{\"@id\":\"https:\/\/igfae.usc.es\/igfaedb\/#website\"},\"primaryImageOfPage\":{\"@id\":\"https:\/\/igfae.usc.es\/igfaedb\/gl\/charla-publica-a-cen-anos-da-eclipse-na-que-einstein-ensombreceu-a-newton\/#primaryimage\"},\"datePublished\":\"2019-05-27T14:14:24+00:00\",\"dateModified\":\"2021-03-24T13:22:44+00:00\",\"author\":{\"@id\":\"https:\/\/igfae.usc.es\/igfaedb\/#\/schema\/person\/1476c1356cc987670c850d736b77b57e\"},\"breadcrumb\":{\"@id\":\"https:\/\/igfae.usc.es\/igfaedb\/gl\/charla-publica-a-cen-anos-da-eclipse-na-que-einstein-ensombreceu-a-newton\/#breadcrumb\"},\"inLanguage\":\"gl-ES\",\"potentialAction\":[{\"@type\":\"ReadAction\",\"target\":[\"https:\/\/igfae.usc.es\/igfaedb\/gl\/charla-publica-a-cen-anos-da-eclipse-na-que-einstein-ensombreceu-a-newton\/\"]}]},{\"@type\":\"BreadcrumbList\",\"@id\":\"https:\/\/igfae.usc.es\/igfaedb\/gl\/charla-publica-a-cen-anos-da-eclipse-na-que-einstein-ensombreceu-a-newton\/#breadcrumb\",\"itemListElement\":[{\"@type\":\"ListItem\",\"position\":1,\"name\":\"Charla p\u00fablica: &#8220;A cen anos da eclipse na que Einstein ensombreceu a Newton&#8221;\"}]},{\"@type\":\"Person\",\"@id\":\"https:\/\/igfae.usc.es\/igfaedb\/#\/schema\/person\/1476c1356cc987670c850d736b77b57e\",\"name\":\"Elena Mora Cuesta\",\"url\":\"https:\/\/igfae.usc.es\/igfaedb\/gl\/author\/elena-mora-cuesta\/\"}]}<\/script>\n<!-- \/ Yoast SEO plugin. -->","yoast_head_json":{"title":"Charla p\u00fablica: \"A cen anos da eclipse na que Einstein ensombreceu a Newton\" - IGFAE","robots":{"index":"index","follow":"follow","max-snippet":"max-snippet:-1","max-image-preview":"max-image-preview:large","max-video-preview":"max-video-preview:-1"},"canonical":"https:\/\/igfae.usc.es\/igfaedb\/gl\/charla-publica-a-cen-anos-da-eclipse-na-que-einstein-ensombreceu-a-newton\/","og_locale":"gl_ES","og_type":"article","og_title":"Charla p\u00fablica: \"A cen anos da eclipse na que Einstein ensombreceu a Newton\" - IGFAE","og_description":"Con motivo do centenario da eclipse total de Sol no que se comprobou por primeira vez unha das predici\u00f3ns da Teor\u00eda...","og_url":"https:\/\/igfae.usc.es\/igfaedb\/gl\/charla-publica-a-cen-anos-da-eclipse-na-que-einstein-ensombreceu-a-newton\/","og_site_name":"IGFAE","article_published_time":"2019-05-27T14:14:24+00:00","article_modified_time":"2021-03-24T13:22:44+00:00","og_image":[{"width":2000,"height":1078,"url":"https:\/\/igfae.usc.es\/igfaedb\/wp-content\/uploads\/2019\/05\/Charla-100-a\u00f1os-eclipse-banner-3_baja.jpg","type":"image\/jpeg"}],"twitter_card":"summary_large_image","twitter_creator":"@igfae_hep","twitter_site":"@igfae_hep","twitter_misc":{"Escrito por":"Elena Mora Cuesta","Tempo de lectura":"2 minutos"},"schema":{"@context":"https:\/\/schema.org","@graph":[{"@type":"WebSite","@id":"https:\/\/igfae.usc.es\/igfaedb\/#website","url":"https:\/\/igfae.usc.es\/igfaedb\/","name":"IGFAE","description":"Instituto Galego de F\u00edsica de Altas Enerx\u00edas","potentialAction":[{"@type":"SearchAction","target":{"@type":"EntryPoint","urlTemplate":"https:\/\/igfae.usc.es\/igfaedb\/?s={search_term_string}"},"query-input":"required name=search_term_string"}],"inLanguage":"gl-ES"},{"@type":"ImageObject","@id":"https:\/\/igfae.usc.es\/igfaedb\/gl\/charla-publica-a-cen-anos-da-eclipse-na-que-einstein-ensombreceu-a-newton\/#primaryimage","inLanguage":"gl-ES","url":"https:\/\/igfae.usc.es\/igfaedb\/wp-content\/uploads\/2019\/05\/Charla-100-a\u00f1os-eclipse-banner-3_baja.jpg","contentUrl":"https:\/\/igfae.usc.es\/igfaedb\/wp-content\/uploads\/2019\/05\/Charla-100-a\u00f1os-eclipse-banner-3_baja.jpg","width":2000,"height":1078},{"@type":"WebPage","@id":"https:\/\/igfae.usc.es\/igfaedb\/gl\/charla-publica-a-cen-anos-da-eclipse-na-que-einstein-ensombreceu-a-newton\/#webpage","url":"https:\/\/igfae.usc.es\/igfaedb\/gl\/charla-publica-a-cen-anos-da-eclipse-na-que-einstein-ensombreceu-a-newton\/","name":"Charla p\u00fablica: \"A cen anos da eclipse na que Einstein ensombreceu a Newton\" - IGFAE","isPartOf":{"@id":"https:\/\/igfae.usc.es\/igfaedb\/#website"},"primaryImageOfPage":{"@id":"https:\/\/igfae.usc.es\/igfaedb\/gl\/charla-publica-a-cen-anos-da-eclipse-na-que-einstein-ensombreceu-a-newton\/#primaryimage"},"datePublished":"2019-05-27T14:14:24+00:00","dateModified":"2021-03-24T13:22:44+00:00","author":{"@id":"https:\/\/igfae.usc.es\/igfaedb\/#\/schema\/person\/1476c1356cc987670c850d736b77b57e"},"breadcrumb":{"@id":"https:\/\/igfae.usc.es\/igfaedb\/gl\/charla-publica-a-cen-anos-da-eclipse-na-que-einstein-ensombreceu-a-newton\/#breadcrumb"},"inLanguage":"gl-ES","potentialAction":[{"@type":"ReadAction","target":["https:\/\/igfae.usc.es\/igfaedb\/gl\/charla-publica-a-cen-anos-da-eclipse-na-que-einstein-ensombreceu-a-newton\/"]}]},{"@type":"BreadcrumbList","@id":"https:\/\/igfae.usc.es\/igfaedb\/gl\/charla-publica-a-cen-anos-da-eclipse-na-que-einstein-ensombreceu-a-newton\/#breadcrumb","itemListElement":[{"@type":"ListItem","position":1,"name":"Charla p\u00fablica: &#8220;A cen anos da eclipse na que Einstein ensombreceu a Newton&#8221;"}]},{"@type":"Person","@id":"https:\/\/igfae.usc.es\/igfaedb\/#\/schema\/person\/1476c1356cc987670c850d736b77b57e","name":"Elena Mora Cuesta","url":"https:\/\/igfae.usc.es\/igfaedb\/gl\/author\/elena-mora-cuesta\/"}]}},"_links":{"self":[{"href":"https:\/\/igfae.usc.es\/igfaedb\/gl\/wp-json\/wp\/v2\/posts\/3301"}],"collection":[{"href":"https:\/\/igfae.usc.es\/igfaedb\/gl\/wp-json\/wp\/v2\/posts"}],"about":[{"href":"https:\/\/igfae.usc.es\/igfaedb\/gl\/wp-json\/wp\/v2\/types\/post"}],"author":[{"embeddable":true,"href":"https:\/\/igfae.usc.es\/igfaedb\/gl\/wp-json\/wp\/v2\/users\/21"}],"replies":[{"embeddable":true,"href":"https:\/\/igfae.usc.es\/igfaedb\/gl\/wp-json\/wp\/v2\/comments?post=3301"}],"version-history":[{"count":1,"href":"https:\/\/igfae.usc.es\/igfaedb\/gl\/wp-json\/wp\/v2\/posts\/3301\/revisions"}],"predecessor-version":[{"id":3303,"href":"https:\/\/igfae.usc.es\/igfaedb\/gl\/wp-json\/wp\/v2\/posts\/3301\/revisions\/3303"}],"wp:featuredmedia":[{"embeddable":true,"href":"https:\/\/igfae.usc.es\/igfaedb\/gl\/wp-json\/wp\/v2\/media\/3085"}],"wp:attachment":[{"href":"https:\/\/igfae.usc.es\/igfaedb\/gl\/wp-json\/wp\/v2\/media?parent=3301"}],"wp:term":[{"taxonomy":"category","embeddable":true,"href":"https:\/\/igfae.usc.es\/igfaedb\/gl\/wp-json\/wp\/v2\/categories?post=3301"},{"taxonomy":"post_tag","embeddable":true,"href":"https:\/\/igfae.usc.es\/igfaedb\/gl\/wp-json\/wp\/v2\/tags?post=3301"}],"curies":[{"name":"wp","href":"https:\/\/api.w.org\/{rel}","templated":true}]}}