



{"id":11370,"date":"2022-04-27T09:55:57","date_gmt":"2022-04-27T07:55:57","guid":{"rendered":"https:\/\/igfae.usc.es\/igfaedb\/?p=11370"},"modified":"2022-04-27T13:57:23","modified_gmt":"2022-04-27T11:57:23","slug":"dis2022","status":"publish","type":"post","link":"https:\/\/igfae.usc.es\/igfaedb\/gl\/dis2022\/","title":{"rendered":"A f\u00edsica de altas enerx\u00edas invade Compostela a pr\u00f3xima semana"},"content":{"rendered":"<p><strong>O IGFAE celebra a pr\u00f3xima semana a 29 edici\u00f3n dun dos congresos internacionais m\u00e1is importantes en f\u00edsica de part\u00edculas: DIS2022<\/strong><\/p>\n<p>Santiago de Compostela acoller\u00e1 do 2 ao 6 de maio o <a href=\"https:\/\/indico.cern.ch\/event\/1072533\/\"><em>DIS2022: XXIX International Workshop on Deep-Inelastic Scattering and Related Subjects<\/em><\/a>, un congreso organizado polo Instituto Galego de F\u00edsica de Altas Enerx\u00edas (IGFAE), centro mixto da USC e a Xunta de Galicia, que reunir\u00e1 a m\u00e1is de 300 persoas de 31 pa\u00edses traballando nos temas m\u00e1is relevantes da f\u00edsica de altas enerx\u00edas. A s\u00faa longa traxectoria tras 29 edici\u00f3ns en diferentes pa\u00edses \u2013s\u00f3 interrompida en 2020 pola pandemia\u2013 as\u00ed como a diversidade de temas, presentaci\u00f3ns e asistentes, converteu esta reuni\u00f3n nunha das m\u00e1is importantes do campo.<\/p>\n<p>Dividida en 7 sesi\u00f3ns plenarias e 6 sesi\u00f3ns tem\u00e1ticas paralelas, unha parte importante do programa est\u00e1 dedicada aos \u00faltimos resultados dos maiores experimentos e aceleradores de part\u00edculas do mundo como localizados no <em>Brookhaven National Laboratory<\/em> (BNL), a Organizaci\u00f3n Europea para la Investigaci\u00f3n Nuclear (CERN), o sincrotr\u00f3n alem\u00e1n DESY, o <em>Fermi National Accelerator Laboratory<\/em> (FNAL), el <em>Thomas Jefferson National Accelerator Facility <\/em>(JLab) e o laboratorio xapon\u00e9s KEK, as\u00ed como aos desenrolos te\u00f3ricos m\u00e1is recentes. Como \u00e9 tradici\u00f3n, entregarase o premio \u201cGuido Altarelli\u201d \u2013un dos pais fundadores da Cromodin\u00e1mica Cu\u00e1ntica, gran divulgador e promotor das novas xeraci\u00f3ns cient\u00edficas\u2013 que se concede a investigadores ou investigadoras noveis que fixesen contribuci\u00f3ns te\u00f3ricas ou experimentais destacadas nos temas tratados no DIS.<\/p>\n","protected":false},"excerpt":{"rendered":"<p>O IGFAE celebra a pr\u00f3xima semana a 29 edici\u00f3n dun dos congresos internacionais m\u00e1is importantes en f\u00edsica de part\u00edculas: DIS2022 Santiago&#8230;<\/p>\n","protected":false},"author":21,"featured_media":11361,"comment_status":"closed","ping_status":"closed","sticky":false,"template":"","format":"standard","meta":{"om_disable_all_campaigns":false,"_monsterinsights_skip_tracking":false,"_monsterinsights_sitenote_active":false,"_monsterinsights_sitenote_note":"","_monsterinsights_sitenote_category":0},"categories":[116,117],"tags":[],"aioseo_notices":[],"yoast_head":"<!-- This site is optimized with the Yoast SEO plugin v18.4.1 - https:\/\/yoast.com\/wordpress\/plugins\/seo\/ -->\n<title>A f\u00edsica de altas enerx\u00edas invade Compostela a pr\u00f3xima semana - IGFAE<\/title>\n<meta name=\"robots\" content=\"index, follow, max-snippet:-1, max-image-preview:large, max-video-preview:-1\" \/>\n<link rel=\"canonical\" href=\"https:\/\/igfae.usc.es\/igfaedb\/gl\/dis2022\/\" \/>\n<meta property=\"og:locale\" content=\"gl_ES\" \/>\n<meta property=\"og:type\" content=\"article\" \/>\n<meta property=\"og:title\" content=\"A f\u00edsica de altas enerx\u00edas invade Compostela a pr\u00f3xima semana\" \/>\n<meta property=\"og:description\" content=\"O IGFAE celebra a pr\u00f3xima semana a 29 edici\u00f3n dun dos congresos internacionais m\u00e1is importantes en f\u00edsica de part\u00edculas: DIS2022 Santiago...\" \/>\n<meta property=\"og:url\" content=\"https:\/\/igfae.usc.es\/igfaedb\/gl\/dis2022\/\" \/>\n<meta property=\"og:site_name\" content=\"IGFAE\" \/>\n<meta property=\"article:published_time\" content=\"2022-04-27T07:55:57+00:00\" \/>\n<meta property=\"article:modified_time\" content=\"2022-04-27T11:57:23+00:00\" \/>\n<meta property=\"og:image\" content=\"https:\/\/igfae.usc.es\/igfaedb\/wp-content\/uploads\/2022\/04\/DIS2022horizontal.png\" \/>\n\t<meta property=\"og:image:width\" content=\"1920\" \/>\n\t<meta property=\"og:image:height\" content=\"1080\" \/>\n\t<meta property=\"og:image:type\" content=\"image\/png\" \/>\n<meta name=\"twitter:card\" content=\"summary_large_image\" \/>\n<meta name=\"twitter:title\" content=\"A f\u00edsica de altas enerx\u00edas invade Compostela a pr\u00f3xima semana\" \/>\n<meta name=\"twitter:image\" content=\"https:\/\/igfae.usc.es\/igfaedb\/wp-content\/uploads\/2022\/04\/DIS2022horizontal.png\" \/>\n<meta name=\"twitter:creator\" content=\"@igfae_hep\" \/>\n<meta name=\"twitter:site\" content=\"@igfae_hep\" \/>\n<meta name=\"twitter:label1\" content=\"Escrito por\" \/>\n\t<meta name=\"twitter:data1\" content=\"Elena Mora Cuesta\" \/>\n\t<meta name=\"twitter:label2\" content=\"Tempo de lectura\" \/>\n\t<meta name=\"twitter:data2\" content=\"1 minuto\" \/>\n<script type=\"application\/ld+json\" class=\"yoast-schema-graph\">{\"@context\":\"https:\/\/schema.org\",\"@graph\":[{\"@type\":\"WebSite\",\"@id\":\"https:\/\/igfae.usc.es\/igfaedb\/#website\",\"url\":\"https:\/\/igfae.usc.es\/igfaedb\/\",\"name\":\"IGFAE\",\"description\":\"Instituto Galego de F\u00edsica de Altas Enerx\u00edas\",\"potentialAction\":[{\"@type\":\"SearchAction\",\"target\":{\"@type\":\"EntryPoint\",\"urlTemplate\":\"https:\/\/igfae.usc.es\/igfaedb\/?s={search_term_string}\"},\"query-input\":\"required name=search_term_string\"}],\"inLanguage\":\"gl-ES\"},{\"@type\":\"ImageObject\",\"@id\":\"https:\/\/igfae.usc.es\/igfaedb\/gl\/dis2022\/#primaryimage\",\"inLanguage\":\"gl-ES\",\"url\":\"https:\/\/igfae.usc.es\/igfaedb\/wp-content\/uploads\/2022\/04\/DIS2022horizontal.png\",\"contentUrl\":\"https:\/\/igfae.usc.es\/igfaedb\/wp-content\/uploads\/2022\/04\/DIS2022horizontal.png\",\"width\":1920,\"height\":1080},{\"@type\":\"WebPage\",\"@id\":\"https:\/\/igfae.usc.es\/igfaedb\/gl\/dis2022\/#webpage\",\"url\":\"https:\/\/igfae.usc.es\/igfaedb\/gl\/dis2022\/\",\"name\":\"A f\u00edsica de altas enerx\u00edas invade Compostela a pr\u00f3xima semana - IGFAE\",\"isPartOf\":{\"@id\":\"https:\/\/igfae.usc.es\/igfaedb\/#website\"},\"primaryImageOfPage\":{\"@id\":\"https:\/\/igfae.usc.es\/igfaedb\/gl\/dis2022\/#primaryimage\"},\"datePublished\":\"2022-04-27T07:55:57+00:00\",\"dateModified\":\"2022-04-27T11:57:23+00:00\",\"author\":{\"@id\":\"https:\/\/igfae.usc.es\/igfaedb\/#\/schema\/person\/1476c1356cc987670c850d736b77b57e\"},\"breadcrumb\":{\"@id\":\"https:\/\/igfae.usc.es\/igfaedb\/gl\/dis2022\/#breadcrumb\"},\"inLanguage\":\"gl-ES\",\"potentialAction\":[{\"@type\":\"ReadAction\",\"target\":[\"https:\/\/igfae.usc.es\/igfaedb\/gl\/dis2022\/\"]}]},{\"@type\":\"BreadcrumbList\",\"@id\":\"https:\/\/igfae.usc.es\/igfaedb\/gl\/dis2022\/#breadcrumb\",\"itemListElement\":[{\"@type\":\"ListItem\",\"position\":1,\"name\":\"A f\u00edsica de altas enerx\u00edas invade Compostela a pr\u00f3xima semana\"}]},{\"@type\":\"Person\",\"@id\":\"https:\/\/igfae.usc.es\/igfaedb\/#\/schema\/person\/1476c1356cc987670c850d736b77b57e\",\"name\":\"Elena Mora Cuesta\",\"url\":\"https:\/\/igfae.usc.es\/igfaedb\/gl\/author\/elena-mora-cuesta\/\"}]}<\/script>\n<!-- \/ Yoast SEO plugin. -->","yoast_head_json":{"title":"A f\u00edsica de altas enerx\u00edas invade Compostela a pr\u00f3xima semana - IGFAE","robots":{"index":"index","follow":"follow","max-snippet":"max-snippet:-1","max-image-preview":"max-image-preview:large","max-video-preview":"max-video-preview:-1"},"canonical":"https:\/\/igfae.usc.es\/igfaedb\/gl\/dis2022\/","og_locale":"gl_ES","og_type":"article","og_title":"A f\u00edsica de altas enerx\u00edas invade Compostela a pr\u00f3xima semana","og_description":"O IGFAE celebra a pr\u00f3xima semana a 29 edici\u00f3n dun dos congresos internacionais m\u00e1is importantes en f\u00edsica de part\u00edculas: DIS2022 Santiago...","og_url":"https:\/\/igfae.usc.es\/igfaedb\/gl\/dis2022\/","og_site_name":"IGFAE","article_published_time":"2022-04-27T07:55:57+00:00","article_modified_time":"2022-04-27T11:57:23+00:00","og_image":[{"width":1920,"height":1080,"url":"https:\/\/igfae.usc.es\/igfaedb\/wp-content\/uploads\/2022\/04\/DIS2022horizontal.png","type":"image\/png"}],"twitter_card":"summary_large_image","twitter_title":"A f\u00edsica de altas enerx\u00edas invade Compostela a pr\u00f3xima semana","twitter_image":"https:\/\/igfae.usc.es\/igfaedb\/wp-content\/uploads\/2022\/04\/DIS2022horizontal.png","twitter_creator":"@igfae_hep","twitter_site":"@igfae_hep","twitter_misc":{"Escrito por":"Elena Mora Cuesta","Tempo de lectura":"1 minuto"},"schema":{"@context":"https:\/\/schema.org","@graph":[{"@type":"WebSite","@id":"https:\/\/igfae.usc.es\/igfaedb\/#website","url":"https:\/\/igfae.usc.es\/igfaedb\/","name":"IGFAE","description":"Instituto Galego de F\u00edsica de Altas Enerx\u00edas","potentialAction":[{"@type":"SearchAction","target":{"@type":"EntryPoint","urlTemplate":"https:\/\/igfae.usc.es\/igfaedb\/?s={search_term_string}"},"query-input":"required name=search_term_string"}],"inLanguage":"gl-ES"},{"@type":"ImageObject","@id":"https:\/\/igfae.usc.es\/igfaedb\/gl\/dis2022\/#primaryimage","inLanguage":"gl-ES","url":"https:\/\/igfae.usc.es\/igfaedb\/wp-content\/uploads\/2022\/04\/DIS2022horizontal.png","contentUrl":"https:\/\/igfae.usc.es\/igfaedb\/wp-content\/uploads\/2022\/04\/DIS2022horizontal.png","width":1920,"height":1080},{"@type":"WebPage","@id":"https:\/\/igfae.usc.es\/igfaedb\/gl\/dis2022\/#webpage","url":"https:\/\/igfae.usc.es\/igfaedb\/gl\/dis2022\/","name":"A f\u00edsica de altas enerx\u00edas invade Compostela a pr\u00f3xima semana - IGFAE","isPartOf":{"@id":"https:\/\/igfae.usc.es\/igfaedb\/#website"},"primaryImageOfPage":{"@id":"https:\/\/igfae.usc.es\/igfaedb\/gl\/dis2022\/#primaryimage"},"datePublished":"2022-04-27T07:55:57+00:00","dateModified":"2022-04-27T11:57:23+00:00","author":{"@id":"https:\/\/igfae.usc.es\/igfaedb\/#\/schema\/person\/1476c1356cc987670c850d736b77b57e"},"breadcrumb":{"@id":"https:\/\/igfae.usc.es\/igfaedb\/gl\/dis2022\/#breadcrumb"},"inLanguage":"gl-ES","potentialAction":[{"@type":"ReadAction","target":["https:\/\/igfae.usc.es\/igfaedb\/gl\/dis2022\/"]}]},{"@type":"BreadcrumbList","@id":"https:\/\/igfae.usc.es\/igfaedb\/gl\/dis2022\/#breadcrumb","itemListElement":[{"@type":"ListItem","position":1,"name":"A f\u00edsica de altas enerx\u00edas invade Compostela a pr\u00f3xima semana"}]},{"@type":"Person","@id":"https:\/\/igfae.usc.es\/igfaedb\/#\/schema\/person\/1476c1356cc987670c850d736b77b57e","name":"Elena Mora Cuesta","url":"https:\/\/igfae.usc.es\/igfaedb\/gl\/author\/elena-mora-cuesta\/"}]}},"_links":{"self":[{"href":"https:\/\/igfae.usc.es\/igfaedb\/gl\/wp-json\/wp\/v2\/posts\/11370"}],"collection":[{"href":"https:\/\/igfae.usc.es\/igfaedb\/gl\/wp-json\/wp\/v2\/posts"}],"about":[{"href":"https:\/\/igfae.usc.es\/igfaedb\/gl\/wp-json\/wp\/v2\/types\/post"}],"author":[{"embeddable":true,"href":"https:\/\/igfae.usc.es\/igfaedb\/gl\/wp-json\/wp\/v2\/users\/21"}],"replies":[{"embeddable":true,"href":"https:\/\/igfae.usc.es\/igfaedb\/gl\/wp-json\/wp\/v2\/comments?post=11370"}],"version-history":[{"count":2,"href":"https:\/\/igfae.usc.es\/igfaedb\/gl\/wp-json\/wp\/v2\/posts\/11370\/revisions"}],"predecessor-version":[{"id":11376,"href":"https:\/\/igfae.usc.es\/igfaedb\/gl\/wp-json\/wp\/v2\/posts\/11370\/revisions\/11376"}],"wp:featuredmedia":[{"embeddable":true,"href":"https:\/\/igfae.usc.es\/igfaedb\/gl\/wp-json\/wp\/v2\/media\/11361"}],"wp:attachment":[{"href":"https:\/\/igfae.usc.es\/igfaedb\/gl\/wp-json\/wp\/v2\/media?parent=11370"}],"wp:term":[{"taxonomy":"category","embeddable":true,"href":"https:\/\/igfae.usc.es\/igfaedb\/gl\/wp-json\/wp\/v2\/categories?post=11370"},{"taxonomy":"post_tag","embeddable":true,"href":"https:\/\/igfae.usc.es\/igfaedb\/gl\/wp-json\/wp\/v2\/tags?post=11370"}],"curies":[{"name":"wp","href":"https:\/\/api.w.org\/{rel}","templated":true}]}}