



{"id":10591,"date":"2021-11-19T15:19:38","date_gmt":"2021-11-19T13:19:38","guid":{"rendered":"https:\/\/igfae.usc.es\/igfaedb\/iv-science-week-igfaedb\/"},"modified":"2021-12-22T11:28:47","modified_gmt":"2021-12-22T09:28:47","slug":"iv-science-week-igfae","status":"publish","type":"post","link":"https:\/\/igfae.usc.es\/igfaedb\/gl\/iv-science-week-igfae\/","title":{"rendered":"A Semana da Ciencia do IGFAE regresa en formato presencial"},"content":{"rendered":"<p>A IV Semana da Ciencia do Instituto Galego de F\u00edsica de Altas Enerx\u00edas (IGFAE) arrinca esta semana en formato presencial tras o par\u00f3n do ano pasado debido \u00e1 crise sanitaria. Nesta edici\u00f3n, o programa incl\u00fae tam\u00e9n actividades en li\u00f1a co obxectivo de visibilizar a investigaci\u00f3n de excelencia do instituto m\u00e1is al\u00f3 da sociedade galega.<\/p>\n<p>Como en edici\u00f3ns anteriores, o prato forte da semana ser\u00e1 a conferencia p\u00fablica que ter\u00e1 lugar o pr\u00f3ximo 25 de novembro a cargo de Iv\u00e1n Mart\u00ed Vidal, o coordinador do grupo que obtivo a polarizaci\u00f3n da primeira imaxe dun buraco negro da historia. Nela intervir\u00e1n o vicerreitor de Investigaci\u00f3n e Innovaci\u00f3n Vicente P\u00e9rez Mu\u00f1uzuri, o director do IGFAE Carlos Salgado e o investigador do IGFAE Jos\u00e9 Edelstein. A entrada \u00e1 conferencia \u00e9 gratu\u00edta e poderase seguir en streaming na <a href=\"https:\/\/www.youtube.com\/c\/IGFAE\">canle de Youtube do IGFAE<\/a>.<\/p>\n<p>O programa compl\u00e9tase cunha nova entrega de \u201cTransfronteirizas, conversas de arte e ciencia\u201d, a xornada de portas aberta \u201cCiencia Singular\u201d, a resoluci\u00f3n do IV Concurso de Comunicaci\u00f3n Cient\u00edfica e unha xornada de formaci\u00f3n en comunicaci\u00f3n con perspectiva de x\u00e9nero para o persoal do IGFAE.<\/p>\n<h5><strong>Xoves, 18 de novembro<\/strong><\/h5>\n<h5><strong>\u2018Transfronteirizas, conversas de arte e ciencia\u2019 con Agust\u00edn Fernandez Mallo, Guillermo Mart\u00ednez e Jos\u00e9 Edelstein<\/strong><\/h5>\n<p>\u201cTransfronteirizas: conversas de arte e ciencia\u201d, o ciclo de di\u00e1logos do espazo ArtLab do IGFAE explorar\u00e1 un novo formato, a charla \u00e1 tres con d\u00faas persoas que indagaron como poucos a intersecci\u00f3n entre arte e ciencia: os escritores Agust\u00edn Fern\u00e1ndez Mallo e Guillermo Mart\u00ednez. F\u00edsico e matem\u00e1tico, respectivamente, de ambos poder\u00eda dicirse que nutriron os seus textos literarios con abundante zume proveniente da s\u00faa formaci\u00f3n cient\u00edfica. O encontro poder\u00e1 seguirse en directo \u00e1s 20:00 horas na <a href=\"https:\/\/www.youtube.com\/watch?v=Wp0dGQYp2NE\">canle de Youtube<\/a>, moderado polo investigador do IGFAE Jos\u00e9 Edelstein.<\/p>\n<h5><strong>S\u00e1bado, 20 de noviembre<\/strong><\/h5>\n<h5><strong>Xornada de portas abertas \u2018Ciencia Singular\u2019<\/strong><\/h5>\n<p>A quinta edici\u00f3n de Ciencia Singular recupera o formato presencial da xornada tralo par\u00f3n imposto polas restrici\u00f3ns sanitarias de 2020, que houbo de ser virtual. O IGFAE, CiQUS, CiMUS, e CiTIUS abrir\u00e1n, deste xeito, as s\u00faas portas \u00e1 cidadan\u00eda unha vez m\u00e1is para celebrar o seu meirande encontro de divulgaci\u00f3n anual, que convida a familias e visitantes de t\u00f3dalas idades a achegarse \u00e1 investigaci\u00f3n de excelencia desenvolvida no ecosistema cient\u00edfico da Rede de Centros Singulares da USC. As charlas divulgativas do programa do IGFAE poder\u00e1n seguirse en\u00a0 <em>streaming<\/em> <a href=\"canle%20de%20Youtube%20do%20IGFAE\">na canle de youtube do IGFAE<\/a> e non necesitan rexistro previo.<\/p>\n<p>Programa e horarios da xornada: <a href=\"https:\/\/cienciasingular.usc.es\/\">https:\/\/cienciasingular.usc.es\/<\/a><\/p>\n<h5><strong>Martes, 23 de novembro<\/strong><\/h5>\n<h5><strong>Resoluci\u00f3n do Concurso de Comunicaci\u00f3n Cient\u00edfica do IGFAE<\/strong><\/h5>\n<p>Anuncio dos traballadores ga\u00f1adores na categor\u00eda foto cient\u00edfica, artigos e v\u00eddeos divulgativos.<\/p>\n<p>M\u00e1is informaci\u00f3n: <a href=\"https:\/\/igfae.usc.es\/igfaedb\/gl\/c3-2021\/\">https:\/\/igfae.usc.es\/igfaedb\/gl\/c3-2021\/<\/a><\/p>\n<h5><strong>Xoves, 25 de novembro<\/strong><\/h5>\n<h5><strong>Conferencia \u201cLuz e magnetismo dende a fronteira do tempo e o espazo\u201d, por Iv\u00e1n Mart\u00ed Vidal<\/strong><\/h5>\n<p>O 10 de abril de 2019 o <em>Event Horizon Telescope<\/em> (EHT), unha rede de radiotelescopios do tama\u00f1o da Terra, obtivo a primeira fotograf\u00eda dun xigantesco buraco negro, M87*, con 6.500 mill\u00f3ns de masas solares e situado a 55 mill\u00f3ns de anos luz. O 24 de marzo deste ano, o mesmo experimento logrou capturar os detalles da polarizaci\u00f3n da luz emitida nas inmediaci\u00f3ns deste obxecto, mostr\u00e1ndonos por primeira vez a existencia de campos magn\u00e9ticos colosais. Iv\u00e1n Mart\u00ed Vidal, coordinador do grupo responsable da polarizaci\u00f3n desta ic\u00f3nica fotograf\u00eda, contaranos como se puido obter, como se interpreta, que podemos aprender dela e que perspectivas dep\u00e1ranos este fito revolucionario.<\/p>\n<p><strong>Hora:<\/strong> 20:00 horas<br \/>\n<strong>Lugar:<\/strong> Auditorio Abanca. R\u00faa Preguntoiro, 23, Santiago de Compostela.<br \/>\n<strong>Streaming: <\/strong><a href=\"https:\/\/bit.ly\/conferencia25novIGFAE\">bit.ly\/conferencia25novIGFAE<\/a><\/p>\n<p><iframe loading=\"lazy\" title=\"YouTube video player\" src=\"https:\/\/www.youtube.com\/embed\/thI43GdaEU8\" width=\"560\" height=\"315\" frameborder=\"0\" allowfullscreen=\"allowfullscreen\"><\/iframe><\/p>\n","protected":false},"excerpt":{"rendered":"<p>A IV Semana da Ciencia do Instituto Galego de F\u00edsica de Altas Enerx\u00edas (IGFAE) arrinca esta semana en formato presencial tras&#8230;<\/p>\n","protected":false},"author":21,"featured_media":10586,"comment_status":"closed","ping_status":"closed","sticky":false,"template":"","format":"standard","meta":{"om_disable_all_campaigns":false,"_monsterinsights_skip_tracking":false,"_monsterinsights_sitenote_active":false,"_monsterinsights_sitenote_note":"","_monsterinsights_sitenote_category":0},"categories":[118,116],"tags":[121],"aioseo_notices":[],"yoast_head":"<!-- This site is optimized with the Yoast SEO plugin v18.4.1 - https:\/\/yoast.com\/wordpress\/plugins\/seo\/ -->\n<title>A Semana da Ciencia do IGFAE regresa en formato presencial - IGFAE<\/title>\n<meta name=\"robots\" content=\"index, follow, max-snippet:-1, max-image-preview:large, max-video-preview:-1\" \/>\n<link rel=\"canonical\" href=\"https:\/\/igfae.usc.es\/igfaedb\/gl\/iv-science-week-igfaedb\/\" \/>\n<meta property=\"og:locale\" content=\"gl_ES\" \/>\n<meta property=\"og:type\" content=\"article\" \/>\n<meta property=\"og:title\" content=\"A Semana da Ciencia do IGFAE regresa en formato presencial - IGFAE\" \/>\n<meta property=\"og:description\" content=\"A IV Semana da Ciencia do Instituto Galego de F\u00edsica de Altas Enerx\u00edas (IGFAE) arrinca esta semana en formato presencial tras...\" \/>\n<meta property=\"og:url\" content=\"https:\/\/igfae.usc.es\/igfaedb\/gl\/iv-science-week-igfaedb\/\" \/>\n<meta property=\"og:site_name\" content=\"IGFAE\" \/>\n<meta property=\"article:published_time\" content=\"2021-11-19T13:19:38+00:00\" \/>\n<meta property=\"article:modified_time\" content=\"2021-12-22T09:28:47+00:00\" \/>\n<meta property=\"og:image\" content=\"https:\/\/igfae.usc.es\/igfaedb\/wp-content\/uploads\/2021\/11\/Cartel-IV-semana-ciencia_2021-724x1024.png\" \/>\n\t<meta property=\"og:image:width\" content=\"724\" \/>\n\t<meta property=\"og:image:height\" content=\"1024\" \/>\n\t<meta property=\"og:image:type\" content=\"image\/png\" \/>\n<meta name=\"twitter:card\" content=\"summary_large_image\" \/>\n<meta name=\"twitter:creator\" content=\"@igfae_hep\" \/>\n<meta name=\"twitter:site\" content=\"@igfae_hep\" \/>\n<meta name=\"twitter:label1\" content=\"Escrito por\" \/>\n\t<meta name=\"twitter:data1\" content=\"Elena Mora Cuesta\" \/>\n\t<meta name=\"twitter:label2\" content=\"Tempo de lectura\" \/>\n\t<meta name=\"twitter:data2\" content=\"3 minutos\" \/>\n<script type=\"application\/ld+json\" class=\"yoast-schema-graph\">{\"@context\":\"https:\/\/schema.org\",\"@graph\":[{\"@type\":\"WebSite\",\"@id\":\"https:\/\/igfae.usc.es\/igfaedb\/#website\",\"url\":\"https:\/\/igfae.usc.es\/igfaedb\/\",\"name\":\"IGFAE\",\"description\":\"Instituto Galego de F\u00edsica de Altas Enerx\u00edas\",\"potentialAction\":[{\"@type\":\"SearchAction\",\"target\":{\"@type\":\"EntryPoint\",\"urlTemplate\":\"https:\/\/igfae.usc.es\/igfaedb\/?s={search_term_string}\"},\"query-input\":\"required name=search_term_string\"}],\"inLanguage\":\"gl-ES\"},{\"@type\":\"ImageObject\",\"@id\":\"https:\/\/igfae.usc.es\/igfaedb\/gl\/iv-science-week-igfaedb\/#primaryimage\",\"inLanguage\":\"gl-ES\",\"url\":\"https:\/\/igfae.usc.es\/igfaedb\/wp-content\/uploads\/2021\/11\/Cartel-IV-semana-ciencia_2021.png\",\"contentUrl\":\"https:\/\/igfae.usc.es\/igfaedb\/wp-content\/uploads\/2021\/11\/Cartel-IV-semana-ciencia_2021.png\",\"width\":1587,\"height\":2245},{\"@type\":\"WebPage\",\"@id\":\"https:\/\/igfae.usc.es\/igfaedb\/gl\/iv-science-week-igfaedb\/#webpage\",\"url\":\"https:\/\/igfae.usc.es\/igfaedb\/gl\/iv-science-week-igfaedb\/\",\"name\":\"A Semana da Ciencia do IGFAE regresa en formato presencial - IGFAE\",\"isPartOf\":{\"@id\":\"https:\/\/igfae.usc.es\/igfaedb\/#website\"},\"primaryImageOfPage\":{\"@id\":\"https:\/\/igfae.usc.es\/igfaedb\/gl\/iv-science-week-igfaedb\/#primaryimage\"},\"datePublished\":\"2021-11-19T13:19:38+00:00\",\"dateModified\":\"2021-12-22T09:28:47+00:00\",\"author\":{\"@id\":\"https:\/\/igfae.usc.es\/igfaedb\/#\/schema\/person\/1476c1356cc987670c850d736b77b57e\"},\"breadcrumb\":{\"@id\":\"https:\/\/igfae.usc.es\/igfaedb\/gl\/iv-science-week-igfaedb\/#breadcrumb\"},\"inLanguage\":\"gl-ES\",\"potentialAction\":[{\"@type\":\"ReadAction\",\"target\":[\"https:\/\/igfae.usc.es\/igfaedb\/gl\/iv-science-week-igfaedb\/\"]}]},{\"@type\":\"BreadcrumbList\",\"@id\":\"https:\/\/igfae.usc.es\/igfaedb\/gl\/iv-science-week-igfaedb\/#breadcrumb\",\"itemListElement\":[{\"@type\":\"ListItem\",\"position\":1,\"name\":\"A Semana da Ciencia do IGFAE regresa en formato presencial\"}]},{\"@type\":\"Person\",\"@id\":\"https:\/\/igfae.usc.es\/igfaedb\/#\/schema\/person\/1476c1356cc987670c850d736b77b57e\",\"name\":\"Elena Mora Cuesta\",\"url\":\"https:\/\/igfae.usc.es\/igfaedb\/gl\/author\/elena-mora-cuesta\/\"}]}<\/script>\n<!-- \/ Yoast SEO plugin. -->","yoast_head_json":{"title":"A Semana da Ciencia do IGFAE regresa en formato presencial - IGFAE","robots":{"index":"index","follow":"follow","max-snippet":"max-snippet:-1","max-image-preview":"max-image-preview:large","max-video-preview":"max-video-preview:-1"},"canonical":"https:\/\/igfae.usc.es\/igfaedb\/gl\/iv-science-week-igfaedb\/","og_locale":"gl_ES","og_type":"article","og_title":"A Semana da Ciencia do IGFAE regresa en formato presencial - IGFAE","og_description":"A IV Semana da Ciencia do Instituto Galego de F\u00edsica de Altas Enerx\u00edas (IGFAE) arrinca esta semana en formato presencial tras...","og_url":"https:\/\/igfae.usc.es\/igfaedb\/gl\/iv-science-week-igfaedb\/","og_site_name":"IGFAE","article_published_time":"2021-11-19T13:19:38+00:00","article_modified_time":"2021-12-22T09:28:47+00:00","og_image":[{"width":724,"height":1024,"url":"https:\/\/igfae.usc.es\/igfaedb\/wp-content\/uploads\/2021\/11\/Cartel-IV-semana-ciencia_2021-724x1024.png","type":"image\/png"}],"twitter_card":"summary_large_image","twitter_creator":"@igfae_hep","twitter_site":"@igfae_hep","twitter_misc":{"Escrito por":"Elena Mora Cuesta","Tempo de lectura":"3 minutos"},"schema":{"@context":"https:\/\/schema.org","@graph":[{"@type":"WebSite","@id":"https:\/\/igfae.usc.es\/igfaedb\/#website","url":"https:\/\/igfae.usc.es\/igfaedb\/","name":"IGFAE","description":"Instituto Galego de F\u00edsica de Altas Enerx\u00edas","potentialAction":[{"@type":"SearchAction","target":{"@type":"EntryPoint","urlTemplate":"https:\/\/igfae.usc.es\/igfaedb\/?s={search_term_string}"},"query-input":"required name=search_term_string"}],"inLanguage":"gl-ES"},{"@type":"ImageObject","@id":"https:\/\/igfae.usc.es\/igfaedb\/gl\/iv-science-week-igfaedb\/#primaryimage","inLanguage":"gl-ES","url":"https:\/\/igfae.usc.es\/igfaedb\/wp-content\/uploads\/2021\/11\/Cartel-IV-semana-ciencia_2021.png","contentUrl":"https:\/\/igfae.usc.es\/igfaedb\/wp-content\/uploads\/2021\/11\/Cartel-IV-semana-ciencia_2021.png","width":1587,"height":2245},{"@type":"WebPage","@id":"https:\/\/igfae.usc.es\/igfaedb\/gl\/iv-science-week-igfaedb\/#webpage","url":"https:\/\/igfae.usc.es\/igfaedb\/gl\/iv-science-week-igfaedb\/","name":"A Semana da Ciencia do IGFAE regresa en formato presencial - IGFAE","isPartOf":{"@id":"https:\/\/igfae.usc.es\/igfaedb\/#website"},"primaryImageOfPage":{"@id":"https:\/\/igfae.usc.es\/igfaedb\/gl\/iv-science-week-igfaedb\/#primaryimage"},"datePublished":"2021-11-19T13:19:38+00:00","dateModified":"2021-12-22T09:28:47+00:00","author":{"@id":"https:\/\/igfae.usc.es\/igfaedb\/#\/schema\/person\/1476c1356cc987670c850d736b77b57e"},"breadcrumb":{"@id":"https:\/\/igfae.usc.es\/igfaedb\/gl\/iv-science-week-igfaedb\/#breadcrumb"},"inLanguage":"gl-ES","potentialAction":[{"@type":"ReadAction","target":["https:\/\/igfae.usc.es\/igfaedb\/gl\/iv-science-week-igfaedb\/"]}]},{"@type":"BreadcrumbList","@id":"https:\/\/igfae.usc.es\/igfaedb\/gl\/iv-science-week-igfaedb\/#breadcrumb","itemListElement":[{"@type":"ListItem","position":1,"name":"A Semana da Ciencia do IGFAE regresa en formato presencial"}]},{"@type":"Person","@id":"https:\/\/igfae.usc.es\/igfaedb\/#\/schema\/person\/1476c1356cc987670c850d736b77b57e","name":"Elena Mora Cuesta","url":"https:\/\/igfae.usc.es\/igfaedb\/gl\/author\/elena-mora-cuesta\/"}]}},"_links":{"self":[{"href":"https:\/\/igfae.usc.es\/igfaedb\/gl\/wp-json\/wp\/v2\/posts\/10591"}],"collection":[{"href":"https:\/\/igfae.usc.es\/igfaedb\/gl\/wp-json\/wp\/v2\/posts"}],"about":[{"href":"https:\/\/igfae.usc.es\/igfaedb\/gl\/wp-json\/wp\/v2\/types\/post"}],"author":[{"embeddable":true,"href":"https:\/\/igfae.usc.es\/igfaedb\/gl\/wp-json\/wp\/v2\/users\/21"}],"replies":[{"embeddable":true,"href":"https:\/\/igfae.usc.es\/igfaedb\/gl\/wp-json\/wp\/v2\/comments?post=10591"}],"version-history":[{"count":3,"href":"https:\/\/igfae.usc.es\/igfaedb\/gl\/wp-json\/wp\/v2\/posts\/10591\/revisions"}],"predecessor-version":[{"id":10595,"href":"https:\/\/igfae.usc.es\/igfaedb\/gl\/wp-json\/wp\/v2\/posts\/10591\/revisions\/10595"}],"wp:featuredmedia":[{"embeddable":true,"href":"https:\/\/igfae.usc.es\/igfaedb\/gl\/wp-json\/wp\/v2\/media\/10586"}],"wp:attachment":[{"href":"https:\/\/igfae.usc.es\/igfaedb\/gl\/wp-json\/wp\/v2\/media?parent=10591"}],"wp:term":[{"taxonomy":"category","embeddable":true,"href":"https:\/\/igfae.usc.es\/igfaedb\/gl\/wp-json\/wp\/v2\/categories?post=10591"},{"taxonomy":"post_tag","embeddable":true,"href":"https:\/\/igfae.usc.es\/igfaedb\/gl\/wp-json\/wp\/v2\/tags?post=10591"}],"curies":[{"name":"wp","href":"https:\/\/api.w.org\/{rel}","templated":true}]}}