



{"id":10261,"date":"2021-09-28T11:46:48","date_gmt":"2021-09-28T09:46:48","guid":{"rendered":"https:\/\/igfae.usc.es\/igfaedb\/por-que-a-noite-e-oscura\/"},"modified":"2021-09-28T11:58:49","modified_gmt":"2021-09-28T09:58:49","slug":"por-que-a-noite-e-oscura","status":"publish","type":"post","link":"https:\/\/igfae.usc.es\/igfaedb\/gl\/por-que-a-noite-e-oscura\/","title":{"rendered":"Why is the night dark?"},"content":{"rendered":"<p>Miramos ao ceo e vemos unha infinidade de estrelas, \u00e1s veces alg\u00fan planeta ou incluso cometas, mais sobre todo, vemos escuridade. A onde foi a luz desa infinidade de estrelas? Por que non alumea as nosas noites as\u00ed como a luz do sol ba\u00f1a os nosos d\u00edas?<\/p>\n<p>Con este v\u00eddeo, o Instituto Galego de F\u00edsica de Altas Enerx\u00edas (IGFAE) inaugura unha serie de v\u00eddeos co f\u00edsico Dar\u00edo Lago, creador da canle de Youtube de divulgaci\u00f3n cient\u00edfica en galego &#8220;<a href=\"https:\/\/www.youtube.com\/c\/OSondasIdeas\/\">O Son das Ideas<\/a>\u201d, nos que nos imos a mergullar de cheo nas orixes do noso Universo.<\/p>\n<p><iframe loading=\"lazy\" title=\"YouTube video player\" src=\"https:\/\/www.youtube.com\/embed\/lacSRgj5YvQ\" width=\"560\" height=\"315\" frameborder=\"0\" allowfullscreen=\"allowfullscreen\"><\/iframe><\/p>\n<p>Gui\u00f3n: O Son das Ideas, e os investigadores do IGFAE Jos\u00e9 Edelstein, Javier Mart\u00edn e Imanol Corredoira.<br \/>\nAnimaci\u00f3n e locuci\u00f3n: O Son das Ideas.<\/p>\n<p>Este v\u00eddeo foi cofinanciado con cargo ao Programa Operativo FEDER Galicia 2014-2020.<\/p>\n","protected":false},"excerpt":{"rendered":"<p>Miramos ao ceo e vemos unha infinidade de estrelas, \u00e1s veces alg\u00fan planeta ou incluso cometas, mais sobre todo, vemos escuridade&#8230;.<\/p>\n","protected":false},"author":21,"featured_media":10277,"comment_status":"closed","ping_status":"closed","sticky":false,"template":"","format":"standard","meta":{"om_disable_all_campaigns":false,"_monsterinsights_skip_tracking":false,"_monsterinsights_sitenote_active":false,"_monsterinsights_sitenote_note":"","_monsterinsights_sitenote_category":0},"categories":[118,116],"tags":[],"aioseo_notices":[],"yoast_head":"<!-- This site is optimized with the Yoast SEO plugin v18.4.1 - https:\/\/yoast.com\/wordpress\/plugins\/seo\/ -->\n<title>Why is the night dark? - IGFAE<\/title>\n<meta name=\"robots\" content=\"index, follow, max-snippet:-1, max-image-preview:large, max-video-preview:-1\" \/>\n<link rel=\"canonical\" href=\"https:\/\/igfae.usc.es\/igfaedb\/gl\/por-que-a-noite-e-oscura\/\" \/>\n<meta property=\"og:locale\" content=\"gl_ES\" \/>\n<meta property=\"og:type\" content=\"article\" \/>\n<meta property=\"og:title\" content=\"Why is the night dark? - IGFAE\" \/>\n<meta property=\"og:description\" content=\"Miramos ao ceo e vemos unha infinidade de estrelas, \u00e1s veces alg\u00fan planeta ou incluso cometas, mais sobre todo, vemos escuridade....\" \/>\n<meta property=\"og:url\" content=\"https:\/\/igfae.usc.es\/igfaedb\/gl\/por-que-a-noite-e-oscura\/\" \/>\n<meta property=\"og:site_name\" content=\"IGFAE\" \/>\n<meta property=\"article:published_time\" content=\"2021-09-28T09:46:48+00:00\" \/>\n<meta property=\"article:modified_time\" content=\"2021-09-28T09:58:49+00:00\" \/>\n<meta property=\"og:image\" content=\"https:\/\/igfae.usc.es\/igfaedb\/wp-content\/uploads\/2021\/09\/porque-a-noite-e-oscura.jpg\" \/>\n\t<meta property=\"og:image:width\" content=\"1279\" \/>\n\t<meta property=\"og:image:height\" content=\"720\" \/>\n\t<meta property=\"og:image:type\" content=\"image\/jpeg\" \/>\n<meta name=\"twitter:card\" content=\"summary_large_image\" \/>\n<meta name=\"twitter:creator\" content=\"@igfae_hep\" \/>\n<meta name=\"twitter:site\" content=\"@igfae_hep\" \/>\n<meta name=\"twitter:label1\" content=\"Escrito por\" \/>\n\t<meta name=\"twitter:data1\" content=\"Elena Mora Cuesta\" \/>\n\t<meta name=\"twitter:label2\" content=\"Tempo de lectura\" \/>\n\t<meta name=\"twitter:data2\" content=\"1 minuto\" \/>\n<script type=\"application\/ld+json\" class=\"yoast-schema-graph\">{\"@context\":\"https:\/\/schema.org\",\"@graph\":[{\"@type\":\"WebSite\",\"@id\":\"https:\/\/igfae.usc.es\/igfaedb\/#website\",\"url\":\"https:\/\/igfae.usc.es\/igfaedb\/\",\"name\":\"IGFAE\",\"description\":\"Instituto Galego de F\u00edsica de Altas Enerx\u00edas\",\"potentialAction\":[{\"@type\":\"SearchAction\",\"target\":{\"@type\":\"EntryPoint\",\"urlTemplate\":\"https:\/\/igfae.usc.es\/igfaedb\/?s={search_term_string}\"},\"query-input\":\"required name=search_term_string\"}],\"inLanguage\":\"gl-ES\"},{\"@type\":\"ImageObject\",\"@id\":\"https:\/\/igfae.usc.es\/igfaedb\/gl\/por-que-a-noite-e-oscura\/#primaryimage\",\"inLanguage\":\"gl-ES\",\"url\":\"https:\/\/igfae.usc.es\/igfaedb\/wp-content\/uploads\/2021\/09\/porque-a-noite-e-oscura.jpg\",\"contentUrl\":\"https:\/\/igfae.usc.es\/igfaedb\/wp-content\/uploads\/2021\/09\/porque-a-noite-e-oscura.jpg\",\"width\":1279,\"height\":720},{\"@type\":\"WebPage\",\"@id\":\"https:\/\/igfae.usc.es\/igfaedb\/gl\/por-que-a-noite-e-oscura\/#webpage\",\"url\":\"https:\/\/igfae.usc.es\/igfaedb\/gl\/por-que-a-noite-e-oscura\/\",\"name\":\"Why is the night dark? - IGFAE\",\"isPartOf\":{\"@id\":\"https:\/\/igfae.usc.es\/igfaedb\/#website\"},\"primaryImageOfPage\":{\"@id\":\"https:\/\/igfae.usc.es\/igfaedb\/gl\/por-que-a-noite-e-oscura\/#primaryimage\"},\"datePublished\":\"2021-09-28T09:46:48+00:00\",\"dateModified\":\"2021-09-28T09:58:49+00:00\",\"author\":{\"@id\":\"https:\/\/igfae.usc.es\/igfaedb\/#\/schema\/person\/1476c1356cc987670c850d736b77b57e\"},\"breadcrumb\":{\"@id\":\"https:\/\/igfae.usc.es\/igfaedb\/gl\/por-que-a-noite-e-oscura\/#breadcrumb\"},\"inLanguage\":\"gl-ES\",\"potentialAction\":[{\"@type\":\"ReadAction\",\"target\":[\"https:\/\/igfae.usc.es\/igfaedb\/gl\/por-que-a-noite-e-oscura\/\"]}]},{\"@type\":\"BreadcrumbList\",\"@id\":\"https:\/\/igfae.usc.es\/igfaedb\/gl\/por-que-a-noite-e-oscura\/#breadcrumb\",\"itemListElement\":[{\"@type\":\"ListItem\",\"position\":1,\"name\":\"Why is the night dark?\"}]},{\"@type\":\"Person\",\"@id\":\"https:\/\/igfae.usc.es\/igfaedb\/#\/schema\/person\/1476c1356cc987670c850d736b77b57e\",\"name\":\"Elena Mora Cuesta\",\"url\":\"https:\/\/igfae.usc.es\/igfaedb\/gl\/author\/elena-mora-cuesta\/\"}]}<\/script>\n<!-- \/ Yoast SEO plugin. -->","yoast_head_json":{"title":"Why is the night dark? - IGFAE","robots":{"index":"index","follow":"follow","max-snippet":"max-snippet:-1","max-image-preview":"max-image-preview:large","max-video-preview":"max-video-preview:-1"},"canonical":"https:\/\/igfae.usc.es\/igfaedb\/gl\/por-que-a-noite-e-oscura\/","og_locale":"gl_ES","og_type":"article","og_title":"Why is the night dark? - IGFAE","og_description":"Miramos ao ceo e vemos unha infinidade de estrelas, \u00e1s veces alg\u00fan planeta ou incluso cometas, mais sobre todo, vemos escuridade....","og_url":"https:\/\/igfae.usc.es\/igfaedb\/gl\/por-que-a-noite-e-oscura\/","og_site_name":"IGFAE","article_published_time":"2021-09-28T09:46:48+00:00","article_modified_time":"2021-09-28T09:58:49+00:00","og_image":[{"width":1279,"height":720,"url":"https:\/\/igfae.usc.es\/igfaedb\/wp-content\/uploads\/2021\/09\/porque-a-noite-e-oscura.jpg","type":"image\/jpeg"}],"twitter_card":"summary_large_image","twitter_creator":"@igfae_hep","twitter_site":"@igfae_hep","twitter_misc":{"Escrito por":"Elena Mora Cuesta","Tempo de lectura":"1 minuto"},"schema":{"@context":"https:\/\/schema.org","@graph":[{"@type":"WebSite","@id":"https:\/\/igfae.usc.es\/igfaedb\/#website","url":"https:\/\/igfae.usc.es\/igfaedb\/","name":"IGFAE","description":"Instituto Galego de F\u00edsica de Altas Enerx\u00edas","potentialAction":[{"@type":"SearchAction","target":{"@type":"EntryPoint","urlTemplate":"https:\/\/igfae.usc.es\/igfaedb\/?s={search_term_string}"},"query-input":"required name=search_term_string"}],"inLanguage":"gl-ES"},{"@type":"ImageObject","@id":"https:\/\/igfae.usc.es\/igfaedb\/gl\/por-que-a-noite-e-oscura\/#primaryimage","inLanguage":"gl-ES","url":"https:\/\/igfae.usc.es\/igfaedb\/wp-content\/uploads\/2021\/09\/porque-a-noite-e-oscura.jpg","contentUrl":"https:\/\/igfae.usc.es\/igfaedb\/wp-content\/uploads\/2021\/09\/porque-a-noite-e-oscura.jpg","width":1279,"height":720},{"@type":"WebPage","@id":"https:\/\/igfae.usc.es\/igfaedb\/gl\/por-que-a-noite-e-oscura\/#webpage","url":"https:\/\/igfae.usc.es\/igfaedb\/gl\/por-que-a-noite-e-oscura\/","name":"Why is the night dark? - IGFAE","isPartOf":{"@id":"https:\/\/igfae.usc.es\/igfaedb\/#website"},"primaryImageOfPage":{"@id":"https:\/\/igfae.usc.es\/igfaedb\/gl\/por-que-a-noite-e-oscura\/#primaryimage"},"datePublished":"2021-09-28T09:46:48+00:00","dateModified":"2021-09-28T09:58:49+00:00","author":{"@id":"https:\/\/igfae.usc.es\/igfaedb\/#\/schema\/person\/1476c1356cc987670c850d736b77b57e"},"breadcrumb":{"@id":"https:\/\/igfae.usc.es\/igfaedb\/gl\/por-que-a-noite-e-oscura\/#breadcrumb"},"inLanguage":"gl-ES","potentialAction":[{"@type":"ReadAction","target":["https:\/\/igfae.usc.es\/igfaedb\/gl\/por-que-a-noite-e-oscura\/"]}]},{"@type":"BreadcrumbList","@id":"https:\/\/igfae.usc.es\/igfaedb\/gl\/por-que-a-noite-e-oscura\/#breadcrumb","itemListElement":[{"@type":"ListItem","position":1,"name":"Why is the night dark?"}]},{"@type":"Person","@id":"https:\/\/igfae.usc.es\/igfaedb\/#\/schema\/person\/1476c1356cc987670c850d736b77b57e","name":"Elena Mora Cuesta","url":"https:\/\/igfae.usc.es\/igfaedb\/gl\/author\/elena-mora-cuesta\/"}]}},"_links":{"self":[{"href":"https:\/\/igfae.usc.es\/igfaedb\/gl\/wp-json\/wp\/v2\/posts\/10261"}],"collection":[{"href":"https:\/\/igfae.usc.es\/igfaedb\/gl\/wp-json\/wp\/v2\/posts"}],"about":[{"href":"https:\/\/igfae.usc.es\/igfaedb\/gl\/wp-json\/wp\/v2\/types\/post"}],"author":[{"embeddable":true,"href":"https:\/\/igfae.usc.es\/igfaedb\/gl\/wp-json\/wp\/v2\/users\/21"}],"replies":[{"embeddable":true,"href":"https:\/\/igfae.usc.es\/igfaedb\/gl\/wp-json\/wp\/v2\/comments?post=10261"}],"version-history":[{"count":6,"href":"https:\/\/igfae.usc.es\/igfaedb\/gl\/wp-json\/wp\/v2\/posts\/10261\/revisions"}],"predecessor-version":[{"id":10283,"href":"https:\/\/igfae.usc.es\/igfaedb\/gl\/wp-json\/wp\/v2\/posts\/10261\/revisions\/10283"}],"wp:featuredmedia":[{"embeddable":true,"href":"https:\/\/igfae.usc.es\/igfaedb\/gl\/wp-json\/wp\/v2\/media\/10277"}],"wp:attachment":[{"href":"https:\/\/igfae.usc.es\/igfaedb\/gl\/wp-json\/wp\/v2\/media?parent=10261"}],"wp:term":[{"taxonomy":"category","embeddable":true,"href":"https:\/\/igfae.usc.es\/igfaedb\/gl\/wp-json\/wp\/v2\/categories?post=10261"},{"taxonomy":"post_tag","embeddable":true,"href":"https:\/\/igfae.usc.es\/igfaedb\/gl\/wp-json\/wp\/v2\/tags?post=10261"}],"curies":[{"name":"wp","href":"https:\/\/api.w.org\/{rel}","templated":true}]}}