{"id":8526,"date":"2020-12-14T21:14:50","date_gmt":"2020-12-14T20:14:50","guid":{"rendered":"http:\/\/localhost:8888\/igfae-ber\/?p=8526"},"modified":"2024-04-12T14:23:06","modified_gmt":"2024-04-12T12:23:06","slug":"jose-ignacio-latorre-transfronteirizas","status":"publish","type":"post","link":"https:\/\/igfae.usc.es\/igfae\/jose-ignacio-latorre-transfronteirizas\/","title":{"rendered":"Jos\u00e9 Ignacio Latorre, este xoves en \u2018Transfronteirizas, conversas de arte e ciencia\u2019"},"content":{"rendered":"<p><strong>O f\u00edsico cu\u00e1ntico, investigador e divulgador participar\u00e1 o xoves 17 de decembro \u00e1s 18:00 horas no sexto di\u00e1logo do ciclo organizado polo IGFAE. Moderado polo investigador do IGFAE e profesor da USC Javier Mas, poder\u00e1 seguirse en directo a trav\u00e9s da canle de Youtube do IGFAE.<\/strong><\/p>\n<p><iframe loading=\"lazy\" src=\"https:\/\/www.youtube.com\/embed\/NFLx2RMjreo\" width=\"560\" height=\"315\" frameborder=\"0\" allowfullscreen=\"allowfullscreen\"><\/iframe><\/p>\n<p>Jos\u00e9 Ignacio Latorre \u00e9 un dos f\u00edsicos espa\u00f1ois m\u00e1is reco\u00f1ecidos no campo da f\u00edsica cu\u00e1ntica, a teor\u00eda m\u00e1is precisa ata a data que describe a natureza no seu nivel m\u00e1is \u00edntimo e fundamental. Quizais, investigar como d\u00faas part\u00edculas separadas entre si mante\u00f1en as mesmas propiedades a trav\u00e9s dunha conexi\u00f3n \u201cinvisible\u201d \u00e9 o que lle motiva a explorar outro tipo de entrelazamentos: o da esfera cient\u00edfica e human\u00edstica. Libros, documentais ou exposici\u00f3ns como a recente e exitosa <em>Cu\u00e1ntica<\/em> do CCCB en Barcelona reflicten o seu interese en tecer pontes entre ambos os mundos. Nesta ocasi\u00f3n, Latorre farao no sexto encontro do ciclo \u2018Transfronteirizas, conversas de arte e ciencia\u2019 xunto ao investigador e f\u00edsico te\u00f3rico do IGFAE Javier Mais. O vindeiro xoves, 17 de decembro, \u00e1s 18:00 horas (Espa\u00f1a), dialogar\u00e1n en torno ao tri\u00e1ngulo que debuxan a ciencia, a arte e a \u00e9tica das tecnolox\u00edas cu\u00e1nticas na sociedade do futuro. O p\u00fablico poder\u00e1 seguir e participar coas s\u00faas preguntas e reflexi\u00f3ns neste directo emitido polo <a href=\"https:\/\/bit.ly\/latorreIGFAE\">canal de Youtube del IGFAE.<\/a><\/p>\n<p>Jos\u00e9 Ignacio Latorre (Barcelona), doutor en teor\u00eda da cromodin\u00e1mica cu\u00e1ntica, deixou este ano o seu posto de catedr\u00e1tico de F\u00edsica Te\u00f3rica na Universidade de Barcelona para crear o <em>Technology Innovation Institute <\/em>(Abu Dhabi) e dirixir o <em>Center for Quantum Technologies<\/em> (Singapura). Creador e emprendedor, fundou o Centro de Ciencias de Benasque \u201cPedro Pascual\u201d, unha referencia internacional de encontros cient\u00edficos de m\u00e1ximo nivel onde \u00e1 ciencia s\u00famaselle ocasionalmente a arte, en busca dunha fertilizaci\u00f3n cruzada. Ademais de ser un dos introductores da Teor\u00eda da Informaci\u00f3n Cu\u00e1ntica en Espa\u00f1a, Latorre compaxina o seu labor investigador co comisariado de exposici\u00f3ns, libros como <em>Cu\u00e1ntica, tu futuro en juego<\/em> ou <em>\u00c9tica para m\u00e1quinas<\/em>, ou a produci\u00f3n de documentais. \u00c9 un cient\u00edfico aberto ao humanismo interesado en conectar a ciencia fundamental co progreso social utilizando todas as v\u00edas e formatos posibles. Defende que debemos prepararnos para un futuro m\u00e1is complexo e pr\u00f3ximo do que pensamos.<\/p>\n<p><strong>Arte, ciencia e sociedade<\/strong><\/p>\n<p>Organizado polo Instituto Galego de F\u00edsica de Altas\u00a0 Enerx\u00edas ( IGFAE) da Universidade de Santiago de Compostela (USC) e a Xunta de Galicia, \u201cTransfronteirizas, conversas de arte e ciencia\u201d \u00e9 un ciclo de di\u00e1logos virtuais emitidos en Youtube no que convidamos a figuras do \u00e1mbito cultural a explorar as intersecci\u00f3ns entre a arte e a ciencia co noso persoal investigador, buscando un enfoque interdisciplinar. Rosa Montero, Jos\u00e9 \u201cPepe\u201d Gordon, Ricardo Gurriar\u00e1n, Javier Ruibal e Alejandro Dolina xa participaron nesta iniciativa que se insere dentro do programa ArtLAB, cuxo obxectivo \u00e9 tender pontes e fomentar a participaci\u00f3n entre a sociedade e a comunidade investigadora a trav\u00e9s de distintas expresi\u00f3ns art\u00edsticas.<\/p>\n<p>M\u00e1is informaci\u00f3n:<\/p>\n<ul>\n<li><strong><a href=\"http:\/\/localhost:8888\/igfae-ber\/es\/iii-semana-ciencia-igfae\/\">El escritor, m\u00fasico, actor, conductor de radio y televisi\u00f3n argentino, Alejandro Dolina, participar\u00e1 en el quinto di\u00e1logo del ciclo \u201cTransfronteirizas, conversas de arte e ciencia\u201d<\/a><\/strong><\/li>\n<li><strong><a href=\"http:\/\/localhost:8888\/igfae-ber\/es\/javier-ruibal-transfronteirizas\/\">F\u00edsica cu\u00e1ntica y astronom\u00eda con el m\u00fasico Javier Ruibal en el pr\u00f3ximo \u201cTransfronteirizas, conversas de arte e ciencia\u201d<\/a><\/strong><\/li>\n<li><a href=\"http:\/\/localhost:8888\/igfae-ber\/es\/ricardo-gurriaran-transfronteirizas\/\"><strong>Schr\u00f6dinger en Santiago y otras an\u00e9cdotas cient\u00edficas con el historiador Ricardo Gurriar\u00e1n, pr\u00f3ximo invitado del ciclo \u201cTransfronteirizas, conversas de arte e ciencia\u201d<\/strong><\/a><\/li>\n<li><a href=\"http:\/\/localhost:8888\/igfae-ber\/es\/jose-gordon-transfronteirizas\/\"><strong>El escritor y periodista mexicano Jos\u00e9 Gordon, pr\u00f3ximo invitado del ciclo \u201cTransfronteirizas, conversas de arte e ciencia\u201d<\/strong><\/a><\/li>\n<li><a href=\"http:\/\/localhost:8888\/igfae-ber\/es\/rosa-montero-transfronteirizas\/\"><strong>Rosa Montero iniciar\u00e1 este viernes \u201cTransfronteirizas, conversas de arte e ciencia\u201d<\/strong><\/a><\/li>\n<li><a href=\"http:\/\/www.youtube.com\/igfae\"><strong>Canal de Youtube del IGFAE<\/strong><\/a><\/li>\n<\/ul>\n<p>M\u00e1is actividades do programa ArtLAB:<\/p>\n<ul>\n<li><a href=\"http:\/\/localhost:8888\/igfae-ber\/talk\/38\"><strong>Cosmolox\u00edas<\/strong><\/a><\/li>\n<li><a href=\"http:\/\/localhost:8888\/igfae-ber\/es\/arte-ciencia-mocsy\/\"><strong>Arte y ciencia protagonizan la segunda jornada de la Semana de la Ciencia con \u00c1gnes M\u00f3csy<\/strong><\/a><\/li>\n<\/ul>\n<p>Esta actividad foi cofinanciada con cargo ao Programa Operativo FEDER Galicia 2014-2020.<\/p>\n","protected":false},"excerpt":{"rendered":"<p>O f\u00edsico cu\u00e1ntico, investigador e divulgador participar\u00e1 o xoves 17 de decembro \u00e1s 18:00 horas no sexto di\u00e1logo do ciclo organizado polo IGFAE. Moderado polo investigador do IGFAE e profesor da USC Javier Mas, poder\u00e1 seguirse en directo a trav\u00e9s da canle de Youtube do IGFAE. Jos\u00e9 Ignacio Latorre \u00e9 un dos f\u00edsicos espa\u00f1ois m\u00e1is [&hellip;]<\/p>\n","protected":false},"author":7,"featured_media":8533,"comment_status":"closed","ping_status":"closed","sticky":false,"template":"","format":"standard","meta":{"_acf_changed":false,"footnotes":""},"categories":[192,166],"class_list":["post-8526","post","type-post","status-publish","format-standard","has-post-thumbnail","hentry","category-artlab-gl-2","category-novas-2"],"acf":[],"yoast_head":"<!-- This site is optimized with the Yoast SEO plugin v27.5 - https:\/\/yoast.com\/product\/yoast-seo-wordpress\/ -->\n<title>Jos\u00e9 Ignacio Latorre, este xoves en \u2018Transfronteirizas, conversas de arte e ciencia\u2019 - IGFAE<\/title>\n<meta name=\"robots\" content=\"index, follow, max-snippet:-1, max-image-preview:large, max-video-preview:-1\" \/>\n<link rel=\"canonical\" href=\"https:\/\/igfae.usc.es\/igfae\/jose-ignacio-latorre-transfronteirizas\/\" \/>\n<meta property=\"og:locale\" content=\"gl_ES\" \/>\n<meta property=\"og:type\" content=\"article\" \/>\n<meta property=\"og:title\" content=\"Jos\u00e9 Ignacio Latorre, este xoves en \u2018Transfronteirizas, conversas de arte e ciencia\u2019 - IGFAE\" \/>\n<meta property=\"og:description\" content=\"O f\u00edsico cu\u00e1ntico, investigador e divulgador participar\u00e1 o xoves 17 de decembro \u00e1s 18:00 horas no sexto di\u00e1logo do ciclo organizado polo IGFAE. Moderado polo investigador do IGFAE e profesor da USC Javier Mas, poder\u00e1 seguirse en directo a trav\u00e9s da canle de Youtube do IGFAE. Jos\u00e9 Ignacio Latorre \u00e9 un dos f\u00edsicos espa\u00f1ois m\u00e1is [&hellip;]\" \/>\n<meta property=\"og:url\" content=\"https:\/\/igfae.usc.es\/igfae\/jose-ignacio-latorre-transfronteirizas\/\" \/>\n<meta property=\"og:site_name\" content=\"IGFAE\" \/>\n<meta property=\"article:published_time\" content=\"2020-12-14T20:14:50+00:00\" \/>\n<meta property=\"article:modified_time\" content=\"2024-04-12T12:23:06+00:00\" \/>\n<meta property=\"og:image\" content=\"https:\/\/igfae.usc.es\/igfae\/wp-content\/uploads\/2020\/12\/Transfronteirizas_LatorreYouTube-2.png\" \/>\n\t<meta property=\"og:image:width\" content=\"1920\" \/>\n\t<meta property=\"og:image:height\" content=\"1080\" \/>\n\t<meta property=\"og:image:type\" content=\"image\/png\" \/>\n<meta name=\"author\" content=\"Elena Mora Cuesta\" \/>\n<meta name=\"twitter:card\" content=\"summary_large_image\" \/>\n<meta name=\"twitter:creator\" content=\"@IGFAE_HEP\" \/>\n<meta name=\"twitter:site\" content=\"@IGFAE_HEP\" \/>\n<meta name=\"twitter:label1\" content=\"Escrito por\" \/>\n\t<meta name=\"twitter:data1\" content=\"Elena Mora Cuesta\" \/>\n\t<meta name=\"twitter:label2\" content=\"Tempo de lectura\" \/>\n\t<meta name=\"twitter:data2\" content=\"3 minutos\" \/>\n<script type=\"application\/ld+json\" class=\"yoast-schema-graph\">{\"@context\":\"https:\\\/\\\/schema.org\",\"@graph\":[{\"@type\":\"Article\",\"@id\":\"https:\\\/\\\/igfae.usc.es\\\/igfae\\\/jose-ignacio-latorre-transfronteirizas\\\/#article\",\"isPartOf\":{\"@id\":\"https:\\\/\\\/igfae.usc.es\\\/igfae\\\/jose-ignacio-latorre-transfronteirizas\\\/\"},\"author\":{\"name\":\"Elena Mora Cuesta\",\"@id\":\"https:\\\/\\\/igfae.usc.es\\\/igfae\\\/#\\\/schema\\\/person\\\/03238a787eb5532104d25835b57917be\"},\"headline\":\"Jos\u00e9 Ignacio Latorre, este xoves en \u2018Transfronteirizas, conversas de arte e ciencia\u2019\",\"datePublished\":\"2020-12-14T20:14:50+00:00\",\"dateModified\":\"2024-04-12T12:23:06+00:00\",\"mainEntityOfPage\":{\"@id\":\"https:\\\/\\\/igfae.usc.es\\\/igfae\\\/jose-ignacio-latorre-transfronteirizas\\\/\"},\"wordCount\":694,\"publisher\":{\"@id\":\"https:\\\/\\\/igfae.usc.es\\\/igfae\\\/#organization\"},\"image\":{\"@id\":\"https:\\\/\\\/igfae.usc.es\\\/igfae\\\/jose-ignacio-latorre-transfronteirizas\\\/#primaryimage\"},\"thumbnailUrl\":\"https:\\\/\\\/igfae.usc.es\\\/igfae\\\/wp-content\\\/uploads\\\/2020\\\/12\\\/Transfronteirizas_LatorreYouTube-2.png\",\"keywords\":[\"transfronteirizas\"],\"articleSection\":[\"ArtLab\",\"Novas\"],\"inLanguage\":\"gl-ES\"},{\"@type\":\"WebPage\",\"@id\":\"https:\\\/\\\/igfae.usc.es\\\/igfae\\\/jose-ignacio-latorre-transfronteirizas\\\/\",\"url\":\"https:\\\/\\\/igfae.usc.es\\\/igfae\\\/jose-ignacio-latorre-transfronteirizas\\\/\",\"name\":\"Jos\u00e9 Ignacio Latorre, este xoves en \u2018Transfronteirizas, conversas de arte e ciencia\u2019 - IGFAE\",\"isPartOf\":{\"@id\":\"https:\\\/\\\/igfae.usc.es\\\/igfae\\\/#website\"},\"primaryImageOfPage\":{\"@id\":\"https:\\\/\\\/igfae.usc.es\\\/igfae\\\/jose-ignacio-latorre-transfronteirizas\\\/#primaryimage\"},\"image\":{\"@id\":\"https:\\\/\\\/igfae.usc.es\\\/igfae\\\/jose-ignacio-latorre-transfronteirizas\\\/#primaryimage\"},\"thumbnailUrl\":\"https:\\\/\\\/igfae.usc.es\\\/igfae\\\/wp-content\\\/uploads\\\/2020\\\/12\\\/Transfronteirizas_LatorreYouTube-2.png\",\"datePublished\":\"2020-12-14T20:14:50+00:00\",\"dateModified\":\"2024-04-12T12:23:06+00:00\",\"breadcrumb\":{\"@id\":\"https:\\\/\\\/igfae.usc.es\\\/igfae\\\/jose-ignacio-latorre-transfronteirizas\\\/#breadcrumb\"},\"inLanguage\":\"gl-ES\",\"potentialAction\":[{\"@type\":\"ReadAction\",\"target\":[\"https:\\\/\\\/igfae.usc.es\\\/igfae\\\/jose-ignacio-latorre-transfronteirizas\\\/\"]}]},{\"@type\":\"ImageObject\",\"inLanguage\":\"gl-ES\",\"@id\":\"https:\\\/\\\/igfae.usc.es\\\/igfae\\\/jose-ignacio-latorre-transfronteirizas\\\/#primaryimage\",\"url\":\"https:\\\/\\\/igfae.usc.es\\\/igfae\\\/wp-content\\\/uploads\\\/2020\\\/12\\\/Transfronteirizas_LatorreYouTube-2.png\",\"contentUrl\":\"https:\\\/\\\/igfae.usc.es\\\/igfae\\\/wp-content\\\/uploads\\\/2020\\\/12\\\/Transfronteirizas_LatorreYouTube-2.png\",\"width\":1920,\"height\":1080},{\"@type\":\"BreadcrumbList\",\"@id\":\"https:\\\/\\\/igfae.usc.es\\\/igfae\\\/jose-ignacio-latorre-transfronteirizas\\\/#breadcrumb\",\"itemListElement\":[{\"@type\":\"ListItem\",\"position\":1,\"name\":\"Inicio\",\"item\":\"https:\\\/\\\/igfae.usc.es\\\/igfae\\\/\"},{\"@type\":\"ListItem\",\"position\":2,\"name\":\"Jos\u00e9 Ignacio Latorre, este xoves en \u2018Transfronteirizas, conversas de arte e ciencia\u2019\"}]},{\"@type\":\"WebSite\",\"@id\":\"https:\\\/\\\/igfae.usc.es\\\/igfae\\\/#website\",\"url\":\"https:\\\/\\\/igfae.usc.es\\\/igfae\\\/\",\"name\":\"IGFAE\",\"description\":\"Instituto Galego de F\u00edsica de Altas Enerx\u00edas\",\"publisher\":{\"@id\":\"https:\\\/\\\/igfae.usc.es\\\/igfae\\\/#organization\"},\"potentialAction\":[{\"@type\":\"SearchAction\",\"target\":{\"@type\":\"EntryPoint\",\"urlTemplate\":\"https:\\\/\\\/igfae.usc.es\\\/igfae\\\/?s={search_term_string}\"},\"query-input\":{\"@type\":\"PropertyValueSpecification\",\"valueRequired\":true,\"valueName\":\"search_term_string\"}}],\"inLanguage\":\"gl-ES\"},{\"@type\":\"Organization\",\"@id\":\"https:\\\/\\\/igfae.usc.es\\\/igfae\\\/#organization\",\"name\":\"Instituto Galego de F\u00edsica de Altas Enerx\u00edas\",\"url\":\"https:\\\/\\\/igfae.usc.es\\\/igfae\\\/\",\"logo\":{\"@type\":\"ImageObject\",\"inLanguage\":\"gl-ES\",\"@id\":\"https:\\\/\\\/igfae.usc.es\\\/igfae\\\/#\\\/schema\\\/logo\\\/image\\\/\",\"url\":\"https:\\\/\\\/igfae.usc.es\\\/igfae\\\/wp-content\\\/uploads\\\/2025\\\/04\\\/seo-igfae.jpg\",\"contentUrl\":\"https:\\\/\\\/igfae.usc.es\\\/igfae\\\/wp-content\\\/uploads\\\/2025\\\/04\\\/seo-igfae.jpg\",\"width\":1920,\"height\":1280,\"caption\":\"Instituto Galego de F\u00edsica de Altas Enerx\u00edas\"},\"image\":{\"@id\":\"https:\\\/\\\/igfae.usc.es\\\/igfae\\\/#\\\/schema\\\/logo\\\/image\\\/\"},\"sameAs\":[\"https:\\\/\\\/x.com\\\/IGFAE_HEP\"]},{\"@type\":\"Person\",\"@id\":\"https:\\\/\\\/igfae.usc.es\\\/igfae\\\/#\\\/schema\\\/person\\\/03238a787eb5532104d25835b57917be\",\"name\":\"Elena Mora Cuesta\",\"image\":{\"@type\":\"ImageObject\",\"inLanguage\":\"gl-ES\",\"@id\":\"https:\\\/\\\/secure.gravatar.com\\\/avatar\\\/af27da01b0197b45e65c5953d7bf96127f31ba13f9cfc71b2bcea6fa310d79c8?s=96&d=mm&r=g\",\"url\":\"https:\\\/\\\/secure.gravatar.com\\\/avatar\\\/af27da01b0197b45e65c5953d7bf96127f31ba13f9cfc71b2bcea6fa310d79c8?s=96&d=mm&r=g\",\"contentUrl\":\"https:\\\/\\\/secure.gravatar.com\\\/avatar\\\/af27da01b0197b45e65c5953d7bf96127f31ba13f9cfc71b2bcea6fa310d79c8?s=96&d=mm&r=g\",\"caption\":\"Elena Mora Cuesta\"},\"url\":\"https:\\\/\\\/igfae.usc.es\\\/igfae\\\/author\\\/elena-mora-cuesta\\\/\"}]}<\/script>\n<!-- \/ Yoast SEO plugin. -->","yoast_head_json":{"title":"Jos\u00e9 Ignacio Latorre, este xoves en \u2018Transfronteirizas, conversas de arte e ciencia\u2019 - IGFAE","robots":{"index":"index","follow":"follow","max-snippet":"max-snippet:-1","max-image-preview":"max-image-preview:large","max-video-preview":"max-video-preview:-1"},"canonical":"https:\/\/igfae.usc.es\/igfae\/jose-ignacio-latorre-transfronteirizas\/","og_locale":"gl_ES","og_type":"article","og_title":"Jos\u00e9 Ignacio Latorre, este xoves en \u2018Transfronteirizas, conversas de arte e ciencia\u2019 - IGFAE","og_description":"O f\u00edsico cu\u00e1ntico, investigador e divulgador participar\u00e1 o xoves 17 de decembro \u00e1s 18:00 horas no sexto di\u00e1logo do ciclo organizado polo IGFAE. Moderado polo investigador do IGFAE e profesor da USC Javier Mas, poder\u00e1 seguirse en directo a trav\u00e9s da canle de Youtube do IGFAE. Jos\u00e9 Ignacio Latorre \u00e9 un dos f\u00edsicos espa\u00f1ois m\u00e1is [&hellip;]","og_url":"https:\/\/igfae.usc.es\/igfae\/jose-ignacio-latorre-transfronteirizas\/","og_site_name":"IGFAE","article_published_time":"2020-12-14T20:14:50+00:00","article_modified_time":"2024-04-12T12:23:06+00:00","og_image":[{"width":1920,"height":1080,"url":"https:\/\/igfae.usc.es\/igfae\/wp-content\/uploads\/2020\/12\/Transfronteirizas_LatorreYouTube-2.png","type":"image\/png"}],"author":"Elena Mora Cuesta","twitter_card":"summary_large_image","twitter_creator":"@IGFAE_HEP","twitter_site":"@IGFAE_HEP","twitter_misc":{"Escrito por":"Elena Mora Cuesta","Tempo de lectura":"3 minutos"},"schema":{"@context":"https:\/\/schema.org","@graph":[{"@type":"Article","@id":"https:\/\/igfae.usc.es\/igfae\/jose-ignacio-latorre-transfronteirizas\/#article","isPartOf":{"@id":"https:\/\/igfae.usc.es\/igfae\/jose-ignacio-latorre-transfronteirizas\/"},"author":{"name":"Elena Mora Cuesta","@id":"https:\/\/igfae.usc.es\/igfae\/#\/schema\/person\/03238a787eb5532104d25835b57917be"},"headline":"Jos\u00e9 Ignacio Latorre, este xoves en \u2018Transfronteirizas, conversas de arte e ciencia\u2019","datePublished":"2020-12-14T20:14:50+00:00","dateModified":"2024-04-12T12:23:06+00:00","mainEntityOfPage":{"@id":"https:\/\/igfae.usc.es\/igfae\/jose-ignacio-latorre-transfronteirizas\/"},"wordCount":694,"publisher":{"@id":"https:\/\/igfae.usc.es\/igfae\/#organization"},"image":{"@id":"https:\/\/igfae.usc.es\/igfae\/jose-ignacio-latorre-transfronteirizas\/#primaryimage"},"thumbnailUrl":"https:\/\/igfae.usc.es\/igfae\/wp-content\/uploads\/2020\/12\/Transfronteirizas_LatorreYouTube-2.png","keywords":["transfronteirizas"],"articleSection":["ArtLab","Novas"],"inLanguage":"gl-ES"},{"@type":"WebPage","@id":"https:\/\/igfae.usc.es\/igfae\/jose-ignacio-latorre-transfronteirizas\/","url":"https:\/\/igfae.usc.es\/igfae\/jose-ignacio-latorre-transfronteirizas\/","name":"Jos\u00e9 Ignacio Latorre, este xoves en \u2018Transfronteirizas, conversas de arte e ciencia\u2019 - IGFAE","isPartOf":{"@id":"https:\/\/igfae.usc.es\/igfae\/#website"},"primaryImageOfPage":{"@id":"https:\/\/igfae.usc.es\/igfae\/jose-ignacio-latorre-transfronteirizas\/#primaryimage"},"image":{"@id":"https:\/\/igfae.usc.es\/igfae\/jose-ignacio-latorre-transfronteirizas\/#primaryimage"},"thumbnailUrl":"https:\/\/igfae.usc.es\/igfae\/wp-content\/uploads\/2020\/12\/Transfronteirizas_LatorreYouTube-2.png","datePublished":"2020-12-14T20:14:50+00:00","dateModified":"2024-04-12T12:23:06+00:00","breadcrumb":{"@id":"https:\/\/igfae.usc.es\/igfae\/jose-ignacio-latorre-transfronteirizas\/#breadcrumb"},"inLanguage":"gl-ES","potentialAction":[{"@type":"ReadAction","target":["https:\/\/igfae.usc.es\/igfae\/jose-ignacio-latorre-transfronteirizas\/"]}]},{"@type":"ImageObject","inLanguage":"gl-ES","@id":"https:\/\/igfae.usc.es\/igfae\/jose-ignacio-latorre-transfronteirizas\/#primaryimage","url":"https:\/\/igfae.usc.es\/igfae\/wp-content\/uploads\/2020\/12\/Transfronteirizas_LatorreYouTube-2.png","contentUrl":"https:\/\/igfae.usc.es\/igfae\/wp-content\/uploads\/2020\/12\/Transfronteirizas_LatorreYouTube-2.png","width":1920,"height":1080},{"@type":"BreadcrumbList","@id":"https:\/\/igfae.usc.es\/igfae\/jose-ignacio-latorre-transfronteirizas\/#breadcrumb","itemListElement":[{"@type":"ListItem","position":1,"name":"Inicio","item":"https:\/\/igfae.usc.es\/igfae\/"},{"@type":"ListItem","position":2,"name":"Jos\u00e9 Ignacio Latorre, este xoves en \u2018Transfronteirizas, conversas de arte e ciencia\u2019"}]},{"@type":"WebSite","@id":"https:\/\/igfae.usc.es\/igfae\/#website","url":"https:\/\/igfae.usc.es\/igfae\/","name":"IGFAE","description":"Instituto Galego de F\u00edsica de Altas Enerx\u00edas","publisher":{"@id":"https:\/\/igfae.usc.es\/igfae\/#organization"},"potentialAction":[{"@type":"SearchAction","target":{"@type":"EntryPoint","urlTemplate":"https:\/\/igfae.usc.es\/igfae\/?s={search_term_string}"},"query-input":{"@type":"PropertyValueSpecification","valueRequired":true,"valueName":"search_term_string"}}],"inLanguage":"gl-ES"},{"@type":"Organization","@id":"https:\/\/igfae.usc.es\/igfae\/#organization","name":"Instituto Galego de F\u00edsica de Altas Enerx\u00edas","url":"https:\/\/igfae.usc.es\/igfae\/","logo":{"@type":"ImageObject","inLanguage":"gl-ES","@id":"https:\/\/igfae.usc.es\/igfae\/#\/schema\/logo\/image\/","url":"https:\/\/igfae.usc.es\/igfae\/wp-content\/uploads\/2025\/04\/seo-igfae.jpg","contentUrl":"https:\/\/igfae.usc.es\/igfae\/wp-content\/uploads\/2025\/04\/seo-igfae.jpg","width":1920,"height":1280,"caption":"Instituto Galego de F\u00edsica de Altas Enerx\u00edas"},"image":{"@id":"https:\/\/igfae.usc.es\/igfae\/#\/schema\/logo\/image\/"},"sameAs":["https:\/\/x.com\/IGFAE_HEP"]},{"@type":"Person","@id":"https:\/\/igfae.usc.es\/igfae\/#\/schema\/person\/03238a787eb5532104d25835b57917be","name":"Elena Mora Cuesta","image":{"@type":"ImageObject","inLanguage":"gl-ES","@id":"https:\/\/secure.gravatar.com\/avatar\/af27da01b0197b45e65c5953d7bf96127f31ba13f9cfc71b2bcea6fa310d79c8?s=96&d=mm&r=g","url":"https:\/\/secure.gravatar.com\/avatar\/af27da01b0197b45e65c5953d7bf96127f31ba13f9cfc71b2bcea6fa310d79c8?s=96&d=mm&r=g","contentUrl":"https:\/\/secure.gravatar.com\/avatar\/af27da01b0197b45e65c5953d7bf96127f31ba13f9cfc71b2bcea6fa310d79c8?s=96&d=mm&r=g","caption":"Elena Mora Cuesta"},"url":"https:\/\/igfae.usc.es\/igfae\/author\/elena-mora-cuesta\/"}]}},"_links":{"self":[{"href":"https:\/\/igfae.usc.es\/igfae\/wp-json\/wp\/v2\/posts\/8526","targetHints":{"allow":["GET"]}}],"collection":[{"href":"https:\/\/igfae.usc.es\/igfae\/wp-json\/wp\/v2\/posts"}],"about":[{"href":"https:\/\/igfae.usc.es\/igfae\/wp-json\/wp\/v2\/types\/post"}],"author":[{"embeddable":true,"href":"https:\/\/igfae.usc.es\/igfae\/wp-json\/wp\/v2\/users\/7"}],"replies":[{"embeddable":true,"href":"https:\/\/igfae.usc.es\/igfae\/wp-json\/wp\/v2\/comments?post=8526"}],"version-history":[{"count":1,"href":"https:\/\/igfae.usc.es\/igfae\/wp-json\/wp\/v2\/posts\/8526\/revisions"}],"predecessor-version":[{"id":15528,"href":"https:\/\/igfae.usc.es\/igfae\/wp-json\/wp\/v2\/posts\/8526\/revisions\/15528"}],"wp:featuredmedia":[{"embeddable":true,"href":"https:\/\/igfae.usc.es\/igfae\/wp-json\/wp\/v2\/media\/8533"}],"wp:attachment":[{"href":"https:\/\/igfae.usc.es\/igfae\/wp-json\/wp\/v2\/media?parent=8526"}],"wp:term":[{"taxonomy":"category","embeddable":true,"href":"https:\/\/igfae.usc.es\/igfae\/wp-json\/wp\/v2\/categories?post=8526"}],"curies":[{"name":"wp","href":"https:\/\/api.w.org\/{rel}","templated":true}]}}