{"id":6317,"date":"2020-06-09T09:40:48","date_gmt":"2020-06-09T07:40:48","guid":{"rendered":"http:\/\/localhost:8888\/igfae-ber\/un-superordenador-para-o-cern-con-firma-galega\/"},"modified":"2024-04-12T14:22:56","modified_gmt":"2024-04-12T12:22:56","slug":"superordenador-para-o-cern-con-firma-galega","status":"publish","type":"post","link":"https:\/\/igfae.usc.es\/igfae\/superordenador-para-o-cern-con-firma-galega\/","title":{"rendered":"Un superordenador para o CERN con firma galega"},"content":{"rendered":"<p><b>A colaboraci\u00f3n LHCb aproba un prototipo de superordenador mais potente e eficiente que contou coa participaci\u00f3n do Instituto Galego de F\u00edsica de Altas Enerx\u00edas (IGFAE), centro mixto de la Universidad de Santiago de Compostela (USC) y la Xunta de Galicia. Unha vez construido, utilizarase pra procesar a enorme cantidade de datos que espera volver a tomar o experimento cando retome a s\u00faa actividade en 2021<\/b><\/p>\n<p><span style=\"font-weight: 400;\">O Gran Colisionador de Hadr\u00f3ns (LHC) do CERN e t\u00f3dolos seus experimentos est\u00e1n apagados dende finais de 2018 pra introducir unha serie de melloras que entrar\u00e1n en funcionamento no terceiro periodo, denominado Run 3, a partires de 2021. O LHCb, un dos seus experimentos, espera po\u00f1erse en marcha de novo e rexistrar\u00a0 mais colisi\u00f3ns\u00a0 por segundo, xerando unha enorme cantidade de datos que se \u00edan procesar\u00a0 cunha grande cantidade de CPUs. Mais varios cient\u00edficos do LHCb idearon unha alternativa m\u00e1is eficiente e con maior potencia de c\u00e1lculo, baseada en tarxetas gr\u00e1ficas (GPU), como as que se usan na industria dos videoxogos.<\/span><\/p>\n<p><span style=\"font-weight: 400;\">A proposta, liderada por Daniel C\u00e1mpora, de NIKHEF (Amsterdam, Pa\u00edses Baixos), e codirixida por Roel Aiij (NIKHEF) e Dorothea Von Bruch (Sorbonne, Par\u00eds),\u00a0 contou cunha contribuci\u00f3n importante dun equipo do IGFAE, composto por Alexandre Brea, Adri\u00e1n Casais, Xoan Mayo, Diego Mart\u00ednez Santos e Christopher Parkinson (actualmente investigador Marie Curie en Lovain , B\u00e9lxica). Para demostrar a viabilidade da proposta, constru\u00eduse un prototipo, aportado principalmente entre o equipo da USC e o de Sorbonne Universite.<\/span><\/p>\n<p><span style=\"font-weight: 400;\">O \u00e9xito das probas feitas no prototipo levou \u00e1 colaboraci\u00f3n LHCb a aprobar finalmente esta alternativa baseada en GPUs, debido \u00e1 s\u00faa maior potencia de c\u00e1lculo e o moito menor custo. Unha vez constru\u00eddo, este superordenador -bautizado como Allen, en honor a <\/span><span style=\"font-weight: 400;\">Frances Allen, inform\u00e1tica pioneira no campo de optimizar compiladores<\/span><span style=\"font-weight: 400;\">&#8211; alcanzar\u00e1 unha potencia de 6 PFLOPS, convert\u00edndose no mais potente do CERN,\u00a0 e probablemente entrando no top 50 mundial.<\/span><\/p>\n<p><span style=\"font-weight: 400;\">Mais informaci\u00f3n: <\/span><\/p>\n<p><i><span style=\"font-weight: 400;\">\u201cAllen: A high level trigger on GPUs for LHCb\u201d Comput. Softw. Big Sci.<\/span><\/i><span style=\"font-weight: 400;\"> 4 (2020) 1, 7.<br \/>\n<\/span><span style=\"font-weight: 400;\">DOI: <\/span><a href=\"https:\/\/doi.org\/10.1007\/s41781-020-00039-7\"><span style=\"font-weight: 400;\">10.1007\/s41781-020-00039-7<\/span><\/a><\/p>\n<p><a href=\"http:\/\/cds.cern.ch\/record\/2717938\/files\/LHCB-TDR-021.pdf\"><span style=\"font-weight: 400;\">\u201cUpgrade GPU High Level Trigger\u201d,\u00a0 CERN-LHCC-2020-006<\/span><\/a><\/p>\n<div id=\"attachment_6312\" style=\"width: 445px\" class=\"wp-caption aligncenter\"><a href=\"https:\/\/igfae.usc.es\/igfae\/wp-content\/uploads\/2020\/06\/Prototipo-Allen-2.jpg\"><img loading=\"lazy\" decoding=\"async\" aria-describedby=\"caption-attachment-6312\" class=\"size-full wp-image-6312\" src=\"https:\/\/igfae.usc.es\/igfae\/wp-content\/uploads\/2020\/06\/Prototipo-Allen-2.jpg\" alt=\"\" width=\"435\" height=\"494\" \/><\/a><p id=\"caption-attachment-6312\" class=\"wp-caption-text\">A foto mostra unha pequena parte do prototipo de Allen, instalado no CERN. O prototipo completo monta 10 unidades como a que se mostra na imaxe. Cr\u00e9dito. IGFAE.<\/p><\/div>\n","protected":false},"excerpt":{"rendered":"<p>A colaboraci\u00f3n LHCb aproba un prototipo de superordenador mais potente e eficiente que contou coa participaci\u00f3n do Instituto Galego de F\u00edsica de Altas Enerx\u00edas (IGFAE), centro mixto de la Universidad de Santiago de Compostela (USC) y la Xunta de Galicia. Unha vez construido, utilizarase pra procesar a enorme cantidade de datos que espera volver a [&hellip;]<\/p>\n","protected":false},"author":7,"featured_media":7052,"comment_status":"closed","ping_status":"closed","sticky":false,"template":"","format":"standard","meta":{"_acf_changed":false,"footnotes":""},"categories":[166,217],"class_list":["post-6317","post","type-post","status-publish","format-standard","has-post-thumbnail","hentry","category-novas-2","category-novas-cientificas-2"],"acf":[],"yoast_head":"<!-- This site is optimized with the Yoast SEO plugin v27.4 - https:\/\/yoast.com\/product\/yoast-seo-wordpress\/ -->\n<title>Un superordenador para o CERN con firma galega - IGFAE<\/title>\n<meta name=\"robots\" content=\"index, follow, max-snippet:-1, max-image-preview:large, max-video-preview:-1\" \/>\n<link rel=\"canonical\" href=\"https:\/\/igfae.usc.es\/igfae\/superordenador-para-o-cern-con-firma-galega\/\" \/>\n<meta property=\"og:locale\" content=\"gl_ES\" \/>\n<meta property=\"og:type\" content=\"article\" \/>\n<meta property=\"og:title\" content=\"Un superordenador para o CERN con firma galega - IGFAE\" \/>\n<meta property=\"og:description\" content=\"A colaboraci\u00f3n LHCb aproba un prototipo de superordenador mais potente e eficiente que contou coa participaci\u00f3n do Instituto Galego de F\u00edsica de Altas Enerx\u00edas (IGFAE), centro mixto de la Universidad de Santiago de Compostela (USC) y la Xunta de Galicia. Unha vez construido, utilizarase pra procesar a enorme cantidade de datos que espera volver a [&hellip;]\" \/>\n<meta property=\"og:url\" content=\"https:\/\/igfae.usc.es\/igfae\/superordenador-para-o-cern-con-firma-galega\/\" \/>\n<meta property=\"og:site_name\" content=\"IGFAE\" \/>\n<meta property=\"article:published_time\" content=\"2020-06-09T07:40:48+00:00\" \/>\n<meta property=\"article:modified_time\" content=\"2024-04-12T12:22:56+00:00\" \/>\n<meta property=\"og:image\" content=\"https:\/\/igfae.usc.es\/igfae\/wp-content\/uploads\/2020\/06\/Centro-datos-do-CERN-S-Bennett-CERN-1.jpg\" \/>\n\t<meta property=\"og:image:width\" content=\"1200\" \/>\n\t<meta property=\"og:image:height\" content=\"751\" \/>\n\t<meta property=\"og:image:type\" content=\"image\/jpeg\" \/>\n<meta name=\"author\" content=\"Elena Mora Cuesta\" \/>\n<meta name=\"twitter:card\" content=\"summary_large_image\" \/>\n<meta name=\"twitter:creator\" content=\"@IGFAE_HEP\" \/>\n<meta name=\"twitter:site\" content=\"@IGFAE_HEP\" \/>\n<meta name=\"twitter:label1\" content=\"Escrito por\" \/>\n\t<meta name=\"twitter:data1\" content=\"Elena Mora Cuesta\" \/>\n\t<meta name=\"twitter:label2\" content=\"Tempo de lectura\" \/>\n\t<meta name=\"twitter:data2\" content=\"2 minutos\" \/>\n<script type=\"application\/ld+json\" class=\"yoast-schema-graph\">{\"@context\":\"https:\\\/\\\/schema.org\",\"@graph\":[{\"@type\":\"Article\",\"@id\":\"https:\\\/\\\/igfae.usc.es\\\/igfae\\\/superordenador-para-o-cern-con-firma-galega\\\/#article\",\"isPartOf\":{\"@id\":\"https:\\\/\\\/igfae.usc.es\\\/igfae\\\/superordenador-para-o-cern-con-firma-galega\\\/\"},\"author\":{\"name\":\"Elena Mora Cuesta\",\"@id\":\"https:\\\/\\\/igfae.usc.es\\\/igfae\\\/#\\\/schema\\\/person\\\/03238a787eb5532104d25835b57917be\"},\"headline\":\"Un superordenador para o CERN con firma galega\",\"datePublished\":\"2020-06-09T07:40:48+00:00\",\"dateModified\":\"2024-04-12T12:22:56+00:00\",\"mainEntityOfPage\":{\"@id\":\"https:\\\/\\\/igfae.usc.es\\\/igfae\\\/superordenador-para-o-cern-con-firma-galega\\\/\"},\"wordCount\":402,\"publisher\":{\"@id\":\"https:\\\/\\\/igfae.usc.es\\\/igfae\\\/#organization\"},\"image\":{\"@id\":\"https:\\\/\\\/igfae.usc.es\\\/igfae\\\/superordenador-para-o-cern-con-firma-galega\\\/#primaryimage\"},\"thumbnailUrl\":\"https:\\\/\\\/igfae.usc.es\\\/igfae\\\/wp-content\\\/uploads\\\/2020\\\/06\\\/Centro-datos-do-CERN-S-Bennett-CERN-1.jpg\",\"articleSection\":[\"Novas\",\"Novas cient\u00edficas\"],\"inLanguage\":\"gl-ES\"},{\"@type\":\"WebPage\",\"@id\":\"https:\\\/\\\/igfae.usc.es\\\/igfae\\\/superordenador-para-o-cern-con-firma-galega\\\/\",\"url\":\"https:\\\/\\\/igfae.usc.es\\\/igfae\\\/superordenador-para-o-cern-con-firma-galega\\\/\",\"name\":\"Un superordenador para o CERN con firma galega - IGFAE\",\"isPartOf\":{\"@id\":\"https:\\\/\\\/igfae.usc.es\\\/igfae\\\/#website\"},\"primaryImageOfPage\":{\"@id\":\"https:\\\/\\\/igfae.usc.es\\\/igfae\\\/superordenador-para-o-cern-con-firma-galega\\\/#primaryimage\"},\"image\":{\"@id\":\"https:\\\/\\\/igfae.usc.es\\\/igfae\\\/superordenador-para-o-cern-con-firma-galega\\\/#primaryimage\"},\"thumbnailUrl\":\"https:\\\/\\\/igfae.usc.es\\\/igfae\\\/wp-content\\\/uploads\\\/2020\\\/06\\\/Centro-datos-do-CERN-S-Bennett-CERN-1.jpg\",\"datePublished\":\"2020-06-09T07:40:48+00:00\",\"dateModified\":\"2024-04-12T12:22:56+00:00\",\"breadcrumb\":{\"@id\":\"https:\\\/\\\/igfae.usc.es\\\/igfae\\\/superordenador-para-o-cern-con-firma-galega\\\/#breadcrumb\"},\"inLanguage\":\"gl-ES\",\"potentialAction\":[{\"@type\":\"ReadAction\",\"target\":[\"https:\\\/\\\/igfae.usc.es\\\/igfae\\\/superordenador-para-o-cern-con-firma-galega\\\/\"]}]},{\"@type\":\"ImageObject\",\"inLanguage\":\"gl-ES\",\"@id\":\"https:\\\/\\\/igfae.usc.es\\\/igfae\\\/superordenador-para-o-cern-con-firma-galega\\\/#primaryimage\",\"url\":\"https:\\\/\\\/igfae.usc.es\\\/igfae\\\/wp-content\\\/uploads\\\/2020\\\/06\\\/Centro-datos-do-CERN-S-Bennett-CERN-1.jpg\",\"contentUrl\":\"https:\\\/\\\/igfae.usc.es\\\/igfae\\\/wp-content\\\/uploads\\\/2020\\\/06\\\/Centro-datos-do-CERN-S-Bennett-CERN-1.jpg\",\"width\":1200,\"height\":751},{\"@type\":\"BreadcrumbList\",\"@id\":\"https:\\\/\\\/igfae.usc.es\\\/igfae\\\/superordenador-para-o-cern-con-firma-galega\\\/#breadcrumb\",\"itemListElement\":[{\"@type\":\"ListItem\",\"position\":1,\"name\":\"Inicio\",\"item\":\"https:\\\/\\\/igfae.usc.es\\\/igfae\\\/\"},{\"@type\":\"ListItem\",\"position\":2,\"name\":\"Un superordenador para o CERN con firma galega\"}]},{\"@type\":\"WebSite\",\"@id\":\"https:\\\/\\\/igfae.usc.es\\\/igfae\\\/#website\",\"url\":\"https:\\\/\\\/igfae.usc.es\\\/igfae\\\/\",\"name\":\"IGFAE\",\"description\":\"Instituto Galego de F\u00edsica de Altas Enerx\u00edas\",\"publisher\":{\"@id\":\"https:\\\/\\\/igfae.usc.es\\\/igfae\\\/#organization\"},\"potentialAction\":[{\"@type\":\"SearchAction\",\"target\":{\"@type\":\"EntryPoint\",\"urlTemplate\":\"https:\\\/\\\/igfae.usc.es\\\/igfae\\\/?s={search_term_string}\"},\"query-input\":{\"@type\":\"PropertyValueSpecification\",\"valueRequired\":true,\"valueName\":\"search_term_string\"}}],\"inLanguage\":\"gl-ES\"},{\"@type\":\"Organization\",\"@id\":\"https:\\\/\\\/igfae.usc.es\\\/igfae\\\/#organization\",\"name\":\"Instituto Galego de F\u00edsica de Altas Enerx\u00edas\",\"url\":\"https:\\\/\\\/igfae.usc.es\\\/igfae\\\/\",\"logo\":{\"@type\":\"ImageObject\",\"inLanguage\":\"gl-ES\",\"@id\":\"https:\\\/\\\/igfae.usc.es\\\/igfae\\\/#\\\/schema\\\/logo\\\/image\\\/\",\"url\":\"https:\\\/\\\/igfae.usc.es\\\/igfae\\\/wp-content\\\/uploads\\\/2025\\\/04\\\/seo-igfae.jpg\",\"contentUrl\":\"https:\\\/\\\/igfae.usc.es\\\/igfae\\\/wp-content\\\/uploads\\\/2025\\\/04\\\/seo-igfae.jpg\",\"width\":1920,\"height\":1280,\"caption\":\"Instituto Galego de F\u00edsica de Altas Enerx\u00edas\"},\"image\":{\"@id\":\"https:\\\/\\\/igfae.usc.es\\\/igfae\\\/#\\\/schema\\\/logo\\\/image\\\/\"},\"sameAs\":[\"https:\\\/\\\/x.com\\\/IGFAE_HEP\"]},{\"@type\":\"Person\",\"@id\":\"https:\\\/\\\/igfae.usc.es\\\/igfae\\\/#\\\/schema\\\/person\\\/03238a787eb5532104d25835b57917be\",\"name\":\"Elena Mora Cuesta\",\"image\":{\"@type\":\"ImageObject\",\"inLanguage\":\"gl-ES\",\"@id\":\"https:\\\/\\\/secure.gravatar.com\\\/avatar\\\/af27da01b0197b45e65c5953d7bf96127f31ba13f9cfc71b2bcea6fa310d79c8?s=96&d=mm&r=g\",\"url\":\"https:\\\/\\\/secure.gravatar.com\\\/avatar\\\/af27da01b0197b45e65c5953d7bf96127f31ba13f9cfc71b2bcea6fa310d79c8?s=96&d=mm&r=g\",\"contentUrl\":\"https:\\\/\\\/secure.gravatar.com\\\/avatar\\\/af27da01b0197b45e65c5953d7bf96127f31ba13f9cfc71b2bcea6fa310d79c8?s=96&d=mm&r=g\",\"caption\":\"Elena Mora Cuesta\"},\"url\":\"https:\\\/\\\/igfae.usc.es\\\/igfae\\\/author\\\/elena-mora-cuesta\\\/\"}]}<\/script>\n<!-- \/ Yoast SEO plugin. -->","yoast_head_json":{"title":"Un superordenador para o CERN con firma galega - IGFAE","robots":{"index":"index","follow":"follow","max-snippet":"max-snippet:-1","max-image-preview":"max-image-preview:large","max-video-preview":"max-video-preview:-1"},"canonical":"https:\/\/igfae.usc.es\/igfae\/superordenador-para-o-cern-con-firma-galega\/","og_locale":"gl_ES","og_type":"article","og_title":"Un superordenador para o CERN con firma galega - IGFAE","og_description":"A colaboraci\u00f3n LHCb aproba un prototipo de superordenador mais potente e eficiente que contou coa participaci\u00f3n do Instituto Galego de F\u00edsica de Altas Enerx\u00edas (IGFAE), centro mixto de la Universidad de Santiago de Compostela (USC) y la Xunta de Galicia. Unha vez construido, utilizarase pra procesar a enorme cantidade de datos que espera volver a [&hellip;]","og_url":"https:\/\/igfae.usc.es\/igfae\/superordenador-para-o-cern-con-firma-galega\/","og_site_name":"IGFAE","article_published_time":"2020-06-09T07:40:48+00:00","article_modified_time":"2024-04-12T12:22:56+00:00","og_image":[{"width":1200,"height":751,"url":"https:\/\/igfae.usc.es\/igfae\/wp-content\/uploads\/2020\/06\/Centro-datos-do-CERN-S-Bennett-CERN-1.jpg","type":"image\/jpeg"}],"author":"Elena Mora Cuesta","twitter_card":"summary_large_image","twitter_creator":"@IGFAE_HEP","twitter_site":"@IGFAE_HEP","twitter_misc":{"Escrito por":"Elena Mora Cuesta","Tempo de lectura":"2 minutos"},"schema":{"@context":"https:\/\/schema.org","@graph":[{"@type":"Article","@id":"https:\/\/igfae.usc.es\/igfae\/superordenador-para-o-cern-con-firma-galega\/#article","isPartOf":{"@id":"https:\/\/igfae.usc.es\/igfae\/superordenador-para-o-cern-con-firma-galega\/"},"author":{"name":"Elena Mora Cuesta","@id":"https:\/\/igfae.usc.es\/igfae\/#\/schema\/person\/03238a787eb5532104d25835b57917be"},"headline":"Un superordenador para o CERN con firma galega","datePublished":"2020-06-09T07:40:48+00:00","dateModified":"2024-04-12T12:22:56+00:00","mainEntityOfPage":{"@id":"https:\/\/igfae.usc.es\/igfae\/superordenador-para-o-cern-con-firma-galega\/"},"wordCount":402,"publisher":{"@id":"https:\/\/igfae.usc.es\/igfae\/#organization"},"image":{"@id":"https:\/\/igfae.usc.es\/igfae\/superordenador-para-o-cern-con-firma-galega\/#primaryimage"},"thumbnailUrl":"https:\/\/igfae.usc.es\/igfae\/wp-content\/uploads\/2020\/06\/Centro-datos-do-CERN-S-Bennett-CERN-1.jpg","articleSection":["Novas","Novas cient\u00edficas"],"inLanguage":"gl-ES"},{"@type":"WebPage","@id":"https:\/\/igfae.usc.es\/igfae\/superordenador-para-o-cern-con-firma-galega\/","url":"https:\/\/igfae.usc.es\/igfae\/superordenador-para-o-cern-con-firma-galega\/","name":"Un superordenador para o CERN con firma galega - IGFAE","isPartOf":{"@id":"https:\/\/igfae.usc.es\/igfae\/#website"},"primaryImageOfPage":{"@id":"https:\/\/igfae.usc.es\/igfae\/superordenador-para-o-cern-con-firma-galega\/#primaryimage"},"image":{"@id":"https:\/\/igfae.usc.es\/igfae\/superordenador-para-o-cern-con-firma-galega\/#primaryimage"},"thumbnailUrl":"https:\/\/igfae.usc.es\/igfae\/wp-content\/uploads\/2020\/06\/Centro-datos-do-CERN-S-Bennett-CERN-1.jpg","datePublished":"2020-06-09T07:40:48+00:00","dateModified":"2024-04-12T12:22:56+00:00","breadcrumb":{"@id":"https:\/\/igfae.usc.es\/igfae\/superordenador-para-o-cern-con-firma-galega\/#breadcrumb"},"inLanguage":"gl-ES","potentialAction":[{"@type":"ReadAction","target":["https:\/\/igfae.usc.es\/igfae\/superordenador-para-o-cern-con-firma-galega\/"]}]},{"@type":"ImageObject","inLanguage":"gl-ES","@id":"https:\/\/igfae.usc.es\/igfae\/superordenador-para-o-cern-con-firma-galega\/#primaryimage","url":"https:\/\/igfae.usc.es\/igfae\/wp-content\/uploads\/2020\/06\/Centro-datos-do-CERN-S-Bennett-CERN-1.jpg","contentUrl":"https:\/\/igfae.usc.es\/igfae\/wp-content\/uploads\/2020\/06\/Centro-datos-do-CERN-S-Bennett-CERN-1.jpg","width":1200,"height":751},{"@type":"BreadcrumbList","@id":"https:\/\/igfae.usc.es\/igfae\/superordenador-para-o-cern-con-firma-galega\/#breadcrumb","itemListElement":[{"@type":"ListItem","position":1,"name":"Inicio","item":"https:\/\/igfae.usc.es\/igfae\/"},{"@type":"ListItem","position":2,"name":"Un superordenador para o CERN con firma galega"}]},{"@type":"WebSite","@id":"https:\/\/igfae.usc.es\/igfae\/#website","url":"https:\/\/igfae.usc.es\/igfae\/","name":"IGFAE","description":"Instituto Galego de F\u00edsica de Altas Enerx\u00edas","publisher":{"@id":"https:\/\/igfae.usc.es\/igfae\/#organization"},"potentialAction":[{"@type":"SearchAction","target":{"@type":"EntryPoint","urlTemplate":"https:\/\/igfae.usc.es\/igfae\/?s={search_term_string}"},"query-input":{"@type":"PropertyValueSpecification","valueRequired":true,"valueName":"search_term_string"}}],"inLanguage":"gl-ES"},{"@type":"Organization","@id":"https:\/\/igfae.usc.es\/igfae\/#organization","name":"Instituto Galego de F\u00edsica de Altas Enerx\u00edas","url":"https:\/\/igfae.usc.es\/igfae\/","logo":{"@type":"ImageObject","inLanguage":"gl-ES","@id":"https:\/\/igfae.usc.es\/igfae\/#\/schema\/logo\/image\/","url":"https:\/\/igfae.usc.es\/igfae\/wp-content\/uploads\/2025\/04\/seo-igfae.jpg","contentUrl":"https:\/\/igfae.usc.es\/igfae\/wp-content\/uploads\/2025\/04\/seo-igfae.jpg","width":1920,"height":1280,"caption":"Instituto Galego de F\u00edsica de Altas Enerx\u00edas"},"image":{"@id":"https:\/\/igfae.usc.es\/igfae\/#\/schema\/logo\/image\/"},"sameAs":["https:\/\/x.com\/IGFAE_HEP"]},{"@type":"Person","@id":"https:\/\/igfae.usc.es\/igfae\/#\/schema\/person\/03238a787eb5532104d25835b57917be","name":"Elena Mora Cuesta","image":{"@type":"ImageObject","inLanguage":"gl-ES","@id":"https:\/\/secure.gravatar.com\/avatar\/af27da01b0197b45e65c5953d7bf96127f31ba13f9cfc71b2bcea6fa310d79c8?s=96&d=mm&r=g","url":"https:\/\/secure.gravatar.com\/avatar\/af27da01b0197b45e65c5953d7bf96127f31ba13f9cfc71b2bcea6fa310d79c8?s=96&d=mm&r=g","contentUrl":"https:\/\/secure.gravatar.com\/avatar\/af27da01b0197b45e65c5953d7bf96127f31ba13f9cfc71b2bcea6fa310d79c8?s=96&d=mm&r=g","caption":"Elena Mora Cuesta"},"url":"https:\/\/igfae.usc.es\/igfae\/author\/elena-mora-cuesta\/"}]}},"_links":{"self":[{"href":"https:\/\/igfae.usc.es\/igfae\/wp-json\/wp\/v2\/posts\/6317","targetHints":{"allow":["GET"]}}],"collection":[{"href":"https:\/\/igfae.usc.es\/igfae\/wp-json\/wp\/v2\/posts"}],"about":[{"href":"https:\/\/igfae.usc.es\/igfae\/wp-json\/wp\/v2\/types\/post"}],"author":[{"embeddable":true,"href":"https:\/\/igfae.usc.es\/igfae\/wp-json\/wp\/v2\/users\/7"}],"replies":[{"embeddable":true,"href":"https:\/\/igfae.usc.es\/igfae\/wp-json\/wp\/v2\/comments?post=6317"}],"version-history":[{"count":1,"href":"https:\/\/igfae.usc.es\/igfae\/wp-json\/wp\/v2\/posts\/6317\/revisions"}],"predecessor-version":[{"id":15440,"href":"https:\/\/igfae.usc.es\/igfae\/wp-json\/wp\/v2\/posts\/6317\/revisions\/15440"}],"wp:featuredmedia":[{"embeddable":true,"href":"https:\/\/igfae.usc.es\/igfae\/wp-json\/wp\/v2\/media\/7052"}],"wp:attachment":[{"href":"https:\/\/igfae.usc.es\/igfae\/wp-json\/wp\/v2\/media?parent=6317"}],"wp:term":[{"taxonomy":"category","embeddable":true,"href":"https:\/\/igfae.usc.es\/igfae\/wp-json\/wp\/v2\/categories?post=6317"}],"curies":[{"name":"wp","href":"https:\/\/api.w.org\/{rel}","templated":true}]}}