{"id":4877,"date":"2019-11-12T11:06:53","date_gmt":"2019-11-12T10:06:53","guid":{"rendered":"http:\/\/localhost:8888\/igfae-ber\/a-arte-e-ciencia-protagonizan-a-segunda-xornada-da-semana-da-ciencia-con-agnez-mocsy\/"},"modified":"2024-04-12T14:22:46","modified_gmt":"2024-04-12T12:22:46","slug":"arte-ciencia-mocsy","status":"publish","type":"post","link":"https:\/\/igfae.usc.es\/igfae\/arte-ciencia-mocsy\/","title":{"rendered":"Arte e ciencia protagonizan a segunda xornada da Semana da Ciencia con \u00c1gnes M\u00f3csy"},"content":{"rendered":"<p>Que inesperada relaci\u00f3n comparten a f\u00edsica e as artes? Desc\u00fabreo hoxe (20h) no <a href=\"https:\/\/www.facebook.com\/CGACSantiago\/?__tn__=K-R&amp;eid=ARCMeemfMuOivgsdrergC3Tzl7lSMguLJ2zhAiL91oak7T_aGGRldH1gFP_NW5wXlPW7mKpVwCju8e7y&amp;fref=mentions&amp;__xts__%5B0%5D=68.ARAg96U4_BfpG2x0b5fwuZ2zdY9xIJW0zvapOJwtMLOdb_2TYYGI3mKl93a6lO_FhzXxdOiKKPOSiqRka_punoILb7YN7dYYF14UFZaqGia4xpU0eLB-CalF3cQjMr2-PZk19O4wQJccxl0sF5-MUlKHJQzORC4OtdfOZ876mNCXxfqHsQ3mEfdlRZ-SEW0TOULAY2NGBXsWQMGOzOP2LrC19lhs2aib2c58mLLeSrQ2BXoYVlxtRiUJKakTxWtvFgoTCLMpForswQ2IBjBNSBzbkUlP4cl4WjgkBiU13I_uLK9tWym-xvQIlUmZowlpUKccU1wCG6zG-c2gGpyk1ucwYA\" data-hovercard=\"\/ajax\/hovercard\/page.php?id=127628700606027&amp;extragetparams=%7B%22__tn__%22%3A%22%2CdK-R-R%22%2C%22eid%22%3A%22ARCMeemfMuOivgsdrergC3Tzl7lSMguLJ2zhAiL91oak7T_aGGRldH1gFP_NW5wXlPW7mKpVwCju8e7y%22%2C%22fref%22%3A%22mentions%22%7D\" data-hovercard-prefer-more-content-show=\"1\">CGAC (Centro Galego de Arte Contempor\u00e1nea)<\/a> durante a conferencia &#8220;F\u00edsica en concerto coas artes&#8221; a cargo de \u00c1gnes M\u00f3csy, f\u00edsica te\u00f3rica h\u00fangara-estadounidense, membro da <a href=\"https:\/\/www.facebook.com\/apsphysics\/?__tn__=K-R&amp;eid=ARCoU6hcODeuktorFVrAy6S3xpfqhCuBIsjNdo_i4IJmW7K3ktqugIME53x8_DihwtjIe6ABUE7PpB5p&amp;fref=mentions&amp;__xts__%5B0%5D=68.ARAg96U4_BfpG2x0b5fwuZ2zdY9xIJW0zvapOJwtMLOdb_2TYYGI3mKl93a6lO_FhzXxdOiKKPOSiqRka_punoILb7YN7dYYF14UFZaqGia4xpU0eLB-CalF3cQjMr2-PZk19O4wQJccxl0sF5-MUlKHJQzORC4OtdfOZ876mNCXxfqHsQ3mEfdlRZ-SEW0TOULAY2NGBXsWQMGOzOP2LrC19lhs2aib2c58mLLeSrQ2BXoYVlxtRiUJKakTxWtvFgoTCLMpForswQ2IBjBNSBzbkUlP4cl4WjgkBiU13I_uLK9tWym-xvQIlUmZowlpUKccU1wCG6zG-c2gGpyk1ucwYA\" data-hovercard=\"\/ajax\/hovercard\/page.php?id=55051907951&amp;extragetparams=%7B%22__tn__%22%3A%22%2CdK-R-R%22%2C%22eid%22%3A%22ARCoU6hcODeuktorFVrAy6S3xpfqhCuBIsjNdo_i4IJmW7K3ktqugIME53x8_DihwtjIe6ABUE7PpB5p%22%2C%22fref%22%3A%22mentions%22%7D\" data-hovercard-prefer-more-content-show=\"1\">APS Physics<\/a>, \u00e9 profesora visitante no Departamento de F\u00edsica da\u00a0<a href=\"https:\/\/www.facebook.com\/YaleUniversity\/?__tn__=K-R&amp;eid=ARD1ccGe-gF7fja1fI7hz8XeiZesYTbDsx7sbk5-JhU6k2BMwxXl5V7Q81L4-EYgCgQp_chjPfSL7Fcn&amp;fref=mentions&amp;__xts__%5B0%5D=68.ARAg96U4_BfpG2x0b5fwuZ2zdY9xIJW0zvapOJwtMLOdb_2TYYGI3mKl93a6lO_FhzXxdOiKKPOSiqRka_punoILb7YN7dYYF14UFZaqGia4xpU0eLB-CalF3cQjMr2-PZk19O4wQJccxl0sF5-MUlKHJQzORC4OtdfOZ876mNCXxfqHsQ3mEfdlRZ-SEW0TOULAY2NGBXsWQMGOzOP2LrC19lhs2aib2c58mLLeSrQ2BXoYVlxtRiUJKakTxWtvFgoTCLMpForswQ2IBjBNSBzbkUlP4cl4WjgkBiU13I_uLK9tWym-xvQIlUmZowlpUKccU1wCG6zG-c2gGpyk1ucwYA\" data-hovercard=\"\/ajax\/hovercard\/page.php?id=374809010319&amp;extragetparams=%7B%22__tn__%22%3A%22%2CdK-R-R%22%2C%22eid%22%3A%22ARD1ccGe-gF7fja1fI7hz8XeiZesYTbDsx7sbk5-JhU6k2BMwxXl5V7Q81L4-EYgCgQp_chjPfSL7Fcn%22%2C%22fref%22%3A%22mentions%22%7D\" data-hovercard-prefer-more-content-show=\"1\">Yale University<\/a>\u00a0e catedr\u00e1tica no\u00a0<a href=\"https:\/\/www.facebook.com\/PrattInstitute\/?__tn__=K-R&amp;eid=ARAT10IINgbXJOX9y4WMwNHJyA5nmSKoqvAvJyLq7UahqWoW7Vi4ecq1Ernuy1Om1FpQGUnxq3eUCWL8&amp;fref=mentions&amp;__xts__%5B0%5D=68.ARAg96U4_BfpG2x0b5fwuZ2zdY9xIJW0zvapOJwtMLOdb_2TYYGI3mKl93a6lO_FhzXxdOiKKPOSiqRka_punoILb7YN7dYYF14UFZaqGia4xpU0eLB-CalF3cQjMr2-PZk19O4wQJccxl0sF5-MUlKHJQzORC4OtdfOZ876mNCXxfqHsQ3mEfdlRZ-SEW0TOULAY2NGBXsWQMGOzOP2LrC19lhs2aib2c58mLLeSrQ2BXoYVlxtRiUJKakTxWtvFgoTCLMpForswQ2IBjBNSBzbkUlP4cl4WjgkBiU13I_uLK9tWym-xvQIlUmZowlpUKccU1wCG6zG-c2gGpyk1ucwYA\" data-hovercard=\"\/ajax\/hovercard\/page.php?id=193322907396239&amp;extragetparams=%7B%22__tn__%22%3A%22%2CdK-R-R%22%2C%22eid%22%3A%22ARAT10IINgbXJOX9y4WMwNHJyA5nmSKoqvAvJyLq7UahqWoW7Vi4ecq1Ernuy1Om1FpQGUnxq3eUCWL8%22%2C%22fref%22%3A%22mentions%22%7D\" data-hovercard-prefer-more-content-show=\"1\">Pratt Institute<\/a>\u00a0de Brooklyn,en Nova York.<\/p>\n<p>Partindo da frecuente dicotom\u00eda arte-ciencia, nesta conferencia, que\u00a0se enmarca dentro da <a href=\"http:\/\/localhost:8888\/igfae-ber\/gl\/ii-semana-ciencia-igfae\/\">II Semana da Ciencia do IGFAE,<\/a> M\u00f3csy explorar\u00e1 a complexa e \u00e1s veces inesperada relaci\u00f3n que comparten a f\u00edsica e as artes. Unha abordaxe elaborada desta conexi\u00f3n brinda oportunidades para novas e m\u00e1is ricas formas narrativas sobre a ciencia, as\u00ed como enfoques educativos pouco convencionais.<\/p>\n<p>Carlos Salgado, director do IGFAE e profesor da USC, e Santiago Olmo, director do CGAC, realizar\u00e1n a presentaci\u00f3n e moderar\u00e1n o debate.<\/p>\n<p>De 20.00 a 21.00 horas<br \/>\nEntrada gratu\u00edta ata completar as localidades.<br \/>\nTraduci\u00f3n simult\u00e1nea do ingl\u00e9s.<\/p>\n","protected":false},"excerpt":{"rendered":"<p>Que inesperada relaci\u00f3n comparten a f\u00edsica e as artes? Desc\u00fabreo hoxe (20h) no CGAC (Centro Galego de Arte Contempor\u00e1nea) durante a conferencia &#8220;F\u00edsica en concerto coas artes&#8221; a cargo de \u00c1gnes M\u00f3csy, f\u00edsica te\u00f3rica h\u00fangara-estadounidense, membro da APS Physics, \u00e9 profesora visitante no Departamento de F\u00edsica da\u00a0Yale University\u00a0e catedr\u00e1tica no\u00a0Pratt Institute\u00a0de Brooklyn,en Nova York. Partindo [&hellip;]<\/p>\n","protected":false},"author":7,"featured_media":4874,"comment_status":"closed","ping_status":"closed","sticky":false,"template":"","format":"standard","meta":{"_acf_changed":false,"footnotes":""},"categories":[192,166,37],"class_list":["post-4877","post","type-post","status-publish","format-standard","has-post-thumbnail","hentry","category-artlab-gl-2","category-novas-2","category-quanto-de-diversidade"],"acf":[],"yoast_head":"<!-- This site is optimized with the Yoast SEO plugin v27.4 - https:\/\/yoast.com\/product\/yoast-seo-wordpress\/ -->\n<title>Arte e ciencia protagonizan a segunda xornada da Semana da Ciencia con \u00c1gnes M\u00f3csy - IGFAE<\/title>\n<meta name=\"robots\" content=\"index, follow, max-snippet:-1, max-image-preview:large, max-video-preview:-1\" \/>\n<link rel=\"canonical\" href=\"https:\/\/igfae.usc.es\/igfae\/arte-ciencia-mocsy\/\" \/>\n<meta property=\"og:locale\" content=\"gl_ES\" \/>\n<meta property=\"og:type\" content=\"article\" \/>\n<meta property=\"og:title\" content=\"Arte e ciencia protagonizan a segunda xornada da Semana da Ciencia con \u00c1gnes M\u00f3csy - IGFAE\" \/>\n<meta property=\"og:description\" content=\"Que inesperada relaci\u00f3n comparten a f\u00edsica e as artes? Desc\u00fabreo hoxe (20h) no CGAC (Centro Galego de Arte Contempor\u00e1nea) durante a conferencia &#8220;F\u00edsica en concerto coas artes&#8221; a cargo de \u00c1gnes M\u00f3csy, f\u00edsica te\u00f3rica h\u00fangara-estadounidense, membro da APS Physics, \u00e9 profesora visitante no Departamento de F\u00edsica da\u00a0Yale University\u00a0e catedr\u00e1tica no\u00a0Pratt Institute\u00a0de Brooklyn,en Nova York. Partindo [&hellip;]\" \/>\n<meta property=\"og:url\" content=\"https:\/\/igfae.usc.es\/igfae\/arte-ciencia-mocsy\/\" \/>\n<meta property=\"og:site_name\" content=\"IGFAE\" \/>\n<meta property=\"article:published_time\" content=\"2019-11-12T10:06:53+00:00\" \/>\n<meta property=\"article:modified_time\" content=\"2024-04-12T12:22:46+00:00\" \/>\n<meta property=\"og:image\" content=\"https:\/\/igfae.usc.es\/igfae\/wp-content\/uploads\/2019\/11\/dbde9e_d02431fb53b947ff856e750b3e4cc2d3-3.jpg\" \/>\n\t<meta property=\"og:image:width\" content=\"443\" \/>\n\t<meta property=\"og:image:height\" content=\"427\" \/>\n\t<meta property=\"og:image:type\" content=\"image\/jpeg\" \/>\n<meta name=\"author\" content=\"Elena Mora Cuesta\" \/>\n<meta name=\"twitter:card\" content=\"summary_large_image\" \/>\n<meta name=\"twitter:creator\" content=\"@IGFAE_HEP\" \/>\n<meta name=\"twitter:site\" content=\"@IGFAE_HEP\" \/>\n<meta name=\"twitter:label1\" content=\"Escrito por\" \/>\n\t<meta name=\"twitter:data1\" content=\"Elena Mora Cuesta\" \/>\n\t<meta name=\"twitter:label2\" content=\"Tempo de lectura\" \/>\n\t<meta name=\"twitter:data2\" content=\"1 minuto\" \/>\n<script type=\"application\/ld+json\" class=\"yoast-schema-graph\">{\"@context\":\"https:\\\/\\\/schema.org\",\"@graph\":[{\"@type\":\"Article\",\"@id\":\"https:\\\/\\\/igfae.usc.es\\\/igfae\\\/arte-ciencia-mocsy\\\/#article\",\"isPartOf\":{\"@id\":\"https:\\\/\\\/igfae.usc.es\\\/igfae\\\/arte-ciencia-mocsy\\\/\"},\"author\":{\"name\":\"Elena Mora Cuesta\",\"@id\":\"https:\\\/\\\/igfae.usc.es\\\/igfae\\\/#\\\/schema\\\/person\\\/03238a787eb5532104d25835b57917be\"},\"headline\":\"Arte e ciencia protagonizan a segunda xornada da Semana da Ciencia con \u00c1gnes M\u00f3csy\",\"datePublished\":\"2019-11-12T10:06:53+00:00\",\"dateModified\":\"2024-04-12T12:22:46+00:00\",\"mainEntityOfPage\":{\"@id\":\"https:\\\/\\\/igfae.usc.es\\\/igfae\\\/arte-ciencia-mocsy\\\/\"},\"wordCount\":189,\"publisher\":{\"@id\":\"https:\\\/\\\/igfae.usc.es\\\/igfae\\\/#organization\"},\"image\":{\"@id\":\"https:\\\/\\\/igfae.usc.es\\\/igfae\\\/arte-ciencia-mocsy\\\/#primaryimage\"},\"thumbnailUrl\":\"https:\\\/\\\/igfae.usc.es\\\/igfae\\\/wp-content\\\/uploads\\\/2019\\\/11\\\/dbde9e_d02431fb53b947ff856e750b3e4cc2d3-3.jpg\",\"keywords\":[\"science week 2019\"],\"articleSection\":[\"ArtLab\",\"Novas\",\"Quanto de diversidade\"],\"inLanguage\":\"gl-ES\"},{\"@type\":\"WebPage\",\"@id\":\"https:\\\/\\\/igfae.usc.es\\\/igfae\\\/arte-ciencia-mocsy\\\/\",\"url\":\"https:\\\/\\\/igfae.usc.es\\\/igfae\\\/arte-ciencia-mocsy\\\/\",\"name\":\"Arte e ciencia protagonizan a segunda xornada da Semana da Ciencia con \u00c1gnes M\u00f3csy - IGFAE\",\"isPartOf\":{\"@id\":\"https:\\\/\\\/igfae.usc.es\\\/igfae\\\/#website\"},\"primaryImageOfPage\":{\"@id\":\"https:\\\/\\\/igfae.usc.es\\\/igfae\\\/arte-ciencia-mocsy\\\/#primaryimage\"},\"image\":{\"@id\":\"https:\\\/\\\/igfae.usc.es\\\/igfae\\\/arte-ciencia-mocsy\\\/#primaryimage\"},\"thumbnailUrl\":\"https:\\\/\\\/igfae.usc.es\\\/igfae\\\/wp-content\\\/uploads\\\/2019\\\/11\\\/dbde9e_d02431fb53b947ff856e750b3e4cc2d3-3.jpg\",\"datePublished\":\"2019-11-12T10:06:53+00:00\",\"dateModified\":\"2024-04-12T12:22:46+00:00\",\"breadcrumb\":{\"@id\":\"https:\\\/\\\/igfae.usc.es\\\/igfae\\\/arte-ciencia-mocsy\\\/#breadcrumb\"},\"inLanguage\":\"gl-ES\",\"potentialAction\":[{\"@type\":\"ReadAction\",\"target\":[\"https:\\\/\\\/igfae.usc.es\\\/igfae\\\/arte-ciencia-mocsy\\\/\"]}]},{\"@type\":\"ImageObject\",\"inLanguage\":\"gl-ES\",\"@id\":\"https:\\\/\\\/igfae.usc.es\\\/igfae\\\/arte-ciencia-mocsy\\\/#primaryimage\",\"url\":\"https:\\\/\\\/igfae.usc.es\\\/igfae\\\/wp-content\\\/uploads\\\/2019\\\/11\\\/dbde9e_d02431fb53b947ff856e750b3e4cc2d3-3.jpg\",\"contentUrl\":\"https:\\\/\\\/igfae.usc.es\\\/igfae\\\/wp-content\\\/uploads\\\/2019\\\/11\\\/dbde9e_d02431fb53b947ff856e750b3e4cc2d3-3.jpg\",\"width\":443,\"height\":427},{\"@type\":\"BreadcrumbList\",\"@id\":\"https:\\\/\\\/igfae.usc.es\\\/igfae\\\/arte-ciencia-mocsy\\\/#breadcrumb\",\"itemListElement\":[{\"@type\":\"ListItem\",\"position\":1,\"name\":\"Inicio\",\"item\":\"https:\\\/\\\/igfae.usc.es\\\/igfae\\\/\"},{\"@type\":\"ListItem\",\"position\":2,\"name\":\"Arte e ciencia protagonizan a segunda xornada da Semana da Ciencia con \u00c1gnes M\u00f3csy\"}]},{\"@type\":\"WebSite\",\"@id\":\"https:\\\/\\\/igfae.usc.es\\\/igfae\\\/#website\",\"url\":\"https:\\\/\\\/igfae.usc.es\\\/igfae\\\/\",\"name\":\"IGFAE\",\"description\":\"Instituto Galego de F\u00edsica de Altas Enerx\u00edas\",\"publisher\":{\"@id\":\"https:\\\/\\\/igfae.usc.es\\\/igfae\\\/#organization\"},\"potentialAction\":[{\"@type\":\"SearchAction\",\"target\":{\"@type\":\"EntryPoint\",\"urlTemplate\":\"https:\\\/\\\/igfae.usc.es\\\/igfae\\\/?s={search_term_string}\"},\"query-input\":{\"@type\":\"PropertyValueSpecification\",\"valueRequired\":true,\"valueName\":\"search_term_string\"}}],\"inLanguage\":\"gl-ES\"},{\"@type\":\"Organization\",\"@id\":\"https:\\\/\\\/igfae.usc.es\\\/igfae\\\/#organization\",\"name\":\"Instituto Galego de F\u00edsica de Altas Enerx\u00edas\",\"url\":\"https:\\\/\\\/igfae.usc.es\\\/igfae\\\/\",\"logo\":{\"@type\":\"ImageObject\",\"inLanguage\":\"gl-ES\",\"@id\":\"https:\\\/\\\/igfae.usc.es\\\/igfae\\\/#\\\/schema\\\/logo\\\/image\\\/\",\"url\":\"https:\\\/\\\/igfae.usc.es\\\/igfae\\\/wp-content\\\/uploads\\\/2025\\\/04\\\/seo-igfae.jpg\",\"contentUrl\":\"https:\\\/\\\/igfae.usc.es\\\/igfae\\\/wp-content\\\/uploads\\\/2025\\\/04\\\/seo-igfae.jpg\",\"width\":1920,\"height\":1280,\"caption\":\"Instituto Galego de F\u00edsica de Altas Enerx\u00edas\"},\"image\":{\"@id\":\"https:\\\/\\\/igfae.usc.es\\\/igfae\\\/#\\\/schema\\\/logo\\\/image\\\/\"},\"sameAs\":[\"https:\\\/\\\/x.com\\\/IGFAE_HEP\"]},{\"@type\":\"Person\",\"@id\":\"https:\\\/\\\/igfae.usc.es\\\/igfae\\\/#\\\/schema\\\/person\\\/03238a787eb5532104d25835b57917be\",\"name\":\"Elena Mora Cuesta\",\"image\":{\"@type\":\"ImageObject\",\"inLanguage\":\"gl-ES\",\"@id\":\"https:\\\/\\\/secure.gravatar.com\\\/avatar\\\/af27da01b0197b45e65c5953d7bf96127f31ba13f9cfc71b2bcea6fa310d79c8?s=96&d=mm&r=g\",\"url\":\"https:\\\/\\\/secure.gravatar.com\\\/avatar\\\/af27da01b0197b45e65c5953d7bf96127f31ba13f9cfc71b2bcea6fa310d79c8?s=96&d=mm&r=g\",\"contentUrl\":\"https:\\\/\\\/secure.gravatar.com\\\/avatar\\\/af27da01b0197b45e65c5953d7bf96127f31ba13f9cfc71b2bcea6fa310d79c8?s=96&d=mm&r=g\",\"caption\":\"Elena Mora Cuesta\"},\"url\":\"https:\\\/\\\/igfae.usc.es\\\/igfae\\\/author\\\/elena-mora-cuesta\\\/\"}]}<\/script>\n<!-- \/ Yoast SEO plugin. -->","yoast_head_json":{"title":"Arte e ciencia protagonizan a segunda xornada da Semana da Ciencia con \u00c1gnes M\u00f3csy - IGFAE","robots":{"index":"index","follow":"follow","max-snippet":"max-snippet:-1","max-image-preview":"max-image-preview:large","max-video-preview":"max-video-preview:-1"},"canonical":"https:\/\/igfae.usc.es\/igfae\/arte-ciencia-mocsy\/","og_locale":"gl_ES","og_type":"article","og_title":"Arte e ciencia protagonizan a segunda xornada da Semana da Ciencia con \u00c1gnes M\u00f3csy - IGFAE","og_description":"Que inesperada relaci\u00f3n comparten a f\u00edsica e as artes? Desc\u00fabreo hoxe (20h) no CGAC (Centro Galego de Arte Contempor\u00e1nea) durante a conferencia &#8220;F\u00edsica en concerto coas artes&#8221; a cargo de \u00c1gnes M\u00f3csy, f\u00edsica te\u00f3rica h\u00fangara-estadounidense, membro da APS Physics, \u00e9 profesora visitante no Departamento de F\u00edsica da\u00a0Yale University\u00a0e catedr\u00e1tica no\u00a0Pratt Institute\u00a0de Brooklyn,en Nova York. Partindo [&hellip;]","og_url":"https:\/\/igfae.usc.es\/igfae\/arte-ciencia-mocsy\/","og_site_name":"IGFAE","article_published_time":"2019-11-12T10:06:53+00:00","article_modified_time":"2024-04-12T12:22:46+00:00","og_image":[{"width":443,"height":427,"url":"https:\/\/igfae.usc.es\/igfae\/wp-content\/uploads\/2019\/11\/dbde9e_d02431fb53b947ff856e750b3e4cc2d3-3.jpg","type":"image\/jpeg"}],"author":"Elena Mora Cuesta","twitter_card":"summary_large_image","twitter_creator":"@IGFAE_HEP","twitter_site":"@IGFAE_HEP","twitter_misc":{"Escrito por":"Elena Mora Cuesta","Tempo de lectura":"1 minuto"},"schema":{"@context":"https:\/\/schema.org","@graph":[{"@type":"Article","@id":"https:\/\/igfae.usc.es\/igfae\/arte-ciencia-mocsy\/#article","isPartOf":{"@id":"https:\/\/igfae.usc.es\/igfae\/arte-ciencia-mocsy\/"},"author":{"name":"Elena Mora Cuesta","@id":"https:\/\/igfae.usc.es\/igfae\/#\/schema\/person\/03238a787eb5532104d25835b57917be"},"headline":"Arte e ciencia protagonizan a segunda xornada da Semana da Ciencia con \u00c1gnes M\u00f3csy","datePublished":"2019-11-12T10:06:53+00:00","dateModified":"2024-04-12T12:22:46+00:00","mainEntityOfPage":{"@id":"https:\/\/igfae.usc.es\/igfae\/arte-ciencia-mocsy\/"},"wordCount":189,"publisher":{"@id":"https:\/\/igfae.usc.es\/igfae\/#organization"},"image":{"@id":"https:\/\/igfae.usc.es\/igfae\/arte-ciencia-mocsy\/#primaryimage"},"thumbnailUrl":"https:\/\/igfae.usc.es\/igfae\/wp-content\/uploads\/2019\/11\/dbde9e_d02431fb53b947ff856e750b3e4cc2d3-3.jpg","keywords":["science week 2019"],"articleSection":["ArtLab","Novas","Quanto de diversidade"],"inLanguage":"gl-ES"},{"@type":"WebPage","@id":"https:\/\/igfae.usc.es\/igfae\/arte-ciencia-mocsy\/","url":"https:\/\/igfae.usc.es\/igfae\/arte-ciencia-mocsy\/","name":"Arte e ciencia protagonizan a segunda xornada da Semana da Ciencia con \u00c1gnes M\u00f3csy - IGFAE","isPartOf":{"@id":"https:\/\/igfae.usc.es\/igfae\/#website"},"primaryImageOfPage":{"@id":"https:\/\/igfae.usc.es\/igfae\/arte-ciencia-mocsy\/#primaryimage"},"image":{"@id":"https:\/\/igfae.usc.es\/igfae\/arte-ciencia-mocsy\/#primaryimage"},"thumbnailUrl":"https:\/\/igfae.usc.es\/igfae\/wp-content\/uploads\/2019\/11\/dbde9e_d02431fb53b947ff856e750b3e4cc2d3-3.jpg","datePublished":"2019-11-12T10:06:53+00:00","dateModified":"2024-04-12T12:22:46+00:00","breadcrumb":{"@id":"https:\/\/igfae.usc.es\/igfae\/arte-ciencia-mocsy\/#breadcrumb"},"inLanguage":"gl-ES","potentialAction":[{"@type":"ReadAction","target":["https:\/\/igfae.usc.es\/igfae\/arte-ciencia-mocsy\/"]}]},{"@type":"ImageObject","inLanguage":"gl-ES","@id":"https:\/\/igfae.usc.es\/igfae\/arte-ciencia-mocsy\/#primaryimage","url":"https:\/\/igfae.usc.es\/igfae\/wp-content\/uploads\/2019\/11\/dbde9e_d02431fb53b947ff856e750b3e4cc2d3-3.jpg","contentUrl":"https:\/\/igfae.usc.es\/igfae\/wp-content\/uploads\/2019\/11\/dbde9e_d02431fb53b947ff856e750b3e4cc2d3-3.jpg","width":443,"height":427},{"@type":"BreadcrumbList","@id":"https:\/\/igfae.usc.es\/igfae\/arte-ciencia-mocsy\/#breadcrumb","itemListElement":[{"@type":"ListItem","position":1,"name":"Inicio","item":"https:\/\/igfae.usc.es\/igfae\/"},{"@type":"ListItem","position":2,"name":"Arte e ciencia protagonizan a segunda xornada da Semana da Ciencia con \u00c1gnes M\u00f3csy"}]},{"@type":"WebSite","@id":"https:\/\/igfae.usc.es\/igfae\/#website","url":"https:\/\/igfae.usc.es\/igfae\/","name":"IGFAE","description":"Instituto Galego de F\u00edsica de Altas Enerx\u00edas","publisher":{"@id":"https:\/\/igfae.usc.es\/igfae\/#organization"},"potentialAction":[{"@type":"SearchAction","target":{"@type":"EntryPoint","urlTemplate":"https:\/\/igfae.usc.es\/igfae\/?s={search_term_string}"},"query-input":{"@type":"PropertyValueSpecification","valueRequired":true,"valueName":"search_term_string"}}],"inLanguage":"gl-ES"},{"@type":"Organization","@id":"https:\/\/igfae.usc.es\/igfae\/#organization","name":"Instituto Galego de F\u00edsica de Altas Enerx\u00edas","url":"https:\/\/igfae.usc.es\/igfae\/","logo":{"@type":"ImageObject","inLanguage":"gl-ES","@id":"https:\/\/igfae.usc.es\/igfae\/#\/schema\/logo\/image\/","url":"https:\/\/igfae.usc.es\/igfae\/wp-content\/uploads\/2025\/04\/seo-igfae.jpg","contentUrl":"https:\/\/igfae.usc.es\/igfae\/wp-content\/uploads\/2025\/04\/seo-igfae.jpg","width":1920,"height":1280,"caption":"Instituto Galego de F\u00edsica de Altas Enerx\u00edas"},"image":{"@id":"https:\/\/igfae.usc.es\/igfae\/#\/schema\/logo\/image\/"},"sameAs":["https:\/\/x.com\/IGFAE_HEP"]},{"@type":"Person","@id":"https:\/\/igfae.usc.es\/igfae\/#\/schema\/person\/03238a787eb5532104d25835b57917be","name":"Elena Mora Cuesta","image":{"@type":"ImageObject","inLanguage":"gl-ES","@id":"https:\/\/secure.gravatar.com\/avatar\/af27da01b0197b45e65c5953d7bf96127f31ba13f9cfc71b2bcea6fa310d79c8?s=96&d=mm&r=g","url":"https:\/\/secure.gravatar.com\/avatar\/af27da01b0197b45e65c5953d7bf96127f31ba13f9cfc71b2bcea6fa310d79c8?s=96&d=mm&r=g","contentUrl":"https:\/\/secure.gravatar.com\/avatar\/af27da01b0197b45e65c5953d7bf96127f31ba13f9cfc71b2bcea6fa310d79c8?s=96&d=mm&r=g","caption":"Elena Mora Cuesta"},"url":"https:\/\/igfae.usc.es\/igfae\/author\/elena-mora-cuesta\/"}]}},"_links":{"self":[{"href":"https:\/\/igfae.usc.es\/igfae\/wp-json\/wp\/v2\/posts\/4877","targetHints":{"allow":["GET"]}}],"collection":[{"href":"https:\/\/igfae.usc.es\/igfae\/wp-json\/wp\/v2\/posts"}],"about":[{"href":"https:\/\/igfae.usc.es\/igfae\/wp-json\/wp\/v2\/types\/post"}],"author":[{"embeddable":true,"href":"https:\/\/igfae.usc.es\/igfae\/wp-json\/wp\/v2\/users\/7"}],"replies":[{"embeddable":true,"href":"https:\/\/igfae.usc.es\/igfae\/wp-json\/wp\/v2\/comments?post=4877"}],"version-history":[{"count":1,"href":"https:\/\/igfae.usc.es\/igfae\/wp-json\/wp\/v2\/posts\/4877\/revisions"}],"predecessor-version":[{"id":15323,"href":"https:\/\/igfae.usc.es\/igfae\/wp-json\/wp\/v2\/posts\/4877\/revisions\/15323"}],"wp:featuredmedia":[{"embeddable":true,"href":"https:\/\/igfae.usc.es\/igfae\/wp-json\/wp\/v2\/media\/4874"}],"wp:attachment":[{"href":"https:\/\/igfae.usc.es\/igfae\/wp-json\/wp\/v2\/media?parent=4877"}],"wp:term":[{"taxonomy":"category","embeddable":true,"href":"https:\/\/igfae.usc.es\/igfae\/wp-json\/wp\/v2\/categories?post=4877"}],"curies":[{"name":"wp","href":"https:\/\/api.w.org\/{rel}","templated":true}]}}