{"id":4729,"date":"2019-09-10T15:43:36","date_gmt":"2019-09-10T13:43:36","guid":{"rendered":"https:\/\/igfae.usc.es\/centrosingular\/o-igfae-reitera-o-impacto-do-programa-de-excelencia-severo-ochoa-maria-de-maeztu-fronte-as-autonomias\/"},"modified":"2024-04-12T14:22:42","modified_gmt":"2024-04-12T12:22:42","slug":"o-igfae-reitera-o-impacto-do-programa-de-excelencia-severo-ochoa-maria-de-maeztu-fronte-as-autonomias","status":"publish","type":"post","link":"https:\/\/igfae.usc.es\/igfae\/o-igfae-reitera-o-impacto-do-programa-de-excelencia-severo-ochoa-maria-de-maeztu-fronte-as-autonomias\/","title":{"rendered":"O IGFAE reitera o impacto do programa de excelencia Severo Ochoa \u2013 Mar\u00eda de Maeztu fronte \u00e1s autonom\u00edas"},"content":{"rendered":"<ul>\n<li><strong>Onte pola tarde produciuse un encontro entre o Ministerio de Ciencia, Innovaci\u00f3n e Universidades, altos cargos de 15 comunidades aut\u00f3nomas, e de 42 instituci\u00f3ns de investigaci\u00f3n de excelencia<\/strong><\/li>\n<li><strong>O IGFAE e outros cinco centros e unidades de excelencia \u201cSevero Ochoa \u2013 Mar\u00eda de Maeztu\u201d amosaron o impacto que supuxo para eles o programa<\/strong><\/li>\n<li><strong>\u201cO apoio das comunidades aut\u00f3nomas \u00e1 investigaci\u00f3n \u00e9 fundamental para Espa\u00f1a\u201d, declarou Luis Serrano, presidente da alianza Severo Ochoa \u2013 Mar\u00eda de Maeztu (SOMMa)<\/strong><\/li>\n<\/ul>\n<p>Na tarde de onte produciuse un encontro entre o Ministerio de Ciencia, Innovaci\u00f3n e Universidades, os centros e unidades de investigaci\u00f3n distinguidas co selo de excelencia Severo Ochoa e Mar\u00eda de Maeztu, e conselleiros e altos cargos de 15 comunidades aut\u00f3nomas. Os programas de excelencia Severo Ochoa e Mar\u00eda de Maeztu identifican e promoven a excelencia na investigaci\u00f3n cient\u00edfica. O seu obxectivo \u00e9 impulsar a ciencia espa\u00f1ola mediante o reco\u00f1ecemento de centros de investigaci\u00f3n de vangarda existentes, brind\u00e1ndolles, ademais, apoio para potenciar o seu impacto, o seu liderado cient\u00edfico internacional e a s\u00faa competitividade.<\/p>\n<p>O acto, celebrado no Ministerio, foi co-presidido polo Ministro Pedro Duque e Luis Serrano, presidente da alianza Severo Ochoa \u2013 Maria de Maeztu (SOMMa). Tam\u00e9n participaron da mesa Enrique Play\u00e1n, director da Axencia Estatal de Investigaci\u00f3n e Maria Blasco, vicepresidenta da alianza SOMMa.<\/p>\n<p>O ministro de Ciencia, Innovaci\u00f3n e Universidades, Pedro Duque, asegurou \u201co firme apoio do Goberno ao programa de excelencia Severo Ochoa e Mar\u00eda de Maeztu e destacou a importancia de que haxa m\u00e1is CCAA capaces de albergar centros destas caracter\u00edsticas, o que beneficiar\u00e1 os seus sistemas de ciencia e innovaci\u00f3n.\u201d O ministro aclarou, as\u00ed mesmo, que \u201cos niveis de esixencia seguir\u00e1n sendo igual de rigorosos que na actualidade, polo que o obxectivo \u00e9 que haxa m\u00e1is centros capaces de elevar os seus niveis de excelencia, para o que deber\u00e1n contar co apoio das distintas administraci\u00f3ns.\u201d<\/p>\n<p>Segundo declarou Luis Serrano, \u201cesta reuni\u00f3n \u00e9 produto dunha postura construtiva e positiva con respecto \u00e1 investigaci\u00f3n en Espa\u00f1a. \u00c9 fundamental o interese do goberno e apoio das comunidades aut\u00f3nomas \u00e1 investigaci\u00f3n para que Espa\u00f1a aspire a ser un pa\u00eds en que rexa a econom\u00eda do co\u00f1ecemento. O programa Severo Ochoa \u2013 Mar\u00eda de Maeztu \u00e9 unha potente panca da que as comunidades aut\u00f3nomas poden servirse para potenciar aos seus centros de investigaci\u00f3n.\u201d<\/p>\n<p>O encontro no Ministerio tivo por obxecto destacar o impacto do programa Severo Ochoa \u2013 Mar\u00eda de Maeztu, os seus beneficios para a consolidaci\u00f3n da investigaci\u00f3n de excelencia, e o seu potencial como puntal e trampol\u00edn para os polos de investigaci\u00f3n das diferentes comunidades aut\u00f3nomas. Seis centros e unidades de investigaci\u00f3n, entre os que se atopa o Instituto Galego de F\u00edsica de Altas Enerx\u00edas (IGFAE), expuxeron o seu percorrido ata lograr o galard\u00f3n e o impacto que tivo a axuda. Ao final do acto, abriuse unha quenda de preguntas, permitindo \u00e1s comunidades co\u00f1ecer como poden beneficiarse do programa.<\/p>\n<p>Na xornada, o director do IGFAE Carlos Salgado presentou o caso deste instituto mixto da Universidade de Santiago de Compostela (USC) e a Xunta de Galicia, acreditado como Unidade de Excelencia \u201cMar\u00eda de Maeztu\u201d en 2017. Esta distinci\u00f3n, \u00fanica en Galicia, est\u00e1 a permitir ao instituto levar a cabo un fortalecemento importante da s\u00faa base cient\u00edfica, establecendo novas alianzas con grandes infrastructuras internacionais, como a colaboraci\u00f3n LIGO en ondas gravitacionais. A acci\u00f3n principal para este fortalecemento \u00e9 un ambicioso programa de captaci\u00f3n de talento chamado IGFAE Global Talent que nun s\u00f3 ano permitiu abrir estas novas li\u00f1as e conseguir financiamento externo en convocatorias tan competitivas como Ram\u00f3n y Cajal ou La Caixa. Un fortalecemento das unidades t\u00e9cnicas de computaci\u00f3n de altas capacidades, xesti\u00f3n e comunicaci\u00f3n, as\u00ed como unha implementaci\u00f3n m\u00e1is din\u00e1mica da direcci\u00f3n do centro est\u00e1n tam\u00e9n na base destes \u00e9xitos. Por outra parte, grazas \u00e1 distinci\u00f3n Mar\u00eda de Maeztu o IGFAE entra a formar parte da rede de centros impulsadas desde a Conseller\u00eda de Educaci\u00f3n da Xunta de Galicia cun modelo de funcionamento como centro mixto \u00fanico no sistema galego.<\/p>\n<p>Ademais do IGFAE, tam\u00e9n expuxeron o seu percorrido o Instituto de <a href=\"https:\/\/ifisc.uib-csic.es\/en\/\">F\u00edsica Interdisciplinar y Sistemas Complejos<\/a> (IFISC; Islas Baleares), o <a href=\"http:\/\/cellcollectives.com\/\">Departamento de Regulaci\u00f3n G\u00e9nica y Morfog\u00e9nesis<\/a> (GEM\/DCM2, Andaluc\u00eda), o <a href=\"http:\/\/in.umh-csic.es\/\">Instituto de Neurociencias de Alicante<\/a> (IN; Comunidad Valenciana), o <a href=\"http:\/\/www.bcamath.org\/es\/\">Basque Center for Applied Mathematics<\/a> (BCAM, Pa\u00eds Vasco) e o <a href=\"http:\/\/www.iac.es\/index.php?lang=en\">Instituto de Astrof\u00edsica de Canarias<\/a> (IAC, Canarias), facendo patente a presenza de investigaci\u00f3n de excelencia en boa parte da xeograf\u00eda espa\u00f1ola. Acompa\u00f1ando a estes institutos, os centros e unidades Severo Ochoa \u2013 Mar\u00eda de Maeztu de Cantabria, Madrid e Catalu\u00f1a tam\u00e9n asistiron e participaron no di\u00e1logo cos representantes das CCAAs.<\/p>\n","protected":false},"excerpt":{"rendered":"<p>Onte pola tarde produciuse un encontro entre o Ministerio de Ciencia, Innovaci\u00f3n e Universidades, altos cargos de 15 comunidades aut\u00f3nomas, e de 42 instituci\u00f3ns de investigaci\u00f3n de excelencia O IGFAE e outros cinco centros e unidades de excelencia \u201cSevero Ochoa \u2013 Mar\u00eda de Maeztu\u201d amosaron o impacto que supuxo para eles o programa \u201cO apoio [&hellip;]<\/p>\n","protected":false},"author":7,"featured_media":4691,"comment_status":"closed","ping_status":"closed","sticky":false,"template":"","format":"standard","meta":{"_acf_changed":false,"footnotes":""},"categories":[166],"class_list":["post-4729","post","type-post","status-publish","format-standard","has-post-thumbnail","hentry","category-novas-2"],"acf":[],"yoast_head":"<!-- This site is optimized with the Yoast SEO plugin v27.4 - https:\/\/yoast.com\/product\/yoast-seo-wordpress\/ -->\n<title>O IGFAE reitera o impacto do programa de excelencia Severo Ochoa \u2013 Mar\u00eda de Maeztu fronte \u00e1s autonom\u00edas - IGFAE<\/title>\n<meta name=\"robots\" content=\"index, follow, max-snippet:-1, max-image-preview:large, max-video-preview:-1\" \/>\n<link rel=\"canonical\" href=\"https:\/\/igfae.usc.es\/igfae\/o-igfae-reitera-o-impacto-do-programa-de-excelencia-severo-ochoa-maria-de-maeztu-fronte-as-autonomias\/\" \/>\n<meta property=\"og:locale\" content=\"gl_ES\" \/>\n<meta property=\"og:type\" content=\"article\" \/>\n<meta property=\"og:title\" content=\"O IGFAE reitera o impacto do programa de excelencia Severo Ochoa \u2013 Mar\u00eda de Maeztu fronte \u00e1s autonom\u00edas - IGFAE\" \/>\n<meta property=\"og:description\" content=\"Onte pola tarde produciuse un encontro entre o Ministerio de Ciencia, Innovaci\u00f3n e Universidades, altos cargos de 15 comunidades aut\u00f3nomas, e de 42 instituci\u00f3ns de investigaci\u00f3n de excelencia O IGFAE e outros cinco centros e unidades de excelencia \u201cSevero Ochoa \u2013 Mar\u00eda de Maeztu\u201d amosaron o impacto que supuxo para eles o programa \u201cO apoio [&hellip;]\" \/>\n<meta property=\"og:url\" content=\"https:\/\/igfae.usc.es\/igfae\/o-igfae-reitera-o-impacto-do-programa-de-excelencia-severo-ochoa-maria-de-maeztu-fronte-as-autonomias\/\" \/>\n<meta property=\"og:site_name\" content=\"IGFAE\" \/>\n<meta property=\"article:published_time\" content=\"2019-09-10T13:43:36+00:00\" \/>\n<meta property=\"article:modified_time\" content=\"2024-04-12T12:22:42+00:00\" \/>\n<meta property=\"og:image\" content=\"https:\/\/igfae.usc.es\/igfae\/wp-content\/uploads\/2019\/09\/SOMMa2019-1-1.jpg\" \/>\n\t<meta property=\"og:image:width\" content=\"1600\" \/>\n\t<meta property=\"og:image:height\" content=\"1064\" \/>\n\t<meta property=\"og:image:type\" content=\"image\/jpeg\" \/>\n<meta name=\"author\" content=\"Elena Mora Cuesta\" \/>\n<meta name=\"twitter:card\" content=\"summary_large_image\" \/>\n<meta name=\"twitter:creator\" content=\"@IGFAE_HEP\" \/>\n<meta name=\"twitter:site\" content=\"@IGFAE_HEP\" \/>\n<meta name=\"twitter:label1\" content=\"Escrito por\" \/>\n\t<meta name=\"twitter:data1\" content=\"Elena Mora Cuesta\" \/>\n\t<meta name=\"twitter:label2\" content=\"Tempo de lectura\" \/>\n\t<meta name=\"twitter:data2\" content=\"4 minutos\" \/>\n<script type=\"application\/ld+json\" class=\"yoast-schema-graph\">{\"@context\":\"https:\\\/\\\/schema.org\",\"@graph\":[{\"@type\":\"Article\",\"@id\":\"https:\\\/\\\/igfae.usc.es\\\/igfae\\\/o-igfae-reitera-o-impacto-do-programa-de-excelencia-severo-ochoa-maria-de-maeztu-fronte-as-autonomias\\\/#article\",\"isPartOf\":{\"@id\":\"https:\\\/\\\/igfae.usc.es\\\/igfae\\\/o-igfae-reitera-o-impacto-do-programa-de-excelencia-severo-ochoa-maria-de-maeztu-fronte-as-autonomias\\\/\"},\"author\":{\"name\":\"Elena Mora Cuesta\",\"@id\":\"https:\\\/\\\/igfae.usc.es\\\/igfae\\\/#\\\/schema\\\/person\\\/03238a787eb5532104d25835b57917be\"},\"headline\":\"O IGFAE reitera o impacto do programa de excelencia Severo Ochoa \u2013 Mar\u00eda de Maeztu fronte \u00e1s autonom\u00edas\",\"datePublished\":\"2019-09-10T13:43:36+00:00\",\"dateModified\":\"2024-04-12T12:22:42+00:00\",\"mainEntityOfPage\":{\"@id\":\"https:\\\/\\\/igfae.usc.es\\\/igfae\\\/o-igfae-reitera-o-impacto-do-programa-de-excelencia-severo-ochoa-maria-de-maeztu-fronte-as-autonomias\\\/\"},\"wordCount\":854,\"publisher\":{\"@id\":\"https:\\\/\\\/igfae.usc.es\\\/igfae\\\/#organization\"},\"image\":{\"@id\":\"https:\\\/\\\/igfae.usc.es\\\/igfae\\\/o-igfae-reitera-o-impacto-do-programa-de-excelencia-severo-ochoa-maria-de-maeztu-fronte-as-autonomias\\\/#primaryimage\"},\"thumbnailUrl\":\"https:\\\/\\\/igfae.usc.es\\\/igfae\\\/wp-content\\\/uploads\\\/2019\\\/09\\\/SOMMa2019-1-1.jpg\",\"articleSection\":[\"Novas\"],\"inLanguage\":\"gl-ES\"},{\"@type\":\"WebPage\",\"@id\":\"https:\\\/\\\/igfae.usc.es\\\/igfae\\\/o-igfae-reitera-o-impacto-do-programa-de-excelencia-severo-ochoa-maria-de-maeztu-fronte-as-autonomias\\\/\",\"url\":\"https:\\\/\\\/igfae.usc.es\\\/igfae\\\/o-igfae-reitera-o-impacto-do-programa-de-excelencia-severo-ochoa-maria-de-maeztu-fronte-as-autonomias\\\/\",\"name\":\"O IGFAE reitera o impacto do programa de excelencia Severo Ochoa \u2013 Mar\u00eda de Maeztu fronte \u00e1s autonom\u00edas - IGFAE\",\"isPartOf\":{\"@id\":\"https:\\\/\\\/igfae.usc.es\\\/igfae\\\/#website\"},\"primaryImageOfPage\":{\"@id\":\"https:\\\/\\\/igfae.usc.es\\\/igfae\\\/o-igfae-reitera-o-impacto-do-programa-de-excelencia-severo-ochoa-maria-de-maeztu-fronte-as-autonomias\\\/#primaryimage\"},\"image\":{\"@id\":\"https:\\\/\\\/igfae.usc.es\\\/igfae\\\/o-igfae-reitera-o-impacto-do-programa-de-excelencia-severo-ochoa-maria-de-maeztu-fronte-as-autonomias\\\/#primaryimage\"},\"thumbnailUrl\":\"https:\\\/\\\/igfae.usc.es\\\/igfae\\\/wp-content\\\/uploads\\\/2019\\\/09\\\/SOMMa2019-1-1.jpg\",\"datePublished\":\"2019-09-10T13:43:36+00:00\",\"dateModified\":\"2024-04-12T12:22:42+00:00\",\"breadcrumb\":{\"@id\":\"https:\\\/\\\/igfae.usc.es\\\/igfae\\\/o-igfae-reitera-o-impacto-do-programa-de-excelencia-severo-ochoa-maria-de-maeztu-fronte-as-autonomias\\\/#breadcrumb\"},\"inLanguage\":\"gl-ES\",\"potentialAction\":[{\"@type\":\"ReadAction\",\"target\":[\"https:\\\/\\\/igfae.usc.es\\\/igfae\\\/o-igfae-reitera-o-impacto-do-programa-de-excelencia-severo-ochoa-maria-de-maeztu-fronte-as-autonomias\\\/\"]}]},{\"@type\":\"ImageObject\",\"inLanguage\":\"gl-ES\",\"@id\":\"https:\\\/\\\/igfae.usc.es\\\/igfae\\\/o-igfae-reitera-o-impacto-do-programa-de-excelencia-severo-ochoa-maria-de-maeztu-fronte-as-autonomias\\\/#primaryimage\",\"url\":\"https:\\\/\\\/igfae.usc.es\\\/igfae\\\/wp-content\\\/uploads\\\/2019\\\/09\\\/SOMMa2019-1-1.jpg\",\"contentUrl\":\"https:\\\/\\\/igfae.usc.es\\\/igfae\\\/wp-content\\\/uploads\\\/2019\\\/09\\\/SOMMa2019-1-1.jpg\",\"width\":1600,\"height\":1064},{\"@type\":\"BreadcrumbList\",\"@id\":\"https:\\\/\\\/igfae.usc.es\\\/igfae\\\/o-igfae-reitera-o-impacto-do-programa-de-excelencia-severo-ochoa-maria-de-maeztu-fronte-as-autonomias\\\/#breadcrumb\",\"itemListElement\":[{\"@type\":\"ListItem\",\"position\":1,\"name\":\"Inicio\",\"item\":\"https:\\\/\\\/igfae.usc.es\\\/igfae\\\/\"},{\"@type\":\"ListItem\",\"position\":2,\"name\":\"O IGFAE reitera o impacto do programa de excelencia Severo Ochoa \u2013 Mar\u00eda de Maeztu fronte \u00e1s autonom\u00edas\"}]},{\"@type\":\"WebSite\",\"@id\":\"https:\\\/\\\/igfae.usc.es\\\/igfae\\\/#website\",\"url\":\"https:\\\/\\\/igfae.usc.es\\\/igfae\\\/\",\"name\":\"IGFAE\",\"description\":\"Instituto Galego de F\u00edsica de Altas Enerx\u00edas\",\"publisher\":{\"@id\":\"https:\\\/\\\/igfae.usc.es\\\/igfae\\\/#organization\"},\"potentialAction\":[{\"@type\":\"SearchAction\",\"target\":{\"@type\":\"EntryPoint\",\"urlTemplate\":\"https:\\\/\\\/igfae.usc.es\\\/igfae\\\/?s={search_term_string}\"},\"query-input\":{\"@type\":\"PropertyValueSpecification\",\"valueRequired\":true,\"valueName\":\"search_term_string\"}}],\"inLanguage\":\"gl-ES\"},{\"@type\":\"Organization\",\"@id\":\"https:\\\/\\\/igfae.usc.es\\\/igfae\\\/#organization\",\"name\":\"Instituto Galego de F\u00edsica de Altas Enerx\u00edas\",\"url\":\"https:\\\/\\\/igfae.usc.es\\\/igfae\\\/\",\"logo\":{\"@type\":\"ImageObject\",\"inLanguage\":\"gl-ES\",\"@id\":\"https:\\\/\\\/igfae.usc.es\\\/igfae\\\/#\\\/schema\\\/logo\\\/image\\\/\",\"url\":\"https:\\\/\\\/igfae.usc.es\\\/igfae\\\/wp-content\\\/uploads\\\/2025\\\/04\\\/seo-igfae.jpg\",\"contentUrl\":\"https:\\\/\\\/igfae.usc.es\\\/igfae\\\/wp-content\\\/uploads\\\/2025\\\/04\\\/seo-igfae.jpg\",\"width\":1920,\"height\":1280,\"caption\":\"Instituto Galego de F\u00edsica de Altas Enerx\u00edas\"},\"image\":{\"@id\":\"https:\\\/\\\/igfae.usc.es\\\/igfae\\\/#\\\/schema\\\/logo\\\/image\\\/\"},\"sameAs\":[\"https:\\\/\\\/x.com\\\/IGFAE_HEP\"]},{\"@type\":\"Person\",\"@id\":\"https:\\\/\\\/igfae.usc.es\\\/igfae\\\/#\\\/schema\\\/person\\\/03238a787eb5532104d25835b57917be\",\"name\":\"Elena Mora Cuesta\",\"image\":{\"@type\":\"ImageObject\",\"inLanguage\":\"gl-ES\",\"@id\":\"https:\\\/\\\/secure.gravatar.com\\\/avatar\\\/af27da01b0197b45e65c5953d7bf96127f31ba13f9cfc71b2bcea6fa310d79c8?s=96&d=mm&r=g\",\"url\":\"https:\\\/\\\/secure.gravatar.com\\\/avatar\\\/af27da01b0197b45e65c5953d7bf96127f31ba13f9cfc71b2bcea6fa310d79c8?s=96&d=mm&r=g\",\"contentUrl\":\"https:\\\/\\\/secure.gravatar.com\\\/avatar\\\/af27da01b0197b45e65c5953d7bf96127f31ba13f9cfc71b2bcea6fa310d79c8?s=96&d=mm&r=g\",\"caption\":\"Elena Mora Cuesta\"},\"url\":\"https:\\\/\\\/igfae.usc.es\\\/igfae\\\/author\\\/elena-mora-cuesta\\\/\"}]}<\/script>\n<!-- \/ Yoast SEO plugin. -->","yoast_head_json":{"title":"O IGFAE reitera o impacto do programa de excelencia Severo Ochoa \u2013 Mar\u00eda de Maeztu fronte \u00e1s autonom\u00edas - IGFAE","robots":{"index":"index","follow":"follow","max-snippet":"max-snippet:-1","max-image-preview":"max-image-preview:large","max-video-preview":"max-video-preview:-1"},"canonical":"https:\/\/igfae.usc.es\/igfae\/o-igfae-reitera-o-impacto-do-programa-de-excelencia-severo-ochoa-maria-de-maeztu-fronte-as-autonomias\/","og_locale":"gl_ES","og_type":"article","og_title":"O IGFAE reitera o impacto do programa de excelencia Severo Ochoa \u2013 Mar\u00eda de Maeztu fronte \u00e1s autonom\u00edas - IGFAE","og_description":"Onte pola tarde produciuse un encontro entre o Ministerio de Ciencia, Innovaci\u00f3n e Universidades, altos cargos de 15 comunidades aut\u00f3nomas, e de 42 instituci\u00f3ns de investigaci\u00f3n de excelencia O IGFAE e outros cinco centros e unidades de excelencia \u201cSevero Ochoa \u2013 Mar\u00eda de Maeztu\u201d amosaron o impacto que supuxo para eles o programa \u201cO apoio [&hellip;]","og_url":"https:\/\/igfae.usc.es\/igfae\/o-igfae-reitera-o-impacto-do-programa-de-excelencia-severo-ochoa-maria-de-maeztu-fronte-as-autonomias\/","og_site_name":"IGFAE","article_published_time":"2019-09-10T13:43:36+00:00","article_modified_time":"2024-04-12T12:22:42+00:00","og_image":[{"width":1600,"height":1064,"url":"https:\/\/igfae.usc.es\/igfae\/wp-content\/uploads\/2019\/09\/SOMMa2019-1-1.jpg","type":"image\/jpeg"}],"author":"Elena Mora Cuesta","twitter_card":"summary_large_image","twitter_creator":"@IGFAE_HEP","twitter_site":"@IGFAE_HEP","twitter_misc":{"Escrito por":"Elena Mora Cuesta","Tempo de lectura":"4 minutos"},"schema":{"@context":"https:\/\/schema.org","@graph":[{"@type":"Article","@id":"https:\/\/igfae.usc.es\/igfae\/o-igfae-reitera-o-impacto-do-programa-de-excelencia-severo-ochoa-maria-de-maeztu-fronte-as-autonomias\/#article","isPartOf":{"@id":"https:\/\/igfae.usc.es\/igfae\/o-igfae-reitera-o-impacto-do-programa-de-excelencia-severo-ochoa-maria-de-maeztu-fronte-as-autonomias\/"},"author":{"name":"Elena Mora Cuesta","@id":"https:\/\/igfae.usc.es\/igfae\/#\/schema\/person\/03238a787eb5532104d25835b57917be"},"headline":"O IGFAE reitera o impacto do programa de excelencia Severo Ochoa \u2013 Mar\u00eda de Maeztu fronte \u00e1s autonom\u00edas","datePublished":"2019-09-10T13:43:36+00:00","dateModified":"2024-04-12T12:22:42+00:00","mainEntityOfPage":{"@id":"https:\/\/igfae.usc.es\/igfae\/o-igfae-reitera-o-impacto-do-programa-de-excelencia-severo-ochoa-maria-de-maeztu-fronte-as-autonomias\/"},"wordCount":854,"publisher":{"@id":"https:\/\/igfae.usc.es\/igfae\/#organization"},"image":{"@id":"https:\/\/igfae.usc.es\/igfae\/o-igfae-reitera-o-impacto-do-programa-de-excelencia-severo-ochoa-maria-de-maeztu-fronte-as-autonomias\/#primaryimage"},"thumbnailUrl":"https:\/\/igfae.usc.es\/igfae\/wp-content\/uploads\/2019\/09\/SOMMa2019-1-1.jpg","articleSection":["Novas"],"inLanguage":"gl-ES"},{"@type":"WebPage","@id":"https:\/\/igfae.usc.es\/igfae\/o-igfae-reitera-o-impacto-do-programa-de-excelencia-severo-ochoa-maria-de-maeztu-fronte-as-autonomias\/","url":"https:\/\/igfae.usc.es\/igfae\/o-igfae-reitera-o-impacto-do-programa-de-excelencia-severo-ochoa-maria-de-maeztu-fronte-as-autonomias\/","name":"O IGFAE reitera o impacto do programa de excelencia Severo Ochoa \u2013 Mar\u00eda de Maeztu fronte \u00e1s autonom\u00edas - IGFAE","isPartOf":{"@id":"https:\/\/igfae.usc.es\/igfae\/#website"},"primaryImageOfPage":{"@id":"https:\/\/igfae.usc.es\/igfae\/o-igfae-reitera-o-impacto-do-programa-de-excelencia-severo-ochoa-maria-de-maeztu-fronte-as-autonomias\/#primaryimage"},"image":{"@id":"https:\/\/igfae.usc.es\/igfae\/o-igfae-reitera-o-impacto-do-programa-de-excelencia-severo-ochoa-maria-de-maeztu-fronte-as-autonomias\/#primaryimage"},"thumbnailUrl":"https:\/\/igfae.usc.es\/igfae\/wp-content\/uploads\/2019\/09\/SOMMa2019-1-1.jpg","datePublished":"2019-09-10T13:43:36+00:00","dateModified":"2024-04-12T12:22:42+00:00","breadcrumb":{"@id":"https:\/\/igfae.usc.es\/igfae\/o-igfae-reitera-o-impacto-do-programa-de-excelencia-severo-ochoa-maria-de-maeztu-fronte-as-autonomias\/#breadcrumb"},"inLanguage":"gl-ES","potentialAction":[{"@type":"ReadAction","target":["https:\/\/igfae.usc.es\/igfae\/o-igfae-reitera-o-impacto-do-programa-de-excelencia-severo-ochoa-maria-de-maeztu-fronte-as-autonomias\/"]}]},{"@type":"ImageObject","inLanguage":"gl-ES","@id":"https:\/\/igfae.usc.es\/igfae\/o-igfae-reitera-o-impacto-do-programa-de-excelencia-severo-ochoa-maria-de-maeztu-fronte-as-autonomias\/#primaryimage","url":"https:\/\/igfae.usc.es\/igfae\/wp-content\/uploads\/2019\/09\/SOMMa2019-1-1.jpg","contentUrl":"https:\/\/igfae.usc.es\/igfae\/wp-content\/uploads\/2019\/09\/SOMMa2019-1-1.jpg","width":1600,"height":1064},{"@type":"BreadcrumbList","@id":"https:\/\/igfae.usc.es\/igfae\/o-igfae-reitera-o-impacto-do-programa-de-excelencia-severo-ochoa-maria-de-maeztu-fronte-as-autonomias\/#breadcrumb","itemListElement":[{"@type":"ListItem","position":1,"name":"Inicio","item":"https:\/\/igfae.usc.es\/igfae\/"},{"@type":"ListItem","position":2,"name":"O IGFAE reitera o impacto do programa de excelencia Severo Ochoa \u2013 Mar\u00eda de Maeztu fronte \u00e1s autonom\u00edas"}]},{"@type":"WebSite","@id":"https:\/\/igfae.usc.es\/igfae\/#website","url":"https:\/\/igfae.usc.es\/igfae\/","name":"IGFAE","description":"Instituto Galego de F\u00edsica de Altas Enerx\u00edas","publisher":{"@id":"https:\/\/igfae.usc.es\/igfae\/#organization"},"potentialAction":[{"@type":"SearchAction","target":{"@type":"EntryPoint","urlTemplate":"https:\/\/igfae.usc.es\/igfae\/?s={search_term_string}"},"query-input":{"@type":"PropertyValueSpecification","valueRequired":true,"valueName":"search_term_string"}}],"inLanguage":"gl-ES"},{"@type":"Organization","@id":"https:\/\/igfae.usc.es\/igfae\/#organization","name":"Instituto Galego de F\u00edsica de Altas Enerx\u00edas","url":"https:\/\/igfae.usc.es\/igfae\/","logo":{"@type":"ImageObject","inLanguage":"gl-ES","@id":"https:\/\/igfae.usc.es\/igfae\/#\/schema\/logo\/image\/","url":"https:\/\/igfae.usc.es\/igfae\/wp-content\/uploads\/2025\/04\/seo-igfae.jpg","contentUrl":"https:\/\/igfae.usc.es\/igfae\/wp-content\/uploads\/2025\/04\/seo-igfae.jpg","width":1920,"height":1280,"caption":"Instituto Galego de F\u00edsica de Altas Enerx\u00edas"},"image":{"@id":"https:\/\/igfae.usc.es\/igfae\/#\/schema\/logo\/image\/"},"sameAs":["https:\/\/x.com\/IGFAE_HEP"]},{"@type":"Person","@id":"https:\/\/igfae.usc.es\/igfae\/#\/schema\/person\/03238a787eb5532104d25835b57917be","name":"Elena Mora Cuesta","image":{"@type":"ImageObject","inLanguage":"gl-ES","@id":"https:\/\/secure.gravatar.com\/avatar\/af27da01b0197b45e65c5953d7bf96127f31ba13f9cfc71b2bcea6fa310d79c8?s=96&d=mm&r=g","url":"https:\/\/secure.gravatar.com\/avatar\/af27da01b0197b45e65c5953d7bf96127f31ba13f9cfc71b2bcea6fa310d79c8?s=96&d=mm&r=g","contentUrl":"https:\/\/secure.gravatar.com\/avatar\/af27da01b0197b45e65c5953d7bf96127f31ba13f9cfc71b2bcea6fa310d79c8?s=96&d=mm&r=g","caption":"Elena Mora Cuesta"},"url":"https:\/\/igfae.usc.es\/igfae\/author\/elena-mora-cuesta\/"}]}},"_links":{"self":[{"href":"https:\/\/igfae.usc.es\/igfae\/wp-json\/wp\/v2\/posts\/4729","targetHints":{"allow":["GET"]}}],"collection":[{"href":"https:\/\/igfae.usc.es\/igfae\/wp-json\/wp\/v2\/posts"}],"about":[{"href":"https:\/\/igfae.usc.es\/igfae\/wp-json\/wp\/v2\/types\/post"}],"author":[{"embeddable":true,"href":"https:\/\/igfae.usc.es\/igfae\/wp-json\/wp\/v2\/users\/7"}],"replies":[{"embeddable":true,"href":"https:\/\/igfae.usc.es\/igfae\/wp-json\/wp\/v2\/comments?post=4729"}],"version-history":[{"count":1,"href":"https:\/\/igfae.usc.es\/igfae\/wp-json\/wp\/v2\/posts\/4729\/revisions"}],"predecessor-version":[{"id":15289,"href":"https:\/\/igfae.usc.es\/igfae\/wp-json\/wp\/v2\/posts\/4729\/revisions\/15289"}],"wp:featuredmedia":[{"embeddable":true,"href":"https:\/\/igfae.usc.es\/igfae\/wp-json\/wp\/v2\/media\/4691"}],"wp:attachment":[{"href":"https:\/\/igfae.usc.es\/igfae\/wp-json\/wp\/v2\/media?parent=4729"}],"wp:term":[{"taxonomy":"category","embeddable":true,"href":"https:\/\/igfae.usc.es\/igfae\/wp-json\/wp\/v2\/categories?post=4729"}],"curies":[{"name":"wp","href":"https:\/\/api.w.org\/{rel}","templated":true}]}}