{"id":3309,"date":"2019-05-14T13:03:43","date_gmt":"2019-05-14T11:03:43","guid":{"rendered":"https:\/\/igfae.usc.es\/centrosingular\/o-futuro-da-fisica-de-particulas-en-europa-se-debate-en-granada\/"},"modified":"2024-04-12T14:22:36","modified_gmt":"2024-04-12T12:22:36","slug":"o-futuro-da-fisica-de-particulas-en-europa-se-debate-en-granada","status":"publish","type":"post","link":"https:\/\/igfae.usc.es\/igfae\/o-futuro-da-fisica-de-particulas-en-europa-se-debate-en-granada\/","title":{"rendered":"O futuro da f\u00edsica de part\u00edculas en Europa se debate en Granada"},"content":{"rendered":"<p>A comunidade europea en f\u00edsica de part\u00edculas est\u00e1 a reunirse esta semana en Granada para discutir o futuro desta disciplina cient\u00edfica cuxo obxecto de estudo son os compo\u00f1entes da materia que forman todo o que vemos no Universo. Do 13 ao 16 de maio cel\u00e9brase no Palacio de Congresos da capital granadina o <a href=\" https:\/\/cafpe.ugr.es\/eppsu2019\/\">\u201cCERN Council Open Symposium on the Update of European Strategy for Particle Physics\u201d<\/a> onde m\u00e1is de 600 especialistas de todo o mundo debater\u00e1n a pr\u00f3xima Estratexia Europea de F\u00edsica de Part\u00edculas, a \u2018folla de roteiro\u2019 que marcar\u00e1 as prioridades cient\u00edficas e tecnol\u00f3xicas deste campo de investigaci\u00f3n nos pr\u00f3ximos anos. O congreso de Granada abrir\u00e1 a discusi\u00f3n sobre varias opci\u00f3ns que est\u00e1n sobre a mesa para tomar a testemu\u00f1a do Gran Colisionador de Hadrones <a href=\" https:\/\/www.i-cpan.es\/es\/content\/el-gran-colisionador-de-hadrones-lhc\">(LHC)<\/a> do CERN, o maior acelerador de part\u00edculas do mundo onde se descubriu o <a href=\" https:\/\/www.i-cpan.es\/es\/content\/el-bos%C3%B3n-de-higgs\">bos\u00f3n de Higgs<\/a>.<\/p>\n<p>A <a href=\"https:\/\/europeanstrategy.cern\/\">Estratexia Europea de F\u00edsica de Part\u00edculas<\/a> \u00e9 a pedra angular do proceso de toma de decisi\u00f3ns para o futuro a longo prazo do campo. De acordo co mandato establecido polo Consello do CERN, o m\u00e1ximo \u00f3rgano de goberno do laboratorio europeo de f\u00edsica de part\u00edculas, o proceso consiste nunha ampla consulta \u00e1 comunidade cient\u00edfica europea involucrada nesta \u00e1rea da F\u00edsica, ademais de solicitar a opini\u00f3n de f\u00edsicos de todo o mundo. O seu desenvolvemento est\u00e1 en estreita coordinaci\u00f3n con procesos similares que levan a cabo en Estados Unidos e Xap\u00f3n para asegurar a coordinaci\u00f3n entre rexi\u00f3ns e un \u00f3ptimo uso dos recursos de investigaci\u00f3n a nivel global.<br \/>\nPara coordinar este proceso creouse o Grupo da Estratexia Europea, que recibiu 160 contribuci\u00f3ns da comunidade cient\u00edfica sobre proxectos e experimentos. En Granada avaliaranse e debater\u00e1n estas propostas.<\/p>\n<p>O anterior proceso de renovaci\u00f3n da Estratexia Europea de F\u00edsica de Part\u00edculas, aprobado en <a href=\"https:\/\/www.i-cpan.es\/es\/content\/el-cern-actualiza-la-estrategia-europea-de-f%C3%ADsica-de-part%C3%ADculas\">maio de 2013<\/a>, recomendou a realizaci\u00f3n no continente de estudos de dese\u00f1o e viabilidade \u201cpara estar en posici\u00f3n de propo\u00f1er un ambicioso proxecto de acelerador post- LHC\u201d. Esta \u00e9 a raz\u00f3n pola que se realizaron en Europa, en colaboraci\u00f3n con socios de todo o mundo, proxectos de I+D para varias instalaci\u00f3ns posteriores ao LHC no marco dos proxectos <a href=\"http:\/\/clic-study.web.cern.ch\/\">CLIC<\/a> (acelerador lineal) e <a href=\"https:\/\/fcc-cdr.web.cern.ch\/\">FCC <\/a>(acelerador circular). Ademais, en 2016 iniciouse no CERN un estudo para analizar as posibilidades de realizar proxectos complementarios cos aceleradores de part\u00edculas altas enerx\u00edas, aproveitando as posiblidades \u00fanicas que ofrece o complexo de aceleradores do CERN.<\/p>\n<p>Estas contribuci\u00f3ns alimentar\u00e1n o debate en Granada, que ter\u00e1 en conta tam\u00e9n o panorama mundial da f\u00edsica de part\u00edculas, onde existen outros proxectos para crear novos aceleradores de part\u00edculas como o Colisionador Lineal Internacional <a href=\"https:\/\/ilchome.web.cern.ch\/\">(ILC) <\/a>en Xap\u00f3n ou o Colisionador Circular Electr\u00f3n Positr\u00f3n <a href=\"http:\/\/cepc.ihep.ac.cn\/\">(CEPC) <\/a>que planea constru\u00edr China, as\u00ed como os \u00faltimos avances en campos relacionados como a f\u00edsica de neutrinos ou a f\u00edsica de astropart\u00edculas, onde a detecci\u00f3n de ondas gravitacionales revolucionou o modo de estudar o Universo.<\/p>\n<p>O simposio de Granada est\u00e1 organizado polo Centro Andaluz de F\u00edsica de Part\u00edculas Elementales (<a href=\"https:\/\/cafpe.ugr.es\/\">CAFPE<\/a>) e o <a href=\"https:\/\/www.ugr.es\/~fteorica\/\">Departamento de F\u00edsica Te\u00f3rica y del Cosmos<\/a> da <a href=\"https:\/\/www.ugr.es\/\">Universidad de Granada<\/a>, coa colaboraci\u00f3n do<a href=\"https:\/\/www.fpa.csic.es\/\"> Programa Nacional de F\u00edsica de Part\u00edculas<\/a>, (<a href=\"http:\/\/www.ciencia.gob.es\/\">Ministerio de Ciencia, Innovaci\u00f3n y Universidades<\/a>), o sincrotr\u00f3n <a href=\"https:\/\/www.cells.es\/es\/\">ALBA <\/a>, e varios Centros e Unidades de Excelencia Severo Ochoa y Mar\u00eda de Maeztu: Centro de Investigaciones Energ\u00e9ticas, Medioambientales y Tecnol\u00f3gicas <a href=\"http:\/\/cfp.ciemat.es\/\">(CIEMAT)<\/a>; Instituto de Ciencias del Cosmos <a href=\"http:\/\/icc.ub.edu\/\">(ICCUB)<\/a>; Instituto de F\u00edsica Corpuscular <a href=\"http:\/\/webific.ific.uv.es\/web\/\">(IFIC)<\/a>; Instituto de F\u00edsica de Altas Energ\u00edas <a href=\"http:\/\/www.ifae.es\/cast\/\">(IFAE)<\/a>; Instituto de F\u00edsica de Cantabria Instituto de F\u00edsica de Altas Energ\u00edas <a href=\"https:\/\/ifca.unican.es\/es-es\">(IFCA)<\/a>; Instituto Galego de F\u00edsica de Altas Enerx\u00edas <a href=\"http:\/\/localhost:8888\/igfae-ber\/\">(IGFAE)<\/a>; e o Instituto de F\u00edsica Te\u00f3rica <a href=\"https:\/\/www.ift.uam-csic.es\/\">(IFT)<\/a>, adem\u00e1is da <a href=\"https:\/\/www.unizar.es\/\">Universidad de Zaragoza<\/a>.<\/p>\n<p>Antonio Bueno, investigador da Universidad de Granada e presidente do comit\u00e9 organizador local, destaca que \u201crealizar este simposio en Granada outorga \u00e1 comunidade de f\u00edsica de part\u00edculas espa\u00f1ola unha oportunidade \u00fanica para po\u00f1er en valor as relevantes contribuci\u00f3ns que fixo, e seguir\u00e1 facendo a trav\u00e9s das propostas enviadas, nun campo punteiro da ciencia b\u00e1sica\u201d. As propostas da comunidade cient\u00edfica espa\u00f1ola \u00e1 Estratexia Europea de F\u00edsica de Part\u00edculas coordin\u00e1ronse a trav\u00e9s da Rede Consolider CPAN, onde participan os centros mencionados.<\/p>\n<p>O simposio de Granada permitir\u00e1 redactar un resumo das principais propostas, que marcar\u00e1 o cami\u00f1o para a celebraci\u00f3n dunha sesi\u00f3n para elaborar o borrador da Estratexia Europea que ter\u00e1 lugar en Bad Honnef, Alema\u00f1a, do 20 ao 24 de xaneiro de 2020. Esp\u00e9rase que o documento final coa nova Estratexia Europea de F\u00edsica de Part\u00edculas estea listo para a s\u00faa aprobaci\u00f3n polo Consello do CERN en maio de 2020.<\/p>\n<p>O xoves 16 de maio \u00e1s 16 horas prevese unha sesi\u00f3n de preguntas para os medios de comunicaci\u00f3n que se pode seguir por videoconferencia. Os medios interesados en seguila han de rexistrarse enviando unha mensaxe a leste <a href=\" mailto:press.office@cern.ch\">correo electr\u00f3nico<\/a>.<\/p>\n<p>Imaxe: t\u00fanel do Gran Colisionador de Hadrones (LHC) durante o seu segundo per\u00edodo de parada (Long Shutdown, LS2)<\/p>\n<p><strong>Ligaz\u00f3ns: <\/strong><\/p>\n<ul>\n<li><a href=\"https:\/\/europeanstrategy.cern\/\">European Strategy for Particle Physics<\/a><\/li>\n<li><a href=\"https:\/\/cafpe.ugr.es\/eppsu2019\/\">CERN Council Open Symposium on the Update of European Strategy for Particle Physics<\/a><\/li>\n<\/ul>\n","protected":false},"excerpt":{"rendered":"<p>A comunidade europea en f\u00edsica de part\u00edculas est\u00e1 a reunirse esta semana en Granada para discutir o futuro desta disciplina cient\u00edfica cuxo obxecto de estudo son os compo\u00f1entes da materia que forman todo o que vemos no Universo. Do 13 ao 16 de maio cel\u00e9brase no Palacio de Congresos da capital granadina o \u201cCERN Council [&hellip;]<\/p>\n","protected":false},"author":7,"featured_media":3009,"comment_status":"closed","ping_status":"closed","sticky":false,"template":"","format":"standard","meta":{"_acf_changed":false,"footnotes":""},"categories":[166],"class_list":["post-3309","post","type-post","status-publish","format-standard","has-post-thumbnail","hentry","category-novas-2"],"acf":[],"yoast_head":"<!-- This site is optimized with the Yoast SEO plugin v27.5 - https:\/\/yoast.com\/product\/yoast-seo-wordpress\/ -->\n<title>O futuro da f\u00edsica de part\u00edculas en Europa se debate en Granada - IGFAE<\/title>\n<meta name=\"robots\" content=\"index, follow, max-snippet:-1, max-image-preview:large, max-video-preview:-1\" \/>\n<link rel=\"canonical\" href=\"https:\/\/igfae.usc.es\/igfae\/o-futuro-da-fisica-de-particulas-en-europa-se-debate-en-granada\/\" \/>\n<meta property=\"og:locale\" content=\"gl_ES\" \/>\n<meta property=\"og:type\" content=\"article\" \/>\n<meta property=\"og:title\" content=\"O futuro da f\u00edsica de part\u00edculas en Europa se debate en Granada - IGFAE\" \/>\n<meta property=\"og:description\" content=\"A comunidade europea en f\u00edsica de part\u00edculas est\u00e1 a reunirse esta semana en Granada para discutir o futuro desta disciplina cient\u00edfica cuxo obxecto de estudo son os compo\u00f1entes da materia que forman todo o que vemos no Universo. Do 13 ao 16 de maio cel\u00e9brase no Palacio de Congresos da capital granadina o \u201cCERN Council [&hellip;]\" \/>\n<meta property=\"og:url\" content=\"https:\/\/igfae.usc.es\/igfae\/o-futuro-da-fisica-de-particulas-en-europa-se-debate-en-granada\/\" \/>\n<meta property=\"og:site_name\" content=\"IGFAE\" \/>\n<meta property=\"article:published_time\" content=\"2019-05-14T11:03:43+00:00\" \/>\n<meta property=\"article:modified_time\" content=\"2024-04-12T12:22:36+00:00\" \/>\n<meta property=\"og:image\" content=\"https:\/\/igfae.usc.es\/igfae\/wp-content\/uploads\/2019\/05\/201902-108_07-1.jpg\" \/>\n\t<meta property=\"og:image:width\" content=\"1440\" \/>\n\t<meta property=\"og:image:height\" content=\"810\" \/>\n\t<meta property=\"og:image:type\" content=\"image\/jpeg\" \/>\n<meta name=\"author\" content=\"Elena Mora Cuesta\" \/>\n<meta name=\"twitter:card\" content=\"summary_large_image\" \/>\n<meta name=\"twitter:creator\" content=\"@IGFAE_HEP\" \/>\n<meta name=\"twitter:site\" content=\"@IGFAE_HEP\" \/>\n<meta name=\"twitter:label1\" content=\"Escrito por\" \/>\n\t<meta name=\"twitter:data1\" content=\"Elena Mora Cuesta\" \/>\n\t<meta name=\"twitter:label2\" content=\"Tempo de lectura\" \/>\n\t<meta name=\"twitter:data2\" content=\"5 minutos\" \/>\n<script type=\"application\/ld+json\" class=\"yoast-schema-graph\">{\"@context\":\"https:\\\/\\\/schema.org\",\"@graph\":[{\"@type\":\"Article\",\"@id\":\"https:\\\/\\\/igfae.usc.es\\\/igfae\\\/o-futuro-da-fisica-de-particulas-en-europa-se-debate-en-granada\\\/#article\",\"isPartOf\":{\"@id\":\"https:\\\/\\\/igfae.usc.es\\\/igfae\\\/o-futuro-da-fisica-de-particulas-en-europa-se-debate-en-granada\\\/\"},\"author\":{\"name\":\"Elena Mora Cuesta\",\"@id\":\"https:\\\/\\\/igfae.usc.es\\\/igfae\\\/#\\\/schema\\\/person\\\/03238a787eb5532104d25835b57917be\"},\"headline\":\"O futuro da f\u00edsica de part\u00edculas en Europa se debate en Granada\",\"datePublished\":\"2019-05-14T11:03:43+00:00\",\"dateModified\":\"2024-04-12T12:22:36+00:00\",\"mainEntityOfPage\":{\"@id\":\"https:\\\/\\\/igfae.usc.es\\\/igfae\\\/o-futuro-da-fisica-de-particulas-en-europa-se-debate-en-granada\\\/\"},\"wordCount\":925,\"publisher\":{\"@id\":\"https:\\\/\\\/igfae.usc.es\\\/igfae\\\/#organization\"},\"image\":{\"@id\":\"https:\\\/\\\/igfae.usc.es\\\/igfae\\\/o-futuro-da-fisica-de-particulas-en-europa-se-debate-en-granada\\\/#primaryimage\"},\"thumbnailUrl\":\"https:\\\/\\\/igfae.usc.es\\\/igfae\\\/wp-content\\\/uploads\\\/2019\\\/05\\\/201902-108_07-1.jpg\",\"articleSection\":[\"Novas\"],\"inLanguage\":\"gl-ES\"},{\"@type\":\"WebPage\",\"@id\":\"https:\\\/\\\/igfae.usc.es\\\/igfae\\\/o-futuro-da-fisica-de-particulas-en-europa-se-debate-en-granada\\\/\",\"url\":\"https:\\\/\\\/igfae.usc.es\\\/igfae\\\/o-futuro-da-fisica-de-particulas-en-europa-se-debate-en-granada\\\/\",\"name\":\"O futuro da f\u00edsica de part\u00edculas en Europa se debate en Granada - IGFAE\",\"isPartOf\":{\"@id\":\"https:\\\/\\\/igfae.usc.es\\\/igfae\\\/#website\"},\"primaryImageOfPage\":{\"@id\":\"https:\\\/\\\/igfae.usc.es\\\/igfae\\\/o-futuro-da-fisica-de-particulas-en-europa-se-debate-en-granada\\\/#primaryimage\"},\"image\":{\"@id\":\"https:\\\/\\\/igfae.usc.es\\\/igfae\\\/o-futuro-da-fisica-de-particulas-en-europa-se-debate-en-granada\\\/#primaryimage\"},\"thumbnailUrl\":\"https:\\\/\\\/igfae.usc.es\\\/igfae\\\/wp-content\\\/uploads\\\/2019\\\/05\\\/201902-108_07-1.jpg\",\"datePublished\":\"2019-05-14T11:03:43+00:00\",\"dateModified\":\"2024-04-12T12:22:36+00:00\",\"breadcrumb\":{\"@id\":\"https:\\\/\\\/igfae.usc.es\\\/igfae\\\/o-futuro-da-fisica-de-particulas-en-europa-se-debate-en-granada\\\/#breadcrumb\"},\"inLanguage\":\"gl-ES\",\"potentialAction\":[{\"@type\":\"ReadAction\",\"target\":[\"https:\\\/\\\/igfae.usc.es\\\/igfae\\\/o-futuro-da-fisica-de-particulas-en-europa-se-debate-en-granada\\\/\"]}]},{\"@type\":\"ImageObject\",\"inLanguage\":\"gl-ES\",\"@id\":\"https:\\\/\\\/igfae.usc.es\\\/igfae\\\/o-futuro-da-fisica-de-particulas-en-europa-se-debate-en-granada\\\/#primaryimage\",\"url\":\"https:\\\/\\\/igfae.usc.es\\\/igfae\\\/wp-content\\\/uploads\\\/2019\\\/05\\\/201902-108_07-1.jpg\",\"contentUrl\":\"https:\\\/\\\/igfae.usc.es\\\/igfae\\\/wp-content\\\/uploads\\\/2019\\\/05\\\/201902-108_07-1.jpg\",\"width\":1440,\"height\":810},{\"@type\":\"BreadcrumbList\",\"@id\":\"https:\\\/\\\/igfae.usc.es\\\/igfae\\\/o-futuro-da-fisica-de-particulas-en-europa-se-debate-en-granada\\\/#breadcrumb\",\"itemListElement\":[{\"@type\":\"ListItem\",\"position\":1,\"name\":\"Inicio\",\"item\":\"https:\\\/\\\/igfae.usc.es\\\/igfae\\\/\"},{\"@type\":\"ListItem\",\"position\":2,\"name\":\"O futuro da f\u00edsica de part\u00edculas en Europa se debate en Granada\"}]},{\"@type\":\"WebSite\",\"@id\":\"https:\\\/\\\/igfae.usc.es\\\/igfae\\\/#website\",\"url\":\"https:\\\/\\\/igfae.usc.es\\\/igfae\\\/\",\"name\":\"IGFAE\",\"description\":\"Instituto Galego de F\u00edsica de Altas Enerx\u00edas\",\"publisher\":{\"@id\":\"https:\\\/\\\/igfae.usc.es\\\/igfae\\\/#organization\"},\"potentialAction\":[{\"@type\":\"SearchAction\",\"target\":{\"@type\":\"EntryPoint\",\"urlTemplate\":\"https:\\\/\\\/igfae.usc.es\\\/igfae\\\/?s={search_term_string}\"},\"query-input\":{\"@type\":\"PropertyValueSpecification\",\"valueRequired\":true,\"valueName\":\"search_term_string\"}}],\"inLanguage\":\"gl-ES\"},{\"@type\":\"Organization\",\"@id\":\"https:\\\/\\\/igfae.usc.es\\\/igfae\\\/#organization\",\"name\":\"Instituto Galego de F\u00edsica de Altas Enerx\u00edas\",\"url\":\"https:\\\/\\\/igfae.usc.es\\\/igfae\\\/\",\"logo\":{\"@type\":\"ImageObject\",\"inLanguage\":\"gl-ES\",\"@id\":\"https:\\\/\\\/igfae.usc.es\\\/igfae\\\/#\\\/schema\\\/logo\\\/image\\\/\",\"url\":\"https:\\\/\\\/igfae.usc.es\\\/igfae\\\/wp-content\\\/uploads\\\/2025\\\/04\\\/seo-igfae.jpg\",\"contentUrl\":\"https:\\\/\\\/igfae.usc.es\\\/igfae\\\/wp-content\\\/uploads\\\/2025\\\/04\\\/seo-igfae.jpg\",\"width\":1920,\"height\":1280,\"caption\":\"Instituto Galego de F\u00edsica de Altas Enerx\u00edas\"},\"image\":{\"@id\":\"https:\\\/\\\/igfae.usc.es\\\/igfae\\\/#\\\/schema\\\/logo\\\/image\\\/\"},\"sameAs\":[\"https:\\\/\\\/x.com\\\/IGFAE_HEP\"]},{\"@type\":\"Person\",\"@id\":\"https:\\\/\\\/igfae.usc.es\\\/igfae\\\/#\\\/schema\\\/person\\\/03238a787eb5532104d25835b57917be\",\"name\":\"Elena Mora Cuesta\",\"image\":{\"@type\":\"ImageObject\",\"inLanguage\":\"gl-ES\",\"@id\":\"https:\\\/\\\/secure.gravatar.com\\\/avatar\\\/af27da01b0197b45e65c5953d7bf96127f31ba13f9cfc71b2bcea6fa310d79c8?s=96&d=mm&r=g\",\"url\":\"https:\\\/\\\/secure.gravatar.com\\\/avatar\\\/af27da01b0197b45e65c5953d7bf96127f31ba13f9cfc71b2bcea6fa310d79c8?s=96&d=mm&r=g\",\"contentUrl\":\"https:\\\/\\\/secure.gravatar.com\\\/avatar\\\/af27da01b0197b45e65c5953d7bf96127f31ba13f9cfc71b2bcea6fa310d79c8?s=96&d=mm&r=g\",\"caption\":\"Elena Mora Cuesta\"},\"url\":\"https:\\\/\\\/igfae.usc.es\\\/igfae\\\/author\\\/elena-mora-cuesta\\\/\"}]}<\/script>\n<!-- \/ Yoast SEO plugin. -->","yoast_head_json":{"title":"O futuro da f\u00edsica de part\u00edculas en Europa se debate en Granada - IGFAE","robots":{"index":"index","follow":"follow","max-snippet":"max-snippet:-1","max-image-preview":"max-image-preview:large","max-video-preview":"max-video-preview:-1"},"canonical":"https:\/\/igfae.usc.es\/igfae\/o-futuro-da-fisica-de-particulas-en-europa-se-debate-en-granada\/","og_locale":"gl_ES","og_type":"article","og_title":"O futuro da f\u00edsica de part\u00edculas en Europa se debate en Granada - IGFAE","og_description":"A comunidade europea en f\u00edsica de part\u00edculas est\u00e1 a reunirse esta semana en Granada para discutir o futuro desta disciplina cient\u00edfica cuxo obxecto de estudo son os compo\u00f1entes da materia que forman todo o que vemos no Universo. Do 13 ao 16 de maio cel\u00e9brase no Palacio de Congresos da capital granadina o \u201cCERN Council [&hellip;]","og_url":"https:\/\/igfae.usc.es\/igfae\/o-futuro-da-fisica-de-particulas-en-europa-se-debate-en-granada\/","og_site_name":"IGFAE","article_published_time":"2019-05-14T11:03:43+00:00","article_modified_time":"2024-04-12T12:22:36+00:00","og_image":[{"width":1440,"height":810,"url":"https:\/\/igfae.usc.es\/igfae\/wp-content\/uploads\/2019\/05\/201902-108_07-1.jpg","type":"image\/jpeg"}],"author":"Elena Mora Cuesta","twitter_card":"summary_large_image","twitter_creator":"@IGFAE_HEP","twitter_site":"@IGFAE_HEP","twitter_misc":{"Escrito por":"Elena Mora Cuesta","Tempo de lectura":"5 minutos"},"schema":{"@context":"https:\/\/schema.org","@graph":[{"@type":"Article","@id":"https:\/\/igfae.usc.es\/igfae\/o-futuro-da-fisica-de-particulas-en-europa-se-debate-en-granada\/#article","isPartOf":{"@id":"https:\/\/igfae.usc.es\/igfae\/o-futuro-da-fisica-de-particulas-en-europa-se-debate-en-granada\/"},"author":{"name":"Elena Mora Cuesta","@id":"https:\/\/igfae.usc.es\/igfae\/#\/schema\/person\/03238a787eb5532104d25835b57917be"},"headline":"O futuro da f\u00edsica de part\u00edculas en Europa se debate en Granada","datePublished":"2019-05-14T11:03:43+00:00","dateModified":"2024-04-12T12:22:36+00:00","mainEntityOfPage":{"@id":"https:\/\/igfae.usc.es\/igfae\/o-futuro-da-fisica-de-particulas-en-europa-se-debate-en-granada\/"},"wordCount":925,"publisher":{"@id":"https:\/\/igfae.usc.es\/igfae\/#organization"},"image":{"@id":"https:\/\/igfae.usc.es\/igfae\/o-futuro-da-fisica-de-particulas-en-europa-se-debate-en-granada\/#primaryimage"},"thumbnailUrl":"https:\/\/igfae.usc.es\/igfae\/wp-content\/uploads\/2019\/05\/201902-108_07-1.jpg","articleSection":["Novas"],"inLanguage":"gl-ES"},{"@type":"WebPage","@id":"https:\/\/igfae.usc.es\/igfae\/o-futuro-da-fisica-de-particulas-en-europa-se-debate-en-granada\/","url":"https:\/\/igfae.usc.es\/igfae\/o-futuro-da-fisica-de-particulas-en-europa-se-debate-en-granada\/","name":"O futuro da f\u00edsica de part\u00edculas en Europa se debate en Granada - IGFAE","isPartOf":{"@id":"https:\/\/igfae.usc.es\/igfae\/#website"},"primaryImageOfPage":{"@id":"https:\/\/igfae.usc.es\/igfae\/o-futuro-da-fisica-de-particulas-en-europa-se-debate-en-granada\/#primaryimage"},"image":{"@id":"https:\/\/igfae.usc.es\/igfae\/o-futuro-da-fisica-de-particulas-en-europa-se-debate-en-granada\/#primaryimage"},"thumbnailUrl":"https:\/\/igfae.usc.es\/igfae\/wp-content\/uploads\/2019\/05\/201902-108_07-1.jpg","datePublished":"2019-05-14T11:03:43+00:00","dateModified":"2024-04-12T12:22:36+00:00","breadcrumb":{"@id":"https:\/\/igfae.usc.es\/igfae\/o-futuro-da-fisica-de-particulas-en-europa-se-debate-en-granada\/#breadcrumb"},"inLanguage":"gl-ES","potentialAction":[{"@type":"ReadAction","target":["https:\/\/igfae.usc.es\/igfae\/o-futuro-da-fisica-de-particulas-en-europa-se-debate-en-granada\/"]}]},{"@type":"ImageObject","inLanguage":"gl-ES","@id":"https:\/\/igfae.usc.es\/igfae\/o-futuro-da-fisica-de-particulas-en-europa-se-debate-en-granada\/#primaryimage","url":"https:\/\/igfae.usc.es\/igfae\/wp-content\/uploads\/2019\/05\/201902-108_07-1.jpg","contentUrl":"https:\/\/igfae.usc.es\/igfae\/wp-content\/uploads\/2019\/05\/201902-108_07-1.jpg","width":1440,"height":810},{"@type":"BreadcrumbList","@id":"https:\/\/igfae.usc.es\/igfae\/o-futuro-da-fisica-de-particulas-en-europa-se-debate-en-granada\/#breadcrumb","itemListElement":[{"@type":"ListItem","position":1,"name":"Inicio","item":"https:\/\/igfae.usc.es\/igfae\/"},{"@type":"ListItem","position":2,"name":"O futuro da f\u00edsica de part\u00edculas en Europa se debate en Granada"}]},{"@type":"WebSite","@id":"https:\/\/igfae.usc.es\/igfae\/#website","url":"https:\/\/igfae.usc.es\/igfae\/","name":"IGFAE","description":"Instituto Galego de F\u00edsica de Altas Enerx\u00edas","publisher":{"@id":"https:\/\/igfae.usc.es\/igfae\/#organization"},"potentialAction":[{"@type":"SearchAction","target":{"@type":"EntryPoint","urlTemplate":"https:\/\/igfae.usc.es\/igfae\/?s={search_term_string}"},"query-input":{"@type":"PropertyValueSpecification","valueRequired":true,"valueName":"search_term_string"}}],"inLanguage":"gl-ES"},{"@type":"Organization","@id":"https:\/\/igfae.usc.es\/igfae\/#organization","name":"Instituto Galego de F\u00edsica de Altas Enerx\u00edas","url":"https:\/\/igfae.usc.es\/igfae\/","logo":{"@type":"ImageObject","inLanguage":"gl-ES","@id":"https:\/\/igfae.usc.es\/igfae\/#\/schema\/logo\/image\/","url":"https:\/\/igfae.usc.es\/igfae\/wp-content\/uploads\/2025\/04\/seo-igfae.jpg","contentUrl":"https:\/\/igfae.usc.es\/igfae\/wp-content\/uploads\/2025\/04\/seo-igfae.jpg","width":1920,"height":1280,"caption":"Instituto Galego de F\u00edsica de Altas Enerx\u00edas"},"image":{"@id":"https:\/\/igfae.usc.es\/igfae\/#\/schema\/logo\/image\/"},"sameAs":["https:\/\/x.com\/IGFAE_HEP"]},{"@type":"Person","@id":"https:\/\/igfae.usc.es\/igfae\/#\/schema\/person\/03238a787eb5532104d25835b57917be","name":"Elena Mora Cuesta","image":{"@type":"ImageObject","inLanguage":"gl-ES","@id":"https:\/\/secure.gravatar.com\/avatar\/af27da01b0197b45e65c5953d7bf96127f31ba13f9cfc71b2bcea6fa310d79c8?s=96&d=mm&r=g","url":"https:\/\/secure.gravatar.com\/avatar\/af27da01b0197b45e65c5953d7bf96127f31ba13f9cfc71b2bcea6fa310d79c8?s=96&d=mm&r=g","contentUrl":"https:\/\/secure.gravatar.com\/avatar\/af27da01b0197b45e65c5953d7bf96127f31ba13f9cfc71b2bcea6fa310d79c8?s=96&d=mm&r=g","caption":"Elena Mora Cuesta"},"url":"https:\/\/igfae.usc.es\/igfae\/author\/elena-mora-cuesta\/"}]}},"_links":{"self":[{"href":"https:\/\/igfae.usc.es\/igfae\/wp-json\/wp\/v2\/posts\/3309","targetHints":{"allow":["GET"]}}],"collection":[{"href":"https:\/\/igfae.usc.es\/igfae\/wp-json\/wp\/v2\/posts"}],"about":[{"href":"https:\/\/igfae.usc.es\/igfae\/wp-json\/wp\/v2\/types\/post"}],"author":[{"embeddable":true,"href":"https:\/\/igfae.usc.es\/igfae\/wp-json\/wp\/v2\/users\/7"}],"replies":[{"embeddable":true,"href":"https:\/\/igfae.usc.es\/igfae\/wp-json\/wp\/v2\/comments?post=3309"}],"version-history":[{"count":1,"href":"https:\/\/igfae.usc.es\/igfae\/wp-json\/wp\/v2\/posts\/3309\/revisions"}],"predecessor-version":[{"id":15210,"href":"https:\/\/igfae.usc.es\/igfae\/wp-json\/wp\/v2\/posts\/3309\/revisions\/15210"}],"wp:featuredmedia":[{"embeddable":true,"href":"https:\/\/igfae.usc.es\/igfae\/wp-json\/wp\/v2\/media\/3009"}],"wp:attachment":[{"href":"https:\/\/igfae.usc.es\/igfae\/wp-json\/wp\/v2\/media?parent=3309"}],"wp:term":[{"taxonomy":"category","embeddable":true,"href":"https:\/\/igfae.usc.es\/igfae\/wp-json\/wp\/v2\/categories?post=3309"}],"curies":[{"name":"wp","href":"https:\/\/api.w.org\/{rel}","templated":true}]}}