{"id":23525,"date":"2026-04-23T09:38:22","date_gmt":"2026-04-23T07:38:22","guid":{"rendered":"https:\/\/igfae.usc.es\/igfae\/?p=23525"},"modified":"2026-04-23T09:38:22","modified_gmt":"2026-04-23T07:38:22","slug":"o-igfae-recibe-a-visita-da-red-de-politicas-de-idi","status":"publish","type":"post","link":"https:\/\/igfae.usc.es\/igfae\/o-igfae-recibe-a-visita-da-red-de-politicas-de-idi\/","title":{"rendered":"O IGFAE recibe a visita da Red de Pol\u00edticas de I+D+I"},"content":{"rendered":"<p>A sede do IGFAE recibiu na ma\u00f1\u00e1 do m\u00e9rcores 22 de abril a visita dos membros do plenario da Red de Pol\u00edticas de I+D+I, reunida na Cidade da Cultura de Santiago de Compostela, nun encontro organizado coa colaboraci\u00f3n da Axencia Galega de Innovaci\u00f3n. Esta rede \u00e9 un elemento de coordinaci\u00f3n entre as comunidades aut\u00f3nomas e a Administraci\u00f3n Xeral do Estado para colaborar na mobilizaci\u00f3n de recursos e acceso ao financiamento europeo no \u00e1mbito da investigaci\u00f3n, o desenvolvemento e a innovaci\u00f3n. Esta rede est\u00e1 cofinanciada polo Fondo Europeo de Desenvolvemento Rexional (FEDER), de onde tam\u00e9n procede o financiamento da rede de centros CIGUS da Xunta de Galicia, \u00e1 que pertence o IGFAE.<\/p>\n<p>A comitiva estivo formada por representantes de entidades como a Axencia Estatal de Investigaci\u00f3n (AEI), o Centro para o Desenvolvemento Tecnol\u00f3xico e a Innovaci\u00f3n (CDTI), os Ministerios de Ciencia e Innovaci\u00f3n e Facenda, e membros das axencias de investigaci\u00f3n e gobernos das comunidades aut\u00f3nomas, entre outros organismos.<\/p>\n<p>A visita foi conducida polo director do IGFAE, Carlos A. Salgado, o subdirector, Abraham Gallas, as\u00ed como polos investigadores e t\u00e9cnicos de investigaci\u00f3n que amosaron os novos espazos experimentais do IGFAE, ampliados logo da renovaci\u00f3n das instalaci\u00f3ns realizada nos \u00faltimos anos. Deste xeito, expux\u00e9ronse as achegas do IGFAE a grandes instalaci\u00f3ns experimentais, como o LHC do CERN, as\u00ed como a transferencia de co\u00f1ecemento e tecnolox\u00eda \u00e1 sociedade e a industria, con exemplos como a spin-off <a href=\"https:\/\/neutroninsights.com\/\" target=\"_blank\" rel=\"noopener\">Neutron Insights.<\/a><\/p>\n<p>Durante a ma\u00f1\u00e1 do m\u00e9rcores, o plenario da Red IDI tam\u00e9n visitou o Centro de Investigaci\u00f3n en Medicina Molecular e Enfermidades Cr\u00f3nicas da USC (CiMUS), o outro centro galego acreditado como Unidade de Excelencia Mar\u00eda de Maeztu, e que tam\u00e9n forma parte da rede CIGUS da Xunta de Galicia.<\/p>\n\n\t\t<style type=\"text\/css\">\n\t\t\t#gallery-1 {\n\t\t\t\tmargin: auto;\n\t\t\t}\n\t\t\t#gallery-1 .gallery-item {\n\t\t\t\tfloat: left;\n\t\t\t\tmargin-top: 10px;\n\t\t\t\ttext-align: center;\n\t\t\t\twidth: 20%;\n\t\t\t}\n\t\t\t#gallery-1 img {\n\t\t\t\tborder: 2px solid #cfcfcf;\n\t\t\t}\n\t\t\t#gallery-1 .gallery-caption {\n\t\t\t\tmargin-left: 0;\n\t\t\t}\n\t\t\t\/* see gallery_shortcode() in wp-includes\/media.php *\/\n\t\t<\/style>\n\t\t<div id='gallery-1' class='gallery galleryid-23525 gallery-columns-5 gallery-size-medium'><dl class='gallery-item'>\n\t\t\t<dt class='gallery-icon landscape'>\n\t\t\t\t<a href='https:\/\/igfae.usc.es\/igfae\/wp-content\/uploads\/2026-04-22-Red-IDI-IGFAE.jpg'><img loading=\"lazy\" decoding=\"async\" width=\"300\" height=\"203\" src=\"https:\/\/igfae.usc.es\/igfae\/wp-content\/uploads\/2026-04-22-Red-IDI-IGFAE.jpg\" class=\"attachment-medium size-medium\" alt=\"\" srcset=\"https:\/\/igfae.usc.es\/igfae\/wp-content\/uploads\/2026-04-22-Red-IDI-IGFAE.jpg 2000w, https:\/\/igfae.usc.es\/igfae\/wp-content\/uploads\/2026-04-22-Red-IDI-IGFAE-1500x1013.jpg 1500w, https:\/\/igfae.usc.es\/igfae\/wp-content\/uploads\/2026-04-22-Red-IDI-IGFAE-750x506.jpg 750w, https:\/\/igfae.usc.es\/igfae\/wp-content\/uploads\/2026-04-22-Red-IDI-IGFAE-30x20.jpg 30w\" sizes=\"auto, (max-width: 300px) 100vw, 300px\" \/><\/a>\n\t\t\t<\/dt><\/dl><dl class='gallery-item'>\n\t\t\t<dt class='gallery-icon landscape'>\n\t\t\t\t<a href='https:\/\/igfae.usc.es\/igfae\/wp-content\/uploads\/2026-04-22-Red-IDI-IGFAE_1.jpg'><img loading=\"lazy\" decoding=\"async\" width=\"300\" height=\"195\" src=\"https:\/\/igfae.usc.es\/igfae\/wp-content\/uploads\/2026-04-22-Red-IDI-IGFAE_1.jpg\" class=\"attachment-medium size-medium\" alt=\"\" srcset=\"https:\/\/igfae.usc.es\/igfae\/wp-content\/uploads\/2026-04-22-Red-IDI-IGFAE_1.jpg 2000w, https:\/\/igfae.usc.es\/igfae\/wp-content\/uploads\/2026-04-22-Red-IDI-IGFAE_1-1500x973.jpg 1500w, https:\/\/igfae.usc.es\/igfae\/wp-content\/uploads\/2026-04-22-Red-IDI-IGFAE_1-750x486.jpg 750w, https:\/\/igfae.usc.es\/igfae\/wp-content\/uploads\/2026-04-22-Red-IDI-IGFAE_1-30x19.jpg 30w\" sizes=\"auto, (max-width: 300px) 100vw, 300px\" \/><\/a>\n\t\t\t<\/dt><\/dl><dl class='gallery-item'>\n\t\t\t<dt class='gallery-icon landscape'>\n\t\t\t\t<a href='https:\/\/igfae.usc.es\/igfae\/wp-content\/uploads\/2026-04-22-Red-IDI-IGFAE_3.jpg'><img loading=\"lazy\" decoding=\"async\" width=\"300\" height=\"200\" src=\"https:\/\/igfae.usc.es\/igfae\/wp-content\/uploads\/2026-04-22-Red-IDI-IGFAE_3.jpg\" class=\"attachment-medium size-medium\" alt=\"\" srcset=\"https:\/\/igfae.usc.es\/igfae\/wp-content\/uploads\/2026-04-22-Red-IDI-IGFAE_3.jpg 2000w, https:\/\/igfae.usc.es\/igfae\/wp-content\/uploads\/2026-04-22-Red-IDI-IGFAE_3-1500x1000.jpg 1500w, https:\/\/igfae.usc.es\/igfae\/wp-content\/uploads\/2026-04-22-Red-IDI-IGFAE_3-750x500.jpg 750w, https:\/\/igfae.usc.es\/igfae\/wp-content\/uploads\/2026-04-22-Red-IDI-IGFAE_3-30x20.jpg 30w\" sizes=\"auto, (max-width: 300px) 100vw, 300px\" \/><\/a>\n\t\t\t<\/dt><\/dl><dl class='gallery-item'>\n\t\t\t<dt class='gallery-icon landscape'>\n\t\t\t\t<a href='https:\/\/igfae.usc.es\/igfae\/wp-content\/uploads\/2026-04-22-Red-IDI-IGFAE_5.jpg'><img loading=\"lazy\" decoding=\"async\" width=\"300\" height=\"200\" src=\"https:\/\/igfae.usc.es\/igfae\/wp-content\/uploads\/2026-04-22-Red-IDI-IGFAE_5.jpg\" class=\"attachment-medium size-medium\" alt=\"\" srcset=\"https:\/\/igfae.usc.es\/igfae\/wp-content\/uploads\/2026-04-22-Red-IDI-IGFAE_5.jpg 2000w, https:\/\/igfae.usc.es\/igfae\/wp-content\/uploads\/2026-04-22-Red-IDI-IGFAE_5-1500x1000.jpg 1500w, https:\/\/igfae.usc.es\/igfae\/wp-content\/uploads\/2026-04-22-Red-IDI-IGFAE_5-750x500.jpg 750w, https:\/\/igfae.usc.es\/igfae\/wp-content\/uploads\/2026-04-22-Red-IDI-IGFAE_5-30x20.jpg 30w\" sizes=\"auto, (max-width: 300px) 100vw, 300px\" \/><\/a>\n\t\t\t<\/dt><\/dl><dl class='gallery-item'>\n\t\t\t<dt class='gallery-icon landscape'>\n\t\t\t\t<a href='https:\/\/igfae.usc.es\/igfae\/wp-content\/uploads\/2026-04-22-Red-IDI-IGFAE_web.jpg'><img loading=\"lazy\" decoding=\"async\" width=\"300\" height=\"206\" src=\"https:\/\/igfae.usc.es\/igfae\/wp-content\/uploads\/2026-04-22-Red-IDI-IGFAE_web.jpg\" class=\"attachment-medium size-medium\" alt=\"\" srcset=\"https:\/\/igfae.usc.es\/igfae\/wp-content\/uploads\/2026-04-22-Red-IDI-IGFAE_web.jpg 2000w, https:\/\/igfae.usc.es\/igfae\/wp-content\/uploads\/2026-04-22-Red-IDI-IGFAE_web-1500x1032.jpg 1500w, https:\/\/igfae.usc.es\/igfae\/wp-content\/uploads\/2026-04-22-Red-IDI-IGFAE_web-750x516.jpg 750w, https:\/\/igfae.usc.es\/igfae\/wp-content\/uploads\/2026-04-22-Red-IDI-IGFAE_web-30x21.jpg 30w\" sizes=\"auto, (max-width: 300px) 100vw, 300px\" \/><\/a>\n\t\t\t<\/dt><\/dl><br style=\"clear: both\" \/>\n\t\t<\/div>\n\n","protected":false},"excerpt":{"rendered":"<p>A sede do IGFAE recibiu na ma\u00f1\u00e1 do m\u00e9rcores 22 de abril a visita dos membros do plenario da Red de Pol\u00edticas de I+D+I, reunida na Cidade da Cultura de Santiago de Compostela, nun encontro organizado coa colaboraci\u00f3n da Axencia Galega de Innovaci\u00f3n. Esta rede \u00e9 un elemento de coordinaci\u00f3n entre as comunidades aut\u00f3nomas e [&hellip;]<\/p>\n","protected":false},"author":11,"featured_media":23533,"comment_status":"closed","ping_status":"closed","sticky":false,"template":"","format":"standard","meta":{"_acf_changed":false,"footnotes":""},"categories":[166],"class_list":["post-23525","post","type-post","status-publish","format-standard","has-post-thumbnail","hentry","category-novas-2"],"acf":[],"yoast_head":"<!-- This site is optimized with the Yoast SEO plugin v27.4 - https:\/\/yoast.com\/product\/yoast-seo-wordpress\/ -->\n<title>O IGFAE recibe a visita da Red de Pol\u00edticas de I+D+I<\/title>\n<meta name=\"description\" content=\"O plenario desta entidade reuniuse en Santiago de Compostela, nun encontro organizado pola Axencia Galega de Innovaci\u00f3n\" \/>\n<meta name=\"robots\" content=\"index, follow, max-snippet:-1, max-image-preview:large, max-video-preview:-1\" \/>\n<link rel=\"canonical\" href=\"https:\/\/igfae.usc.es\/igfae\/o-igfae-recibe-a-visita-da-red-de-politicas-de-idi\/\" \/>\n<meta property=\"og:locale\" content=\"gl_ES\" \/>\n<meta property=\"og:type\" content=\"article\" \/>\n<meta property=\"og:title\" content=\"O IGFAE recibe a visita da Red de Pol\u00edticas de I+D+I\" \/>\n<meta property=\"og:description\" content=\"O plenario desta entidade reuniuse en Santiago de Compostela, nun encontro organizado pola Axencia Galega de Innovaci\u00f3n\" \/>\n<meta property=\"og:url\" content=\"https:\/\/igfae.usc.es\/igfae\/o-igfae-recibe-a-visita-da-red-de-politicas-de-idi\/\" \/>\n<meta property=\"og:site_name\" content=\"IGFAE\" \/>\n<meta property=\"article:published_time\" content=\"2026-04-23T07:38:22+00:00\" \/>\n<meta property=\"og:image\" content=\"https:\/\/igfae.usc.es\/igfae\/wp-content\/uploads\/2026-04-22-Red-IDI-IGFAE-2.jpg\" \/>\n\t<meta property=\"og:image:width\" content=\"1500\" \/>\n\t<meta property=\"og:image:height\" content=\"987\" \/>\n\t<meta property=\"og:image:type\" content=\"image\/jpeg\" \/>\n<meta name=\"author\" content=\"Manuel\" \/>\n<meta name=\"twitter:card\" content=\"summary_large_image\" \/>\n<meta name=\"twitter:creator\" content=\"@IGFAE_HEP\" \/>\n<meta name=\"twitter:site\" content=\"@IGFAE_HEP\" \/>\n<meta name=\"twitter:label1\" content=\"Escrito por\" \/>\n\t<meta name=\"twitter:data1\" content=\"Manuel\" \/>\n\t<meta name=\"twitter:label2\" content=\"Tempo de lectura\" \/>\n\t<meta name=\"twitter:data2\" content=\"2 minutos\" \/>\n<script type=\"application\/ld+json\" class=\"yoast-schema-graph\">{\"@context\":\"https:\\\/\\\/schema.org\",\"@graph\":[{\"@type\":\"Article\",\"@id\":\"https:\\\/\\\/igfae.usc.es\\\/igfae\\\/o-igfae-recibe-a-visita-da-red-de-politicas-de-idi\\\/#article\",\"isPartOf\":{\"@id\":\"https:\\\/\\\/igfae.usc.es\\\/igfae\\\/o-igfae-recibe-a-visita-da-red-de-politicas-de-idi\\\/\"},\"author\":{\"name\":\"Manuel\",\"@id\":\"https:\\\/\\\/igfae.usc.es\\\/igfae\\\/#\\\/schema\\\/person\\\/7edb28d4e85fc09a1d4a05dd2b844174\"},\"headline\":\"O IGFAE recibe a visita da Red de Pol\u00edticas de I+D+I\",\"datePublished\":\"2026-04-23T07:38:22+00:00\",\"mainEntityOfPage\":{\"@id\":\"https:\\\/\\\/igfae.usc.es\\\/igfae\\\/o-igfae-recibe-a-visita-da-red-de-politicas-de-idi\\\/\"},\"wordCount\":334,\"publisher\":{\"@id\":\"https:\\\/\\\/igfae.usc.es\\\/igfae\\\/#organization\"},\"image\":{\"@id\":\"https:\\\/\\\/igfae.usc.es\\\/igfae\\\/o-igfae-recibe-a-visita-da-red-de-politicas-de-idi\\\/#primaryimage\"},\"thumbnailUrl\":\"https:\\\/\\\/igfae.usc.es\\\/igfae\\\/wp-content\\\/uploads\\\/2026-04-22-Red-IDI-IGFAE-2.jpg\",\"articleSection\":[\"Novas\"],\"inLanguage\":\"gl-ES\"},{\"@type\":\"WebPage\",\"@id\":\"https:\\\/\\\/igfae.usc.es\\\/igfae\\\/o-igfae-recibe-a-visita-da-red-de-politicas-de-idi\\\/\",\"url\":\"https:\\\/\\\/igfae.usc.es\\\/igfae\\\/o-igfae-recibe-a-visita-da-red-de-politicas-de-idi\\\/\",\"name\":\"O IGFAE recibe a visita da Red de Pol\u00edticas de I+D+I\",\"isPartOf\":{\"@id\":\"https:\\\/\\\/igfae.usc.es\\\/igfae\\\/#website\"},\"primaryImageOfPage\":{\"@id\":\"https:\\\/\\\/igfae.usc.es\\\/igfae\\\/o-igfae-recibe-a-visita-da-red-de-politicas-de-idi\\\/#primaryimage\"},\"image\":{\"@id\":\"https:\\\/\\\/igfae.usc.es\\\/igfae\\\/o-igfae-recibe-a-visita-da-red-de-politicas-de-idi\\\/#primaryimage\"},\"thumbnailUrl\":\"https:\\\/\\\/igfae.usc.es\\\/igfae\\\/wp-content\\\/uploads\\\/2026-04-22-Red-IDI-IGFAE-2.jpg\",\"datePublished\":\"2026-04-23T07:38:22+00:00\",\"description\":\"O plenario desta entidade reuniuse en Santiago de Compostela, nun encontro organizado pola Axencia Galega de Innovaci\u00f3n\",\"breadcrumb\":{\"@id\":\"https:\\\/\\\/igfae.usc.es\\\/igfae\\\/o-igfae-recibe-a-visita-da-red-de-politicas-de-idi\\\/#breadcrumb\"},\"inLanguage\":\"gl-ES\",\"potentialAction\":[{\"@type\":\"ReadAction\",\"target\":[\"https:\\\/\\\/igfae.usc.es\\\/igfae\\\/o-igfae-recibe-a-visita-da-red-de-politicas-de-idi\\\/\"]}]},{\"@type\":\"ImageObject\",\"inLanguage\":\"gl-ES\",\"@id\":\"https:\\\/\\\/igfae.usc.es\\\/igfae\\\/o-igfae-recibe-a-visita-da-red-de-politicas-de-idi\\\/#primaryimage\",\"url\":\"https:\\\/\\\/igfae.usc.es\\\/igfae\\\/wp-content\\\/uploads\\\/2026-04-22-Red-IDI-IGFAE-2.jpg\",\"contentUrl\":\"https:\\\/\\\/igfae.usc.es\\\/igfae\\\/wp-content\\\/uploads\\\/2026-04-22-Red-IDI-IGFAE-2.jpg\",\"width\":1500,\"height\":987},{\"@type\":\"BreadcrumbList\",\"@id\":\"https:\\\/\\\/igfae.usc.es\\\/igfae\\\/o-igfae-recibe-a-visita-da-red-de-politicas-de-idi\\\/#breadcrumb\",\"itemListElement\":[{\"@type\":\"ListItem\",\"position\":1,\"name\":\"Inicio\",\"item\":\"https:\\\/\\\/igfae.usc.es\\\/igfae\\\/\"},{\"@type\":\"ListItem\",\"position\":2,\"name\":\"O IGFAE recibe a visita da Red de Pol\u00edticas de I+D+I\"}]},{\"@type\":\"WebSite\",\"@id\":\"https:\\\/\\\/igfae.usc.es\\\/igfae\\\/#website\",\"url\":\"https:\\\/\\\/igfae.usc.es\\\/igfae\\\/\",\"name\":\"IGFAE\",\"description\":\"Instituto Galego de F\u00edsica de Altas Enerx\u00edas\",\"publisher\":{\"@id\":\"https:\\\/\\\/igfae.usc.es\\\/igfae\\\/#organization\"},\"potentialAction\":[{\"@type\":\"SearchAction\",\"target\":{\"@type\":\"EntryPoint\",\"urlTemplate\":\"https:\\\/\\\/igfae.usc.es\\\/igfae\\\/?s={search_term_string}\"},\"query-input\":{\"@type\":\"PropertyValueSpecification\",\"valueRequired\":true,\"valueName\":\"search_term_string\"}}],\"inLanguage\":\"gl-ES\"},{\"@type\":\"Organization\",\"@id\":\"https:\\\/\\\/igfae.usc.es\\\/igfae\\\/#organization\",\"name\":\"Instituto Galego de F\u00edsica de Altas Enerx\u00edas\",\"url\":\"https:\\\/\\\/igfae.usc.es\\\/igfae\\\/\",\"logo\":{\"@type\":\"ImageObject\",\"inLanguage\":\"gl-ES\",\"@id\":\"https:\\\/\\\/igfae.usc.es\\\/igfae\\\/#\\\/schema\\\/logo\\\/image\\\/\",\"url\":\"https:\\\/\\\/igfae.usc.es\\\/igfae\\\/wp-content\\\/uploads\\\/2025\\\/04\\\/seo-igfae.jpg\",\"contentUrl\":\"https:\\\/\\\/igfae.usc.es\\\/igfae\\\/wp-content\\\/uploads\\\/2025\\\/04\\\/seo-igfae.jpg\",\"width\":1920,\"height\":1280,\"caption\":\"Instituto Galego de F\u00edsica de Altas Enerx\u00edas\"},\"image\":{\"@id\":\"https:\\\/\\\/igfae.usc.es\\\/igfae\\\/#\\\/schema\\\/logo\\\/image\\\/\"},\"sameAs\":[\"https:\\\/\\\/x.com\\\/IGFAE_HEP\"]},{\"@type\":\"Person\",\"@id\":\"https:\\\/\\\/igfae.usc.es\\\/igfae\\\/#\\\/schema\\\/person\\\/7edb28d4e85fc09a1d4a05dd2b844174\",\"name\":\"Manuel\",\"image\":{\"@type\":\"ImageObject\",\"inLanguage\":\"gl-ES\",\"@id\":\"https:\\\/\\\/secure.gravatar.com\\\/avatar\\\/92b6d25b24eb9115f11ff9585492998eef62b80c7a05fd1ccd3f44ea80f2cffb?s=96&d=mm&r=g\",\"url\":\"https:\\\/\\\/secure.gravatar.com\\\/avatar\\\/92b6d25b24eb9115f11ff9585492998eef62b80c7a05fd1ccd3f44ea80f2cffb?s=96&d=mm&r=g\",\"contentUrl\":\"https:\\\/\\\/secure.gravatar.com\\\/avatar\\\/92b6d25b24eb9115f11ff9585492998eef62b80c7a05fd1ccd3f44ea80f2cffb?s=96&d=mm&r=g\",\"caption\":\"Manuel\"},\"url\":\"https:\\\/\\\/igfae.usc.es\\\/igfae\\\/author\\\/manuelrey-pan\\\/\"}]}<\/script>\n<!-- \/ Yoast SEO plugin. -->","yoast_head_json":{"title":"O IGFAE recibe a visita da Red de Pol\u00edticas de I+D+I","description":"O plenario desta entidade reuniuse en Santiago de Compostela, nun encontro organizado pola Axencia Galega de Innovaci\u00f3n","robots":{"index":"index","follow":"follow","max-snippet":"max-snippet:-1","max-image-preview":"max-image-preview:large","max-video-preview":"max-video-preview:-1"},"canonical":"https:\/\/igfae.usc.es\/igfae\/o-igfae-recibe-a-visita-da-red-de-politicas-de-idi\/","og_locale":"gl_ES","og_type":"article","og_title":"O IGFAE recibe a visita da Red de Pol\u00edticas de I+D+I","og_description":"O plenario desta entidade reuniuse en Santiago de Compostela, nun encontro organizado pola Axencia Galega de Innovaci\u00f3n","og_url":"https:\/\/igfae.usc.es\/igfae\/o-igfae-recibe-a-visita-da-red-de-politicas-de-idi\/","og_site_name":"IGFAE","article_published_time":"2026-04-23T07:38:22+00:00","og_image":[{"width":1500,"height":987,"url":"https:\/\/igfae.usc.es\/igfae\/wp-content\/uploads\/2026-04-22-Red-IDI-IGFAE-2.jpg","type":"image\/jpeg"}],"author":"Manuel","twitter_card":"summary_large_image","twitter_creator":"@IGFAE_HEP","twitter_site":"@IGFAE_HEP","twitter_misc":{"Escrito por":"Manuel","Tempo de lectura":"2 minutos"},"schema":{"@context":"https:\/\/schema.org","@graph":[{"@type":"Article","@id":"https:\/\/igfae.usc.es\/igfae\/o-igfae-recibe-a-visita-da-red-de-politicas-de-idi\/#article","isPartOf":{"@id":"https:\/\/igfae.usc.es\/igfae\/o-igfae-recibe-a-visita-da-red-de-politicas-de-idi\/"},"author":{"name":"Manuel","@id":"https:\/\/igfae.usc.es\/igfae\/#\/schema\/person\/7edb28d4e85fc09a1d4a05dd2b844174"},"headline":"O IGFAE recibe a visita da Red de Pol\u00edticas de I+D+I","datePublished":"2026-04-23T07:38:22+00:00","mainEntityOfPage":{"@id":"https:\/\/igfae.usc.es\/igfae\/o-igfae-recibe-a-visita-da-red-de-politicas-de-idi\/"},"wordCount":334,"publisher":{"@id":"https:\/\/igfae.usc.es\/igfae\/#organization"},"image":{"@id":"https:\/\/igfae.usc.es\/igfae\/o-igfae-recibe-a-visita-da-red-de-politicas-de-idi\/#primaryimage"},"thumbnailUrl":"https:\/\/igfae.usc.es\/igfae\/wp-content\/uploads\/2026-04-22-Red-IDI-IGFAE-2.jpg","articleSection":["Novas"],"inLanguage":"gl-ES"},{"@type":"WebPage","@id":"https:\/\/igfae.usc.es\/igfae\/o-igfae-recibe-a-visita-da-red-de-politicas-de-idi\/","url":"https:\/\/igfae.usc.es\/igfae\/o-igfae-recibe-a-visita-da-red-de-politicas-de-idi\/","name":"O IGFAE recibe a visita da Red de Pol\u00edticas de I+D+I","isPartOf":{"@id":"https:\/\/igfae.usc.es\/igfae\/#website"},"primaryImageOfPage":{"@id":"https:\/\/igfae.usc.es\/igfae\/o-igfae-recibe-a-visita-da-red-de-politicas-de-idi\/#primaryimage"},"image":{"@id":"https:\/\/igfae.usc.es\/igfae\/o-igfae-recibe-a-visita-da-red-de-politicas-de-idi\/#primaryimage"},"thumbnailUrl":"https:\/\/igfae.usc.es\/igfae\/wp-content\/uploads\/2026-04-22-Red-IDI-IGFAE-2.jpg","datePublished":"2026-04-23T07:38:22+00:00","description":"O plenario desta entidade reuniuse en Santiago de Compostela, nun encontro organizado pola Axencia Galega de Innovaci\u00f3n","breadcrumb":{"@id":"https:\/\/igfae.usc.es\/igfae\/o-igfae-recibe-a-visita-da-red-de-politicas-de-idi\/#breadcrumb"},"inLanguage":"gl-ES","potentialAction":[{"@type":"ReadAction","target":["https:\/\/igfae.usc.es\/igfae\/o-igfae-recibe-a-visita-da-red-de-politicas-de-idi\/"]}]},{"@type":"ImageObject","inLanguage":"gl-ES","@id":"https:\/\/igfae.usc.es\/igfae\/o-igfae-recibe-a-visita-da-red-de-politicas-de-idi\/#primaryimage","url":"https:\/\/igfae.usc.es\/igfae\/wp-content\/uploads\/2026-04-22-Red-IDI-IGFAE-2.jpg","contentUrl":"https:\/\/igfae.usc.es\/igfae\/wp-content\/uploads\/2026-04-22-Red-IDI-IGFAE-2.jpg","width":1500,"height":987},{"@type":"BreadcrumbList","@id":"https:\/\/igfae.usc.es\/igfae\/o-igfae-recibe-a-visita-da-red-de-politicas-de-idi\/#breadcrumb","itemListElement":[{"@type":"ListItem","position":1,"name":"Inicio","item":"https:\/\/igfae.usc.es\/igfae\/"},{"@type":"ListItem","position":2,"name":"O IGFAE recibe a visita da Red de Pol\u00edticas de I+D+I"}]},{"@type":"WebSite","@id":"https:\/\/igfae.usc.es\/igfae\/#website","url":"https:\/\/igfae.usc.es\/igfae\/","name":"IGFAE","description":"Instituto Galego de F\u00edsica de Altas Enerx\u00edas","publisher":{"@id":"https:\/\/igfae.usc.es\/igfae\/#organization"},"potentialAction":[{"@type":"SearchAction","target":{"@type":"EntryPoint","urlTemplate":"https:\/\/igfae.usc.es\/igfae\/?s={search_term_string}"},"query-input":{"@type":"PropertyValueSpecification","valueRequired":true,"valueName":"search_term_string"}}],"inLanguage":"gl-ES"},{"@type":"Organization","@id":"https:\/\/igfae.usc.es\/igfae\/#organization","name":"Instituto Galego de F\u00edsica de Altas Enerx\u00edas","url":"https:\/\/igfae.usc.es\/igfae\/","logo":{"@type":"ImageObject","inLanguage":"gl-ES","@id":"https:\/\/igfae.usc.es\/igfae\/#\/schema\/logo\/image\/","url":"https:\/\/igfae.usc.es\/igfae\/wp-content\/uploads\/2025\/04\/seo-igfae.jpg","contentUrl":"https:\/\/igfae.usc.es\/igfae\/wp-content\/uploads\/2025\/04\/seo-igfae.jpg","width":1920,"height":1280,"caption":"Instituto Galego de F\u00edsica de Altas Enerx\u00edas"},"image":{"@id":"https:\/\/igfae.usc.es\/igfae\/#\/schema\/logo\/image\/"},"sameAs":["https:\/\/x.com\/IGFAE_HEP"]},{"@type":"Person","@id":"https:\/\/igfae.usc.es\/igfae\/#\/schema\/person\/7edb28d4e85fc09a1d4a05dd2b844174","name":"Manuel","image":{"@type":"ImageObject","inLanguage":"gl-ES","@id":"https:\/\/secure.gravatar.com\/avatar\/92b6d25b24eb9115f11ff9585492998eef62b80c7a05fd1ccd3f44ea80f2cffb?s=96&d=mm&r=g","url":"https:\/\/secure.gravatar.com\/avatar\/92b6d25b24eb9115f11ff9585492998eef62b80c7a05fd1ccd3f44ea80f2cffb?s=96&d=mm&r=g","contentUrl":"https:\/\/secure.gravatar.com\/avatar\/92b6d25b24eb9115f11ff9585492998eef62b80c7a05fd1ccd3f44ea80f2cffb?s=96&d=mm&r=g","caption":"Manuel"},"url":"https:\/\/igfae.usc.es\/igfae\/author\/manuelrey-pan\/"}]}},"_links":{"self":[{"href":"https:\/\/igfae.usc.es\/igfae\/wp-json\/wp\/v2\/posts\/23525","targetHints":{"allow":["GET"]}}],"collection":[{"href":"https:\/\/igfae.usc.es\/igfae\/wp-json\/wp\/v2\/posts"}],"about":[{"href":"https:\/\/igfae.usc.es\/igfae\/wp-json\/wp\/v2\/types\/post"}],"author":[{"embeddable":true,"href":"https:\/\/igfae.usc.es\/igfae\/wp-json\/wp\/v2\/users\/11"}],"replies":[{"embeddable":true,"href":"https:\/\/igfae.usc.es\/igfae\/wp-json\/wp\/v2\/comments?post=23525"}],"version-history":[{"count":4,"href":"https:\/\/igfae.usc.es\/igfae\/wp-json\/wp\/v2\/posts\/23525\/revisions"}],"predecessor-version":[{"id":23569,"href":"https:\/\/igfae.usc.es\/igfae\/wp-json\/wp\/v2\/posts\/23525\/revisions\/23569"}],"wp:featuredmedia":[{"embeddable":true,"href":"https:\/\/igfae.usc.es\/igfae\/wp-json\/wp\/v2\/media\/23533"}],"wp:attachment":[{"href":"https:\/\/igfae.usc.es\/igfae\/wp-json\/wp\/v2\/media?parent=23525"}],"wp:term":[{"taxonomy":"category","embeddable":true,"href":"https:\/\/igfae.usc.es\/igfae\/wp-json\/wp\/v2\/categories?post=23525"}],"curies":[{"name":"wp","href":"https:\/\/api.w.org\/{rel}","templated":true}]}}