{"id":22591,"date":"2026-03-09T08:53:59","date_gmt":"2026-03-09T07:53:59","guid":{"rendered":"https:\/\/igfae.usc.es\/igfae\/?p=22591"},"modified":"2026-03-10T17:55:30","modified_gmt":"2026-03-10T16:55:30","slug":"geopolitica-fisica-podcast-no-es-el-fin-del-mundo","status":"publish","type":"post","link":"https:\/\/igfae.usc.es\/igfae\/geopolitica-fisica-podcast-no-es-el-fin-del-mundo\/","title":{"rendered":"A xeopol\u00edtica da f\u00edsica de part\u00edculas: escoita o episodio de &#8220;No es el fin del mundo&#8221;"},"content":{"rendered":"<p>Este xoves publicouse en diversas plataformas o episodio&#8221;La geopol\u00edtica de la f\u00edsica&#8221; do podcast<a href=\"https:\/\/elordenmundial.com\/podcasts\/no-es-el-fin-del-mundo\/\" target=\"_blank\" rel=\"noopener\"> &#8220;No es el fin del mundo&#8221;, de El Orden Mundial,<\/a> gravado o pasado 19 de febreiro en Santiago de Compostela. \u00c1 gravaci\u00f3n en directo acudiron m\u00e1is de 300 persoas, que ateigaron a Casa das M\u00e1quinas.<\/p>\n<p>O episodio, conducido por Fernando Aranc\u00f3n, Alba Leiva e Eduardo Salda\u00f1a, abordou como esta ciencia foi moldeando o desenvolvemento tecnol\u00f3xico desde a antig\u00fcidade e, desta maneira, influ\u00edu tam\u00e9n en numerosos acontecementos xeopol\u00edticos.<\/p>\n<p><strong>Youtube<\/strong><\/p>\n<p><iframe loading=\"lazy\" title=\"Hablemos de la GEOPOL\u00cdTICA de la F\u00cdSICA\" width=\"500\" height=\"281\" src=\"https:\/\/www.youtube.com\/embed\/xBpLxzc74SU?feature=oembed\" frameborder=\"0\" allow=\"accelerometer; autoplay; clipboard-write; encrypted-media; gyroscope; picture-in-picture; web-share\" referrerpolicy=\"strict-origin-when-cross-origin\" allowfullscreen><\/iframe><\/p>\n<p><strong>Spotify<\/strong><\/p>\n<p>&nbsp;<\/p>\n<p><iframe loading=\"lazy\" style=\"border-radius: 12px;\" src=\"https:\/\/open.spotify.com\/embed\/episode\/6hoQYEEi4V2pxjCeptmjyM\/video?utm_source=generator&amp;t=0\" width=\"624\" height=\"351\" frameborder=\"0\" allowfullscreen=\"allowfullscreen\" data-testid=\"embed-iframe\"><\/iframe><\/p>\n<p><strong>Ivoox<\/strong><\/p>\n<p><iframe loading=\"lazy\" src=\"https:\/\/www.ivoox.com\/player_ej_169579083_6_1.html?c1=12397a\" width=\"100%\" height=\"200\" frameborder=\"0\" scrolling=\"no\" allowfullscreen=\"allowfullscreen\"><\/iframe><\/p>\n<p><strong>Apple Podcast<\/strong><br \/>\n<iframe style=\"width: 100%; max-width: 660px; overflow: hidden; border-radius: 10px;\" src=\"https:\/\/embed.podcasts.apple.com\/us\/podcast\/257-la-geopol%C3%ADtica-de-la-f%C3%ADsica\/id1687260829?i=1000753166186\" height=\"175\" frameborder=\"0\" sandbox=\"allow-forms allow-popups allow-same-origin allow-scripts allow-storage-access-by-user-activation allow-top-navigation-by-user-activation\"><\/iframe><\/p>\n","protected":false},"excerpt":{"rendered":"<p>Este xoves publicouse en diversas plataformas o episodio&#8221;La geopol\u00edtica de la f\u00edsica&#8221; do podcast &#8220;No es el fin del mundo&#8221;, de El Orden Mundial, gravado o pasado 19 de febreiro en Santiago de Compostela. \u00c1 gravaci\u00f3n en directo acudiron m\u00e1is de 300 persoas, que ateigaron a Casa das M\u00e1quinas. O episodio, conducido por Fernando Aranc\u00f3n, [&hellip;]<\/p>\n","protected":false},"author":11,"featured_media":22593,"comment_status":"closed","ping_status":"closed","sticky":false,"template":"","format":"standard","meta":{"_acf_changed":false,"footnotes":""},"categories":[204,166],"class_list":["post-22591","post","type-post","status-publish","format-standard","has-post-thumbnail","hentry","category-divulgacion-gl-2","category-novas-2"],"acf":[],"yoast_head":"<!-- This site is optimized with the Yoast SEO plugin v27.4 - https:\/\/yoast.com\/product\/yoast-seo-wordpress\/ -->\n<title>A xeopol\u00edtica da f\u00edsica de part\u00edculas: escoita o episodio de &quot;No es el fin del mundo&quot;<\/title>\n<meta name=\"robots\" content=\"index, follow, max-snippet:-1, max-image-preview:large, max-video-preview:-1\" \/>\n<link rel=\"canonical\" href=\"https:\/\/igfae.usc.es\/igfae\/geopolitica-fisica-podcast-no-es-el-fin-del-mundo\/\" \/>\n<meta property=\"og:locale\" content=\"gl_ES\" \/>\n<meta property=\"og:type\" content=\"article\" \/>\n<meta property=\"og:title\" content=\"A xeopol\u00edtica da f\u00edsica de part\u00edculas: escoita o episodio de &quot;No es el fin del mundo&quot;\" \/>\n<meta property=\"og:description\" content=\"Este xoves publicouse en diversas plataformas o episodio&#8221;La geopol\u00edtica de la f\u00edsica&#8221; do podcast &#8220;No es el fin del mundo&#8221;, de El Orden Mundial, gravado o pasado 19 de febreiro en Santiago de Compostela. \u00c1 gravaci\u00f3n en directo acudiron m\u00e1is de 300 persoas, que ateigaron a Casa das M\u00e1quinas. O episodio, conducido por Fernando Aranc\u00f3n, [&hellip;]\" \/>\n<meta property=\"og:url\" content=\"https:\/\/igfae.usc.es\/igfae\/geopolitica-fisica-podcast-no-es-el-fin-del-mundo\/\" \/>\n<meta property=\"og:site_name\" content=\"IGFAE\" \/>\n<meta property=\"article:published_time\" content=\"2026-03-09T07:53:59+00:00\" \/>\n<meta property=\"article:modified_time\" content=\"2026-03-10T16:55:30+00:00\" \/>\n<meta property=\"og:image\" content=\"https:\/\/igfae.usc.es\/igfae\/wp-content\/uploads\/2026-02-19-Podcast-EOM_6-ig.jpg\" \/>\n\t<meta property=\"og:image:width\" content=\"1664\" \/>\n\t<meta property=\"og:image:height\" content=\"1159\" \/>\n\t<meta property=\"og:image:type\" content=\"image\/jpeg\" \/>\n<meta name=\"author\" content=\"Manuel\" \/>\n<meta name=\"twitter:card\" content=\"summary_large_image\" \/>\n<meta name=\"twitter:creator\" content=\"@IGFAE_HEP\" \/>\n<meta name=\"twitter:site\" content=\"@IGFAE_HEP\" \/>\n<meta name=\"twitter:label1\" content=\"Escrito por\" \/>\n\t<meta name=\"twitter:data1\" content=\"Manuel\" \/>\n\t<meta name=\"twitter:label2\" content=\"Tempo de lectura\" \/>\n\t<meta name=\"twitter:data2\" content=\"1 minuto\" \/>\n<script type=\"application\/ld+json\" class=\"yoast-schema-graph\">{\"@context\":\"https:\\\/\\\/schema.org\",\"@graph\":[{\"@type\":\"Article\",\"@id\":\"https:\\\/\\\/igfae.usc.es\\\/igfae\\\/geopolitica-fisica-podcast-no-es-el-fin-del-mundo\\\/#article\",\"isPartOf\":{\"@id\":\"https:\\\/\\\/igfae.usc.es\\\/igfae\\\/geopolitica-fisica-podcast-no-es-el-fin-del-mundo\\\/\"},\"author\":{\"name\":\"Manuel\",\"@id\":\"https:\\\/\\\/igfae.usc.es\\\/igfae\\\/#\\\/schema\\\/person\\\/7edb28d4e85fc09a1d4a05dd2b844174\"},\"headline\":\"A xeopol\u00edtica da f\u00edsica de part\u00edculas: escoita o episodio de &#8220;No es el fin del mundo&#8221;\",\"datePublished\":\"2026-03-09T07:53:59+00:00\",\"dateModified\":\"2026-03-10T16:55:30+00:00\",\"mainEntityOfPage\":{\"@id\":\"https:\\\/\\\/igfae.usc.es\\\/igfae\\\/geopolitica-fisica-podcast-no-es-el-fin-del-mundo\\\/\"},\"wordCount\":124,\"publisher\":{\"@id\":\"https:\\\/\\\/igfae.usc.es\\\/igfae\\\/#organization\"},\"image\":{\"@id\":\"https:\\\/\\\/igfae.usc.es\\\/igfae\\\/geopolitica-fisica-podcast-no-es-el-fin-del-mundo\\\/#primaryimage\"},\"thumbnailUrl\":\"https:\\\/\\\/igfae.usc.es\\\/igfae\\\/wp-content\\\/uploads\\\/2026-02-19-Podcast-EOM_6-ig.jpg\",\"articleSection\":[\"Divulgaci\u00f3n\",\"Novas\"],\"inLanguage\":\"gl-ES\"},{\"@type\":\"WebPage\",\"@id\":\"https:\\\/\\\/igfae.usc.es\\\/igfae\\\/geopolitica-fisica-podcast-no-es-el-fin-del-mundo\\\/\",\"url\":\"https:\\\/\\\/igfae.usc.es\\\/igfae\\\/geopolitica-fisica-podcast-no-es-el-fin-del-mundo\\\/\",\"name\":\"A xeopol\u00edtica da f\u00edsica de part\u00edculas: escoita o episodio de \\\"No es el fin del mundo\\\"\",\"isPartOf\":{\"@id\":\"https:\\\/\\\/igfae.usc.es\\\/igfae\\\/#website\"},\"primaryImageOfPage\":{\"@id\":\"https:\\\/\\\/igfae.usc.es\\\/igfae\\\/geopolitica-fisica-podcast-no-es-el-fin-del-mundo\\\/#primaryimage\"},\"image\":{\"@id\":\"https:\\\/\\\/igfae.usc.es\\\/igfae\\\/geopolitica-fisica-podcast-no-es-el-fin-del-mundo\\\/#primaryimage\"},\"thumbnailUrl\":\"https:\\\/\\\/igfae.usc.es\\\/igfae\\\/wp-content\\\/uploads\\\/2026-02-19-Podcast-EOM_6-ig.jpg\",\"datePublished\":\"2026-03-09T07:53:59+00:00\",\"dateModified\":\"2026-03-10T16:55:30+00:00\",\"breadcrumb\":{\"@id\":\"https:\\\/\\\/igfae.usc.es\\\/igfae\\\/geopolitica-fisica-podcast-no-es-el-fin-del-mundo\\\/#breadcrumb\"},\"inLanguage\":\"gl-ES\",\"potentialAction\":[{\"@type\":\"ReadAction\",\"target\":[\"https:\\\/\\\/igfae.usc.es\\\/igfae\\\/geopolitica-fisica-podcast-no-es-el-fin-del-mundo\\\/\"]}]},{\"@type\":\"ImageObject\",\"inLanguage\":\"gl-ES\",\"@id\":\"https:\\\/\\\/igfae.usc.es\\\/igfae\\\/geopolitica-fisica-podcast-no-es-el-fin-del-mundo\\\/#primaryimage\",\"url\":\"https:\\\/\\\/igfae.usc.es\\\/igfae\\\/wp-content\\\/uploads\\\/2026-02-19-Podcast-EOM_6-ig.jpg\",\"contentUrl\":\"https:\\\/\\\/igfae.usc.es\\\/igfae\\\/wp-content\\\/uploads\\\/2026-02-19-Podcast-EOM_6-ig.jpg\",\"width\":1664,\"height\":1159},{\"@type\":\"BreadcrumbList\",\"@id\":\"https:\\\/\\\/igfae.usc.es\\\/igfae\\\/geopolitica-fisica-podcast-no-es-el-fin-del-mundo\\\/#breadcrumb\",\"itemListElement\":[{\"@type\":\"ListItem\",\"position\":1,\"name\":\"Inicio\",\"item\":\"https:\\\/\\\/igfae.usc.es\\\/igfae\\\/\"},{\"@type\":\"ListItem\",\"position\":2,\"name\":\"A xeopol\u00edtica da f\u00edsica de part\u00edculas: escoita o episodio de &#8220;No es el fin del mundo&#8221;\"}]},{\"@type\":\"WebSite\",\"@id\":\"https:\\\/\\\/igfae.usc.es\\\/igfae\\\/#website\",\"url\":\"https:\\\/\\\/igfae.usc.es\\\/igfae\\\/\",\"name\":\"IGFAE\",\"description\":\"Instituto Galego de F\u00edsica de Altas Enerx\u00edas\",\"publisher\":{\"@id\":\"https:\\\/\\\/igfae.usc.es\\\/igfae\\\/#organization\"},\"potentialAction\":[{\"@type\":\"SearchAction\",\"target\":{\"@type\":\"EntryPoint\",\"urlTemplate\":\"https:\\\/\\\/igfae.usc.es\\\/igfae\\\/?s={search_term_string}\"},\"query-input\":{\"@type\":\"PropertyValueSpecification\",\"valueRequired\":true,\"valueName\":\"search_term_string\"}}],\"inLanguage\":\"gl-ES\"},{\"@type\":\"Organization\",\"@id\":\"https:\\\/\\\/igfae.usc.es\\\/igfae\\\/#organization\",\"name\":\"Instituto Galego de F\u00edsica de Altas Enerx\u00edas\",\"url\":\"https:\\\/\\\/igfae.usc.es\\\/igfae\\\/\",\"logo\":{\"@type\":\"ImageObject\",\"inLanguage\":\"gl-ES\",\"@id\":\"https:\\\/\\\/igfae.usc.es\\\/igfae\\\/#\\\/schema\\\/logo\\\/image\\\/\",\"url\":\"https:\\\/\\\/igfae.usc.es\\\/igfae\\\/wp-content\\\/uploads\\\/2025\\\/04\\\/seo-igfae.jpg\",\"contentUrl\":\"https:\\\/\\\/igfae.usc.es\\\/igfae\\\/wp-content\\\/uploads\\\/2025\\\/04\\\/seo-igfae.jpg\",\"width\":1920,\"height\":1280,\"caption\":\"Instituto Galego de F\u00edsica de Altas Enerx\u00edas\"},\"image\":{\"@id\":\"https:\\\/\\\/igfae.usc.es\\\/igfae\\\/#\\\/schema\\\/logo\\\/image\\\/\"},\"sameAs\":[\"https:\\\/\\\/x.com\\\/IGFAE_HEP\"]},{\"@type\":\"Person\",\"@id\":\"https:\\\/\\\/igfae.usc.es\\\/igfae\\\/#\\\/schema\\\/person\\\/7edb28d4e85fc09a1d4a05dd2b844174\",\"name\":\"Manuel\",\"image\":{\"@type\":\"ImageObject\",\"inLanguage\":\"gl-ES\",\"@id\":\"https:\\\/\\\/secure.gravatar.com\\\/avatar\\\/92b6d25b24eb9115f11ff9585492998eef62b80c7a05fd1ccd3f44ea80f2cffb?s=96&d=mm&r=g\",\"url\":\"https:\\\/\\\/secure.gravatar.com\\\/avatar\\\/92b6d25b24eb9115f11ff9585492998eef62b80c7a05fd1ccd3f44ea80f2cffb?s=96&d=mm&r=g\",\"contentUrl\":\"https:\\\/\\\/secure.gravatar.com\\\/avatar\\\/92b6d25b24eb9115f11ff9585492998eef62b80c7a05fd1ccd3f44ea80f2cffb?s=96&d=mm&r=g\",\"caption\":\"Manuel\"},\"url\":\"https:\\\/\\\/igfae.usc.es\\\/igfae\\\/author\\\/manuelrey-pan\\\/\"}]}<\/script>\n<!-- \/ Yoast SEO plugin. -->","yoast_head_json":{"title":"A xeopol\u00edtica da f\u00edsica de part\u00edculas: escoita o episodio de \"No es el fin del mundo\"","robots":{"index":"index","follow":"follow","max-snippet":"max-snippet:-1","max-image-preview":"max-image-preview:large","max-video-preview":"max-video-preview:-1"},"canonical":"https:\/\/igfae.usc.es\/igfae\/geopolitica-fisica-podcast-no-es-el-fin-del-mundo\/","og_locale":"gl_ES","og_type":"article","og_title":"A xeopol\u00edtica da f\u00edsica de part\u00edculas: escoita o episodio de \"No es el fin del mundo\"","og_description":"Este xoves publicouse en diversas plataformas o episodio&#8221;La geopol\u00edtica de la f\u00edsica&#8221; do podcast &#8220;No es el fin del mundo&#8221;, de El Orden Mundial, gravado o pasado 19 de febreiro en Santiago de Compostela. \u00c1 gravaci\u00f3n en directo acudiron m\u00e1is de 300 persoas, que ateigaron a Casa das M\u00e1quinas. O episodio, conducido por Fernando Aranc\u00f3n, [&hellip;]","og_url":"https:\/\/igfae.usc.es\/igfae\/geopolitica-fisica-podcast-no-es-el-fin-del-mundo\/","og_site_name":"IGFAE","article_published_time":"2026-03-09T07:53:59+00:00","article_modified_time":"2026-03-10T16:55:30+00:00","og_image":[{"width":1664,"height":1159,"url":"https:\/\/igfae.usc.es\/igfae\/wp-content\/uploads\/2026-02-19-Podcast-EOM_6-ig.jpg","type":"image\/jpeg"}],"author":"Manuel","twitter_card":"summary_large_image","twitter_creator":"@IGFAE_HEP","twitter_site":"@IGFAE_HEP","twitter_misc":{"Escrito por":"Manuel","Tempo de lectura":"1 minuto"},"schema":{"@context":"https:\/\/schema.org","@graph":[{"@type":"Article","@id":"https:\/\/igfae.usc.es\/igfae\/geopolitica-fisica-podcast-no-es-el-fin-del-mundo\/#article","isPartOf":{"@id":"https:\/\/igfae.usc.es\/igfae\/geopolitica-fisica-podcast-no-es-el-fin-del-mundo\/"},"author":{"name":"Manuel","@id":"https:\/\/igfae.usc.es\/igfae\/#\/schema\/person\/7edb28d4e85fc09a1d4a05dd2b844174"},"headline":"A xeopol\u00edtica da f\u00edsica de part\u00edculas: escoita o episodio de &#8220;No es el fin del mundo&#8221;","datePublished":"2026-03-09T07:53:59+00:00","dateModified":"2026-03-10T16:55:30+00:00","mainEntityOfPage":{"@id":"https:\/\/igfae.usc.es\/igfae\/geopolitica-fisica-podcast-no-es-el-fin-del-mundo\/"},"wordCount":124,"publisher":{"@id":"https:\/\/igfae.usc.es\/igfae\/#organization"},"image":{"@id":"https:\/\/igfae.usc.es\/igfae\/geopolitica-fisica-podcast-no-es-el-fin-del-mundo\/#primaryimage"},"thumbnailUrl":"https:\/\/igfae.usc.es\/igfae\/wp-content\/uploads\/2026-02-19-Podcast-EOM_6-ig.jpg","articleSection":["Divulgaci\u00f3n","Novas"],"inLanguage":"gl-ES"},{"@type":"WebPage","@id":"https:\/\/igfae.usc.es\/igfae\/geopolitica-fisica-podcast-no-es-el-fin-del-mundo\/","url":"https:\/\/igfae.usc.es\/igfae\/geopolitica-fisica-podcast-no-es-el-fin-del-mundo\/","name":"A xeopol\u00edtica da f\u00edsica de part\u00edculas: escoita o episodio de \"No es el fin del mundo\"","isPartOf":{"@id":"https:\/\/igfae.usc.es\/igfae\/#website"},"primaryImageOfPage":{"@id":"https:\/\/igfae.usc.es\/igfae\/geopolitica-fisica-podcast-no-es-el-fin-del-mundo\/#primaryimage"},"image":{"@id":"https:\/\/igfae.usc.es\/igfae\/geopolitica-fisica-podcast-no-es-el-fin-del-mundo\/#primaryimage"},"thumbnailUrl":"https:\/\/igfae.usc.es\/igfae\/wp-content\/uploads\/2026-02-19-Podcast-EOM_6-ig.jpg","datePublished":"2026-03-09T07:53:59+00:00","dateModified":"2026-03-10T16:55:30+00:00","breadcrumb":{"@id":"https:\/\/igfae.usc.es\/igfae\/geopolitica-fisica-podcast-no-es-el-fin-del-mundo\/#breadcrumb"},"inLanguage":"gl-ES","potentialAction":[{"@type":"ReadAction","target":["https:\/\/igfae.usc.es\/igfae\/geopolitica-fisica-podcast-no-es-el-fin-del-mundo\/"]}]},{"@type":"ImageObject","inLanguage":"gl-ES","@id":"https:\/\/igfae.usc.es\/igfae\/geopolitica-fisica-podcast-no-es-el-fin-del-mundo\/#primaryimage","url":"https:\/\/igfae.usc.es\/igfae\/wp-content\/uploads\/2026-02-19-Podcast-EOM_6-ig.jpg","contentUrl":"https:\/\/igfae.usc.es\/igfae\/wp-content\/uploads\/2026-02-19-Podcast-EOM_6-ig.jpg","width":1664,"height":1159},{"@type":"BreadcrumbList","@id":"https:\/\/igfae.usc.es\/igfae\/geopolitica-fisica-podcast-no-es-el-fin-del-mundo\/#breadcrumb","itemListElement":[{"@type":"ListItem","position":1,"name":"Inicio","item":"https:\/\/igfae.usc.es\/igfae\/"},{"@type":"ListItem","position":2,"name":"A xeopol\u00edtica da f\u00edsica de part\u00edculas: escoita o episodio de &#8220;No es el fin del mundo&#8221;"}]},{"@type":"WebSite","@id":"https:\/\/igfae.usc.es\/igfae\/#website","url":"https:\/\/igfae.usc.es\/igfae\/","name":"IGFAE","description":"Instituto Galego de F\u00edsica de Altas Enerx\u00edas","publisher":{"@id":"https:\/\/igfae.usc.es\/igfae\/#organization"},"potentialAction":[{"@type":"SearchAction","target":{"@type":"EntryPoint","urlTemplate":"https:\/\/igfae.usc.es\/igfae\/?s={search_term_string}"},"query-input":{"@type":"PropertyValueSpecification","valueRequired":true,"valueName":"search_term_string"}}],"inLanguage":"gl-ES"},{"@type":"Organization","@id":"https:\/\/igfae.usc.es\/igfae\/#organization","name":"Instituto Galego de F\u00edsica de Altas Enerx\u00edas","url":"https:\/\/igfae.usc.es\/igfae\/","logo":{"@type":"ImageObject","inLanguage":"gl-ES","@id":"https:\/\/igfae.usc.es\/igfae\/#\/schema\/logo\/image\/","url":"https:\/\/igfae.usc.es\/igfae\/wp-content\/uploads\/2025\/04\/seo-igfae.jpg","contentUrl":"https:\/\/igfae.usc.es\/igfae\/wp-content\/uploads\/2025\/04\/seo-igfae.jpg","width":1920,"height":1280,"caption":"Instituto Galego de F\u00edsica de Altas Enerx\u00edas"},"image":{"@id":"https:\/\/igfae.usc.es\/igfae\/#\/schema\/logo\/image\/"},"sameAs":["https:\/\/x.com\/IGFAE_HEP"]},{"@type":"Person","@id":"https:\/\/igfae.usc.es\/igfae\/#\/schema\/person\/7edb28d4e85fc09a1d4a05dd2b844174","name":"Manuel","image":{"@type":"ImageObject","inLanguage":"gl-ES","@id":"https:\/\/secure.gravatar.com\/avatar\/92b6d25b24eb9115f11ff9585492998eef62b80c7a05fd1ccd3f44ea80f2cffb?s=96&d=mm&r=g","url":"https:\/\/secure.gravatar.com\/avatar\/92b6d25b24eb9115f11ff9585492998eef62b80c7a05fd1ccd3f44ea80f2cffb?s=96&d=mm&r=g","contentUrl":"https:\/\/secure.gravatar.com\/avatar\/92b6d25b24eb9115f11ff9585492998eef62b80c7a05fd1ccd3f44ea80f2cffb?s=96&d=mm&r=g","caption":"Manuel"},"url":"https:\/\/igfae.usc.es\/igfae\/author\/manuelrey-pan\/"}]}},"_links":{"self":[{"href":"https:\/\/igfae.usc.es\/igfae\/wp-json\/wp\/v2\/posts\/22591","targetHints":{"allow":["GET"]}}],"collection":[{"href":"https:\/\/igfae.usc.es\/igfae\/wp-json\/wp\/v2\/posts"}],"about":[{"href":"https:\/\/igfae.usc.es\/igfae\/wp-json\/wp\/v2\/types\/post"}],"author":[{"embeddable":true,"href":"https:\/\/igfae.usc.es\/igfae\/wp-json\/wp\/v2\/users\/11"}],"replies":[{"embeddable":true,"href":"https:\/\/igfae.usc.es\/igfae\/wp-json\/wp\/v2\/comments?post=22591"}],"version-history":[{"count":3,"href":"https:\/\/igfae.usc.es\/igfae\/wp-json\/wp\/v2\/posts\/22591\/revisions"}],"predecessor-version":[{"id":22707,"href":"https:\/\/igfae.usc.es\/igfae\/wp-json\/wp\/v2\/posts\/22591\/revisions\/22707"}],"wp:featuredmedia":[{"embeddable":true,"href":"https:\/\/igfae.usc.es\/igfae\/wp-json\/wp\/v2\/media\/22593"}],"wp:attachment":[{"href":"https:\/\/igfae.usc.es\/igfae\/wp-json\/wp\/v2\/media?parent=22591"}],"wp:term":[{"taxonomy":"category","embeddable":true,"href":"https:\/\/igfae.usc.es\/igfae\/wp-json\/wp\/v2\/categories?post=22591"}],"curies":[{"name":"wp","href":"https:\/\/api.w.org\/{rel}","templated":true}]}}