{"id":21550,"date":"2025-11-03T11:41:46","date_gmt":"2025-11-03T10:41:46","guid":{"rendered":"https:\/\/igfae.usc.es\/igfae\/?p=21550"},"modified":"2025-11-04T16:08:07","modified_gmt":"2025-11-04T15:08:07","slug":"conferencia-antia-lamas","status":"publish","type":"post","link":"https:\/\/igfae.usc.es\/igfae\/conferencia-antia-lamas\/","title":{"rendered":"A f\u00edsica compostel\u00e1 Ant\u00eda Lamas analiza a segunda revoluci\u00f3n cu\u00e1ntica na conferencia principal da Semana da Ciencia do IGFAE"},"content":{"rendered":"<p>Ant\u00eda Lamas Li\u00f1ares, f\u00edsica compostel\u00e1 que actualmente lidera o traballo en redes cu\u00e1nticas en Amazon Web Services, ofrecer\u00e1 a conferencia central da Semana da Ciencia do IGFAE. O acto ter\u00e1 lugar o martes 11 de novembro, \u00e1s 20.00 horas, na Casa das M\u00e1quinas. A entrada \u00e9 libre e de balde ata completar capacidade.<\/p>\n<p>Neste 2025 est\u00e1 a celebrarse o Ano Internacional da Ciencia e a Tecnolox\u00eda Cu\u00e1nticas, coincidindo co centenario da publicaci\u00f3n, en 1925, dalg\u00fans dos artigos que sentaron as bases da mec\u00e1nica cu\u00e1ntica, coa conseguinte revoluci\u00f3n da nosa comprensi\u00f3n do mundo natural. Co gallo desta efem\u00e9ride, a Semana da Ciencia, ach\u00e9gase desde perspectivas moi diversas a esta disciplina, esencial para o desenvolvemento da f\u00edsica moderna.<\/p>\n<p>Na s\u00faa charla, <em>A segunda revoluci\u00f3n cu\u00e1ntica: o cami\u00f1o dende a ciencia \u00e1 enxe\u00f1ar\u00eda<\/em>, Ant\u00eda Lamas abordar\u00e1 as oportunidades que ofrece, 100 anos despois, o desenvolvemento da mec\u00e1nica cu\u00e1ntica para producir novas tecnolox\u00edas e produtos.<\/p>\n<p>Ant\u00eda Lamas Li\u00f1ares criouse en Santiago e fixo a carreira de F\u00edsica na USC. Despois obtivo un m\u00e1ster en \u00d3ptica Aplicada no Imperial College London, e o seu doutoramento na Universidade de Oxford. M\u00e1is adiante realizou unha estad\u00eda posdoutoral na Universidade de California Santa Barbara, antes de establecer o seu propio grupo de \u00f3ptica cu\u00e1ntica na Universidade Nacional de Singapur. Durante o seu tempo en Singapur axudou a lanzar o Centro de Tecnolox\u00edas Cu\u00e1nticas, do que foi Investigadora Principal fundadora.<\/p>\n<p>Desde 2010 traballa nos Estados Unidos, primeiro no Instituto Nacional de Est\u00e1ndares e Tecnolox\u00eda e despois no Centro de Computaci\u00f3n Avanzada de Texas. En 2019 uniuse a SpeQtral, unha startup singapurense centrada en comunicaci\u00f3ns cu\u00e1nticas baseadas en sat\u00e9lites, como Cient\u00edfica Cu\u00e1ntica Principal. En 2021 incorporouse a Amazon.<\/p>\n<p><strong>8\u00aa Semana da Ciencia do IGFAE<\/strong><\/p>\n<p>A Semana da Ciencia \u00e9 o evento divulgativo anual m\u00e1is importante do IGFAE. Desde 2018, o instituto organiza un programa de actividades para todos os p\u00fablicos coa finalidade de espertar curiosidade pola f\u00edsica e visibilizar a ciencia de excelencia \u00e1 sociedade. Nesta <a href=\"https:\/\/igfae.usc.es\/igfae\/actividad\/semana-da-ciencia\/2025-2\/\" target=\"_blank\" rel=\"noopener\">oitava edici\u00f3n, que ter\u00e1 lugar entre o 8 e o 14 de novembro<\/a>, o programa compl\u00e9tase con iniciativas que combinan a ciencia con outras disciplinas como o ilusionismo, a m\u00fasica ou a danza contempor\u00e1nea.<\/p>\n<p>O propio martes 11, antes da conferencia de Ant\u00eda Lamas, \u00e1s 19.00 horas, a mesma Casa das M\u00e1quinas acoller\u00e1 \u201cA baralla cu\u00e1ntica: percepci\u00f3n, informaci\u00f3n e realidade\u201d. Nesta iniciativa, o investigador do IGFAE Javier Mas e o mago Kiko Pastur \u00fanense, coa axuda do ilusionismo, para representar a perplexidade e confusi\u00f3n que supuxo o desenvolvemento das teor\u00edas da mec\u00e1nica cu\u00e1ntica sobre a nosa percepci\u00f3n e co\u00f1ecemento.<\/p>\n<p>O m\u00e9rcores 12 (Auditorio do CGAC, 20:00 horas), chegar\u00e1 a m\u00fasica da man de Sumrr\u00e1, unha das bandas de jazz m\u00e1is reco\u00f1ecidas en Galicia, que este ano celebra o seu 25\u00ba aniversario. O grupo mergullarase na f\u00edsica cun concerto no que se estrear\u00e1 unha peza in\u00e9dita inspirada na f\u00edsica cu\u00e1ntica. Tr\u00e1tase dunha iniciativa do Centro de Supercomputaci\u00f3n de Galicia (CESGA) e o propio IGFAE, co apoio do CGAC.<\/p>\n<p>Ademais de iniciativas como a xa cl\u00e1sica NerdNite (xoves 13 de novembro 20.30h, A Nave de Vid\u00e1n), a recta final da Semana da Ciencia incl\u00fae novas iniciativas que pretenden achegarse a novos p\u00fablicos, como unha Wikimarat\u00f3n de F\u00edsica de Part\u00edculas (xoves 13 de novembro, 15.30h, na sede do IGFAE) e un obradoiro sobre f\u00edsica cu\u00e1ntica e danza contempor\u00e1nea (venres 14 de novembro, 17.00 horas, CGAC).<\/p>\n<p><strong>Sobre o IGFAE<\/strong><\/p>\n<p>O\u00a0Instituto Galego de F\u00edsica de Altas Enerx\u00edas (IGFAE) naceu en 1999 co obxectivo de coordinar e fomentar a investigaci\u00f3n cient\u00edfica e t\u00e9cnica nos campos da F\u00edsica de Alta Enerx\u00eda, Part\u00edculas e Nuclear, e \u00e1reas relacionadas como a Astrof\u00edsica, a F\u00edsica M\u00e9dica ou a Instrumentaci\u00f3n. Acolle a arredor de 140 persoas que participan en grandes instalaci\u00f3ns experimentais como o CERN, o Observatorio Pierre Auger, LIGO ou GSI\/FAIR, entre outras.<\/p>\n<p>O centro foi reco\u00f1ecido en d\u00faas ocasi\u00f3ns (2017 e 2023) como Unidade de Excelencia Mar\u00eda de Maeztu por parte da Axencia Estatal de Investigaci\u00f3n do Goberno de Espa\u00f1a. Tam\u00e9n forma parte da rede CIGUS da Xunta de Galicia, que acredita a calidade e o impacto da s\u00faa investigaci\u00f3n. Est\u00e1 cofinanciado pola Uni\u00f3n Europea a trav\u00e9s do Programa Galicia Feder 2021-2027.<\/p>\n","protected":false},"excerpt":{"rendered":"<p>Ant\u00eda Lamas Li\u00f1ares, f\u00edsica compostel\u00e1 que actualmente lidera o traballo en redes cu\u00e1nticas en Amazon Web Services, ofrecer\u00e1 a conferencia central da Semana da Ciencia do IGFAE. O acto ter\u00e1 lugar o martes 11 de novembro, \u00e1s 20.00 horas, na Casa das M\u00e1quinas. A entrada \u00e9 libre e de balde ata completar capacidade. Neste 2025 [&hellip;]<\/p>\n","protected":false},"author":11,"featured_media":21511,"comment_status":"closed","ping_status":"closed","sticky":false,"template":"","format":"standard","meta":{"_acf_changed":false,"footnotes":""},"categories":[204,166],"class_list":["post-21550","post","type-post","status-publish","format-standard","has-post-thumbnail","hentry","category-divulgacion-gl-2","category-novas-2"],"acf":[],"yoast_head":"<!-- This site is optimized with the Yoast SEO plugin v27.4 - https:\/\/yoast.com\/product\/yoast-seo-wordpress\/ -->\n<title>A f\u00edsica compostel\u00e1 Ant\u00eda Lamas analiza a segunda revoluci\u00f3n cu\u00e1ntica na conferencia principal da Semana da Ciencia do IGFAE<\/title>\n<meta name=\"description\" content=\"Actualmente lidera o traballo de investigaci\u00f3n en redes cu\u00e1nticas en Amazon Web Services, logo dunha carreira que comezou na Facultade de F\u00edsica da USC\" \/>\n<meta name=\"robots\" content=\"index, follow, max-snippet:-1, max-image-preview:large, max-video-preview:-1\" \/>\n<link rel=\"canonical\" href=\"https:\/\/igfae.usc.es\/igfae\/conferencia-antia-lamas\/\" \/>\n<meta property=\"og:locale\" content=\"gl_ES\" \/>\n<meta property=\"og:type\" content=\"article\" \/>\n<meta property=\"og:title\" content=\"A f\u00edsica compostel\u00e1 Ant\u00eda Lamas analiza a segunda revoluci\u00f3n cu\u00e1ntica na conferencia principal da Semana da Ciencia do IGFAE\" \/>\n<meta property=\"og:description\" content=\"Actualmente lidera o traballo de investigaci\u00f3n en redes cu\u00e1nticas en Amazon Web Services, logo dunha carreira que comezou na Facultade de F\u00edsica da USC\" \/>\n<meta property=\"og:url\" content=\"https:\/\/igfae.usc.es\/igfae\/conferencia-antia-lamas\/\" \/>\n<meta property=\"og:site_name\" content=\"IGFAE\" \/>\n<meta property=\"article:published_time\" content=\"2025-11-03T10:41:46+00:00\" \/>\n<meta property=\"article:modified_time\" content=\"2025-11-04T15:08:07+00:00\" \/>\n<meta property=\"og:image\" content=\"https:\/\/igfae.usc.es\/igfae\/wp-content\/uploads\/Antia-Lamas_Semana-da-Ciencia-IGFAE_web.jpg\" \/>\n\t<meta property=\"og:image:width\" content=\"1200\" \/>\n\t<meta property=\"og:image:height\" content=\"920\" \/>\n\t<meta property=\"og:image:type\" content=\"image\/jpeg\" \/>\n<meta name=\"author\" content=\"Manuel\" \/>\n<meta name=\"twitter:card\" content=\"summary_large_image\" \/>\n<meta name=\"twitter:creator\" content=\"@IGFAE_HEP\" \/>\n<meta name=\"twitter:site\" content=\"@IGFAE_HEP\" \/>\n<meta name=\"twitter:label1\" content=\"Escrito por\" \/>\n\t<meta name=\"twitter:data1\" content=\"Manuel\" \/>\n\t<meta name=\"twitter:label2\" content=\"Tempo de lectura\" \/>\n\t<meta name=\"twitter:data2\" content=\"4 minutos\" \/>\n<script type=\"application\/ld+json\" class=\"yoast-schema-graph\">{\"@context\":\"https:\\\/\\\/schema.org\",\"@graph\":[{\"@type\":\"Article\",\"@id\":\"https:\\\/\\\/igfae.usc.es\\\/igfae\\\/conferencia-antia-lamas\\\/#article\",\"isPartOf\":{\"@id\":\"https:\\\/\\\/igfae.usc.es\\\/igfae\\\/conferencia-antia-lamas\\\/\"},\"author\":{\"name\":\"Manuel\",\"@id\":\"https:\\\/\\\/igfae.usc.es\\\/igfae\\\/#\\\/schema\\\/person\\\/7edb28d4e85fc09a1d4a05dd2b844174\"},\"headline\":\"A f\u00edsica compostel\u00e1 Ant\u00eda Lamas analiza a segunda revoluci\u00f3n cu\u00e1ntica na conferencia principal da Semana da Ciencia do IGFAE\",\"datePublished\":\"2025-11-03T10:41:46+00:00\",\"dateModified\":\"2025-11-04T15:08:07+00:00\",\"mainEntityOfPage\":{\"@id\":\"https:\\\/\\\/igfae.usc.es\\\/igfae\\\/conferencia-antia-lamas\\\/\"},\"wordCount\":790,\"publisher\":{\"@id\":\"https:\\\/\\\/igfae.usc.es\\\/igfae\\\/#organization\"},\"image\":{\"@id\":\"https:\\\/\\\/igfae.usc.es\\\/igfae\\\/conferencia-antia-lamas\\\/#primaryimage\"},\"thumbnailUrl\":\"https:\\\/\\\/igfae.usc.es\\\/igfae\\\/wp-content\\\/uploads\\\/Antia-Lamas_Semana-da-Ciencia-IGFAE_web.jpg\",\"articleSection\":[\"Divulgaci\u00f3n\",\"Novas\"],\"inLanguage\":\"gl-ES\"},{\"@type\":\"WebPage\",\"@id\":\"https:\\\/\\\/igfae.usc.es\\\/igfae\\\/conferencia-antia-lamas\\\/\",\"url\":\"https:\\\/\\\/igfae.usc.es\\\/igfae\\\/conferencia-antia-lamas\\\/\",\"name\":\"A f\u00edsica compostel\u00e1 Ant\u00eda Lamas analiza a segunda revoluci\u00f3n cu\u00e1ntica na conferencia principal da Semana da Ciencia do IGFAE\",\"isPartOf\":{\"@id\":\"https:\\\/\\\/igfae.usc.es\\\/igfae\\\/#website\"},\"primaryImageOfPage\":{\"@id\":\"https:\\\/\\\/igfae.usc.es\\\/igfae\\\/conferencia-antia-lamas\\\/#primaryimage\"},\"image\":{\"@id\":\"https:\\\/\\\/igfae.usc.es\\\/igfae\\\/conferencia-antia-lamas\\\/#primaryimage\"},\"thumbnailUrl\":\"https:\\\/\\\/igfae.usc.es\\\/igfae\\\/wp-content\\\/uploads\\\/Antia-Lamas_Semana-da-Ciencia-IGFAE_web.jpg\",\"datePublished\":\"2025-11-03T10:41:46+00:00\",\"dateModified\":\"2025-11-04T15:08:07+00:00\",\"description\":\"Actualmente lidera o traballo de investigaci\u00f3n en redes cu\u00e1nticas en Amazon Web Services, logo dunha carreira que comezou na Facultade de F\u00edsica da USC\",\"breadcrumb\":{\"@id\":\"https:\\\/\\\/igfae.usc.es\\\/igfae\\\/conferencia-antia-lamas\\\/#breadcrumb\"},\"inLanguage\":\"gl-ES\",\"potentialAction\":[{\"@type\":\"ReadAction\",\"target\":[\"https:\\\/\\\/igfae.usc.es\\\/igfae\\\/conferencia-antia-lamas\\\/\"]}]},{\"@type\":\"ImageObject\",\"inLanguage\":\"gl-ES\",\"@id\":\"https:\\\/\\\/igfae.usc.es\\\/igfae\\\/conferencia-antia-lamas\\\/#primaryimage\",\"url\":\"https:\\\/\\\/igfae.usc.es\\\/igfae\\\/wp-content\\\/uploads\\\/Antia-Lamas_Semana-da-Ciencia-IGFAE_web.jpg\",\"contentUrl\":\"https:\\\/\\\/igfae.usc.es\\\/igfae\\\/wp-content\\\/uploads\\\/Antia-Lamas_Semana-da-Ciencia-IGFAE_web.jpg\",\"width\":1200,\"height\":920},{\"@type\":\"BreadcrumbList\",\"@id\":\"https:\\\/\\\/igfae.usc.es\\\/igfae\\\/conferencia-antia-lamas\\\/#breadcrumb\",\"itemListElement\":[{\"@type\":\"ListItem\",\"position\":1,\"name\":\"Inicio\",\"item\":\"https:\\\/\\\/igfae.usc.es\\\/igfae\\\/\"},{\"@type\":\"ListItem\",\"position\":2,\"name\":\"A f\u00edsica compostel\u00e1 Ant\u00eda Lamas analiza a segunda revoluci\u00f3n cu\u00e1ntica na conferencia principal da Semana da Ciencia do IGFAE\"}]},{\"@type\":\"WebSite\",\"@id\":\"https:\\\/\\\/igfae.usc.es\\\/igfae\\\/#website\",\"url\":\"https:\\\/\\\/igfae.usc.es\\\/igfae\\\/\",\"name\":\"IGFAE\",\"description\":\"Instituto Galego de F\u00edsica de Altas Enerx\u00edas\",\"publisher\":{\"@id\":\"https:\\\/\\\/igfae.usc.es\\\/igfae\\\/#organization\"},\"potentialAction\":[{\"@type\":\"SearchAction\",\"target\":{\"@type\":\"EntryPoint\",\"urlTemplate\":\"https:\\\/\\\/igfae.usc.es\\\/igfae\\\/?s={search_term_string}\"},\"query-input\":{\"@type\":\"PropertyValueSpecification\",\"valueRequired\":true,\"valueName\":\"search_term_string\"}}],\"inLanguage\":\"gl-ES\"},{\"@type\":\"Organization\",\"@id\":\"https:\\\/\\\/igfae.usc.es\\\/igfae\\\/#organization\",\"name\":\"Instituto Galego de F\u00edsica de Altas Enerx\u00edas\",\"url\":\"https:\\\/\\\/igfae.usc.es\\\/igfae\\\/\",\"logo\":{\"@type\":\"ImageObject\",\"inLanguage\":\"gl-ES\",\"@id\":\"https:\\\/\\\/igfae.usc.es\\\/igfae\\\/#\\\/schema\\\/logo\\\/image\\\/\",\"url\":\"https:\\\/\\\/igfae.usc.es\\\/igfae\\\/wp-content\\\/uploads\\\/2025\\\/04\\\/seo-igfae.jpg\",\"contentUrl\":\"https:\\\/\\\/igfae.usc.es\\\/igfae\\\/wp-content\\\/uploads\\\/2025\\\/04\\\/seo-igfae.jpg\",\"width\":1920,\"height\":1280,\"caption\":\"Instituto Galego de F\u00edsica de Altas Enerx\u00edas\"},\"image\":{\"@id\":\"https:\\\/\\\/igfae.usc.es\\\/igfae\\\/#\\\/schema\\\/logo\\\/image\\\/\"},\"sameAs\":[\"https:\\\/\\\/x.com\\\/IGFAE_HEP\"]},{\"@type\":\"Person\",\"@id\":\"https:\\\/\\\/igfae.usc.es\\\/igfae\\\/#\\\/schema\\\/person\\\/7edb28d4e85fc09a1d4a05dd2b844174\",\"name\":\"Manuel\",\"image\":{\"@type\":\"ImageObject\",\"inLanguage\":\"gl-ES\",\"@id\":\"https:\\\/\\\/secure.gravatar.com\\\/avatar\\\/92b6d25b24eb9115f11ff9585492998eef62b80c7a05fd1ccd3f44ea80f2cffb?s=96&d=mm&r=g\",\"url\":\"https:\\\/\\\/secure.gravatar.com\\\/avatar\\\/92b6d25b24eb9115f11ff9585492998eef62b80c7a05fd1ccd3f44ea80f2cffb?s=96&d=mm&r=g\",\"contentUrl\":\"https:\\\/\\\/secure.gravatar.com\\\/avatar\\\/92b6d25b24eb9115f11ff9585492998eef62b80c7a05fd1ccd3f44ea80f2cffb?s=96&d=mm&r=g\",\"caption\":\"Manuel\"},\"url\":\"https:\\\/\\\/igfae.usc.es\\\/igfae\\\/author\\\/manuelrey-pan\\\/\"}]}<\/script>\n<!-- \/ Yoast SEO plugin. -->","yoast_head_json":{"title":"A f\u00edsica compostel\u00e1 Ant\u00eda Lamas analiza a segunda revoluci\u00f3n cu\u00e1ntica na conferencia principal da Semana da Ciencia do IGFAE","description":"Actualmente lidera o traballo de investigaci\u00f3n en redes cu\u00e1nticas en Amazon Web Services, logo dunha carreira que comezou na Facultade de F\u00edsica da USC","robots":{"index":"index","follow":"follow","max-snippet":"max-snippet:-1","max-image-preview":"max-image-preview:large","max-video-preview":"max-video-preview:-1"},"canonical":"https:\/\/igfae.usc.es\/igfae\/conferencia-antia-lamas\/","og_locale":"gl_ES","og_type":"article","og_title":"A f\u00edsica compostel\u00e1 Ant\u00eda Lamas analiza a segunda revoluci\u00f3n cu\u00e1ntica na conferencia principal da Semana da Ciencia do IGFAE","og_description":"Actualmente lidera o traballo de investigaci\u00f3n en redes cu\u00e1nticas en Amazon Web Services, logo dunha carreira que comezou na Facultade de F\u00edsica da USC","og_url":"https:\/\/igfae.usc.es\/igfae\/conferencia-antia-lamas\/","og_site_name":"IGFAE","article_published_time":"2025-11-03T10:41:46+00:00","article_modified_time":"2025-11-04T15:08:07+00:00","og_image":[{"width":1200,"height":920,"url":"https:\/\/igfae.usc.es\/igfae\/wp-content\/uploads\/Antia-Lamas_Semana-da-Ciencia-IGFAE_web.jpg","type":"image\/jpeg"}],"author":"Manuel","twitter_card":"summary_large_image","twitter_creator":"@IGFAE_HEP","twitter_site":"@IGFAE_HEP","twitter_misc":{"Escrito por":"Manuel","Tempo de lectura":"4 minutos"},"schema":{"@context":"https:\/\/schema.org","@graph":[{"@type":"Article","@id":"https:\/\/igfae.usc.es\/igfae\/conferencia-antia-lamas\/#article","isPartOf":{"@id":"https:\/\/igfae.usc.es\/igfae\/conferencia-antia-lamas\/"},"author":{"name":"Manuel","@id":"https:\/\/igfae.usc.es\/igfae\/#\/schema\/person\/7edb28d4e85fc09a1d4a05dd2b844174"},"headline":"A f\u00edsica compostel\u00e1 Ant\u00eda Lamas analiza a segunda revoluci\u00f3n cu\u00e1ntica na conferencia principal da Semana da Ciencia do IGFAE","datePublished":"2025-11-03T10:41:46+00:00","dateModified":"2025-11-04T15:08:07+00:00","mainEntityOfPage":{"@id":"https:\/\/igfae.usc.es\/igfae\/conferencia-antia-lamas\/"},"wordCount":790,"publisher":{"@id":"https:\/\/igfae.usc.es\/igfae\/#organization"},"image":{"@id":"https:\/\/igfae.usc.es\/igfae\/conferencia-antia-lamas\/#primaryimage"},"thumbnailUrl":"https:\/\/igfae.usc.es\/igfae\/wp-content\/uploads\/Antia-Lamas_Semana-da-Ciencia-IGFAE_web.jpg","articleSection":["Divulgaci\u00f3n","Novas"],"inLanguage":"gl-ES"},{"@type":"WebPage","@id":"https:\/\/igfae.usc.es\/igfae\/conferencia-antia-lamas\/","url":"https:\/\/igfae.usc.es\/igfae\/conferencia-antia-lamas\/","name":"A f\u00edsica compostel\u00e1 Ant\u00eda Lamas analiza a segunda revoluci\u00f3n cu\u00e1ntica na conferencia principal da Semana da Ciencia do IGFAE","isPartOf":{"@id":"https:\/\/igfae.usc.es\/igfae\/#website"},"primaryImageOfPage":{"@id":"https:\/\/igfae.usc.es\/igfae\/conferencia-antia-lamas\/#primaryimage"},"image":{"@id":"https:\/\/igfae.usc.es\/igfae\/conferencia-antia-lamas\/#primaryimage"},"thumbnailUrl":"https:\/\/igfae.usc.es\/igfae\/wp-content\/uploads\/Antia-Lamas_Semana-da-Ciencia-IGFAE_web.jpg","datePublished":"2025-11-03T10:41:46+00:00","dateModified":"2025-11-04T15:08:07+00:00","description":"Actualmente lidera o traballo de investigaci\u00f3n en redes cu\u00e1nticas en Amazon Web Services, logo dunha carreira que comezou na Facultade de F\u00edsica da USC","breadcrumb":{"@id":"https:\/\/igfae.usc.es\/igfae\/conferencia-antia-lamas\/#breadcrumb"},"inLanguage":"gl-ES","potentialAction":[{"@type":"ReadAction","target":["https:\/\/igfae.usc.es\/igfae\/conferencia-antia-lamas\/"]}]},{"@type":"ImageObject","inLanguage":"gl-ES","@id":"https:\/\/igfae.usc.es\/igfae\/conferencia-antia-lamas\/#primaryimage","url":"https:\/\/igfae.usc.es\/igfae\/wp-content\/uploads\/Antia-Lamas_Semana-da-Ciencia-IGFAE_web.jpg","contentUrl":"https:\/\/igfae.usc.es\/igfae\/wp-content\/uploads\/Antia-Lamas_Semana-da-Ciencia-IGFAE_web.jpg","width":1200,"height":920},{"@type":"BreadcrumbList","@id":"https:\/\/igfae.usc.es\/igfae\/conferencia-antia-lamas\/#breadcrumb","itemListElement":[{"@type":"ListItem","position":1,"name":"Inicio","item":"https:\/\/igfae.usc.es\/igfae\/"},{"@type":"ListItem","position":2,"name":"A f\u00edsica compostel\u00e1 Ant\u00eda Lamas analiza a segunda revoluci\u00f3n cu\u00e1ntica na conferencia principal da Semana da Ciencia do IGFAE"}]},{"@type":"WebSite","@id":"https:\/\/igfae.usc.es\/igfae\/#website","url":"https:\/\/igfae.usc.es\/igfae\/","name":"IGFAE","description":"Instituto Galego de F\u00edsica de Altas Enerx\u00edas","publisher":{"@id":"https:\/\/igfae.usc.es\/igfae\/#organization"},"potentialAction":[{"@type":"SearchAction","target":{"@type":"EntryPoint","urlTemplate":"https:\/\/igfae.usc.es\/igfae\/?s={search_term_string}"},"query-input":{"@type":"PropertyValueSpecification","valueRequired":true,"valueName":"search_term_string"}}],"inLanguage":"gl-ES"},{"@type":"Organization","@id":"https:\/\/igfae.usc.es\/igfae\/#organization","name":"Instituto Galego de F\u00edsica de Altas Enerx\u00edas","url":"https:\/\/igfae.usc.es\/igfae\/","logo":{"@type":"ImageObject","inLanguage":"gl-ES","@id":"https:\/\/igfae.usc.es\/igfae\/#\/schema\/logo\/image\/","url":"https:\/\/igfae.usc.es\/igfae\/wp-content\/uploads\/2025\/04\/seo-igfae.jpg","contentUrl":"https:\/\/igfae.usc.es\/igfae\/wp-content\/uploads\/2025\/04\/seo-igfae.jpg","width":1920,"height":1280,"caption":"Instituto Galego de F\u00edsica de Altas Enerx\u00edas"},"image":{"@id":"https:\/\/igfae.usc.es\/igfae\/#\/schema\/logo\/image\/"},"sameAs":["https:\/\/x.com\/IGFAE_HEP"]},{"@type":"Person","@id":"https:\/\/igfae.usc.es\/igfae\/#\/schema\/person\/7edb28d4e85fc09a1d4a05dd2b844174","name":"Manuel","image":{"@type":"ImageObject","inLanguage":"gl-ES","@id":"https:\/\/secure.gravatar.com\/avatar\/92b6d25b24eb9115f11ff9585492998eef62b80c7a05fd1ccd3f44ea80f2cffb?s=96&d=mm&r=g","url":"https:\/\/secure.gravatar.com\/avatar\/92b6d25b24eb9115f11ff9585492998eef62b80c7a05fd1ccd3f44ea80f2cffb?s=96&d=mm&r=g","contentUrl":"https:\/\/secure.gravatar.com\/avatar\/92b6d25b24eb9115f11ff9585492998eef62b80c7a05fd1ccd3f44ea80f2cffb?s=96&d=mm&r=g","caption":"Manuel"},"url":"https:\/\/igfae.usc.es\/igfae\/author\/manuelrey-pan\/"}]}},"_links":{"self":[{"href":"https:\/\/igfae.usc.es\/igfae\/wp-json\/wp\/v2\/posts\/21550","targetHints":{"allow":["GET"]}}],"collection":[{"href":"https:\/\/igfae.usc.es\/igfae\/wp-json\/wp\/v2\/posts"}],"about":[{"href":"https:\/\/igfae.usc.es\/igfae\/wp-json\/wp\/v2\/types\/post"}],"author":[{"embeddable":true,"href":"https:\/\/igfae.usc.es\/igfae\/wp-json\/wp\/v2\/users\/11"}],"replies":[{"embeddable":true,"href":"https:\/\/igfae.usc.es\/igfae\/wp-json\/wp\/v2\/comments?post=21550"}],"version-history":[{"count":2,"href":"https:\/\/igfae.usc.es\/igfae\/wp-json\/wp\/v2\/posts\/21550\/revisions"}],"predecessor-version":[{"id":21565,"href":"https:\/\/igfae.usc.es\/igfae\/wp-json\/wp\/v2\/posts\/21550\/revisions\/21565"}],"wp:featuredmedia":[{"embeddable":true,"href":"https:\/\/igfae.usc.es\/igfae\/wp-json\/wp\/v2\/media\/21511"}],"wp:attachment":[{"href":"https:\/\/igfae.usc.es\/igfae\/wp-json\/wp\/v2\/media?parent=21550"}],"wp:term":[{"taxonomy":"category","embeddable":true,"href":"https:\/\/igfae.usc.es\/igfae\/wp-json\/wp\/v2\/categories?post=21550"}],"curies":[{"name":"wp","href":"https:\/\/api.w.org\/{rel}","templated":true}]}}